{"id":10367,"date":"2022-10-23T19:02:35","date_gmt":"2022-10-23T23:02:35","guid":{"rendered":"https:\/\/www.braintumour.ca\/non-classifiee\/the-hunt-for-the-cure\/"},"modified":"2022-10-26T10:32:04","modified_gmt":"2022-10-26T14:32:04","slug":"the-hunt-for-the-cure","status":"publish","type":"post","link":"https:\/\/www.braintumour.ca\/fr\/temoignages\/the-hunt-for-the-cure\/","title":{"rendered":"La chasse au rem\u00e8de"},"content":{"rendered":"<p>Pour Amanda Lynn Mayhew, voir le bonheur et la passion sur le visage d&rsquo;une personne lors de la capture d&rsquo;un animal est l&rsquo;une de ses exp\u00e9riences pr\u00e9f\u00e9r\u00e9es lorsqu&rsquo;elle enseigne la chasse et motive les gens \u00e0 la pratiquer.<\/p>\n<p>Depuis plus de 20 ans, elle donne gracieusement de son temps lors d\u2019activit\u00e9s de bienfaisance, notamment en enseignant aux femmes comment utiliser les \u00e9quipements de chasse et de tir \u00e0 l&rsquo;arc en toute s\u00e9curit\u00e9.<\/p>\n<p>\u00ab\u2009Je participe \u00e0 de nombreuses excursions de p\u00eache et de chasse avec des gens qui ont besoin de passer \u00e0 l&rsquo;\u00e9tape suivante apr\u00e8s avoir obtenu leur permis. Ils n\u2019ont pas forc\u00e9ment aupr\u00e8s d\u2019eux une personne capable de leur enseigner facilement\u2009\u00bb, exprime-t-elle.<img loading=\"lazy\" decoding=\"async\" class=\"alignright wp-image-7538\" style=\"padding-top: 25px;\" src=\"https:\/\/www.braintumour.ca\/wp-content\/uploads\/2022\/10\/received_4303838996395754-01.jpeg\" alt=\"Collage\" width=\"600\" height=\"450\" \/> <\/p>\n<p>Amanda Lynn, 48 ans, vit dans une ferme d\u2019agr\u00e9ment et est la fi\u00e8re productrice et animatrice de sa propre \u00e9mission de plein air, <a href=\"https:\/\/justhunt.ca\/amanda-lynn\" target=\"_blank\" rel=\"noopener\">\u00ab\u2009THAT Hunting Girl\u2009\u00bb<\/a>. Lorsqu&rsquo;elle n&rsquo;est pas en train de filmer ou de chasser, elle aime faire de la moto, danser, s&rsquo;entra\u00eener et courir.<\/p>\n<p>\u00ab\u2009Je chasse principalement dans les r\u00e9gions sauvages du Canada, mais j&rsquo;ai aussi fait quelques excursions aux \u00c9tats-Unis. Je ne suis en aucun cas une chasseuse de troph\u00e9es ; les bois sont peut-\u00eatre beaux sur votre mur, mais vous ne pouvez pas les manger\u2009\u00bb, pr\u00e9conise-t-elle. Amanda Lynn continue de pratiquer les techniques de chasse et p\u00eache durables et sans cruaut\u00e9 qui lui ont \u00e9t\u00e9 transmises par son p\u00e8re.<\/p>\n<p>\u00ab Quand on va \u00e0 la chasse au loup, l&rsquo;animal n&rsquo;est pas mang\u00e9. La fourrure est destin\u00e9e \u00e0 la confection de v\u00eatements, qui restent au sein de la communaut\u00e9. \u00bb<\/p>\n<p>Amanda Lynn est n\u00e9e dans la petite ville nordique isol\u00e9e de Manitouwadge, en Ontario. Son amour pour le plein air et les excursions l&rsquo;ont conduite dans de nombreuses autres communaut\u00e9s isol\u00e9es lorsqu&rsquo;elle accompagnait son p\u00e8re. C&rsquo;\u00e9tait un mode de vie habituel, et un moyen d&rsquo;approvisionnement en nourriture pour la survie de la famille.<\/p>\n<p>\u00ab\u2009Je n&rsquo;ai jamais eu beaucoup de temps pour penser \u00e0 l&rsquo;avenir ou encore \u00e0 ce que la vie nous r\u00e9servait. Ayant grandi dans une famille moins fortun\u00e9e, nous chassions, p\u00eachions et conservions la viande et le poisson dans le cong\u00e9lateur \u2013 surtout pour la saison hivernale\u2009\u00bb, dit-elle.<\/p>\n<p>\u00ab\u2009Je suis certaine que la chasse est dans mon sang et dans mon ADN.\u2009\u00bb<\/p>\n<p>La fiert\u00e9 d&rsquo;Amanda Lynn de pr\u00e9server son h\u00e9ritage lui a \u00e9t\u00e9 inculqu\u00e9e par ses parents, qui ont \u00e9t\u00e9 ensemble pendant 47 ans.<\/p>\n<p>Elle remercie tout particuli\u00e8rement sa m\u00e8re, Irena Mayhew (n\u00e9e Audziss), qui a veill\u00e9 \u00e0 la bonne marche du foyer, et son p\u00e8re, Alexander Mayhew, qui a travaill\u00e9 sans rel\u00e2che comme m\u00e9canicien.<img loading=\"lazy\" decoding=\"async\" class=\"alignright wp-image-7538\" style=\"padding-top: 25px;\" src=\"https:\/\/www.braintumour.ca\/wp-content\/uploads\/2022\/10\/Amanda2.png\" alt=\"Collage\" width=\"500\" height=\"700\" \/> <\/p>\n<p>\u00ab\u2009Il semblait pouvoir r\u00e9parer presque tout et n&rsquo;importe quoi, y compris de la machinerie lourde\u2009\u00bb, se souvient affectueusement Amanda Lynn.<\/p>\n<p>En tant que jeune m\u00e8re c\u00e9libataire, Amanda Lynn a connu des moments difficiles pendant son adolescence. Elle a rencontr\u00e9 des difficult\u00e9s financi\u00e8res et a re\u00e7u diff\u00e9rents diagnostics m\u00e9dicaux au cours de cette p\u00e9riode.<\/p>\n<p>Alexander est devenu une influence masculine tr\u00e8s positive dans la vie de ses fils et a aid\u00e9 \u00e0 \u00e9lever ses petits-enfants, de l\u2019\u00e2ge de 6 \u00e0 15 ans. Il a aid\u00e9 Amanda Lynn \u00e0 leur enseigner des comp\u00e9tences essentielles, telles que la m\u00e9canique, le fendage de bois et la survie en nature, pour n&rsquo;en citer que quelques-unes.<\/p>\n<p>\u00ab Il veillait d&rsquo;abord \u00e0 ce que l&rsquo;on vous enseigne correctement. Lorsque j&rsquo;avais r\u00e9ussi \u00e0 tirer et \u00e0 capturer un gros gibier, je l&rsquo;appelais et le mettais sur haut-parleur\u2009\u00bb, se souvient-elle.<\/p>\n<p>\u00ab Nous filmions la conversation, et il m\u2019exprimait \u00e0 quel point il \u00e9tait fier de moi, en me disant \u00ab\u00a0G\u00e9nial, continue comme \u00e7a\u00a0\u00bb et \u00ab\u00a0Je t&rsquo;aime\u00a0\u00bb, ce qui signifiait beaucoup pour moi. Cela m&rsquo;a permis de rester motiv\u00e9e pour r\u00e9ussir. \u00bb<\/p>\n<p>Il y a six ans, Irena est d\u00e9c\u00e9d\u00e9e de fa\u00e7on tragique et inattendue, \u00e0 peine six semaines avant le premier \u00e9pisode de la nouvelle s\u00e9rie t\u00e9l\u00e9vis\u00e9e d&rsquo;Amanda Lynn.<\/p>\n<p>\u00ab\u2009J&rsquo;ai presque abandonn\u00e9 apr\u00e8s la mort de ma m\u00e8re\u2009\u00bb, d\u00e9clare-t-elle.<\/p>\n<p>\u00ab\u2009On venait de m&rsquo;annoncer que l&rsquo;\u00e9mission serait diffus\u00e9e. Ma m\u00e8re allait venir avec moi pour me soutenir. Papa a dit : \u00ab\u00a0Tu sais que ta m\u00e8re n&rsquo;abandonnerait pas. Tu ferais mieux de le faire\u00a0\u00bb. Alors, je l&rsquo;ai fait. Apr\u00e8s sa mort, papa ne souhaitait plus vraiment en parler et n&rsquo;en a plus jamais vraiment reparl\u00e9 d\u2019ailleurs.\u2009\u00bb<\/p>\n<p>En 2016, \u00e0 la place d&rsquo;Irena, Mackynzie, le fils d&rsquo;Amanda Lynn, l&rsquo;a accompagn\u00e9e pour filmer le premier \u00e9pisode dans sa ville natale.<\/p>\n<p>Avant de partir pour l&rsquo;Ouest en 2021, Amanda Lynn a pass\u00e9 une semaine sp\u00e9ciale et m\u00e9morable avec son p\u00e8re.<\/p>\n<p>\u00ab\u2009Nous avons pass\u00e9 du temps dans le fauteuil confortable et avons mang\u00e9 des tonnes de pop-corn ensemble en \u00e9tant reconnaissant envers le lien sp\u00e9cial d&rsquo;amour qui nous unissait\u2009\u00bb, se souvient-elle affectueusement.<\/p>\n<p>Elle voyageait assez souvent pour chasser et pour produire son \u00e9mission de t\u00e9l\u00e9vision, accompagn\u00e9e de sa meilleure amie et confidente, Jenny.<\/p>\n<p>Alors qu&rsquo;elle \u00e9tait sur la route, sa s\u0153ur Miranda l&rsquo;a appel\u00e9e pour lui annoncer une nouvelle d\u00e9vastatrice. On avait diagnostiqu\u00e9 chez leur p\u00e8re un glioblastome, situ\u00e9 au centre de son cerveau. Son esp\u00e9rance de vie a \u00e9t\u00e9 instantan\u00e9ment r\u00e9duite, soit entre 8 \u00e0 18 mois.<\/p>\n<p>\u00ab C&rsquo;\u00e9tait une v\u00e9ritable gifle en plein visage. C&rsquo;\u00e9tait mon p\u00e8re, il \u00e9tait cens\u00e9 vivre pour toujours parce qu&rsquo;il \u00e9tait l&rsquo;\u00eatre le plus fort du monde que je n\u2019aie jamais connu\u2009\u00bb, dit Amanda Lynn.<\/p>\n<p>\u00ab Papa \u00e9tait cool et positif \u00e0 propos de son diagnostic. Il nous a toujours dit de ne pas nous inqui\u00e9ter pour lui. Il a eu ses s\u00e9ances \u00e9puisantes de chimio et de radioth\u00e9rapie. \u00bb<img loading=\"lazy\" decoding=\"async\" class=\"alignright wp-image-7538\" style=\"padding-top: 25px;\" src=\"https:\/\/www.braintumour.ca\/wp-content\/uploads\/2022\/10\/Resized_Screenshot_20221021-100152_Facebook.jpeg\" alt=\"Collage\" width=\"500\" height=\"500\" \/><\/p>\n<p>Miranda a r\u00e9am\u00e9nag\u00e9 sa maison pour la rendre accessible \u00e0 leur p\u00e8re qui se d\u00e9pla\u00e7ait en fauteuil roulant, en commen\u00e7ant par d\u00e9cloisonner la salle de bain et installer une rampe \u00e0 l&rsquo;ext\u00e9rieur.<\/p>\n<p>\u00ab Ma s\u0153ur \u00e9tait avec lui 24 heures sur 24, 7 jours sur 7. Elle l&#8217;emmenait \u00e0 tous ses rendez-vous, lui donnait tous les soins \u00e0 domicile qu&rsquo;elle pouvait fournir. Elle devait \u00eatre tr\u00e8s forte et l&rsquo;\u00e9tait. Miranda n&rsquo;a pas cess\u00e9 de prendre soin de papa jusqu&rsquo;\u00e0 la fin, car elle estimait que c&rsquo;\u00e9tait son r\u00f4le et sa responsabilit\u00e9 \u00bb, exprime Amanda Lynn.<\/p>\n<p>Amanda Lynn est fi\u00e8re de ses distinctions, de ses prix et de ses r\u00e9ussites, qu&rsquo;elle attribue \u00e0 son p\u00e8re et \u00e0 sa pers\u00e9v\u00e9rance dans la vie<\/p>\n<p>Elle a re\u00e7u le Golden Bullet Award en 2019, en tant qu&rsquo;ambassadrice de l&rsquo;ann\u00e9e dans le domaine de la chasse.<\/p>\n<p>\u00ab Il m&rsquo;a \u00e9t\u00e9 remis lors d&rsquo;un salon professionnel \u00e0 Toronto appel\u00e9 Taccom. Quelque 450 des plus importants repr\u00e9sentants d&rsquo;armes \u00e0 feu se trouvaient devant moi, tandis que j&rsquo;\u00e9tais sous les feux de la rampe sur sc\u00e8ne\u2009\u00bb, raconte-t-elle.<\/p>\n<p>\u00ab Mon fils, Mackynzie et ma s\u0153ur ont assist\u00e9 \u00e0 cette c\u00e9r\u00e9monie. C&rsquo;\u00e9tait tr\u00e8s \u00e9mouvant, y compris pour Miranda qui a vers\u00e9 des larmes de joie pour moi. J&rsquo;avais l&rsquo;impression que tout le monde dans cette pi\u00e8ce, \u00e0 ce moment-l\u00e0, \u00e9tait l\u00e0 pour moi. J&rsquo;avais l&rsquo;impression d&rsquo;\u00eatre aux Grammys ! \u00bb s&rsquo;exclame-t-elle..<\/p>\n<p>Amanda Lynn se souvient que le fait de remporter le Golden Bullet Award est l&rsquo;un des moments le plus m\u00e9morable et le plus empreint d&rsquo;humilit\u00e9 qu&rsquo;elle ait v\u00e9cu.<\/p>\n<p>En 2021, elle a re\u00e7u le Jeremy Reed Courage Award. Elle a \u00e9galement re\u00e7u et fi\u00e8rement accueilli le Reader&rsquo;s Choice Award, pour sa ligne de v\u00eatements \u00ab Just Hunt \u00bb, dans cinq cat\u00e9gories diff\u00e9rentes.<\/p>\n<p>Malheureusement, en septembre 2021, ils ont re\u00e7u la nouvelle que la tumeur de leur p\u00e8re \u00e9tait inop\u00e9rable. Gr\u00e2ce \u00e0 une chirurgie laparoscopique, on a d\u00e9couvert que la tumeur avait recouvert une large zone, o\u00f9 Alexander aurait besoin d&rsquo;une attelle cervicale.<\/p>\n<p>\u00ab En mars 2022, Miranda a attendu jusqu&rsquo;au lundi apr\u00e8s la fin du Toronto Sportsmen&rsquo;s Show. Elle m&rsquo;a ensuite appel\u00e9 pour me dire que je devais rentrer imm\u00e9diatement \u00e0 la maison. Papa avait dit le vendredi pr\u00e9c\u00e9dent qu&rsquo;il sentait que c&rsquo;\u00e9tait la fin. Une fois que la qualit\u00e9 de vie n&rsquo;est plus l\u00e0, c&rsquo;est l\u00e0 que les choses ont tendance \u00e0 se g\u00e2ter rapidement \u00bb, dit Amanda Lynn.<\/p>\n<p>\u00ab On m&rsquo;a \u00e9pargn\u00e9 la nouvelle d\u00e9vastatrice pour que je puisse profiter d&rsquo;un moment sous les feux de la rampe. C&rsquo;est incroyable de pouvoir compter sur ce genre d&rsquo;amour et de soutien. \u00bb<img loading=\"lazy\" decoding=\"async\" class=\"alignright wp-image-7538\" style=\"padding-top: 25px;\" src=\"https:\/\/www.braintumour.ca\/wp-content\/uploads\/2022\/10\/received_1011856396136491.jpg\" alt=\"Collage\" width=\"500\" height=\"500\" \/> <\/p>\n<p>Amanda Lynn a trouv\u00e9 cela tr\u00e8s difficile de comprendre et de g\u00e9rer la progression constante de la maladie de son p\u00e8re tout au long de son parcours. Les petits-enfants consid\u00e9raient comme une priorit\u00e9 de voir Alexander, sans jamais savoir s&rsquo;il y aurait une \u00ab prochaine fois \u00bb.<\/p>\n<p>\u00ab Je ne pouvais pas imaginer tout ce que Miranda devait affronter, en plus d&rsquo;entendre mon p\u00e8re hurler de douleur. Elle \u00e9tait tr\u00e8s protectrice, non seulement envers papa, mais aussi envers toute la famille. Elle cachait ses \u00e9motions pour pr\u00e9server les n\u00f4tres \u00bb, d\u00e9clare-t-elle.<\/p>\n<p>Alexander Mayhew est d\u00e9c\u00e9d\u00e9 des suites de sa tumeur c\u00e9r\u00e9brale le 25 mars 2022. Comme Amanda Lynn l&rsquo;a esp\u00e9r\u00e9 et ce pour quoi elle a travaill\u00e9 avec acharnement, l&rsquo;h\u00e9ritage d&rsquo;Alexander continue de toucher des vies dans le monde entier.<\/p>\n<p>C\u2019est la maladie de son p\u00e8re qui a men\u00e9 Amanda Lynn \u00e0 contacter la Fondation canadienne des tumeurs c\u00e9r\u00e9brales, apr\u00e8s avoir \u00e9t\u00e9 mise en relation avec un coll\u00e8gue pour des possibilit\u00e9s de collecte de fonds. Elle a commenc\u00e9 par un tirage 50\/50 le jour de son anniversaire et a ainsi pu redonner \u00e0 la communaut\u00e9 des personnes touch\u00e9es par une tumeur c\u00e9r\u00e9brale.<\/p>\n<p>\u00ab Il s&rsquo;agit de faire prendre conscience de ce que vivent les gens pendant leur parcours. Plus vous interagissez avec de nombreuses personnes et faites des collectes de fonds, plus vous d\u00e9veloppez un r\u00e9seau de soutien. Vous traversez la m\u00eame chose\u2009\u00bb, d\u00e9clare-t-elle.<\/p>\n<p>Au cours des quatre ou cinq derni\u00e8res ann\u00e9es, Amanda Lynn a cr\u00e9\u00e9 et con\u00e7u une ligne de v\u00eatements appel\u00e9e Bear Strong, symbolisant la robustesse et la r\u00e9silience de l&rsquo;ours.<\/p>\n<p>Elle avait con\u00e7u quelques chandails \u00e0 capuchon zipp\u00e9s Bear Strong sp\u00e9cialement pour son p\u00e8re. Malheureusement, il n&rsquo;a jamais pu les porter, mais il les aimait, surtout en raison de ce qu&rsquo;ils repr\u00e9sentaient pour lui.<\/p>\n<p>\u00ab\u2009Il faut une force int\u00e9rieure pour \u00eatre d\u00e9vou\u00e9. Le fait que d&rsquo;autres personnes y croient peut les aider \u00e0 supporter les \u00e9preuves m\u00e9dicales et \u00e9motionnelles auxquelles ils sont confront\u00e9s\u2009\u00bb, dit-elle.<\/p>\n<p>Lisa est une survivante du cancer du sein qu&rsquo;Amanda Lynn a rencontr\u00e9e au bureau de poste.<\/p>\n<p>\u00ab\u2009Je lui ai donn\u00e9 mon bracelet sur lequel avait \u00e9t\u00e9 grav\u00e9e la citation \u00ab\u00a0BE REAL &#8211; BE STRONG &#8211; BE YOU\u00a0\u00bb [Sois vrai &#8211; sois fort &#8211; sois toi-m\u00eame], dit-elle. Je lui ai \u00e9galement confectionn\u00e9 un chandail \u00e0 capuchon rose Bear Strong, et le \u00ab\u00a0O\u00a0\u00bb du logo repr\u00e9sentait le ruban du cancer du sein. Elle a dit qu&rsquo;elle portait ce chandail \u00e0 chaque traitement de chimio auquel elle \u00e9tait confront\u00e9e.\u2009\u00bb<\/p>\n<p>Lisa a surpris Amanda Lynn en venant au Range Day en octobre dernier, gu\u00e9rie du cancer.<\/p>\n<p>\u00ab\u2009Les gens interpr\u00e9teront le mot \u00ab\u00a0fort\u00a0\u00bb \u00e0 leur mani\u00e8re. Chacun a besoin de puiser sa force diff\u00e9remment, pour faire face \u00e0 la bataille qu&rsquo;il m\u00e8ne\u2009\u00bb, pr\u00e9conise Amanda Lynn.<\/p>\n<p>Elle a r\u00e9cemment re\u00e7u un courriel indiquant que des femmes en Ukraine, pays d\u00e9chir\u00e9 par la guerre, portent ses chandails \u00e0 capuchon Bear Strong.<\/p>\n<p>Les deux s\u0153urs font face \u00e0 la perte de leur p\u00e8re du mieux qu&rsquo;elles peuvent, compte tenu des circonstances.<img loading=\"lazy\" decoding=\"async\" class=\"alignright wp-image-7538\" style=\"padding-top: 25px;\" src=\"https:\/\/www.braintumour.ca\/wp-content\/uploads\/2022\/10\/Amanda-Collage6.png\" alt=\"Collage\"  width=\"500\" height=\"500\" \/> <\/p>\n<p>\u00ab\u2009Je suis ici maintenant. Je peux voyager ; je peux rencontrer des gens. Je m&rsquo;en sors bien\u2009\u00bb, exprime Amanda Lynn.<\/p>\n<p>Ses fils sont maintenant adultes et ont leurs propres familles et vivent leurs r\u00e9ussites.<\/p>\n<p>Logan et Tami se sont mari\u00e9s en 2015. Logan est un musicien \u00e0 succ\u00e8s et Tami est une photographe accomplie.<\/p>\n<p>Brady et Brittany vivent dans une ferme d&rsquo;agr\u00e9ment, avec leurs deux enfants Chloe et Carter. Brady chasse souvent et participe \u00e0 l&rsquo;\u00e9mission THAT Hunting Girl chaque saison.<\/p>\n<p>Mackynzie et sa charmante petite amie Monika habitent dans une r\u00e9gion agricole, o\u00f9 Mackynzie suit les traces de son grand-p\u00e8re en tant que m\u00e9canicien d&rsquo;\u00e9quipement lourd. Monika est constructrice et soudeuse. Le couple se passionne pour l&rsquo;\u00e9levage de leurs chevaux et l&rsquo;\u00e9quitation.<\/p>\n<p>\u00ab Ils sont tous ind\u00e9pendants, responsables, en bonne sant\u00e9 et ont r\u00e9ussi. Je ne pouvais pas demander beaucoup plus que cela. Je suis fi\u00e8re d&rsquo;eux tous \u00bb, loue Amanda Lynn.<\/p>\n<p>Elle est extr\u00eamement reconnaissante envers le soutien de sa famille, de la communaut\u00e9 et de sa meilleure amie Jenny. \u00ab Elle a voyag\u00e9 avec moi tout au long de cette aventure \u00bb.<\/p>\n<p>\u00ab Miranda souhaite transformer son chagrin en objectifs pour l&rsquo;avenir. Elle participe actuellement au programme \u00ab\u00a0Top strong women of CrossFit\u00a0\u00bb. Elle mesure 5 pieds et 2 pouces et a pu soulever avec succ\u00e8s 300 livres. Elle est en train de revenir \u00e0 la vie et elle est entra\u00eeneuse de CrossFit. Il y a beaucoup de force dans cette petite chose \u00bb, s&rsquo;\u00e9merveille Amanda Lynn.<\/p>\n<p>Apr\u00e8s le 12e anniversaire de son fils, Miranda a commenc\u00e9 \u00e0 s&rsquo;int\u00e9resser de pr\u00e8s \u00e0 la chasse.<\/p>\n<p>\u00ab Elle et son mari viennent de recevoir leur permis l&rsquo;ann\u00e9e derni\u00e8re, alors ils sont en train de chasser en ce moment m\u00eame ! Tout le monde s&rsquo;implique, semble-t-il, y compris ma petite-fille Chloe, qui adore chasser le dindon\u2009\u00bb, sourit affectueusement Amanda Lynn.<\/p>\n<p>Amanda Lynn est extr\u00eamement fi\u00e8re de transmettre ses ann\u00e9es d&rsquo;exp\u00e9rience \u00e0 ses fils, \u00e0 ses ni\u00e8ces Kass et Annelise, \u00e0 son neveu Tristan et \u00e0 ses petits-enfants.<\/p>\n<p>Elle veut continuer \u00e0 sensibiliser les gens aux grands espaces et \u00e0 tout ce qu&rsquo;ils ont \u00e0 offrir lorsqu&rsquo;ils sont trait\u00e9s avec respect et dignit\u00e9. Elle esp\u00e8re acqu\u00e9rir son propre g\u00eete \u00e0 l&rsquo;avenir.<\/p>\n<p>\u00ab C&rsquo;est un r\u00eave de longue date pour moi d&rsquo;avoir un endroit o\u00f9 les gens peuvent venir s\u00e9journer, se divertir et apprendre \u2013 tout sous un m\u00eame toit\u2009!\u2009\u00bb s&rsquo;exclame-t-elle.<\/p>\n<p>\u00ab\u2009J&rsquo;aime aider et enseigner aux autres. J&#8217;emm\u00e8ne beaucoup de gens \u00e0 la chasse qui sont atteints de diff\u00e9rentes maladies, l\u00e0 o\u00f9 d&rsquo;autres pourraient les refuser \u00e0 cause de cela. J&rsquo;aime donner des chances aux gens.\u2009\u00bb<img loading=\"lazy\" decoding=\"async\" class=\"alignright wp-image-7538\" style=\"padding-top: 25px;\" src=\"https:\/\/www.braintumour.ca\/wp-content\/uploads\/2022\/10\/20220930_124557-scaled.jpg\" alt=\"Collage\" width=\"350\" height=\"500\" \/> <\/p>\n<p>Amanda Lynn soutient la campagne <a href=\"https:\/\/lestuquespourlespoircanada.ca\/\" target=\"_blank\" rel=\"noopener\">\u00ab\u2009Les tuques pour l&rsquo;espoir\u2009\u00bb<\/a> et continue \u00e0 soutenir la Fondation canadienne des tumeurs c\u00e9r\u00e9brales dans le cadre de ses activit\u00e9s de bienfaisance.<\/p>\n<p>Elle souhaite sensibiliser le public et apporter son soutien \u00e0 la communaut\u00e9 des personnes touch\u00e9es par une tumeur c\u00e9r\u00e9brale, dans l&rsquo;espoir de trouver un rem\u00e8de pour mettre fin aux tumeurs c\u00e9r\u00e9brales.<\/p>\n<p>\u00ab\u2009Lorsque vous d\u00e9butez, ne vous d\u00e9couragez pas. Rien que le fait que vous fassiez l&rsquo;effort d&rsquo;aider d&rsquo;autres personnes et de partager vos exp\u00e9riences est un bon d\u00e9but. Vous pouvez toujours progresser \u00e0 partir de l\u00e0\u2009\u00bb, encourage-t-elle.<\/p>\n<p>Pour Amanda Lynn, l&rsquo;espoir est une source d&rsquo;inspiration : vivre, apprendre et agrandir la famille.<\/p>\n<p>\u00ab\u2009On ne peut jamais savoir ce qui nous attend demain, mais on peut avoir de l&rsquo;espoir. Vous ne voulez pas que quelqu&rsquo;un d&rsquo;autre ressente de la douleur, et vous esp\u00e9rez que personne ne passe par l\u00e0\u2009\u00bb, d\u00e9clare-t-elle.<\/p>\n<p>Elle encourage les gens \u00e0 tirer le meilleur parti de leurs exp\u00e9riences et de leurs souvenirs, en restant humbles et fid\u00e8les \u00e0 leurs racines.<\/p>\n<p>\u00ab\u2009Sois vrai. Sois fort. Sois toi-m\u00eame !\u2009\u00bb<\/p>\n<p>Au nom de la Fondation canadienne des tumeurs c\u00e9r\u00e9brales et de la communaut\u00e9 des personnes touch\u00e9es par une tumeur c\u00e9r\u00e9brale,<\/p>\n<p>Merci, Amanda Lynn Mayhew !<\/p>\n","protected":false},"excerpt":{"rendered":"<p>Pour Amanda Lynn Mayhew, voir le bonheur et la passion sur le visage d&rsquo;une personne lors de la capture d&rsquo;un [&hellip;]<\/p>\n","protected":false},"author":4,"featured_media":10275,"comment_status":"closed","ping_status":"closed","sticky":false,"template":"","format":"standard","meta":{"_acf_changed":false,"footnotes":""},"categories":[148],"tags":[222,504],"user_type":[],"locations":[161],"class_list":["post-10367","post","type-post","status-publish","format-standard","has-post-thumbnail","hentry","category-temoignages","tag-hats-for-hope-fr","tag-brain-tumour-foundaiton-of-canada-fr","locations-canada-wide-fr"],"acf":[],"yoast_head":"<!-- This site is optimized with the Yoast SEO Premium plugin v27.0 (Yoast SEO v27.0) - https:\/\/yoast.com\/product\/yoast-seo-premium-wordpress\/ -->\n<title>La chasse au rem\u00e8de - Fondation canadienne des tumeurs c\u00e9r\u00e9brales<\/title>\n<meta name=\"robots\" content=\"index, follow, max-snippet:-1, max-image-preview:large, max-video-preview:-1\" \/>\n<link rel=\"canonical\" href=\"https:\/\/www.braintumour.ca\/fr\/temoignages\/the-hunt-for-the-cure\/\" \/>\n<meta property=\"og:locale\" content=\"fr_CA\" \/>\n<meta property=\"og:type\" content=\"article\" \/>\n<meta property=\"og:title\" content=\"La chasse au rem\u00e8de\" \/>\n<meta property=\"og:description\" content=\"Pour Amanda Lynn Mayhew, voir le bonheur et la passion sur le visage d&rsquo;une personne lors de la capture d&rsquo;un [&hellip;]\" \/>\n<meta property=\"og:url\" content=\"https:\/\/www.braintumour.ca\/fr\/temoignages\/the-hunt-for-the-cure\/\" \/>\n<meta property=\"og:site_name\" content=\"Fondation canadienne des tumeurs c\u00e9r\u00e9brales\" \/>\n<meta property=\"article:published_time\" content=\"2022-10-23T23:02:35+00:00\" \/>\n<meta property=\"article:modified_time\" content=\"2022-10-26T14:32:04+00:00\" \/>\n<meta property=\"og:image\" content=\"https:\/\/www.braintumour.ca\/wp-content\/uploads\/2022\/10\/Amanda-Feature.jpg\" \/>\n\t<meta property=\"og:image:width\" content=\"2252\" \/>\n\t<meta property=\"og:image:height\" content=\"1794\" \/>\n\t<meta property=\"og:image:type\" content=\"image\/jpeg\" \/>\n<meta name=\"author\" content=\"Matt Berry\" \/>\n<meta name=\"twitter:card\" content=\"summary_large_image\" \/>\n<meta name=\"twitter:label1\" content=\"\u00c9crit par\" \/>\n\t<meta name=\"twitter:data1\" content=\"Matt Berry\" \/>\n\t<meta name=\"twitter:label2\" content=\"Estimation du temps de lecture\" \/>\n\t<meta name=\"twitter:data2\" content=\"12 minutes\" \/>\n<script type=\"application\/ld+json\" class=\"yoast-schema-graph\">{\"@context\":\"https:\/\/schema.org\",\"@graph\":[{\"@type\":\"Article\",\"@id\":\"https:\/\/www.braintumour.ca\/fr\/temoignages\/the-hunt-for-the-cure\/#article\",\"isPartOf\":{\"@id\":\"https:\/\/www.braintumour.ca\/fr\/temoignages\/the-hunt-for-the-cure\/\"},\"author\":{\"name\":\"Matt Berry\",\"@id\":\"https:\/\/www.braintumour.ca\/fr\/#\/schema\/person\/7534b1b1d4da5d8e37af436b293eca3d\"},\"headline\":\"La chasse au rem\u00e8de\",\"datePublished\":\"2022-10-23T23:02:35+00:00\",\"dateModified\":\"2022-10-26T14:32:04+00:00\",\"mainEntityOfPage\":{\"@id\":\"https:\/\/www.braintumour.ca\/fr\/temoignages\/the-hunt-for-the-cure\/\"},\"wordCount\":2736,\"image\":{\"@id\":\"https:\/\/www.braintumour.ca\/fr\/temoignages\/the-hunt-for-the-cure\/#primaryimage\"},\"thumbnailUrl\":\"https:\/\/www.braintumour.ca\/wp-content\/uploads\/2022\/10\/Amanda-Feature.jpg\",\"keywords\":[\"Hats for Hope\",\"brain tumour foundaiton of canada\"],\"articleSection\":[\"T\u00e9moignages\"],\"inLanguage\":\"fr-CA\"},{\"@type\":\"WebPage\",\"@id\":\"https:\/\/www.braintumour.ca\/fr\/temoignages\/the-hunt-for-the-cure\/\",\"url\":\"https:\/\/www.braintumour.ca\/fr\/temoignages\/the-hunt-for-the-cure\/\",\"name\":\"La chasse au rem\u00e8de - Fondation canadienne des tumeurs c\u00e9r\u00e9brales\",\"isPartOf\":{\"@id\":\"https:\/\/www.braintumour.ca\/fr\/#website\"},\"primaryImageOfPage\":{\"@id\":\"https:\/\/www.braintumour.ca\/fr\/temoignages\/the-hunt-for-the-cure\/#primaryimage\"},\"image\":{\"@id\":\"https:\/\/www.braintumour.ca\/fr\/temoignages\/the-hunt-for-the-cure\/#primaryimage\"},\"thumbnailUrl\":\"https:\/\/www.braintumour.ca\/wp-content\/uploads\/2022\/10\/Amanda-Feature.jpg\",\"datePublished\":\"2022-10-23T23:02:35+00:00\",\"dateModified\":\"2022-10-26T14:32:04+00:00\",\"author\":{\"@id\":\"https:\/\/www.braintumour.ca\/fr\/#\/schema\/person\/7534b1b1d4da5d8e37af436b293eca3d\"},\"breadcrumb\":{\"@id\":\"https:\/\/www.braintumour.ca\/fr\/temoignages\/the-hunt-for-the-cure\/#breadcrumb\"},\"inLanguage\":\"fr-CA\",\"potentialAction\":[{\"@type\":\"ReadAction\",\"target\":[\"https:\/\/www.braintumour.ca\/fr\/temoignages\/the-hunt-for-the-cure\/\"]}]},{\"@type\":\"ImageObject\",\"inLanguage\":\"fr-CA\",\"@id\":\"https:\/\/www.braintumour.ca\/fr\/temoignages\/the-hunt-for-the-cure\/#primaryimage\",\"url\":\"https:\/\/www.braintumour.ca\/wp-content\/uploads\/2022\/10\/Amanda-Feature.jpg\",\"contentUrl\":\"https:\/\/www.braintumour.ca\/wp-content\/uploads\/2022\/10\/Amanda-Feature.jpg\",\"width\":2252,\"height\":1794},{\"@type\":\"BreadcrumbList\",\"@id\":\"https:\/\/www.braintumour.ca\/fr\/temoignages\/the-hunt-for-the-cure\/#breadcrumb\",\"itemListElement\":[{\"@type\":\"ListItem\",\"position\":1,\"name\":\"Home\",\"item\":\"https:\/\/www.braintumour.ca\/fr\/\"},{\"@type\":\"ListItem\",\"position\":2,\"name\":\"La chasse au rem\u00e8de\"}]},{\"@type\":\"WebSite\",\"@id\":\"https:\/\/www.braintumour.ca\/fr\/#website\",\"url\":\"https:\/\/www.braintumour.ca\/fr\/\",\"name\":\"Fondation canadienne des tumeurs c\u00e9r\u00e9brales\",\"description\":\"Notre mission est de venir en aide \u00e0 toutes les personnes touch\u00e9es par une tumeur c\u00e9r\u00e9brale au Canada par le biais de nos programmes d\u2019information, de soutien, d\u2019\u00e9ducation et de recherche.\",\"potentialAction\":[{\"@type\":\"SearchAction\",\"target\":{\"@type\":\"EntryPoint\",\"urlTemplate\":\"https:\/\/www.braintumour.ca\/fr\/?s={search_term_string}\"},\"query-input\":{\"@type\":\"PropertyValueSpecification\",\"valueRequired\":true,\"valueName\":\"search_term_string\"}}],\"inLanguage\":\"fr-CA\"},{\"@type\":\"Person\",\"@id\":\"https:\/\/www.braintumour.ca\/fr\/#\/schema\/person\/7534b1b1d4da5d8e37af436b293eca3d\",\"name\":\"Matt Berry\",\"image\":{\"@type\":\"ImageObject\",\"inLanguage\":\"fr-CA\",\"@id\":\"https:\/\/www.braintumour.ca\/fr\/#\/schema\/person\/image\/\",\"url\":\"https:\/\/secure.gravatar.com\/avatar\/882da3b67056b0c608086d3c77de46948b64244a4c249e81e0bf04a8095ce320?s=96&d=mm&r=g\",\"contentUrl\":\"https:\/\/secure.gravatar.com\/avatar\/882da3b67056b0c608086d3c77de46948b64244a4c249e81e0bf04a8095ce320?s=96&d=mm&r=g\",\"caption\":\"Matt Berry\"}}]}<\/script>\n<!-- \/ Yoast SEO Premium plugin. -->","yoast_head_json":{"title":"La chasse au rem\u00e8de - Fondation canadienne des tumeurs c\u00e9r\u00e9brales","robots":{"index":"index","follow":"follow","max-snippet":"max-snippet:-1","max-image-preview":"max-image-preview:large","max-video-preview":"max-video-preview:-1"},"canonical":"https:\/\/www.braintumour.ca\/fr\/temoignages\/the-hunt-for-the-cure\/","og_locale":"fr_CA","og_type":"article","og_title":"La chasse au rem\u00e8de","og_description":"Pour Amanda Lynn Mayhew, voir le bonheur et la passion sur le visage d&rsquo;une personne lors de la capture d&rsquo;un [&hellip;]","og_url":"https:\/\/www.braintumour.ca\/fr\/temoignages\/the-hunt-for-the-cure\/","og_site_name":"Fondation canadienne des tumeurs c\u00e9r\u00e9brales","article_published_time":"2022-10-23T23:02:35+00:00","article_modified_time":"2022-10-26T14:32:04+00:00","og_image":[{"width":2252,"height":1794,"url":"https:\/\/www.braintumour.ca\/wp-content\/uploads\/2022\/10\/Amanda-Feature.jpg","type":"image\/jpeg"}],"author":"Matt Berry","twitter_card":"summary_large_image","twitter_misc":{"\u00c9crit par":"Matt Berry","Estimation du temps de lecture":"12 minutes"},"schema":{"@context":"https:\/\/schema.org","@graph":[{"@type":"Article","@id":"https:\/\/www.braintumour.ca\/fr\/temoignages\/the-hunt-for-the-cure\/#article","isPartOf":{"@id":"https:\/\/www.braintumour.ca\/fr\/temoignages\/the-hunt-for-the-cure\/"},"author":{"name":"Matt Berry","@id":"https:\/\/www.braintumour.ca\/fr\/#\/schema\/person\/7534b1b1d4da5d8e37af436b293eca3d"},"headline":"La chasse au rem\u00e8de","datePublished":"2022-10-23T23:02:35+00:00","dateModified":"2022-10-26T14:32:04+00:00","mainEntityOfPage":{"@id":"https:\/\/www.braintumour.ca\/fr\/temoignages\/the-hunt-for-the-cure\/"},"wordCount":2736,"image":{"@id":"https:\/\/www.braintumour.ca\/fr\/temoignages\/the-hunt-for-the-cure\/#primaryimage"},"thumbnailUrl":"https:\/\/www.braintumour.ca\/wp-content\/uploads\/2022\/10\/Amanda-Feature.jpg","keywords":["Hats for Hope","brain tumour foundaiton of canada"],"articleSection":["T\u00e9moignages"],"inLanguage":"fr-CA"},{"@type":"WebPage","@id":"https:\/\/www.braintumour.ca\/fr\/temoignages\/the-hunt-for-the-cure\/","url":"https:\/\/www.braintumour.ca\/fr\/temoignages\/the-hunt-for-the-cure\/","name":"La chasse au rem\u00e8de - Fondation canadienne des tumeurs c\u00e9r\u00e9brales","isPartOf":{"@id":"https:\/\/www.braintumour.ca\/fr\/#website"},"primaryImageOfPage":{"@id":"https:\/\/www.braintumour.ca\/fr\/temoignages\/the-hunt-for-the-cure\/#primaryimage"},"image":{"@id":"https:\/\/www.braintumour.ca\/fr\/temoignages\/the-hunt-for-the-cure\/#primaryimage"},"thumbnailUrl":"https:\/\/www.braintumour.ca\/wp-content\/uploads\/2022\/10\/Amanda-Feature.jpg","datePublished":"2022-10-23T23:02:35+00:00","dateModified":"2022-10-26T14:32:04+00:00","author":{"@id":"https:\/\/www.braintumour.ca\/fr\/#\/schema\/person\/7534b1b1d4da5d8e37af436b293eca3d"},"breadcrumb":{"@id":"https:\/\/www.braintumour.ca\/fr\/temoignages\/the-hunt-for-the-cure\/#breadcrumb"},"inLanguage":"fr-CA","potentialAction":[{"@type":"ReadAction","target":["https:\/\/www.braintumour.ca\/fr\/temoignages\/the-hunt-for-the-cure\/"]}]},{"@type":"ImageObject","inLanguage":"fr-CA","@id":"https:\/\/www.braintumour.ca\/fr\/temoignages\/the-hunt-for-the-cure\/#primaryimage","url":"https:\/\/www.braintumour.ca\/wp-content\/uploads\/2022\/10\/Amanda-Feature.jpg","contentUrl":"https:\/\/www.braintumour.ca\/wp-content\/uploads\/2022\/10\/Amanda-Feature.jpg","width":2252,"height":1794},{"@type":"BreadcrumbList","@id":"https:\/\/www.braintumour.ca\/fr\/temoignages\/the-hunt-for-the-cure\/#breadcrumb","itemListElement":[{"@type":"ListItem","position":1,"name":"Home","item":"https:\/\/www.braintumour.ca\/fr\/"},{"@type":"ListItem","position":2,"name":"La chasse au rem\u00e8de"}]},{"@type":"WebSite","@id":"https:\/\/www.braintumour.ca\/fr\/#website","url":"https:\/\/www.braintumour.ca\/fr\/","name":"Fondation canadienne des tumeurs c\u00e9r\u00e9brales","description":"Notre mission est de venir en aide \u00e0 toutes les personnes touch\u00e9es par une tumeur c\u00e9r\u00e9brale au Canada par le biais de nos programmes d\u2019information, de soutien, d\u2019\u00e9ducation et de recherche.","potentialAction":[{"@type":"SearchAction","target":{"@type":"EntryPoint","urlTemplate":"https:\/\/www.braintumour.ca\/fr\/?s={search_term_string}"},"query-input":{"@type":"PropertyValueSpecification","valueRequired":true,"valueName":"search_term_string"}}],"inLanguage":"fr-CA"},{"@type":"Person","@id":"https:\/\/www.braintumour.ca\/fr\/#\/schema\/person\/7534b1b1d4da5d8e37af436b293eca3d","name":"Matt Berry","image":{"@type":"ImageObject","inLanguage":"fr-CA","@id":"https:\/\/www.braintumour.ca\/fr\/#\/schema\/person\/image\/","url":"https:\/\/secure.gravatar.com\/avatar\/882da3b67056b0c608086d3c77de46948b64244a4c249e81e0bf04a8095ce320?s=96&d=mm&r=g","contentUrl":"https:\/\/secure.gravatar.com\/avatar\/882da3b67056b0c608086d3c77de46948b64244a4c249e81e0bf04a8095ce320?s=96&d=mm&r=g","caption":"Matt Berry"}}]}},"_links":{"self":[{"href":"https:\/\/www.braintumour.ca\/fr\/wp-json\/wp\/v2\/posts\/10367","targetHints":{"allow":["GET"]}}],"collection":[{"href":"https:\/\/www.braintumour.ca\/fr\/wp-json\/wp\/v2\/posts"}],"about":[{"href":"https:\/\/www.braintumour.ca\/fr\/wp-json\/wp\/v2\/types\/post"}],"author":[{"embeddable":true,"href":"https:\/\/www.braintumour.ca\/fr\/wp-json\/wp\/v2\/users\/4"}],"replies":[{"embeddable":true,"href":"https:\/\/www.braintumour.ca\/fr\/wp-json\/wp\/v2\/comments?post=10367"}],"version-history":[{"count":0,"href":"https:\/\/www.braintumour.ca\/fr\/wp-json\/wp\/v2\/posts\/10367\/revisions"}],"wp:featuredmedia":[{"embeddable":true,"href":"https:\/\/www.braintumour.ca\/fr\/wp-json\/wp\/v2\/media\/10275"}],"wp:attachment":[{"href":"https:\/\/www.braintumour.ca\/fr\/wp-json\/wp\/v2\/media?parent=10367"}],"wp:term":[{"taxonomy":"category","embeddable":true,"href":"https:\/\/www.braintumour.ca\/fr\/wp-json\/wp\/v2\/categories?post=10367"},{"taxonomy":"post_tag","embeddable":true,"href":"https:\/\/www.braintumour.ca\/fr\/wp-json\/wp\/v2\/tags?post=10367"},{"taxonomy":"user_type","embeddable":true,"href":"https:\/\/www.braintumour.ca\/fr\/wp-json\/wp\/v2\/user_type?post=10367"},{"taxonomy":"locations","embeddable":true,"href":"https:\/\/www.braintumour.ca\/fr\/wp-json\/wp\/v2\/locations?post=10367"}],"curies":[{"name":"wp","href":"https:\/\/api.w.org\/{rel}","templated":true}]}}