{"id":10746,"date":"2023-01-27T08:46:33","date_gmt":"2023-01-27T13:46:33","guid":{"rendered":"https:\/\/www.braintumour.ca\/non-classifiee\/youth-education-award-recipient-qa-with-emily-keenan\/"},"modified":"2023-01-27T08:54:36","modified_gmt":"2023-01-27T13:54:36","slug":"youth-education-award-recipient-qa-with-emily-keenan","status":"publish","type":"post","link":"https:\/\/www.braintumour.ca\/fr\/blogue\/youth-education-award-recipient-qa-with-emily-keenan\/","title":{"rendered":"Entrevue avec Emily Keenan, r\u00e9cipiendaire de notre Bourse d\u2019\u00e9tudes pour jeunes patients et survivants de tumeurs c\u00e9r\u00e9brales"},"content":{"rendered":"<p>Nous aimerions profiter de ce d\u00e9but d\u2019ann\u00e9e pour pr\u00e9senter Emily Keenan, l&rsquo;une des laur\u00e9ates de notre Bourse d\u2019\u00e9tudes pour jeunes patients et survivants. Comme il s&rsquo;agit de la 10e ann\u00e9e d\u2019existence de ce programme de bourses, nous voulions profiter de ce moment sp\u00e9cial pour pr\u00e9senter nos laur\u00e9ats et partager leur parcours.   <\/p>\n<p>L&rsquo;objectif de ce programme est d&rsquo;aider les jeunes survivants de tumeurs c\u00e9r\u00e9brales \u00e0 r\u00e9aliser leurs r\u00eaves gr\u00e2ce \u00e0 des \u00e9tudes postsecondaires. Nous avons eu l&rsquo;occasion d&rsquo;interviewer Emily, l&rsquo;une des laur\u00e9ates du programme de Bourses d\u2019\u00e9tudes, pour en savoir plus sur son parcours et sur l&rsquo;impact de cette bourse sur sa vie.  <\/p>\n<p><strong>1. Qu&rsquo;avez-vous ressenti la premi\u00e8re fois que vous avez entendu les mots \u00ab\u202fvous avez une tumeur au cerveau\u202f\u00bb ? <\/strong><\/p>\n<p>On peut dire que j&rsquo;ai v\u00e9cu un tourbillon d&rsquo;\u00e9motions en recevant le diagnostic de ma tumeur au cerveau. Aujourd&rsquo;hui encore, je me souviens clairement avoir \u00e9t\u00e9 appel\u00e9e \u00e0 l&rsquo;h\u00f4pital avec mes parents \u00e0 l&rsquo;\u00e2ge de 14 ans, pour discuter des r\u00e9sultats de mon IRM. Le trajet en voiture a \u00e9t\u00e9 une torture &#8211; je n&rsquo;arr\u00eatais pas de penser qu&rsquo;un appel t\u00e9l\u00e9phonique inattendu demandant un rendez-vous le jour m\u00eame pour discuter de mes r\u00e9sultats ne pouvait pas \u00eatre un bon signe. Lorsque j&rsquo;ai entendu les mots \u00ab\u202ftumeur c\u00e9r\u00e9brale\u202f\u00bb, mon estomac s&rsquo;est mis \u00e0 trembler et je me suis imm\u00e9diatement engourdie. Mais ce qui a suivi \u00e9tait encore pire&#8230; \u00ab\u202fet nous ne savons pas de quel type de tumeur il s&rsquo;agit, ni \u00e0 quoi nous avons affaire\u202f\u00bb. Le reste du rendez-vous et le trajet du retour en voiture sont un peu flous dans ma m\u00e9moire. J&rsquo;\u00e9tais submerg\u00e9e par toutes sortes d&rsquo;\u00e9motions &#8211; le d\u00e9ni, la peur et la frustration, mais j&rsquo;\u00e9tais aussi d\u00e9termin\u00e9e et optimiste &#8211; j&rsquo;\u00e9tais pr\u00eate \u00e0 affronter tout ce qui m&rsquo;arrivait. Je savais que ce ne serait pas facile, mais j&rsquo;avais un solide syst\u00e8me de soutien \u00e0 mes c\u00f4t\u00e9s \u00e0 chaque \u00e9tape de mon parcours.    <\/p>\n<p>Peu apr\u00e8s mon diagnostic, j&rsquo;ai \u00e9t\u00e9 orient\u00e9e vers l&rsquo;Institut neurologique de Montr\u00e9al, car mon cas \u00e9tait trop complexe pour l&rsquo;h\u00f4pital de ma ville natale. C&rsquo;est l\u00e0 que j&rsquo;ai rencontr\u00e9 le Dr Del Maestro, qui m&rsquo;a gentiment remis un exemplaire du manuel du patient et un manuel des proches aidants pour ma famille. Le fait de disposer de ces ressources m&rsquo;a imm\u00e9diatement soulag\u00e9e, car j&rsquo;avais enfin un endroit vers lequel me tourner pour obtenir des informations et je ne me sentais plus aussi seule dans mon parcours. C&rsquo;est \u00e9galement \u00e0 ce moment-l\u00e0 qu&rsquo;a \u00e9t\u00e9 cr\u00e9\u00e9e l&rsquo;\u00e9quipe Emily&rsquo;s Brainstormers, compos\u00e9e de ma famille et de mes amis les plus proches, mon syst\u00e8me de soutien ind\u00e9fectible. Nous participons \u00e0 la marche de la Fondation des tumeurs c\u00e9r\u00e9brales, anciennement connue sous le nom de Spring Sprint, depuis 2011. Plus tard cette ann\u00e9e-l\u00e0, j&rsquo;ai \u00e9t\u00e9 orient\u00e9 vers l&rsquo;h\u00f4pital SickKids de Toronto, o\u00f9 j&rsquo;ai subi ma premi\u00e8re op\u00e9ration du cerveau.     <\/p>\n<p><strong>2. Comment vous \u00eates-vous sentie \u00e0 l&rsquo;id\u00e9e de faire des \u00e9tudes postsecondaires ? <\/strong><\/p>\n<p>Honn\u00eatement, j&rsquo;\u00e9tais assez anxieuse \u00e0 l&rsquo;id\u00e9e de commencer l&rsquo;universit\u00e9. Le fait que j&rsquo;aie subi ma deuxi\u00e8me op\u00e9ration au cerveau deux semaines avant le d\u00e9but des cours n&rsquo;a probablement pas aid\u00e9, car j&rsquo;essayais de me r\u00e9tablir tout en me pr\u00e9parant \u00e0 un nouveau chapitre de ma vie. Le fait que j&rsquo;aie commenc\u00e9 l&rsquo;\u00e9cole tout de suite signifiait que je ne laissais pas ma tumeur c\u00e9r\u00e9brale me d\u00e9finir ou me retenir, mais avec le recul, j&rsquo;aurais probablement d\u00fb repousser le d\u00e9but des cours \u00e0 mon deuxi\u00e8me semestre. J&rsquo;aurais pu me passer de cette pression et de ce stress suppl\u00e9mentaires, mais j&rsquo;ai pers\u00e9v\u00e9r\u00e9 et j\u2019ai r\u00e9ussi.    <\/p>\n<p>Apr\u00e8s avoir termin\u00e9 ma premi\u00e8re ann\u00e9e, je me suis sentie beaucoup mieux. Ma convalescence s&rsquo;est bien pass\u00e9e, mes crises \u00e9taient minimes et j&rsquo;avais d\u00e9velopp\u00e9 une solide routine. J&rsquo;ai cr\u00e9\u00e9 mes emplois du temps de mani\u00e8re intentionnelle, en m&rsquo;assurant que j&rsquo;avais toujours deux jours complets par semaine \u00e0 la maison pour me reposer autant que possible. Si je ne fais pas attention \u00e0 maximiser mon sommeil et \u00e0 minimiser mon stress, j&rsquo;ai des crises d&rsquo;\u00e9pilepsie. Il est donc important que je maintienne un horaire tout en conciliant un mode de vie sain et actif. <\/p>\n<p><strong>3. Comment le fait de recevoir cette bourse d\u2019\u00e9tudes vous a-t-il aid\u00e9 \u00e0 arriver l\u00e0 o\u00f9 vous \u00eates aujourd&rsquo;hui ? <\/strong><\/p>\n<p>Recevoir ce prix a eu un impact positif significatif sur ma vie quotidienne en tant qu&rsquo;\u00e9tudiante universitaire, ainsi que sur mes r\u00e9alisations actuelles. En tant qu&rsquo;\u00e9tudiante, je n&rsquo;\u00e9tais pas seulement stress\u00e9e par la n\u00e9cessit\u00e9 de trouver un \u00e9quilibre entre ma charge de travail, mes emplois \u00e0 temps partiel, le maintien d&rsquo;une vie sociale et mes sympt\u00f4mes, mais aussi par les questions financi\u00e8res, comme le fait de pouvoir payer mes manuels et mes frais de scolarit\u00e9. Gr\u00e2ce \u00e0 cette bourse, j&rsquo;ai pu choisir la fr\u00e9quence de mon travail, ce qui m&rsquo;a permis de consacrer tout le temps n\u00e9cessaire \u00e0 mes \u00e9tudes et de donner \u00e0 mon corps le temps de se reposer. En travaillant quand je le pouvais et en allant \u00e0 l&rsquo;\u00e9cole \u00e0 plein temps, j&rsquo;ai pu terminer mon dipl\u00f4me sans dette et commencer \u00e0 \u00e9conomiser pour ma premi\u00e8re maison.   <\/p>\n<p>Qu&rsquo;il s&rsquo;agisse de fournir une aide financi\u00e8re pour les \u00e9tudes postsecondaires ou d&rsquo;offrir de nombreuses ressources et un soutien, la Fondation canadienne des tumeurs c\u00e9r\u00e9brales a un impact positif sur la vie des personnes touch\u00e9es par un diagnostic de tumeur c\u00e9r\u00e9brale.  <\/p>\n<p><strong>4. Dites-nous quels progr\u00e8s vous avez r\u00e9alis\u00e9s depuis que vous avez re\u00e7u ce prix ? (Vous avez termin\u00e9 vos \u00e9tudes, trouv\u00e9 un emploi, vous \u00eates mari\u00e9, etc.) <\/strong><\/p>\n<p>Depuis que j&rsquo;ai re\u00e7u cette bourse, j&rsquo;ai termin\u00e9 mes \u00e9tudes et j&rsquo;ai obtenu un baccalaur\u00e9at \u00e8s arts en sciences sociales avec une sp\u00e9cialisation en psychologie de l&rsquo;Universit\u00e9 d&rsquo;Ottawa.   <\/p>\n<p>J&rsquo;ai \u00e9galement la chance d&rsquo;\u00eatre r\u00e9cipiendaire du Prix humanitaire Terry Fox. Le programme du Prix humanitaire Terry Fox encourage les jeunes \u00e0 imiter le courage et la d\u00e9termination de Terry par le biais du b\u00e9n\u00e9volat et de services humanitaires.    <\/p>\n<p>Le b\u00e9n\u00e9volat a toujours jou\u00e9 un r\u00f4le important dans ma vie. Aider les autres et donner en retour a \u00e9t\u00e9 l&rsquo;un de mes principaux m\u00e9canismes d&rsquo;adaptation. D&rsquo;aussi loin que je me souvienne, j&rsquo;ai fait du b\u00e9n\u00e9volat au sein de la soci\u00e9t\u00e9 agricole du canton de Cumberland. En 2015, j&rsquo;ai \u00e9t\u00e9 l&rsquo;ambassadrice de la foire de Navan &#8211; un poste qui m&rsquo;a permis de promouvoir et d&rsquo;encourager l&rsquo;agriculture dans notre communaut\u00e9. La m\u00eame ann\u00e9e, j&rsquo;ai rejoint le conseil d&rsquo;administration de la Navan Fair en tant que directrice des concessions, et au printemps dernier, j&rsquo;ai accept\u00e9 un poste au sein du conseil d&rsquo;administration ex\u00e9cutif en tant que 2e vice-pr\u00e9sidente.    <\/p>\n<p>Une autre \u00e9tape importante que j&rsquo;ai franchie est l&rsquo;obtention de mon permis de conduire. Je n&rsquo;avais pas pu l&rsquo;obtenir auparavant en raison de la fr\u00e9quence et de l&rsquo;incertitude associ\u00e9es \u00e0 mes crises. Heureusement, mes crises se sont en grande partie stabilis\u00e9es depuis, ce qui a permis \u00e0 mon neurologue et \u00e0 mon neurochirurgien de me donner le feu vert pour commencer \u00e0 conduire.    <\/p>\n<p>J&rsquo;ai eu la chance d&rsquo;acheter ma premi\u00e8re maison au d\u00e9but de 2020, et je travaille actuellement \u00e0 temps plein pour le gouvernement, au minist\u00e8re de la D\u00e9fense nationale.  <\/p>\n<p><strong>5. C&rsquo;est la 10e ann\u00e9e que nous d\u00e9cernons ces bourses. Que diriez-vous \u00e0 d&rsquo;autres personnes admissibles et qui envisagent de poser leur candidature ? <\/strong><\/p>\n<p>Je sugg\u00e9rerais \u00e0 tous ceux qui sont admissibles et qui envisagent de poser leur candidature pour ce prix de foncer, de saisir leur chance et de raconter leur histoire. Nous faisons partie des 27 Canadiens qui re\u00e7oivent chaque jour un diagnostic de tumeur c\u00e9r\u00e9brale, un diagnostic qui \u00e9chappe totalement \u00e0 notre contr\u00f4le. Ce prix nous donne l&rsquo;occasion de trouver quelque chose de positif dans une situation vraiment difficile, et nous permet de reprendre un peu de ce contr\u00f4le perdu. Profitez de cette opportunit\u00e9 et laissez-la vous donner du pouvoir, ne laissez pas votre diagnostic vous d\u00e9finir ou vous d\u00e9tourner de vos objectifs.     <\/p>\n<p>F\u00e9licitations Emily pour toutes tes r\u00e9alisations !  <\/p>\n<p>Pour en savoir plus sur nos Bourses d\u2019\u00e9tudes pour les jeunes patients et survivants, veuillez consulter <a href=\"https:\/\/www.braintumour.ca\/fr\/bourses-detudes-pour-jeunes-patients-et-survivants\/\">cette page<\/a>. <\/p>\n","protected":false},"excerpt":{"rendered":"<p>Nous aimerions profiter de ce d\u00e9but d\u2019ann\u00e9e pour pr\u00e9senter Emily Keenan, l&rsquo;une des laur\u00e9ates de notre Bourse d\u2019\u00e9tudes pour jeunes [&hellip;]<\/p>\n","protected":false},"author":4,"featured_media":10744,"comment_status":"closed","ping_status":"closed","sticky":false,"template":"","format":"standard","meta":{"_acf_changed":false,"footnotes":""},"categories":[138],"tags":[328],"user_type":[],"locations":[161],"class_list":["post-10746","post","type-post","status-publish","format-standard","has-post-thumbnail","hentry","category-blogue","tag-youth-education-awards-fr","locations-canada-wide-fr"],"acf":[],"yoast_head":"<!-- This site is optimized with the Yoast SEO Premium plugin v27.0 (Yoast SEO v27.0) - https:\/\/yoast.com\/product\/yoast-seo-premium-wordpress\/ -->\n<title>Entrevue avec Emily Keenan, r\u00e9cipiendaire de notre Bourse d\u2019\u00e9tudes pour jeunes patients et survivants de tumeurs c\u00e9r\u00e9brales - Fondation canadienne des tumeurs c\u00e9r\u00e9brales<\/title>\n<meta name=\"description\" content=\"Nous aimerions profiter de ce d\u00e9but d\u2019ann\u00e9e pour pr\u00e9senter Emily Keenan, l&#039;une des laur\u00e9ates de notre Bourse d\u2019\u00e9tudes pour jeunes patients et survivants.\" \/>\n<meta name=\"robots\" content=\"index, follow, max-snippet:-1, max-image-preview:large, max-video-preview:-1\" \/>\n<link rel=\"canonical\" href=\"https:\/\/www.braintumour.ca\/fr\/blogue\/youth-education-award-recipient-qa-with-emily-keenan\/\" \/>\n<meta property=\"og:locale\" content=\"fr_CA\" \/>\n<meta property=\"og:type\" content=\"article\" \/>\n<meta property=\"og:title\" content=\"Entrevue avec Emily Keenan, r\u00e9cipiendaire de notre Bourse d\u2019\u00e9tudes pour jeunes patients et survivants de tumeurs c\u00e9r\u00e9brales\" \/>\n<meta property=\"og:description\" content=\"Nous aimerions profiter de ce d\u00e9but d\u2019ann\u00e9e pour pr\u00e9senter Emily Keenan, l&#039;une des laur\u00e9ates de notre Bourse d\u2019\u00e9tudes pour jeunes patients et survivants.\" \/>\n<meta property=\"og:url\" content=\"https:\/\/www.braintumour.ca\/fr\/blogue\/youth-education-award-recipient-qa-with-emily-keenan\/\" \/>\n<meta property=\"og:site_name\" content=\"Fondation canadienne des tumeurs c\u00e9r\u00e9brales\" \/>\n<meta property=\"article:published_time\" content=\"2023-01-27T13:46:33+00:00\" \/>\n<meta property=\"article:modified_time\" content=\"2023-01-27T13:54:36+00:00\" \/>\n<meta property=\"og:image\" content=\"https:\/\/www.braintumour.ca\/wp-content\/uploads\/2023\/01\/Emily-Keenan-img-2.jpg\" \/>\n\t<meta property=\"og:image:width\" content=\"827\" \/>\n\t<meta property=\"og:image:height\" content=\"676\" \/>\n\t<meta property=\"og:image:type\" content=\"image\/jpeg\" \/>\n<meta name=\"author\" content=\"Matt Berry\" \/>\n<meta name=\"twitter:card\" content=\"summary_large_image\" \/>\n<meta name=\"twitter:label1\" content=\"\u00c9crit par\" \/>\n\t<meta name=\"twitter:data1\" content=\"Matt Berry\" \/>\n\t<meta name=\"twitter:label2\" content=\"Estimation du temps de lecture\" \/>\n\t<meta name=\"twitter:data2\" content=\"6 minutes\" \/>\n<script type=\"application\/ld+json\" class=\"yoast-schema-graph\">{\"@context\":\"https:\/\/schema.org\",\"@graph\":[{\"@type\":\"Article\",\"@id\":\"https:\/\/www.braintumour.ca\/fr\/blogue\/youth-education-award-recipient-qa-with-emily-keenan\/#article\",\"isPartOf\":{\"@id\":\"https:\/\/www.braintumour.ca\/fr\/blogue\/youth-education-award-recipient-qa-with-emily-keenan\/\"},\"author\":{\"name\":\"Matt Berry\",\"@id\":\"https:\/\/www.braintumour.ca\/fr\/#\/schema\/person\/7534b1b1d4da5d8e37af436b293eca3d\"},\"headline\":\"Entrevue avec Emily Keenan, r\u00e9cipiendaire de notre Bourse d\u2019\u00e9tudes pour jeunes patients et survivants de tumeurs c\u00e9r\u00e9brales\",\"datePublished\":\"2023-01-27T13:46:33+00:00\",\"dateModified\":\"2023-01-27T13:54:36+00:00\",\"mainEntityOfPage\":{\"@id\":\"https:\/\/www.braintumour.ca\/fr\/blogue\/youth-education-award-recipient-qa-with-emily-keenan\/\"},\"wordCount\":1534,\"image\":{\"@id\":\"https:\/\/www.braintumour.ca\/fr\/blogue\/youth-education-award-recipient-qa-with-emily-keenan\/#primaryimage\"},\"thumbnailUrl\":\"https:\/\/www.braintumour.ca\/wp-content\/uploads\/2023\/01\/Emily-Keenan-img-2.jpg\",\"keywords\":[\"youth education awards\"],\"articleSection\":[\"Nouvelles\"],\"inLanguage\":\"fr-CA\"},{\"@type\":\"WebPage\",\"@id\":\"https:\/\/www.braintumour.ca\/fr\/blogue\/youth-education-award-recipient-qa-with-emily-keenan\/\",\"url\":\"https:\/\/www.braintumour.ca\/fr\/blogue\/youth-education-award-recipient-qa-with-emily-keenan\/\",\"name\":\"Entrevue avec Emily Keenan, r\u00e9cipiendaire de notre Bourse d\u2019\u00e9tudes pour jeunes patients et survivants de tumeurs c\u00e9r\u00e9brales - Fondation canadienne des tumeurs c\u00e9r\u00e9brales\",\"isPartOf\":{\"@id\":\"https:\/\/www.braintumour.ca\/fr\/#website\"},\"primaryImageOfPage\":{\"@id\":\"https:\/\/www.braintumour.ca\/fr\/blogue\/youth-education-award-recipient-qa-with-emily-keenan\/#primaryimage\"},\"image\":{\"@id\":\"https:\/\/www.braintumour.ca\/fr\/blogue\/youth-education-award-recipient-qa-with-emily-keenan\/#primaryimage\"},\"thumbnailUrl\":\"https:\/\/www.braintumour.ca\/wp-content\/uploads\/2023\/01\/Emily-Keenan-img-2.jpg\",\"datePublished\":\"2023-01-27T13:46:33+00:00\",\"dateModified\":\"2023-01-27T13:54:36+00:00\",\"author\":{\"@id\":\"https:\/\/www.braintumour.ca\/fr\/#\/schema\/person\/7534b1b1d4da5d8e37af436b293eca3d\"},\"description\":\"Nous aimerions profiter de ce d\u00e9but d\u2019ann\u00e9e pour pr\u00e9senter Emily Keenan, l'une des laur\u00e9ates de notre Bourse d\u2019\u00e9tudes pour jeunes patients et survivants.\",\"breadcrumb\":{\"@id\":\"https:\/\/www.braintumour.ca\/fr\/blogue\/youth-education-award-recipient-qa-with-emily-keenan\/#breadcrumb\"},\"inLanguage\":\"fr-CA\",\"potentialAction\":[{\"@type\":\"ReadAction\",\"target\":[\"https:\/\/www.braintumour.ca\/fr\/blogue\/youth-education-award-recipient-qa-with-emily-keenan\/\"]}]},{\"@type\":\"ImageObject\",\"inLanguage\":\"fr-CA\",\"@id\":\"https:\/\/www.braintumour.ca\/fr\/blogue\/youth-education-award-recipient-qa-with-emily-keenan\/#primaryimage\",\"url\":\"https:\/\/www.braintumour.ca\/wp-content\/uploads\/2023\/01\/Emily-Keenan-img-2.jpg\",\"contentUrl\":\"https:\/\/www.braintumour.ca\/wp-content\/uploads\/2023\/01\/Emily-Keenan-img-2.jpg\",\"width\":827,\"height\":676},{\"@type\":\"BreadcrumbList\",\"@id\":\"https:\/\/www.braintumour.ca\/fr\/blogue\/youth-education-award-recipient-qa-with-emily-keenan\/#breadcrumb\",\"itemListElement\":[{\"@type\":\"ListItem\",\"position\":1,\"name\":\"Home\",\"item\":\"https:\/\/www.braintumour.ca\/fr\/\"},{\"@type\":\"ListItem\",\"position\":2,\"name\":\"Entrevue avec Emily Keenan, r\u00e9cipiendaire de notre Bourse d\u2019\u00e9tudes pour jeunes patients et survivants de tumeurs c\u00e9r\u00e9brales\"}]},{\"@type\":\"WebSite\",\"@id\":\"https:\/\/www.braintumour.ca\/fr\/#website\",\"url\":\"https:\/\/www.braintumour.ca\/fr\/\",\"name\":\"Fondation canadienne des tumeurs c\u00e9r\u00e9brales\",\"description\":\"Notre mission est de venir en aide \u00e0 toutes les personnes touch\u00e9es par une tumeur c\u00e9r\u00e9brale au Canada par le biais de nos programmes d\u2019information, de soutien, d\u2019\u00e9ducation et de recherche.\",\"potentialAction\":[{\"@type\":\"SearchAction\",\"target\":{\"@type\":\"EntryPoint\",\"urlTemplate\":\"https:\/\/www.braintumour.ca\/fr\/?s={search_term_string}\"},\"query-input\":{\"@type\":\"PropertyValueSpecification\",\"valueRequired\":true,\"valueName\":\"search_term_string\"}}],\"inLanguage\":\"fr-CA\"},{\"@type\":\"Person\",\"@id\":\"https:\/\/www.braintumour.ca\/fr\/#\/schema\/person\/7534b1b1d4da5d8e37af436b293eca3d\",\"name\":\"Matt Berry\",\"image\":{\"@type\":\"ImageObject\",\"inLanguage\":\"fr-CA\",\"@id\":\"https:\/\/www.braintumour.ca\/fr\/#\/schema\/person\/image\/\",\"url\":\"https:\/\/secure.gravatar.com\/avatar\/882da3b67056b0c608086d3c77de46948b64244a4c249e81e0bf04a8095ce320?s=96&d=mm&r=g\",\"contentUrl\":\"https:\/\/secure.gravatar.com\/avatar\/882da3b67056b0c608086d3c77de46948b64244a4c249e81e0bf04a8095ce320?s=96&d=mm&r=g\",\"caption\":\"Matt Berry\"}}]}<\/script>\n<!-- \/ Yoast SEO Premium plugin. -->","yoast_head_json":{"title":"Entrevue avec Emily Keenan, r\u00e9cipiendaire de notre Bourse d\u2019\u00e9tudes pour jeunes patients et survivants de tumeurs c\u00e9r\u00e9brales - Fondation canadienne des tumeurs c\u00e9r\u00e9brales","description":"Nous aimerions profiter de ce d\u00e9but d\u2019ann\u00e9e pour pr\u00e9senter Emily Keenan, l'une des laur\u00e9ates de notre Bourse d\u2019\u00e9tudes pour jeunes patients et survivants.","robots":{"index":"index","follow":"follow","max-snippet":"max-snippet:-1","max-image-preview":"max-image-preview:large","max-video-preview":"max-video-preview:-1"},"canonical":"https:\/\/www.braintumour.ca\/fr\/blogue\/youth-education-award-recipient-qa-with-emily-keenan\/","og_locale":"fr_CA","og_type":"article","og_title":"Entrevue avec Emily Keenan, r\u00e9cipiendaire de notre Bourse d\u2019\u00e9tudes pour jeunes patients et survivants de tumeurs c\u00e9r\u00e9brales","og_description":"Nous aimerions profiter de ce d\u00e9but d\u2019ann\u00e9e pour pr\u00e9senter Emily Keenan, l'une des laur\u00e9ates de notre Bourse d\u2019\u00e9tudes pour jeunes patients et survivants.","og_url":"https:\/\/www.braintumour.ca\/fr\/blogue\/youth-education-award-recipient-qa-with-emily-keenan\/","og_site_name":"Fondation canadienne des tumeurs c\u00e9r\u00e9brales","article_published_time":"2023-01-27T13:46:33+00:00","article_modified_time":"2023-01-27T13:54:36+00:00","og_image":[{"width":827,"height":676,"url":"https:\/\/www.braintumour.ca\/wp-content\/uploads\/2023\/01\/Emily-Keenan-img-2.jpg","type":"image\/jpeg"}],"author":"Matt Berry","twitter_card":"summary_large_image","twitter_misc":{"\u00c9crit par":"Matt Berry","Estimation du temps de lecture":"6 minutes"},"schema":{"@context":"https:\/\/schema.org","@graph":[{"@type":"Article","@id":"https:\/\/www.braintumour.ca\/fr\/blogue\/youth-education-award-recipient-qa-with-emily-keenan\/#article","isPartOf":{"@id":"https:\/\/www.braintumour.ca\/fr\/blogue\/youth-education-award-recipient-qa-with-emily-keenan\/"},"author":{"name":"Matt Berry","@id":"https:\/\/www.braintumour.ca\/fr\/#\/schema\/person\/7534b1b1d4da5d8e37af436b293eca3d"},"headline":"Entrevue avec Emily Keenan, r\u00e9cipiendaire de notre Bourse d\u2019\u00e9tudes pour jeunes patients et survivants de tumeurs c\u00e9r\u00e9brales","datePublished":"2023-01-27T13:46:33+00:00","dateModified":"2023-01-27T13:54:36+00:00","mainEntityOfPage":{"@id":"https:\/\/www.braintumour.ca\/fr\/blogue\/youth-education-award-recipient-qa-with-emily-keenan\/"},"wordCount":1534,"image":{"@id":"https:\/\/www.braintumour.ca\/fr\/blogue\/youth-education-award-recipient-qa-with-emily-keenan\/#primaryimage"},"thumbnailUrl":"https:\/\/www.braintumour.ca\/wp-content\/uploads\/2023\/01\/Emily-Keenan-img-2.jpg","keywords":["youth education awards"],"articleSection":["Nouvelles"],"inLanguage":"fr-CA"},{"@type":"WebPage","@id":"https:\/\/www.braintumour.ca\/fr\/blogue\/youth-education-award-recipient-qa-with-emily-keenan\/","url":"https:\/\/www.braintumour.ca\/fr\/blogue\/youth-education-award-recipient-qa-with-emily-keenan\/","name":"Entrevue avec Emily Keenan, r\u00e9cipiendaire de notre Bourse d\u2019\u00e9tudes pour jeunes patients et survivants de tumeurs c\u00e9r\u00e9brales - Fondation canadienne des tumeurs c\u00e9r\u00e9brales","isPartOf":{"@id":"https:\/\/www.braintumour.ca\/fr\/#website"},"primaryImageOfPage":{"@id":"https:\/\/www.braintumour.ca\/fr\/blogue\/youth-education-award-recipient-qa-with-emily-keenan\/#primaryimage"},"image":{"@id":"https:\/\/www.braintumour.ca\/fr\/blogue\/youth-education-award-recipient-qa-with-emily-keenan\/#primaryimage"},"thumbnailUrl":"https:\/\/www.braintumour.ca\/wp-content\/uploads\/2023\/01\/Emily-Keenan-img-2.jpg","datePublished":"2023-01-27T13:46:33+00:00","dateModified":"2023-01-27T13:54:36+00:00","author":{"@id":"https:\/\/www.braintumour.ca\/fr\/#\/schema\/person\/7534b1b1d4da5d8e37af436b293eca3d"},"description":"Nous aimerions profiter de ce d\u00e9but d\u2019ann\u00e9e pour pr\u00e9senter Emily Keenan, l'une des laur\u00e9ates de notre Bourse d\u2019\u00e9tudes pour jeunes patients et survivants.","breadcrumb":{"@id":"https:\/\/www.braintumour.ca\/fr\/blogue\/youth-education-award-recipient-qa-with-emily-keenan\/#breadcrumb"},"inLanguage":"fr-CA","potentialAction":[{"@type":"ReadAction","target":["https:\/\/www.braintumour.ca\/fr\/blogue\/youth-education-award-recipient-qa-with-emily-keenan\/"]}]},{"@type":"ImageObject","inLanguage":"fr-CA","@id":"https:\/\/www.braintumour.ca\/fr\/blogue\/youth-education-award-recipient-qa-with-emily-keenan\/#primaryimage","url":"https:\/\/www.braintumour.ca\/wp-content\/uploads\/2023\/01\/Emily-Keenan-img-2.jpg","contentUrl":"https:\/\/www.braintumour.ca\/wp-content\/uploads\/2023\/01\/Emily-Keenan-img-2.jpg","width":827,"height":676},{"@type":"BreadcrumbList","@id":"https:\/\/www.braintumour.ca\/fr\/blogue\/youth-education-award-recipient-qa-with-emily-keenan\/#breadcrumb","itemListElement":[{"@type":"ListItem","position":1,"name":"Home","item":"https:\/\/www.braintumour.ca\/fr\/"},{"@type":"ListItem","position":2,"name":"Entrevue avec Emily Keenan, r\u00e9cipiendaire de notre Bourse d\u2019\u00e9tudes pour jeunes patients et survivants de tumeurs c\u00e9r\u00e9brales"}]},{"@type":"WebSite","@id":"https:\/\/www.braintumour.ca\/fr\/#website","url":"https:\/\/www.braintumour.ca\/fr\/","name":"Fondation canadienne des tumeurs c\u00e9r\u00e9brales","description":"Notre mission est de venir en aide \u00e0 toutes les personnes touch\u00e9es par une tumeur c\u00e9r\u00e9brale au Canada par le biais de nos programmes d\u2019information, de soutien, d\u2019\u00e9ducation et de recherche.","potentialAction":[{"@type":"SearchAction","target":{"@type":"EntryPoint","urlTemplate":"https:\/\/www.braintumour.ca\/fr\/?s={search_term_string}"},"query-input":{"@type":"PropertyValueSpecification","valueRequired":true,"valueName":"search_term_string"}}],"inLanguage":"fr-CA"},{"@type":"Person","@id":"https:\/\/www.braintumour.ca\/fr\/#\/schema\/person\/7534b1b1d4da5d8e37af436b293eca3d","name":"Matt Berry","image":{"@type":"ImageObject","inLanguage":"fr-CA","@id":"https:\/\/www.braintumour.ca\/fr\/#\/schema\/person\/image\/","url":"https:\/\/secure.gravatar.com\/avatar\/882da3b67056b0c608086d3c77de46948b64244a4c249e81e0bf04a8095ce320?s=96&d=mm&r=g","contentUrl":"https:\/\/secure.gravatar.com\/avatar\/882da3b67056b0c608086d3c77de46948b64244a4c249e81e0bf04a8095ce320?s=96&d=mm&r=g","caption":"Matt Berry"}}]}},"_links":{"self":[{"href":"https:\/\/www.braintumour.ca\/fr\/wp-json\/wp\/v2\/posts\/10746","targetHints":{"allow":["GET"]}}],"collection":[{"href":"https:\/\/www.braintumour.ca\/fr\/wp-json\/wp\/v2\/posts"}],"about":[{"href":"https:\/\/www.braintumour.ca\/fr\/wp-json\/wp\/v2\/types\/post"}],"author":[{"embeddable":true,"href":"https:\/\/www.braintumour.ca\/fr\/wp-json\/wp\/v2\/users\/4"}],"replies":[{"embeddable":true,"href":"https:\/\/www.braintumour.ca\/fr\/wp-json\/wp\/v2\/comments?post=10746"}],"version-history":[{"count":0,"href":"https:\/\/www.braintumour.ca\/fr\/wp-json\/wp\/v2\/posts\/10746\/revisions"}],"wp:featuredmedia":[{"embeddable":true,"href":"https:\/\/www.braintumour.ca\/fr\/wp-json\/wp\/v2\/media\/10744"}],"wp:attachment":[{"href":"https:\/\/www.braintumour.ca\/fr\/wp-json\/wp\/v2\/media?parent=10746"}],"wp:term":[{"taxonomy":"category","embeddable":true,"href":"https:\/\/www.braintumour.ca\/fr\/wp-json\/wp\/v2\/categories?post=10746"},{"taxonomy":"post_tag","embeddable":true,"href":"https:\/\/www.braintumour.ca\/fr\/wp-json\/wp\/v2\/tags?post=10746"},{"taxonomy":"user_type","embeddable":true,"href":"https:\/\/www.braintumour.ca\/fr\/wp-json\/wp\/v2\/user_type?post=10746"},{"taxonomy":"locations","embeddable":true,"href":"https:\/\/www.braintumour.ca\/fr\/wp-json\/wp\/v2\/locations?post=10746"}],"curies":[{"name":"wp","href":"https:\/\/api.w.org\/{rel}","templated":true}]}}