{"id":11040,"date":"2023-04-18T15:12:34","date_gmt":"2023-04-18T19:12:34","guid":{"rendered":"https:\/\/www.braintumour.ca\/non-classifiee\/2022-volunteer-of-distinction-award-yasmina-mashmoushi\/"},"modified":"2023-04-18T17:14:21","modified_gmt":"2023-04-18T21:14:21","slug":"2022-volunteer-of-distinction-award-yasmina-mashmoushi","status":"publish","type":"post","link":"https:\/\/www.braintumour.ca\/fr\/blogue\/2022-volunteer-of-distinction-award-yasmina-mashmoushi\/","title":{"rendered":"Prix B\u00e9n\u00e9vole de distinction 2022 \u2013 Yasmina Mashmoushi"},"content":{"rendered":"<p><strong>Emplacement<\/strong><\/p>\n<p>Greater Toronto Area, ON<\/p>\n<p><strong>R\u00f4le<\/strong><\/p>\n<p>GTA Animateur de groupe de soutien<\/p>\n<p><strong>1. Comment avez-vous commenc\u00e9 \u00e0 faire du b\u00e9n\u00e9volat avec la Fondation canadienne des tumeurs c\u00e9r\u00e9brales ?<\/strong><\/p>\n<p>J&rsquo;ai commenc\u00e9 \u00e0 faire du b\u00e9n\u00e9volat pour la Fondation en 2019. Je savais que je voulais travailler directement avec des personnes de mani\u00e8re \u00e0 combiner mes int\u00e9r\u00eats pour la psychologie et les neurosciences. En tant que facilitatrice de groupe de soutien de la r\u00e9gion de Toronto, j&rsquo;ai l&rsquo;opportunit\u00e9 de soutenir des individus pendant leurs moments les plus vuln\u00e9rables. En tant qu&rsquo;\u00e9tudiante en neurosciences, je voulais \u00e9galement en apprendre davantage sur la pathologie m\u00e9dicale complexe de la maladie et ses effets psychosociaux sur la sant\u00e9 mentale.<\/p>\n<p><strong>2. Quel est votre meilleur souvenir de b\u00e9n\u00e9volat avec la Fondation ?<\/strong><\/p>\n<p>Il n&rsquo;y a pas de souvenir sp\u00e9cifique qui se d\u00e9marque plus qu&rsquo;un autre. Il y a eu d&rsquo;innombrables moments au cours des quatre derni\u00e8res ann\u00e9es o\u00f9 les membres du groupe de soutien ont fait preuve d&rsquo;une puissante empathie, ont ri ensemble face \u00e0 l&rsquo;adversit\u00e9, ont partag\u00e9 des id\u00e9es perspicaces et ont att\u00e9nu\u00e9 la d\u00e9tresse et les larmes des uns et des autres. J&rsquo;ai beaucoup appris de nos discussions de groupe de soutien, qui ont port\u00e9 sur la gestion des changements physiques et cognitifs, la gestion de l&rsquo;anxi\u00e9t\u00e9 et de la d\u00e9pression et la prise de d\u00e9cisions m\u00e9dicales difficiles. Cependant, ce que j&rsquo;ai pr\u00e9f\u00e9r\u00e9 en tant que b\u00e9n\u00e9vole, c&rsquo;est d&rsquo;avoir \u00e9t\u00e9 t\u00e9moin de plusieurs amiti\u00e9s qui ont fleuri dans l&rsquo;environnement du groupe de soutien. Bien que je ne puisse pas choisir un souvenir en particulier, il y a l&#8217;empathie, la compr\u00e9hension et la connexion humaine.<\/p>\n<p><strong>3. Le th\u00e8me de la semaine des b\u00e9n\u00e9voles de cette ann\u00e9e est \u00ab Le b\u00e9n\u00e9volat tisse des liens \u00bb. Que signifie ce th\u00e8me pour vous ? (Vous pouvez en apprendre plus <a href=\"https:\/\/volunteer.ca\/index.php?MenuItemID=477&#038;lang=fr\" target=\"_blank\" rel=\"noopener\">ICI<\/a>)<\/strong><\/p>\n<p>Le b\u00e9n\u00e9volat me rappelle continuellement que nous travaillons ensemble vers l&rsquo;objectif humain d&rsquo;atteindre une communaut\u00e9 mondiale plus \u00e9quitable et prosp\u00e8re. La pand\u00e9mie de COVID-19 nous a montr\u00e9 \u00e0 quel point les personnes \u00e0 travers le pays et le monde sont inextricablement li\u00e9es et a affirm\u00e9 que nous devons tous faire notre part si nous voulons r\u00eaver d&rsquo;un avenir plus prometteur. Le b\u00e9n\u00e9volat est un moyen de faire ma part pour aider \u00e0 tailler la fin. Le b\u00e9n\u00e9volat est notre combat collectif pour les changements en lesquels nous croyons &#8211; des changements qui rendent notre communaut\u00e9 plus prosp\u00e8re pour tout le monde, quel que soit l&rsquo;origine ethnique, le genre ou la capacit\u00e9.<\/p>\n<p><strong>4. Quel est le meilleur conseil que vous ou quelqu&rsquo;un vous ait donn\u00e9 ?<\/strong><\/p>\n<p>Imm\u00e9diatement, je pense \u00e0 une citation d&rsquo;Albert Camus, le philosophe, qui a \u00e9crit dans Retour \u00e0 Tipasa : \u00ab Au c\u0153ur de l&rsquo;hiver, j&rsquo;ai trouv\u00e9 en moi un invincible \u00e9t\u00e9. \u00bb Tout le monde peut interpr\u00e9ter cette citation diff\u00e9remment, mais elle parle de d\u00e9couvrir une r\u00e9silience qui br\u00fble en vous pendant les p\u00e9riodes d&rsquo;adversit\u00e9. Les discussions du groupe de soutien m&rsquo;ont montr\u00e9 que peu importe \u00e0 quel point les choses deviennent difficiles, quelque chose de plus fort en nous peut riposter. Au milieu du d\u00e9sespoir et de la difficult\u00e9, nous pouvons toujours trouver de l&rsquo;amour, du rire, de l&#8217;empathie, de la force, de l&rsquo;espoir et du calme. L&rsquo;adversit\u00e9 semble \u00eatre un endroit inattendu pour d\u00e9terrer ces forces, mais j&rsquo;ai d\u00e9couvert que c&rsquo;est pr\u00e9cis\u00e9ment l&rsquo;ar\u00e8ne dans laquelle elles se r\u00e9v\u00e8lent le plus. Parfois, il y a de belles choses que l&rsquo;on peut tirer de l&rsquo;adversit\u00e9, il suffit de les chercher.<\/p>\n","protected":false},"excerpt":{"rendered":"<p>L&rsquo;adversit\u00e9 semble \u00eatre un endroit inattendu pour d\u00e9terrer ces forces, mais j&rsquo;ai d\u00e9couvert que c&rsquo;est pr\u00e9cis\u00e9ment l&rsquo;ar\u00e8ne dans laquelle elles se r\u00e9v\u00e8lent le plus.<\/p>\n","protected":false},"author":4,"featured_media":11030,"comment_status":"closed","ping_status":"closed","sticky":false,"template":"","format":"standard","meta":{"_acf_changed":false,"footnotes":""},"categories":[138],"tags":[390,391],"user_type":[137],"locations":[198],"class_list":["post-11040","post","type-post","status-publish","format-standard","has-post-thumbnail","hentry","category-blogue","tag-volunteer-awards-fr","tag-volunteer-of-distinction-fr","user_type-benevole","locations-toronto-fr"],"acf":[],"yoast_head":"<!-- This site is optimized with the Yoast SEO Premium plugin v27.0 (Yoast SEO v27.0) - https:\/\/yoast.com\/product\/yoast-seo-premium-wordpress\/ -->\n<title>Prix B\u00e9n\u00e9vole de distinction 2022 \u2013 Yasmina Mashmoushi - Fondation canadienne des tumeurs c\u00e9r\u00e9brales<\/title>\n<meta name=\"description\" content=\"L&#039;adversit\u00e9 semble \u00eatre un endroit inattendu pour d\u00e9terrer ces forces, mais j&#039;ai d\u00e9couvert que c&#039;est pr\u00e9cis\u00e9ment l&#039;ar\u00e8ne dans laquelle elles se r\u00e9v\u00e8lent le plus.\" \/>\n<meta name=\"robots\" content=\"index, follow, max-snippet:-1, max-image-preview:large, max-video-preview:-1\" \/>\n<link rel=\"canonical\" href=\"https:\/\/www.braintumour.ca\/fr\/blogue\/2022-volunteer-of-distinction-award-yasmina-mashmoushi\/\" \/>\n<meta property=\"og:locale\" content=\"fr_CA\" \/>\n<meta property=\"og:type\" content=\"article\" \/>\n<meta property=\"og:title\" content=\"Prix B\u00e9n\u00e9vole de distinction 2022 \u2013 Yasmina Mashmoushi\" \/>\n<meta property=\"og:description\" content=\"L&#039;adversit\u00e9 semble \u00eatre un endroit inattendu pour d\u00e9terrer ces forces, mais j&#039;ai d\u00e9couvert que c&#039;est pr\u00e9cis\u00e9ment l&#039;ar\u00e8ne dans laquelle elles se r\u00e9v\u00e8lent le plus.\" \/>\n<meta property=\"og:url\" content=\"https:\/\/www.braintumour.ca\/fr\/blogue\/2022-volunteer-of-distinction-award-yasmina-mashmoushi\/\" \/>\n<meta property=\"og:site_name\" content=\"Fondation canadienne des tumeurs c\u00e9r\u00e9brales\" \/>\n<meta property=\"article:published_time\" content=\"2023-04-18T19:12:34+00:00\" \/>\n<meta property=\"article:modified_time\" content=\"2023-04-18T21:14:21+00:00\" \/>\n<meta property=\"og:image\" content=\"https:\/\/www.braintumour.ca\/wp-content\/uploads\/2023\/04\/Yasmina2.jpg\" \/>\n\t<meta property=\"og:image:width\" content=\"1022\" \/>\n\t<meta property=\"og:image:height\" content=\"1334\" \/>\n\t<meta property=\"og:image:type\" content=\"image\/jpeg\" \/>\n<meta name=\"author\" content=\"Matt Berry\" \/>\n<meta name=\"twitter:card\" content=\"summary_large_image\" \/>\n<meta name=\"twitter:label1\" content=\"\u00c9crit par\" \/>\n\t<meta name=\"twitter:data1\" content=\"Matt Berry\" \/>\n\t<meta name=\"twitter:label2\" content=\"Estimation du temps de lecture\" \/>\n\t<meta name=\"twitter:data2\" content=\"3 minutes\" \/>\n<script type=\"application\/ld+json\" class=\"yoast-schema-graph\">{\"@context\":\"https:\/\/schema.org\",\"@graph\":[{\"@type\":\"Article\",\"@id\":\"https:\/\/www.braintumour.ca\/fr\/blogue\/2022-volunteer-of-distinction-award-yasmina-mashmoushi\/#article\",\"isPartOf\":{\"@id\":\"https:\/\/www.braintumour.ca\/fr\/blogue\/2022-volunteer-of-distinction-award-yasmina-mashmoushi\/\"},\"author\":{\"name\":\"Matt Berry\",\"@id\":\"https:\/\/www.braintumour.ca\/fr\/#\/schema\/person\/7534b1b1d4da5d8e37af436b293eca3d\"},\"headline\":\"Prix B\u00e9n\u00e9vole de distinction 2022 \u2013 Yasmina Mashmoushi\",\"datePublished\":\"2023-04-18T19:12:34+00:00\",\"dateModified\":\"2023-04-18T21:14:21+00:00\",\"mainEntityOfPage\":{\"@id\":\"https:\/\/www.braintumour.ca\/fr\/blogue\/2022-volunteer-of-distinction-award-yasmina-mashmoushi\/\"},\"wordCount\":661,\"image\":{\"@id\":\"https:\/\/www.braintumour.ca\/fr\/blogue\/2022-volunteer-of-distinction-award-yasmina-mashmoushi\/#primaryimage\"},\"thumbnailUrl\":\"https:\/\/www.braintumour.ca\/wp-content\/uploads\/2023\/04\/Yasmina2.jpg\",\"keywords\":[\"Volunteer Awards\",\"volunteer of distinction\"],\"articleSection\":[\"Nouvelles\"],\"inLanguage\":\"fr-CA\"},{\"@type\":\"WebPage\",\"@id\":\"https:\/\/www.braintumour.ca\/fr\/blogue\/2022-volunteer-of-distinction-award-yasmina-mashmoushi\/\",\"url\":\"https:\/\/www.braintumour.ca\/fr\/blogue\/2022-volunteer-of-distinction-award-yasmina-mashmoushi\/\",\"name\":\"Prix B\u00e9n\u00e9vole de distinction 2022 \u2013 Yasmina Mashmoushi - Fondation canadienne des tumeurs c\u00e9r\u00e9brales\",\"isPartOf\":{\"@id\":\"https:\/\/www.braintumour.ca\/fr\/#website\"},\"primaryImageOfPage\":{\"@id\":\"https:\/\/www.braintumour.ca\/fr\/blogue\/2022-volunteer-of-distinction-award-yasmina-mashmoushi\/#primaryimage\"},\"image\":{\"@id\":\"https:\/\/www.braintumour.ca\/fr\/blogue\/2022-volunteer-of-distinction-award-yasmina-mashmoushi\/#primaryimage\"},\"thumbnailUrl\":\"https:\/\/www.braintumour.ca\/wp-content\/uploads\/2023\/04\/Yasmina2.jpg\",\"datePublished\":\"2023-04-18T19:12:34+00:00\",\"dateModified\":\"2023-04-18T21:14:21+00:00\",\"author\":{\"@id\":\"https:\/\/www.braintumour.ca\/fr\/#\/schema\/person\/7534b1b1d4da5d8e37af436b293eca3d\"},\"description\":\"L'adversit\u00e9 semble \u00eatre un endroit inattendu pour d\u00e9terrer ces forces, mais j'ai d\u00e9couvert que c'est pr\u00e9cis\u00e9ment l'ar\u00e8ne dans laquelle elles se r\u00e9v\u00e8lent le plus.\",\"breadcrumb\":{\"@id\":\"https:\/\/www.braintumour.ca\/fr\/blogue\/2022-volunteer-of-distinction-award-yasmina-mashmoushi\/#breadcrumb\"},\"inLanguage\":\"fr-CA\",\"potentialAction\":[{\"@type\":\"ReadAction\",\"target\":[\"https:\/\/www.braintumour.ca\/fr\/blogue\/2022-volunteer-of-distinction-award-yasmina-mashmoushi\/\"]}]},{\"@type\":\"ImageObject\",\"inLanguage\":\"fr-CA\",\"@id\":\"https:\/\/www.braintumour.ca\/fr\/blogue\/2022-volunteer-of-distinction-award-yasmina-mashmoushi\/#primaryimage\",\"url\":\"https:\/\/www.braintumour.ca\/wp-content\/uploads\/2023\/04\/Yasmina2.jpg\",\"contentUrl\":\"https:\/\/www.braintumour.ca\/wp-content\/uploads\/2023\/04\/Yasmina2.jpg\",\"width\":1022,\"height\":1334},{\"@type\":\"BreadcrumbList\",\"@id\":\"https:\/\/www.braintumour.ca\/fr\/blogue\/2022-volunteer-of-distinction-award-yasmina-mashmoushi\/#breadcrumb\",\"itemListElement\":[{\"@type\":\"ListItem\",\"position\":1,\"name\":\"Home\",\"item\":\"https:\/\/www.braintumour.ca\/fr\/\"},{\"@type\":\"ListItem\",\"position\":2,\"name\":\"Prix B\u00e9n\u00e9vole de distinction 2022 \u2013 Yasmina Mashmoushi\"}]},{\"@type\":\"WebSite\",\"@id\":\"https:\/\/www.braintumour.ca\/fr\/#website\",\"url\":\"https:\/\/www.braintumour.ca\/fr\/\",\"name\":\"Fondation canadienne des tumeurs c\u00e9r\u00e9brales\",\"description\":\"Notre mission est de venir en aide \u00e0 toutes les personnes touch\u00e9es par une tumeur c\u00e9r\u00e9brale au Canada par le biais de nos programmes d\u2019information, de soutien, d\u2019\u00e9ducation et de recherche.\",\"potentialAction\":[{\"@type\":\"SearchAction\",\"target\":{\"@type\":\"EntryPoint\",\"urlTemplate\":\"https:\/\/www.braintumour.ca\/fr\/?s={search_term_string}\"},\"query-input\":{\"@type\":\"PropertyValueSpecification\",\"valueRequired\":true,\"valueName\":\"search_term_string\"}}],\"inLanguage\":\"fr-CA\"},{\"@type\":\"Person\",\"@id\":\"https:\/\/www.braintumour.ca\/fr\/#\/schema\/person\/7534b1b1d4da5d8e37af436b293eca3d\",\"name\":\"Matt Berry\",\"image\":{\"@type\":\"ImageObject\",\"inLanguage\":\"fr-CA\",\"@id\":\"https:\/\/www.braintumour.ca\/fr\/#\/schema\/person\/image\/\",\"url\":\"https:\/\/secure.gravatar.com\/avatar\/882da3b67056b0c608086d3c77de46948b64244a4c249e81e0bf04a8095ce320?s=96&d=mm&r=g\",\"contentUrl\":\"https:\/\/secure.gravatar.com\/avatar\/882da3b67056b0c608086d3c77de46948b64244a4c249e81e0bf04a8095ce320?s=96&d=mm&r=g\",\"caption\":\"Matt Berry\"}}]}<\/script>\n<!-- \/ Yoast SEO Premium plugin. -->","yoast_head_json":{"title":"Prix B\u00e9n\u00e9vole de distinction 2022 \u2013 Yasmina Mashmoushi - Fondation canadienne des tumeurs c\u00e9r\u00e9brales","description":"L'adversit\u00e9 semble \u00eatre un endroit inattendu pour d\u00e9terrer ces forces, mais j'ai d\u00e9couvert que c'est pr\u00e9cis\u00e9ment l'ar\u00e8ne dans laquelle elles se r\u00e9v\u00e8lent le plus.","robots":{"index":"index","follow":"follow","max-snippet":"max-snippet:-1","max-image-preview":"max-image-preview:large","max-video-preview":"max-video-preview:-1"},"canonical":"https:\/\/www.braintumour.ca\/fr\/blogue\/2022-volunteer-of-distinction-award-yasmina-mashmoushi\/","og_locale":"fr_CA","og_type":"article","og_title":"Prix B\u00e9n\u00e9vole de distinction 2022 \u2013 Yasmina Mashmoushi","og_description":"L'adversit\u00e9 semble \u00eatre un endroit inattendu pour d\u00e9terrer ces forces, mais j'ai d\u00e9couvert que c'est pr\u00e9cis\u00e9ment l'ar\u00e8ne dans laquelle elles se r\u00e9v\u00e8lent le plus.","og_url":"https:\/\/www.braintumour.ca\/fr\/blogue\/2022-volunteer-of-distinction-award-yasmina-mashmoushi\/","og_site_name":"Fondation canadienne des tumeurs c\u00e9r\u00e9brales","article_published_time":"2023-04-18T19:12:34+00:00","article_modified_time":"2023-04-18T21:14:21+00:00","og_image":[{"width":1022,"height":1334,"url":"https:\/\/www.braintumour.ca\/wp-content\/uploads\/2023\/04\/Yasmina2.jpg","type":"image\/jpeg"}],"author":"Matt Berry","twitter_card":"summary_large_image","twitter_misc":{"\u00c9crit par":"Matt Berry","Estimation du temps de lecture":"3 minutes"},"schema":{"@context":"https:\/\/schema.org","@graph":[{"@type":"Article","@id":"https:\/\/www.braintumour.ca\/fr\/blogue\/2022-volunteer-of-distinction-award-yasmina-mashmoushi\/#article","isPartOf":{"@id":"https:\/\/www.braintumour.ca\/fr\/blogue\/2022-volunteer-of-distinction-award-yasmina-mashmoushi\/"},"author":{"name":"Matt Berry","@id":"https:\/\/www.braintumour.ca\/fr\/#\/schema\/person\/7534b1b1d4da5d8e37af436b293eca3d"},"headline":"Prix B\u00e9n\u00e9vole de distinction 2022 \u2013 Yasmina Mashmoushi","datePublished":"2023-04-18T19:12:34+00:00","dateModified":"2023-04-18T21:14:21+00:00","mainEntityOfPage":{"@id":"https:\/\/www.braintumour.ca\/fr\/blogue\/2022-volunteer-of-distinction-award-yasmina-mashmoushi\/"},"wordCount":661,"image":{"@id":"https:\/\/www.braintumour.ca\/fr\/blogue\/2022-volunteer-of-distinction-award-yasmina-mashmoushi\/#primaryimage"},"thumbnailUrl":"https:\/\/www.braintumour.ca\/wp-content\/uploads\/2023\/04\/Yasmina2.jpg","keywords":["Volunteer Awards","volunteer of distinction"],"articleSection":["Nouvelles"],"inLanguage":"fr-CA"},{"@type":"WebPage","@id":"https:\/\/www.braintumour.ca\/fr\/blogue\/2022-volunteer-of-distinction-award-yasmina-mashmoushi\/","url":"https:\/\/www.braintumour.ca\/fr\/blogue\/2022-volunteer-of-distinction-award-yasmina-mashmoushi\/","name":"Prix B\u00e9n\u00e9vole de distinction 2022 \u2013 Yasmina Mashmoushi - Fondation canadienne des tumeurs c\u00e9r\u00e9brales","isPartOf":{"@id":"https:\/\/www.braintumour.ca\/fr\/#website"},"primaryImageOfPage":{"@id":"https:\/\/www.braintumour.ca\/fr\/blogue\/2022-volunteer-of-distinction-award-yasmina-mashmoushi\/#primaryimage"},"image":{"@id":"https:\/\/www.braintumour.ca\/fr\/blogue\/2022-volunteer-of-distinction-award-yasmina-mashmoushi\/#primaryimage"},"thumbnailUrl":"https:\/\/www.braintumour.ca\/wp-content\/uploads\/2023\/04\/Yasmina2.jpg","datePublished":"2023-04-18T19:12:34+00:00","dateModified":"2023-04-18T21:14:21+00:00","author":{"@id":"https:\/\/www.braintumour.ca\/fr\/#\/schema\/person\/7534b1b1d4da5d8e37af436b293eca3d"},"description":"L'adversit\u00e9 semble \u00eatre un endroit inattendu pour d\u00e9terrer ces forces, mais j'ai d\u00e9couvert que c'est pr\u00e9cis\u00e9ment l'ar\u00e8ne dans laquelle elles se r\u00e9v\u00e8lent le plus.","breadcrumb":{"@id":"https:\/\/www.braintumour.ca\/fr\/blogue\/2022-volunteer-of-distinction-award-yasmina-mashmoushi\/#breadcrumb"},"inLanguage":"fr-CA","potentialAction":[{"@type":"ReadAction","target":["https:\/\/www.braintumour.ca\/fr\/blogue\/2022-volunteer-of-distinction-award-yasmina-mashmoushi\/"]}]},{"@type":"ImageObject","inLanguage":"fr-CA","@id":"https:\/\/www.braintumour.ca\/fr\/blogue\/2022-volunteer-of-distinction-award-yasmina-mashmoushi\/#primaryimage","url":"https:\/\/www.braintumour.ca\/wp-content\/uploads\/2023\/04\/Yasmina2.jpg","contentUrl":"https:\/\/www.braintumour.ca\/wp-content\/uploads\/2023\/04\/Yasmina2.jpg","width":1022,"height":1334},{"@type":"BreadcrumbList","@id":"https:\/\/www.braintumour.ca\/fr\/blogue\/2022-volunteer-of-distinction-award-yasmina-mashmoushi\/#breadcrumb","itemListElement":[{"@type":"ListItem","position":1,"name":"Home","item":"https:\/\/www.braintumour.ca\/fr\/"},{"@type":"ListItem","position":2,"name":"Prix B\u00e9n\u00e9vole de distinction 2022 \u2013 Yasmina Mashmoushi"}]},{"@type":"WebSite","@id":"https:\/\/www.braintumour.ca\/fr\/#website","url":"https:\/\/www.braintumour.ca\/fr\/","name":"Fondation canadienne des tumeurs c\u00e9r\u00e9brales","description":"Notre mission est de venir en aide \u00e0 toutes les personnes touch\u00e9es par une tumeur c\u00e9r\u00e9brale au Canada par le biais de nos programmes d\u2019information, de soutien, d\u2019\u00e9ducation et de recherche.","potentialAction":[{"@type":"SearchAction","target":{"@type":"EntryPoint","urlTemplate":"https:\/\/www.braintumour.ca\/fr\/?s={search_term_string}"},"query-input":{"@type":"PropertyValueSpecification","valueRequired":true,"valueName":"search_term_string"}}],"inLanguage":"fr-CA"},{"@type":"Person","@id":"https:\/\/www.braintumour.ca\/fr\/#\/schema\/person\/7534b1b1d4da5d8e37af436b293eca3d","name":"Matt Berry","image":{"@type":"ImageObject","inLanguage":"fr-CA","@id":"https:\/\/www.braintumour.ca\/fr\/#\/schema\/person\/image\/","url":"https:\/\/secure.gravatar.com\/avatar\/882da3b67056b0c608086d3c77de46948b64244a4c249e81e0bf04a8095ce320?s=96&d=mm&r=g","contentUrl":"https:\/\/secure.gravatar.com\/avatar\/882da3b67056b0c608086d3c77de46948b64244a4c249e81e0bf04a8095ce320?s=96&d=mm&r=g","caption":"Matt Berry"}}]}},"_links":{"self":[{"href":"https:\/\/www.braintumour.ca\/fr\/wp-json\/wp\/v2\/posts\/11040","targetHints":{"allow":["GET"]}}],"collection":[{"href":"https:\/\/www.braintumour.ca\/fr\/wp-json\/wp\/v2\/posts"}],"about":[{"href":"https:\/\/www.braintumour.ca\/fr\/wp-json\/wp\/v2\/types\/post"}],"author":[{"embeddable":true,"href":"https:\/\/www.braintumour.ca\/fr\/wp-json\/wp\/v2\/users\/4"}],"replies":[{"embeddable":true,"href":"https:\/\/www.braintumour.ca\/fr\/wp-json\/wp\/v2\/comments?post=11040"}],"version-history":[{"count":0,"href":"https:\/\/www.braintumour.ca\/fr\/wp-json\/wp\/v2\/posts\/11040\/revisions"}],"wp:featuredmedia":[{"embeddable":true,"href":"https:\/\/www.braintumour.ca\/fr\/wp-json\/wp\/v2\/media\/11030"}],"wp:attachment":[{"href":"https:\/\/www.braintumour.ca\/fr\/wp-json\/wp\/v2\/media?parent=11040"}],"wp:term":[{"taxonomy":"category","embeddable":true,"href":"https:\/\/www.braintumour.ca\/fr\/wp-json\/wp\/v2\/categories?post=11040"},{"taxonomy":"post_tag","embeddable":true,"href":"https:\/\/www.braintumour.ca\/fr\/wp-json\/wp\/v2\/tags?post=11040"},{"taxonomy":"user_type","embeddable":true,"href":"https:\/\/www.braintumour.ca\/fr\/wp-json\/wp\/v2\/user_type?post=11040"},{"taxonomy":"locations","embeddable":true,"href":"https:\/\/www.braintumour.ca\/fr\/wp-json\/wp\/v2\/locations?post=11040"}],"curies":[{"name":"wp","href":"https:\/\/api.w.org\/{rel}","templated":true}]}}