{"id":12149,"date":"2024-05-21T13:25:32","date_gmt":"2024-05-21T17:25:32","guid":{"rendered":"https:\/\/www.braintumour.ca\/?p=12149"},"modified":"2024-06-12T09:03:50","modified_gmt":"2024-06-12T13:03:50","slug":"transformer-les-defis-en-changement","status":"publish","type":"post","link":"https:\/\/www.braintumour.ca\/fr\/temoignages\/transformer-les-defis-en-changement\/","title":{"rendered":"Transformer les d\u00e9fis en changement"},"content":{"rendered":"<p>Le lien entre Traci Chambers et la Fondation canadienne des tumeurs c\u00e9r\u00e9brales remonte \u00e0 2017, peu de temps apr\u00e8s qu&rsquo;elle eut re\u00e7u un diagnostic de <a href=\"https:\/\/www.braintumour.ca\/fr\/types_de_tumeurs_cerebrales\/neurinomes-acoustiques\/\">neurinome de l&rsquo;acoustique (schwannome vestibulaire)<\/a> non malin. <\/p>\n<p>Traci souffrait d&rsquo;une perte progressive de l&rsquo;audition et de vertiges, mais son m\u00e9decin pensait que cela \u00e9tait d\u00fb \u00e0 la pr\u00e9sence de liquide dans son oreille. L&rsquo;ergoth\u00e9rapeute qu&rsquo;elle consultait pour se r\u00e9tablir \u00e0 la suite d\u2019un accident de voiture lui a alors sugg\u00e9r\u00e9 de consulter un oto-rhino-laryngologiste (ORL). <\/p>\n<p>L&rsquo;ORL a d&rsquo;abord pens\u00e9 que Traci souffrait de la maladie de M\u00e9ni\u00e8re, un trouble de l&rsquo;\u00e9quilibre caus\u00e9 par une anomalie de l&rsquo;oreille interne. Il lui a fait passer une IRM par mesure de pr\u00e9caution et c&rsquo;est \u00e0 ce moment-l\u00e0 que sa tumeur a \u00e9t\u00e9 d\u00e9couverte.  <\/p>\n<p>\u00ab Il m&rsquo;a dit : \u201cSi vous devez avoir une tumeur c\u00e9r\u00e9brale, c&rsquo;est la moins grave, alors vous ne devez pas trop vous en faire\u201d \u00bb, se souvient Traci. \u00ab Je me suis sentie un peu perplexe et d\u00e9rout\u00e9e, car j&rsquo;ai eu l&rsquo;impression que l&rsquo;on minimisait ou que l&rsquo;on d\u00e9dramatisait la situation. \u00bb<\/p>\n<h5>Un moment d\u00e9cisif<\/h5>\n<p><img loading=\"lazy\" decoding=\"async\" class=\"alignright wp-image-7538\" style=\"padding-top: 10px;\" src=\"https:\/\/www.braintumour.ca\/wp-content\/uploads\/2024\/05\/Traci-5-rotated.jpg\" alt=\"Traci Chambers\" width=\"350\" height=\"550\" \/>Traci, qui travaille dans le domaine de la sant\u00e9 publique, passait devant les bureaux de la Fondation canadienne des tumeurs c\u00e9r\u00e9brales (FCTC) \u00e0 London, en Ontario, lors de ses d\u00e9placements quotidiens. Un jour, elle a d\u00e9cid\u00e9 de s&rsquo;y arr\u00eater.<\/p>\n<p>\u00ab J&rsquo;ai dit : \u201con m&rsquo;a r\u00e9cemment diagnostiqu\u00e9 un neurinome de l&rsquo;acoustique, et je ne sais pas si je suis au bon endroit\u201d \u00bb, partage-t-elle. \u00ab Le membre du personnel \u00e0 qui j&rsquo;ai parl\u00e9 m&rsquo;a r\u00e9pondu : \u201cBien s\u00fbr que oui.\u201d Ils m&rsquo;ont donn\u00e9 une tonne d&rsquo;informations et \u00e9taient tout simplement pr\u00eats \u00e0 m&rsquo;\u00e9couter. \u00bb<\/p>\n<blockquote><p><span style=\"font-size: 24px;\"><strong><em>\u00ab C&rsquo;\u00e9tait la premi\u00e8re fois au cours de mon parcours que je me sentais vraiment \u00e9cout\u00e9e, accueillie et valid\u00e9e. \u00bb<\/em><\/strong><\/span><\/p><\/blockquote>\n<p>Son m\u00e9decin lui avait sugg\u00e9r\u00e9 une approche attentiste, qui consiste \u00e0 surveiller l&rsquo;\u00e9volution de la situation plut\u00f4t que de prendre des mesures imm\u00e9diates , ce avec quoi Traci n&rsquo;\u00e9tait pas tout \u00e0 fait \u00e0 l&rsquo;aise. Gr\u00e2ce au soutien du personnel de la FCTC, Traci dit avoir appris \u00e0 d\u00e9fendre ses droits. C&rsquo;est alors qu&rsquo;elle est entr\u00e9e en contact avec un neurochirurgien de l\u2019H\u00f4pital Toronto Western, qui lui a recommand\u00e9 la radiochirurgie par gamma knife (qui est une forme de radiation et non pas de chirurgie).<\/p>\n<h5>Des traitements \u00e0 la gestion des sympt\u00f4mes<\/h5>\n<p>Son neurochirurgien, le Dr Fred Gentili, a \u00e9cout\u00e9 les inqui\u00e9tudes de Traci et a \u00e9t\u00e9 franc avec elle sur les effets de la radiation, qui, selon lui, n&rsquo;att\u00e9nuerait pas ses sympt\u00f4mes. Comprenant que cela pouvait ralentir la croissance de la tumeur, Traci a d\u00e9cid\u00e9 d&rsquo;aller de l&rsquo;avant. <\/p>\n<p>Traci pr\u00e9cise que sa convalescence a dur\u00e9 deux semaines, mais que le jour qui a suivi les traitements de radiation a \u00e9t\u00e9 le plus p\u00e9nible. Elle s&rsquo;est sentie fatigu\u00e9e et naus\u00e9euse, et a ressenti un engourdissement au niveau de la t\u00eate \u00e0 l&rsquo;endroit o\u00f9 l&rsquo;anesth\u00e9sie locale avait \u00e9t\u00e9 appliqu\u00e9e. <\/p>\n<p>Comme l&rsquo;avait pr\u00e9vu le Dr Gentili, Traci vit toujours avec ses sympt\u00f4mes, sept ans plus tard. Elle porte des appareils auditifs pour compenser sa perte d&rsquo;audition et souffre parfois de vertiges. Sa tumeur a presque la m\u00eame taille qu&rsquo;avant les traitements de radiation, si ce n&rsquo;est quelques millim\u00e8tres de moins, mais le fait qu&rsquo;elle ne se d\u00e9veloppe pas est un point positif. <\/p>\n<p>\u00ab M\u00eame s&rsquo;il s&rsquo;agit d&rsquo;une tumeur c\u00e9r\u00e9brale non maligne, elle a toujours un impact sur ma vie \u00bb, explique Traci.<\/p>\n<h5>Am\u00e9liorer la situation<\/h5>\n<p><img loading=\"lazy\" decoding=\"async\" class=\"alignright wp-image-7538\" style=\"padding-top: 10px;\" src=\"https:\/\/www.braintumour.ca\/wp-content\/uploads\/2024\/05\/Traci-2.jpg\" alt=\"Traci Chambers\" width=\"350\" height=\"550\" \/>Reconnaissante du soutien qu&rsquo;elle a re\u00e7u tout au long de son cheminement, Traci a voulu rendre la pareille en aidant d&rsquo;autres personnes qui traversaient leur propre parcours. Elle s&rsquo;est impliqu\u00e9e b\u00e9n\u00e9volement dans l&rsquo;animation du groupe de soutien de la Fondation canadienne des tumeurs c\u00e9r\u00e9brales de Kitchener-Waterloo, puis a coordonn\u00e9 la Marche des tumeurs c\u00e9r\u00e9brales dans sa r\u00e9gion. <\/p>\n<p>En outre, elle a utilis\u00e9 ses talents d&rsquo;artisane pour cr\u00e9er des bracelets gris faits \u00e0 la main, dont les fonds ont \u00e9t\u00e9 vers\u00e9s \u00e0 la Fondation canadienne des tumeurs c\u00e9r\u00e9brales. Entre sa campagne de bracelets et sa collecte de fonds pour la Marche, Traci et son partenaire ont r\u00e9colt\u00e9 plus de 5 000 dollars. <\/p>\n<p>Le legs de Traci en mati\u00e8re de don de soi continue de faire des vagues autour d&rsquo;elle, qu&rsquo;il s&rsquo;agisse des membres du groupe de soutien qu&rsquo;elle a touch\u00e9s ou des personnes qui ont vu dans ses bracelets un symbole d&rsquo;espoir. <\/p>\n<p>\u00ab Quand je repense au moment o\u00f9 j&rsquo;ai re\u00e7u mon diagnostic, je me sentais tellement seule \u00bb, dit Traci, \u00ab alors lorsque je me suis sentie soutenue par la Fondation et par les autres personnes touch\u00e9es par une tumeur c\u00e9r\u00e9brale, j&rsquo;ai eu envie de rendre la pareille, une fois que j&rsquo;ai eu franchie cette \u00e9tape difficile de mon parcours \u00bb. <\/p>\n<p>Traci a \u00e9galement parl\u00e9 de son exp\u00e9rience en tant que personne atteinte d&rsquo;une tumeur c\u00e9r\u00e9brale et des traitements qu&rsquo;elle a subis lors de divers \u00e9v\u00e9nements, et a m\u00eame fait une apparition dans une publicit\u00e9 pour un autre sympathisant de la communaut\u00e9 des tumeurs c\u00e9r\u00e9brales, Bruce Power. <\/p>\n<p>\u00ab L&rsquo;\u00e9quipe de tournage est venue chez moi et nous avons pass\u00e9 la journ\u00e9e \u00e0 filmer une vid\u00e9o, ce qui \u00e9tait plut\u00f4t cool \u00bb, dit-elle, \u00ab mais je ne pense pas avoir dormi la nuit pr\u00e9c\u00e9dente! \u00bb<\/p>\n<p>Quant \u00e0 l&rsquo;avenir de Traci, elle a des projets plein la t\u00eate. <\/p>\n<p><img loading=\"lazy\" decoding=\"async\" class=\"alignright wp-image-7538\" style=\"padding-top: 10px;\" src=\"https:\/\/www.braintumour.ca\/wp-content\/uploads\/2024\/05\/Traci-3-rotated.jpg\" alt=\"Traci Chambers\" width=\"350\" height=\"550\" \/>\u00ab Il y a toujours quelque chose \u00e0 esp\u00e9rer \u00bb, dit-elle. \u00ab Je vais continuer \u00e0 regarder vers l&rsquo;avenir et \u00e0 prendre soin de moi. \u00bb<\/p>\n<p>Elle encourage les autres personnes confront\u00e9es \u00e0 un diagnostic de cancer du cerveau \u00e0 chercher du soutien et \u00e0 savoir qu&rsquo;elles ne sont pas oblig\u00e9es de faire face \u00e0 la situation seules. <\/p>\n<p>\u00ab Je ne saurais trop souligner le soutien que la Fondation apporte aux gens \u00e0 tous les niveaux, qu&rsquo;il s&rsquo;agisse d&rsquo;un soutien organisationnel ou d&rsquo;un soutien personnel, sous la forme de discussions en t\u00eate-\u00e0-t\u00eate avec le personnel ou les b\u00e9n\u00e9voles \u00bb, d\u00e9clare Traci. \u00ab Ils se surpassent \u2013 c&rsquo;est ce que j&rsquo;ai constat\u00e9. Le fait de recevoir un diagnostic peut \u00eatre une exp\u00e9rience qui m\u00e8ne \u00e0 l&rsquo;isolement, jusqu&rsquo;\u00e0 ce que vous entriez en contact avec les bonnes personnes \u2013 et ce sont vraiment les bonnes personnes. \u00bb<\/p>\n<p><i>De la part de la Fondation canadienne des tumeurs c\u00e9r\u00e9brales :<\/i><\/p>\n<p>Nous tenons \u00e0 remercier Traci pour ses bons mots et son soutien ind\u00e9fectible! Ce sont des b\u00e9n\u00e9voles et des d\u00e9fenseurs des droits comme Traci qui ont une incidence profonde sur la vie des personnes touch\u00e9es par une tumeur c\u00e9r\u00e9brale. <\/p>\n<p>Consultez les pages <a href=\"https:\/\/www.braintumour.ca\/fr\/impliquez-vous\/\">Impliquez-vous<\/a> et <a href=\"https:\/\/www.braintumour.ca\/fr\/facons-de-donner\/\">Fa\u00e7ons de donner<\/a> sur notre site Web pour savoir comment vous pouvez soutenir la communaut\u00e9 des personnes touch\u00e9es par les tumeurs c\u00e9r\u00e9brales et laisser un legs de g\u00e9n\u00e9rosit\u00e9.<\/p>\n","protected":false},"excerpt":{"rendered":"<p>Le lien entre Traci Chambers et la Fondation canadienne des tumeurs c\u00e9r\u00e9brales remonte \u00e0 2017, peu de temps apr\u00e8s qu&rsquo;elle eut re\u00e7u un diagnostic de neurinome de l&rsquo;acoustique (schwannome vestibulaire).  <\/p>\n","protected":false},"author":4,"featured_media":12141,"comment_status":"closed","ping_status":"closed","sticky":false,"template":"","format":"standard","meta":{"_acf_changed":false,"footnotes":""},"categories":[148],"tags":[214,223],"user_type":[],"locations":[161],"class_list":["post-12149","post","type-post","status-publish","format-standard","has-post-thumbnail","hentry","category-temoignages","tag-brain-tumour-foundation-of-canada-fr","tag-brain-tumour-survivor-fr","locations-canada-wide-fr"],"acf":[],"yoast_head":"<!-- This site is optimized with the Yoast SEO Premium plugin v27.0 (Yoast SEO v27.0) - https:\/\/yoast.com\/product\/yoast-seo-premium-wordpress\/ -->\n<title>Transformer les d\u00e9fis en changement - Fondation canadienne des tumeurs c\u00e9r\u00e9brales<\/title>\n<meta name=\"description\" content=\"Le lien entre Traci Chambers et la Fondation canadienne des tumeurs c\u00e9r\u00e9brales remonte \u00e0 2017, peu de temps apr\u00e8s qu&#039;elle eut re\u00e7u un diagnostic de neurinome de l&#039;acoustique (schwannome vestibulaire).\" \/>\n<meta name=\"robots\" content=\"index, follow, max-snippet:-1, max-image-preview:large, max-video-preview:-1\" \/>\n<link rel=\"canonical\" href=\"https:\/\/www.braintumour.ca\/fr\/temoignages\/transformer-les-defis-en-changement\/\" \/>\n<meta property=\"og:locale\" content=\"fr_CA\" \/>\n<meta property=\"og:type\" content=\"article\" \/>\n<meta property=\"og:title\" content=\"Transformer les d\u00e9fis en changement\" \/>\n<meta property=\"og:description\" content=\"Le lien entre Traci Chambers et la Fondation canadienne des tumeurs c\u00e9r\u00e9brales remonte \u00e0 2017, peu de temps apr\u00e8s qu&#039;elle eut re\u00e7u un diagnostic de neurinome de l&#039;acoustique (schwannome vestibulaire).\" \/>\n<meta property=\"og:url\" content=\"https:\/\/www.braintumour.ca\/fr\/temoignages\/transformer-les-defis-en-changement\/\" \/>\n<meta property=\"og:site_name\" content=\"Fondation canadienne des tumeurs c\u00e9r\u00e9brales\" \/>\n<meta property=\"article:published_time\" content=\"2024-05-21T17:25:32+00:00\" \/>\n<meta property=\"article:modified_time\" content=\"2024-06-12T13:03:50+00:00\" \/>\n<meta property=\"og:image\" content=\"https:\/\/www.braintumour.ca\/wp-content\/uploads\/2024\/05\/Traci-4-rotated.jpg\" \/>\n\t<meta property=\"og:image:width\" content=\"650\" \/>\n\t<meta property=\"og:image:height\" content=\"867\" \/>\n\t<meta property=\"og:image:type\" content=\"image\/jpeg\" \/>\n<meta name=\"author\" content=\"Matt Berry\" \/>\n<meta name=\"twitter:card\" content=\"summary_large_image\" \/>\n<meta name=\"twitter:label1\" content=\"\u00c9crit par\" \/>\n\t<meta name=\"twitter:data1\" content=\"Matt Berry\" \/>\n\t<meta name=\"twitter:label2\" content=\"Estimation du temps de lecture\" \/>\n\t<meta name=\"twitter:data2\" content=\"6 minutes\" \/>\n<script type=\"application\/ld+json\" class=\"yoast-schema-graph\">{\"@context\":\"https:\/\/schema.org\",\"@graph\":[{\"@type\":\"Article\",\"@id\":\"https:\/\/www.braintumour.ca\/fr\/temoignages\/transformer-les-defis-en-changement\/#article\",\"isPartOf\":{\"@id\":\"https:\/\/www.braintumour.ca\/fr\/temoignages\/transformer-les-defis-en-changement\/\"},\"author\":{\"name\":\"Matt Berry\",\"@id\":\"https:\/\/www.braintumour.ca\/fr\/#\/schema\/person\/7534b1b1d4da5d8e37af436b293eca3d\"},\"headline\":\"Transformer les d\u00e9fis en changement\",\"datePublished\":\"2024-05-21T17:25:32+00:00\",\"dateModified\":\"2024-06-12T13:03:50+00:00\",\"mainEntityOfPage\":{\"@id\":\"https:\/\/www.braintumour.ca\/fr\/temoignages\/transformer-les-defis-en-changement\/\"},\"wordCount\":1236,\"image\":{\"@id\":\"https:\/\/www.braintumour.ca\/fr\/temoignages\/transformer-les-defis-en-changement\/#primaryimage\"},\"thumbnailUrl\":\"https:\/\/www.braintumour.ca\/wp-content\/uploads\/2024\/05\/Traci-4-rotated.jpg\",\"keywords\":[\"brain tumour foundation of canada\",\"brain tumour survivor\"],\"articleSection\":[\"T\u00e9moignages\"],\"inLanguage\":\"fr-CA\"},{\"@type\":\"WebPage\",\"@id\":\"https:\/\/www.braintumour.ca\/fr\/temoignages\/transformer-les-defis-en-changement\/\",\"url\":\"https:\/\/www.braintumour.ca\/fr\/temoignages\/transformer-les-defis-en-changement\/\",\"name\":\"Transformer les d\u00e9fis en changement - Fondation canadienne des tumeurs c\u00e9r\u00e9brales\",\"isPartOf\":{\"@id\":\"https:\/\/www.braintumour.ca\/fr\/#website\"},\"primaryImageOfPage\":{\"@id\":\"https:\/\/www.braintumour.ca\/fr\/temoignages\/transformer-les-defis-en-changement\/#primaryimage\"},\"image\":{\"@id\":\"https:\/\/www.braintumour.ca\/fr\/temoignages\/transformer-les-defis-en-changement\/#primaryimage\"},\"thumbnailUrl\":\"https:\/\/www.braintumour.ca\/wp-content\/uploads\/2024\/05\/Traci-4-rotated.jpg\",\"datePublished\":\"2024-05-21T17:25:32+00:00\",\"dateModified\":\"2024-06-12T13:03:50+00:00\",\"author\":{\"@id\":\"https:\/\/www.braintumour.ca\/fr\/#\/schema\/person\/7534b1b1d4da5d8e37af436b293eca3d\"},\"description\":\"Le lien entre Traci Chambers et la Fondation canadienne des tumeurs c\u00e9r\u00e9brales remonte \u00e0 2017, peu de temps apr\u00e8s qu'elle eut re\u00e7u un diagnostic de neurinome de l'acoustique (schwannome vestibulaire).\",\"breadcrumb\":{\"@id\":\"https:\/\/www.braintumour.ca\/fr\/temoignages\/transformer-les-defis-en-changement\/#breadcrumb\"},\"inLanguage\":\"fr-CA\",\"potentialAction\":[{\"@type\":\"ReadAction\",\"target\":[\"https:\/\/www.braintumour.ca\/fr\/temoignages\/transformer-les-defis-en-changement\/\"]}]},{\"@type\":\"ImageObject\",\"inLanguage\":\"fr-CA\",\"@id\":\"https:\/\/www.braintumour.ca\/fr\/temoignages\/transformer-les-defis-en-changement\/#primaryimage\",\"url\":\"https:\/\/www.braintumour.ca\/wp-content\/uploads\/2024\/05\/Traci-4-rotated.jpg\",\"contentUrl\":\"https:\/\/www.braintumour.ca\/wp-content\/uploads\/2024\/05\/Traci-4-rotated.jpg\",\"width\":650,\"height\":867},{\"@type\":\"BreadcrumbList\",\"@id\":\"https:\/\/www.braintumour.ca\/fr\/temoignages\/transformer-les-defis-en-changement\/#breadcrumb\",\"itemListElement\":[{\"@type\":\"ListItem\",\"position\":1,\"name\":\"Home\",\"item\":\"https:\/\/www.braintumour.ca\/fr\/\"},{\"@type\":\"ListItem\",\"position\":2,\"name\":\"Transformer les d\u00e9fis en changement\"}]},{\"@type\":\"WebSite\",\"@id\":\"https:\/\/www.braintumour.ca\/fr\/#website\",\"url\":\"https:\/\/www.braintumour.ca\/fr\/\",\"name\":\"Fondation canadienne des tumeurs c\u00e9r\u00e9brales\",\"description\":\"Notre mission est de venir en aide \u00e0 toutes les personnes touch\u00e9es par une tumeur c\u00e9r\u00e9brale au Canada par le biais de nos programmes d\u2019information, de soutien, d\u2019\u00e9ducation et de recherche.\",\"potentialAction\":[{\"@type\":\"SearchAction\",\"target\":{\"@type\":\"EntryPoint\",\"urlTemplate\":\"https:\/\/www.braintumour.ca\/fr\/?s={search_term_string}\"},\"query-input\":{\"@type\":\"PropertyValueSpecification\",\"valueRequired\":true,\"valueName\":\"search_term_string\"}}],\"inLanguage\":\"fr-CA\"},{\"@type\":\"Person\",\"@id\":\"https:\/\/www.braintumour.ca\/fr\/#\/schema\/person\/7534b1b1d4da5d8e37af436b293eca3d\",\"name\":\"Matt Berry\",\"image\":{\"@type\":\"ImageObject\",\"inLanguage\":\"fr-CA\",\"@id\":\"https:\/\/www.braintumour.ca\/fr\/#\/schema\/person\/image\/\",\"url\":\"https:\/\/secure.gravatar.com\/avatar\/882da3b67056b0c608086d3c77de46948b64244a4c249e81e0bf04a8095ce320?s=96&d=mm&r=g\",\"contentUrl\":\"https:\/\/secure.gravatar.com\/avatar\/882da3b67056b0c608086d3c77de46948b64244a4c249e81e0bf04a8095ce320?s=96&d=mm&r=g\",\"caption\":\"Matt Berry\"}}]}<\/script>\n<!-- \/ Yoast SEO Premium plugin. -->","yoast_head_json":{"title":"Transformer les d\u00e9fis en changement - Fondation canadienne des tumeurs c\u00e9r\u00e9brales","description":"Le lien entre Traci Chambers et la Fondation canadienne des tumeurs c\u00e9r\u00e9brales remonte \u00e0 2017, peu de temps apr\u00e8s qu'elle eut re\u00e7u un diagnostic de neurinome de l'acoustique (schwannome vestibulaire).","robots":{"index":"index","follow":"follow","max-snippet":"max-snippet:-1","max-image-preview":"max-image-preview:large","max-video-preview":"max-video-preview:-1"},"canonical":"https:\/\/www.braintumour.ca\/fr\/temoignages\/transformer-les-defis-en-changement\/","og_locale":"fr_CA","og_type":"article","og_title":"Transformer les d\u00e9fis en changement","og_description":"Le lien entre Traci Chambers et la Fondation canadienne des tumeurs c\u00e9r\u00e9brales remonte \u00e0 2017, peu de temps apr\u00e8s qu'elle eut re\u00e7u un diagnostic de neurinome de l'acoustique (schwannome vestibulaire).","og_url":"https:\/\/www.braintumour.ca\/fr\/temoignages\/transformer-les-defis-en-changement\/","og_site_name":"Fondation canadienne des tumeurs c\u00e9r\u00e9brales","article_published_time":"2024-05-21T17:25:32+00:00","article_modified_time":"2024-06-12T13:03:50+00:00","og_image":[{"width":650,"height":867,"url":"https:\/\/www.braintumour.ca\/wp-content\/uploads\/2024\/05\/Traci-4-rotated.jpg","type":"image\/jpeg"}],"author":"Matt Berry","twitter_card":"summary_large_image","twitter_misc":{"\u00c9crit par":"Matt Berry","Estimation du temps de lecture":"6 minutes"},"schema":{"@context":"https:\/\/schema.org","@graph":[{"@type":"Article","@id":"https:\/\/www.braintumour.ca\/fr\/temoignages\/transformer-les-defis-en-changement\/#article","isPartOf":{"@id":"https:\/\/www.braintumour.ca\/fr\/temoignages\/transformer-les-defis-en-changement\/"},"author":{"name":"Matt Berry","@id":"https:\/\/www.braintumour.ca\/fr\/#\/schema\/person\/7534b1b1d4da5d8e37af436b293eca3d"},"headline":"Transformer les d\u00e9fis en changement","datePublished":"2024-05-21T17:25:32+00:00","dateModified":"2024-06-12T13:03:50+00:00","mainEntityOfPage":{"@id":"https:\/\/www.braintumour.ca\/fr\/temoignages\/transformer-les-defis-en-changement\/"},"wordCount":1236,"image":{"@id":"https:\/\/www.braintumour.ca\/fr\/temoignages\/transformer-les-defis-en-changement\/#primaryimage"},"thumbnailUrl":"https:\/\/www.braintumour.ca\/wp-content\/uploads\/2024\/05\/Traci-4-rotated.jpg","keywords":["brain tumour foundation of canada","brain tumour survivor"],"articleSection":["T\u00e9moignages"],"inLanguage":"fr-CA"},{"@type":"WebPage","@id":"https:\/\/www.braintumour.ca\/fr\/temoignages\/transformer-les-defis-en-changement\/","url":"https:\/\/www.braintumour.ca\/fr\/temoignages\/transformer-les-defis-en-changement\/","name":"Transformer les d\u00e9fis en changement - Fondation canadienne des tumeurs c\u00e9r\u00e9brales","isPartOf":{"@id":"https:\/\/www.braintumour.ca\/fr\/#website"},"primaryImageOfPage":{"@id":"https:\/\/www.braintumour.ca\/fr\/temoignages\/transformer-les-defis-en-changement\/#primaryimage"},"image":{"@id":"https:\/\/www.braintumour.ca\/fr\/temoignages\/transformer-les-defis-en-changement\/#primaryimage"},"thumbnailUrl":"https:\/\/www.braintumour.ca\/wp-content\/uploads\/2024\/05\/Traci-4-rotated.jpg","datePublished":"2024-05-21T17:25:32+00:00","dateModified":"2024-06-12T13:03:50+00:00","author":{"@id":"https:\/\/www.braintumour.ca\/fr\/#\/schema\/person\/7534b1b1d4da5d8e37af436b293eca3d"},"description":"Le lien entre Traci Chambers et la Fondation canadienne des tumeurs c\u00e9r\u00e9brales remonte \u00e0 2017, peu de temps apr\u00e8s qu'elle eut re\u00e7u un diagnostic de neurinome de l'acoustique (schwannome vestibulaire).","breadcrumb":{"@id":"https:\/\/www.braintumour.ca\/fr\/temoignages\/transformer-les-defis-en-changement\/#breadcrumb"},"inLanguage":"fr-CA","potentialAction":[{"@type":"ReadAction","target":["https:\/\/www.braintumour.ca\/fr\/temoignages\/transformer-les-defis-en-changement\/"]}]},{"@type":"ImageObject","inLanguage":"fr-CA","@id":"https:\/\/www.braintumour.ca\/fr\/temoignages\/transformer-les-defis-en-changement\/#primaryimage","url":"https:\/\/www.braintumour.ca\/wp-content\/uploads\/2024\/05\/Traci-4-rotated.jpg","contentUrl":"https:\/\/www.braintumour.ca\/wp-content\/uploads\/2024\/05\/Traci-4-rotated.jpg","width":650,"height":867},{"@type":"BreadcrumbList","@id":"https:\/\/www.braintumour.ca\/fr\/temoignages\/transformer-les-defis-en-changement\/#breadcrumb","itemListElement":[{"@type":"ListItem","position":1,"name":"Home","item":"https:\/\/www.braintumour.ca\/fr\/"},{"@type":"ListItem","position":2,"name":"Transformer les d\u00e9fis en changement"}]},{"@type":"WebSite","@id":"https:\/\/www.braintumour.ca\/fr\/#website","url":"https:\/\/www.braintumour.ca\/fr\/","name":"Fondation canadienne des tumeurs c\u00e9r\u00e9brales","description":"Notre mission est de venir en aide \u00e0 toutes les personnes touch\u00e9es par une tumeur c\u00e9r\u00e9brale au Canada par le biais de nos programmes d\u2019information, de soutien, d\u2019\u00e9ducation et de recherche.","potentialAction":[{"@type":"SearchAction","target":{"@type":"EntryPoint","urlTemplate":"https:\/\/www.braintumour.ca\/fr\/?s={search_term_string}"},"query-input":{"@type":"PropertyValueSpecification","valueRequired":true,"valueName":"search_term_string"}}],"inLanguage":"fr-CA"},{"@type":"Person","@id":"https:\/\/www.braintumour.ca\/fr\/#\/schema\/person\/7534b1b1d4da5d8e37af436b293eca3d","name":"Matt Berry","image":{"@type":"ImageObject","inLanguage":"fr-CA","@id":"https:\/\/www.braintumour.ca\/fr\/#\/schema\/person\/image\/","url":"https:\/\/secure.gravatar.com\/avatar\/882da3b67056b0c608086d3c77de46948b64244a4c249e81e0bf04a8095ce320?s=96&d=mm&r=g","contentUrl":"https:\/\/secure.gravatar.com\/avatar\/882da3b67056b0c608086d3c77de46948b64244a4c249e81e0bf04a8095ce320?s=96&d=mm&r=g","caption":"Matt Berry"}}]}},"_links":{"self":[{"href":"https:\/\/www.braintumour.ca\/fr\/wp-json\/wp\/v2\/posts\/12149","targetHints":{"allow":["GET"]}}],"collection":[{"href":"https:\/\/www.braintumour.ca\/fr\/wp-json\/wp\/v2\/posts"}],"about":[{"href":"https:\/\/www.braintumour.ca\/fr\/wp-json\/wp\/v2\/types\/post"}],"author":[{"embeddable":true,"href":"https:\/\/www.braintumour.ca\/fr\/wp-json\/wp\/v2\/users\/4"}],"replies":[{"embeddable":true,"href":"https:\/\/www.braintumour.ca\/fr\/wp-json\/wp\/v2\/comments?post=12149"}],"version-history":[{"count":0,"href":"https:\/\/www.braintumour.ca\/fr\/wp-json\/wp\/v2\/posts\/12149\/revisions"}],"wp:featuredmedia":[{"embeddable":true,"href":"https:\/\/www.braintumour.ca\/fr\/wp-json\/wp\/v2\/media\/12141"}],"wp:attachment":[{"href":"https:\/\/www.braintumour.ca\/fr\/wp-json\/wp\/v2\/media?parent=12149"}],"wp:term":[{"taxonomy":"category","embeddable":true,"href":"https:\/\/www.braintumour.ca\/fr\/wp-json\/wp\/v2\/categories?post=12149"},{"taxonomy":"post_tag","embeddable":true,"href":"https:\/\/www.braintumour.ca\/fr\/wp-json\/wp\/v2\/tags?post=12149"},{"taxonomy":"user_type","embeddable":true,"href":"https:\/\/www.braintumour.ca\/fr\/wp-json\/wp\/v2\/user_type?post=12149"},{"taxonomy":"locations","embeddable":true,"href":"https:\/\/www.braintumour.ca\/fr\/wp-json\/wp\/v2\/locations?post=12149"}],"curies":[{"name":"wp","href":"https:\/\/api.w.org\/{rel}","templated":true}]}}