{"id":12763,"date":"2025-01-15T11:56:01","date_gmt":"2025-01-15T16:56:01","guid":{"rendered":"https:\/\/www.braintumour.ca\/?p=12763"},"modified":"2025-01-15T12:01:56","modified_gmt":"2025-01-15T17:01:56","slug":"relever-le-defi","status":"publish","type":"post","link":"https:\/\/www.braintumour.ca\/fr\/temoignages\/relever-le-defi\/","title":{"rendered":"Relever le d\u00e9fi"},"content":{"rendered":"<p>Rares sont ceux qui peuvent affirmer avoir repr\u00e9sent\u00e9 leur pays sur la sc\u00e8ne internationale, l\u00e0 o\u00f9 ils ont pu d\u00e9montrer leurs performances athl\u00e9tiques exceptionnelles. Ou encore, qu&rsquo;ils ont r\u00e9alis\u00e9 cet exploit tout en \u00e9tant malvoyants, une s\u00e9quelle permanente d&rsquo;une tumeur c\u00e9r\u00e9brale qui a n\u00e9cessit\u00e9 deux interventions chirurgicales, tout en poursuivant des \u00e9tudes universitaires avec une attitude positive. <\/p>\n<p>Faites la connaissance d&rsquo;Ashlyn Renneberg, cette jeune femme de 19 ans originaire de Saskatoon, en Saskatchewan, qui a \u00e9tabli un record canadien en franchissant une distance de 31,48 m\u00e8tres au javelot lors d&rsquo;une \u00e9preuve du Grand Prix mondial d&rsquo;athl\u00e9tisme paralympique (WPA) en Suisse en juin dernier, avant de poursuivre sa route vers les Jeux paralympiques de Paris 2024. <\/p>\n<p>Ashlyn a toujours \u00e9t\u00e9 sportive, pratiquant d\u00e8s son plus jeune \u00e2ge des sports tels que le hockey-balle, le softball, le volley-ball et le basket-ball. Elle a d\u00fb faire une pause lorsqu&rsquo;elle s&rsquo;est cass\u00e9 le bras en jouant au softball, au cours de l&rsquo;\u00e9t\u00e9 pr\u00e9c\u00e9dant son entr\u00e9e en 8e ann\u00e9e (secondaire 2).  <\/p>\n<p>\u00ab Tout au long de cet \u00e9t\u00e9-l\u00e0, j&rsquo;ai progressivement perdu la vue \u00bb, raconte Ashlyn. \u00ab Je ne m&rsquo;en \u00e9tais pas rendu compte \u00e0 l&rsquo;\u00e9poque, parce que je ne faisais pas de sport comme d&rsquo;habitude \u00bb.<\/p>\n<h5>Remarquer un changement<\/h5>\n<p><img loading=\"lazy\" decoding=\"async\" class=\"alignright wp-image-7538\" style=\"padding-top: 10px;\" src=\"https:\/\/www.braintumour.ca\/wp-content\/uploads\/2025\/01\/Ashlyn-Picture-1.jpg\" alt=\"Ashlyn Renneberg\" width=\"600\" height=\"630\" \/>D\u00e8s qu&rsquo;elle a pu recommencer \u00e0 faire du sport, Ashlyn a particip\u00e9 \u00e0 un match de volley-ball r\u00e9cr\u00e9atif avec des amis. Elle a \u00e9t\u00e9 frapp\u00e9e au visage par un ballon de volley-ball qu&rsquo;elle n&rsquo;avait m\u00eame pas vu arriver. <\/p>\n<p>\u00ab Mes amis m&rsquo;ont dit : \u00ab\u00a0Pourquoi t&rsquo;as pas vu le ballon arriver sur toi?\u00a0\u00bb \u00bb se souvient Ashlyn. \u00ab En l&rsquo;espace de trois jours, j&rsquo;avais \u00e9t\u00e9 dans une clinique sans rendez-vous, une clinique d&rsquo;ophtalmologie, puis \u00e0 l&rsquo;h\u00f4pital. C&rsquo;est \u00e0 ce moment-l\u00e0 que j&rsquo;ai appris qu&rsquo;il fallait que je me fasse op\u00e9rer imm\u00e9diatement \u00bb.<\/p>\n<p>Les m\u00e9decins ont d\u00e9couvert une tumeur <a href=\"https:\/\/www.braintumour.ca\/fr\/types_de_tumeurs_cerebrales\/ependymome\/\" target=\"_blank\" rel=\"noopener\">sub\u00e9pendymaire<\/a>, c&rsquo;est-\u00e0-dire une tumeur non maligne qui se d\u00e9veloppe \u00e0 partir de la paroi ventriculaire et s&rsquo;\u00e9tend aux cavit\u00e9s c\u00e9r\u00e9brales o\u00f9 circule le liquide c\u00e9r\u00e9brospinal. Cela a provoqu\u00e9 une infiltration de liquide c\u00e9r\u00e9brospinal dans le nerf optique d&rsquo;Ashlyn, ce qui a affect\u00e9 sa vision. Elle a perdu toute vision de l&rsquo;\u0153il droit et n&rsquo;a plus qu&rsquo;une vision minimale de l&rsquo;\u0153il gauche. <\/p>\n<p>Elle a subi sa premi\u00e8re intervention chirurgicale \u00e0 l&rsquo;\u00e2ge de 13 ans, au cours de laquelle sa tumeur c\u00e9r\u00e9brale a \u00e9t\u00e9 enlev\u00e9e avec succ\u00e8s. Peu de temps apr\u00e8s, cependant, une nouvelle infiltration de liquide c\u00e9r\u00e9brospinal s&rsquo;est produite, ce qui l\u2019a contrainte \u00e0 subir une seconde intervention chirurgicale. <\/p>\n<p>\u00ab Un mois environ apr\u00e8s ma deuxi\u00e8me op\u00e9ration, j&rsquo;ai eu une sortie scolaire, avec de la baignade et de l\u2019escalade au programme \u00bb, raconte Ashlyn. \u00ab Je tenais vraiment \u00e0 y aller, et les m\u00e9decins m\u2019ont dit qu\u2019ils n\u2019avaient aucune objection. Un mois apr\u00e8s cette intervention, j\u2019\u00e9tais de nouveau active, ce qui n\u2019avait pas \u00e9t\u00e9 le cas apr\u00e8s la pr\u00e9c\u00e9dente. \u00bb<\/p>\n<h5>Essayer quelque chose de nouveau<\/h5>\n<p>Un an et demi apr\u00e8s sa deuxi\u00e8me intervention chirurgicale, et pendant la pand\u00e9mie de COVID-19, Ashlyn a commenc\u00e9 \u00e0 faire de l&rsquo;athl\u00e9tisme. <\/p>\n<p>\u00ab Je faisais surtout des sprints et des courses \u00e0 l&rsquo;ext\u00e9rieur, parce que nous ne pouvions pas faire grand-chose \u00e0 l&rsquo;\u00e9poque \u00bb, explique-t-elle. \u00ab Lorsque les restrictions ont commenc\u00e9 \u00e0 \u00eatre lev\u00e9es, mon entra\u00eeneur m&rsquo;a dit : \u00ab\u00a0H\u00e9, tu crois que tu peux lancer des trucs en l&rsquo;air?\u00a0\u00bb \u00bb C&rsquo;est alors que j\u2019ai dit que je jouais au softball et qu&rsquo;il m&rsquo;a parl\u00e9 du javelot. J\u2019ai pens\u00e9 : \u00ab Ouais, je peux le faire. \u00bb<\/p>\n<p>Gr\u00e2ce \u00e0 son exp\u00e9rience sportive ant\u00e9rieure, Ashlyn a pu passer \u00e0 l\u2019\u00e9tape suivante. <\/p>\n<blockquote><p><span style=\"font-size: 24px;\"><strong><em>\u00ab J&rsquo;ai ce handicap \u00e0 cause de mon op\u00e9ration, et je me suis dit : pourquoi ne pas \u00eatre reconnue comme une athl\u00e8te ayant un handicap? \u00bb<\/em><\/strong><\/span><\/p><\/blockquote>\n<p>\u00ab J&rsquo;ai eu la chance d&rsquo;aller en Suisse en juin, puis je me suis qualifi\u00e9e pour les Jeux paralympiques \u00bb, explique Ashlyn.<\/p>\n<h5>Un r\u00eave devenu r\u00e9alit\u00e9<\/h5>\n<p><img loading=\"lazy\" decoding=\"async\" class=\"alignright wp-image-7538\" style=\"padding-top: 10px;\" src=\"https:\/\/www.braintumour.ca\/wp-content\/uploads\/2025\/01\/Ashlyn-Picture-2.jpg\" alt=\"Ashlyn Renneberg\" width=\"600\" height=\"630\" \/>Ashlyn s&rsquo;est rendue \u00e0 Paris, en France, en ao\u00fbt 2024, et s&rsquo;est class\u00e9e septi\u00e8me pour ses d\u00e9buts paralympiques, soit deux places au-dessus de son classement avant l&rsquo;\u00e9v\u00e9nement. <\/p>\n<p>\u00ab C&rsquo;\u00e9tait comme un r\u00eave \u00bb, raconte Ashlyn, \u00e0 propos de son exp\u00e9rience paralympique. \u00ab C\u2019\u00e9tait quelque chose qui me trottait dans la t\u00eate depuis mon enfance. \u00bb <\/p>\n<blockquote><p><span style=\"font-size: 24px;\"><strong><em>\u00ab Lorsque vous regardez quelqu&rsquo;un aux Jeux olympiques, vous vous dites : \u00ab\u00a0Wow, je veux \u00eatre exactement comme lui\u00a0\u00bb. Et puis, avoir la chance d&rsquo;\u00eatre cette personne et que les enfants se disent : \u00ab\u00a0Je veux \u00eatre comme elle\u00a0\u00bb, c&rsquo;est une sensation incroyable \u00bb.<\/em><\/strong><\/span><\/p><\/blockquote>\n<p>La prochaine \u00e9tape pour Ashlyn sera le Grand Prix WPA \u00e0 Duba\u00ef en 2025, suivi des Championnats WPA \u00e0 New Delhi, et, esp\u00e9rons-le, des Jeux paralympiques d&rsquo;\u00e9t\u00e9 \u00e0 Los Angeles en 2028. <\/p>\n<p>Et, bien entendu, tout en continuant \u00e0 vivre sa vie d&rsquo;\u00e9tudiante. <\/p>\n<p>Ashlyn \u00e9tudie les arts et les sciences \u00e0 l&rsquo;Universit\u00e9 de Saskatchewan, avec un int\u00e9r\u00eat particulier pour les neurosciences. Elle esp\u00e8re approfondir sa compr\u00e9hension de son exp\u00e9rience li\u00e9e \u00e0 la tumeur c\u00e9r\u00e9brale, en pr\u00e9cisant qu&rsquo;elle est la plus jeune des 14 personnes \u00e0 avoir re\u00e7u un diagnostic de tumeur <a href=\"https:\/\/www.braintumour.ca\/fr\/types_de_tumeurs_cerebrales\/ependymome\/\" target=\"_blank\" rel=\"noopener\">sub\u00e9pendymaire<\/a>, et qu&rsquo;elle est aussi celle qui a la meilleure vision parmi elles. <\/p>\n<p>\u00ab Il y a tellement de gens qui ne saisissent pas l&rsquo;ampleur de la neurologie \u00bb, confie-t-elle, \u00ab notamment comment cela peut affecter tous les aspects de votre vie. \u00bb<\/p>\n<p>\u00ab Notre cerveau est le centre n\u00e9vralgique de notre corps \u00bb, poursuit-elle. \u00ab J&rsquo;adorerais enseigner les fonctions cognitives et la psychologie qui leur est li\u00e9e. C&rsquo;est la voie vers laquelle j&rsquo;esp\u00e8re me diriger. \u00bb <\/p>\n<h5>Surveillance des sympt\u00f4mes<\/h5>\n<p><img loading=\"lazy\" decoding=\"async\" class=\"alignright wp-image-7538\" style=\"padding-top: 10px;\" src=\"https:\/\/www.braintumour.ca\/wp-content\/uploads\/2025\/01\/Ashlyn-Picture-3.jpg\" alt=\"Ashlyn Renneberg\" width=\"500\" height=\"700\" \/>Heureusement, l&rsquo;\u00e9tat de sant\u00e9 d&rsquo;Ashlyn est stable depuis sa deuxi\u00e8me op\u00e9ration. Elle a un kyste pin\u00e9al pr\u00e8s de son cervelet que les m\u00e9decins gardent \u00e0 l&rsquo;\u0153il, mais ses rendez-vous de suivi ont \u00e9t\u00e9 espac\u00e9s, passant de tous les trois, \u00e0 six mois, \u00e0 une fois par an. <\/p>\n<p>Elle doit encore rester attentive \u00e0 ses sympt\u00f4mes, en particulier \u00e0 ceux qui pourraient indiquer qu&rsquo;elle souffre \u00e0 nouveau d&rsquo;hydroc\u00e9phalie. Les m\u00e9decins l&rsquo;ont avertie que ses sympt\u00f4mes pourraient \u00eatre moins perceptibles en cas de r\u00e9cidive, comme une incapacit\u00e9 \u00e0 effectuer des mouvements oculaires, plut\u00f4t que les pupilles dilat\u00e9es observ\u00e9es auparavant.<\/p>\n<h5>Faire confiance au processus<\/h5>\n<p>Aux personnes qui vivent une situation similaire, Ashlyn conseille de faire confiance au processus.<\/p>\n<p>\u00ab Je pensais que ce qui m&rsquo;arrivait \u00e9tait la pire chose au monde \u00bb, raconte Ashlyn. \u00ab Je ne pensais pas vraiment qu&rsquo;un jour, ce serait juste un souvenir. \u00c7a fait presque sept ans que j&rsquo;ai re\u00e7u le diagnostic, et je suis tellement plus forte qu&rsquo;avant. \u00bb<\/p>\n<p>En repensant \u00e0 sa pers\u00e9v\u00e9rance et \u00e0 son cheminement, Ashlyn souligne : \u00ab Il s&rsquo;agit avant tout d&rsquo;avoir confiance en ce que l&rsquo;on peut accomplir. J&rsquo;esp\u00e8re que les gens me regarderont et se diront : \u00ab\u00a0Elle peut le faire. Je peux le faire aussi.\u00a0\u00bb \u00bb<\/p>\n","protected":false},"excerpt":{"rendered":"<p>Rares sont ceux qui peuvent affirmer avoir repr\u00e9sent\u00e9 leur pays sur la sc\u00e8ne internationale, l\u00e0 o\u00f9 ils ont pu d\u00e9montrer leurs performances athl\u00e9tiques exceptionnelles. Ou encore, qu&rsquo;ils ont r\u00e9alis\u00e9 cet exploit tout en \u00e9tant malvoyants, une s\u00e9quelle permanente d&rsquo;une tumeur c\u00e9r\u00e9brale qui a n\u00e9cessit\u00e9 deux interventions chirurgicales, tout en poursuivant des \u00e9tudes universitaires avec une attitude positive. <\/p>\n","protected":false},"author":4,"featured_media":12761,"comment_status":"closed","ping_status":"closed","sticky":false,"template":"","format":"standard","meta":{"_acf_changed":false,"footnotes":""},"categories":[148],"tags":[214],"user_type":[],"locations":[161],"class_list":["post-12763","post","type-post","status-publish","format-standard","has-post-thumbnail","hentry","category-temoignages","tag-brain-tumour-foundation-of-canada-fr","locations-canada-wide-fr"],"acf":[],"yoast_head":"<!-- This site is optimized with the Yoast SEO Premium plugin v27.0 (Yoast SEO v27.0) - https:\/\/yoast.com\/product\/yoast-seo-premium-wordpress\/ -->\n<title>Relever le d\u00e9fi - Fondation canadienne des tumeurs c\u00e9r\u00e9brales<\/title>\n<meta name=\"description\" content=\"Rares sont ceux qui peuvent affirmer avoir repr\u00e9sent\u00e9 leur pays sur la sc\u00e8ne internationale, l\u00e0 o\u00f9 ils ont pu d\u00e9montrer leurs performances athl\u00e9tiques exceptionnelles.\" \/>\n<meta name=\"robots\" content=\"index, follow, max-snippet:-1, max-image-preview:large, max-video-preview:-1\" \/>\n<link rel=\"canonical\" href=\"https:\/\/www.braintumour.ca\/fr\/temoignages\/relever-le-defi\/\" \/>\n<meta property=\"og:locale\" content=\"fr_CA\" \/>\n<meta property=\"og:type\" content=\"article\" \/>\n<meta property=\"og:title\" content=\"Relever le d\u00e9fi\" \/>\n<meta property=\"og:description\" content=\"Rares sont ceux qui peuvent affirmer avoir repr\u00e9sent\u00e9 leur pays sur la sc\u00e8ne internationale, l\u00e0 o\u00f9 ils ont pu d\u00e9montrer leurs performances athl\u00e9tiques exceptionnelles.\" \/>\n<meta property=\"og:url\" content=\"https:\/\/www.braintumour.ca\/fr\/temoignages\/relever-le-defi\/\" \/>\n<meta property=\"og:site_name\" content=\"Fondation canadienne des tumeurs c\u00e9r\u00e9brales\" \/>\n<meta property=\"article:published_time\" content=\"2025-01-15T16:56:01+00:00\" \/>\n<meta property=\"article:modified_time\" content=\"2025-01-15T17:01:56+00:00\" \/>\n<meta property=\"og:image\" content=\"https:\/\/www.braintumour.ca\/wp-content\/uploads\/2025\/01\/Ashlyn-Picture-4.jpeg\" \/>\n\t<meta property=\"og:image:width\" content=\"729\" \/>\n\t<meta property=\"og:image:height\" content=\"729\" \/>\n\t<meta property=\"og:image:type\" content=\"image\/jpeg\" \/>\n<meta name=\"author\" content=\"Matt Berry\" \/>\n<meta name=\"twitter:card\" content=\"summary_large_image\" \/>\n<meta name=\"twitter:label1\" content=\"\u00c9crit par\" \/>\n\t<meta name=\"twitter:data1\" content=\"Matt Berry\" \/>\n\t<meta name=\"twitter:label2\" content=\"Estimation du temps de lecture\" \/>\n\t<meta name=\"twitter:data2\" content=\"6 minutes\" \/>\n<script type=\"application\/ld+json\" class=\"yoast-schema-graph\">{\"@context\":\"https:\/\/schema.org\",\"@graph\":[{\"@type\":\"Article\",\"@id\":\"https:\/\/www.braintumour.ca\/fr\/temoignages\/relever-le-defi\/#article\",\"isPartOf\":{\"@id\":\"https:\/\/www.braintumour.ca\/fr\/temoignages\/relever-le-defi\/\"},\"author\":{\"name\":\"Matt Berry\",\"@id\":\"https:\/\/www.braintumour.ca\/fr\/#\/schema\/person\/7534b1b1d4da5d8e37af436b293eca3d\"},\"headline\":\"Relever le d\u00e9fi\",\"datePublished\":\"2025-01-15T16:56:01+00:00\",\"dateModified\":\"2025-01-15T17:01:56+00:00\",\"mainEntityOfPage\":{\"@id\":\"https:\/\/www.braintumour.ca\/fr\/temoignages\/relever-le-defi\/\"},\"wordCount\":1224,\"image\":{\"@id\":\"https:\/\/www.braintumour.ca\/fr\/temoignages\/relever-le-defi\/#primaryimage\"},\"thumbnailUrl\":\"https:\/\/www.braintumour.ca\/wp-content\/uploads\/2025\/01\/Ashlyn-Picture-4.jpeg\",\"keywords\":[\"brain tumour foundation of canada\"],\"articleSection\":[\"T\u00e9moignages\"],\"inLanguage\":\"fr-CA\"},{\"@type\":\"WebPage\",\"@id\":\"https:\/\/www.braintumour.ca\/fr\/temoignages\/relever-le-defi\/\",\"url\":\"https:\/\/www.braintumour.ca\/fr\/temoignages\/relever-le-defi\/\",\"name\":\"Relever le d\u00e9fi - Fondation canadienne des tumeurs c\u00e9r\u00e9brales\",\"isPartOf\":{\"@id\":\"https:\/\/www.braintumour.ca\/fr\/#website\"},\"primaryImageOfPage\":{\"@id\":\"https:\/\/www.braintumour.ca\/fr\/temoignages\/relever-le-defi\/#primaryimage\"},\"image\":{\"@id\":\"https:\/\/www.braintumour.ca\/fr\/temoignages\/relever-le-defi\/#primaryimage\"},\"thumbnailUrl\":\"https:\/\/www.braintumour.ca\/wp-content\/uploads\/2025\/01\/Ashlyn-Picture-4.jpeg\",\"datePublished\":\"2025-01-15T16:56:01+00:00\",\"dateModified\":\"2025-01-15T17:01:56+00:00\",\"author\":{\"@id\":\"https:\/\/www.braintumour.ca\/fr\/#\/schema\/person\/7534b1b1d4da5d8e37af436b293eca3d\"},\"description\":\"Rares sont ceux qui peuvent affirmer avoir repr\u00e9sent\u00e9 leur pays sur la sc\u00e8ne internationale, l\u00e0 o\u00f9 ils ont pu d\u00e9montrer leurs performances athl\u00e9tiques exceptionnelles.\",\"breadcrumb\":{\"@id\":\"https:\/\/www.braintumour.ca\/fr\/temoignages\/relever-le-defi\/#breadcrumb\"},\"inLanguage\":\"fr-CA\",\"potentialAction\":[{\"@type\":\"ReadAction\",\"target\":[\"https:\/\/www.braintumour.ca\/fr\/temoignages\/relever-le-defi\/\"]}]},{\"@type\":\"ImageObject\",\"inLanguage\":\"fr-CA\",\"@id\":\"https:\/\/www.braintumour.ca\/fr\/temoignages\/relever-le-defi\/#primaryimage\",\"url\":\"https:\/\/www.braintumour.ca\/wp-content\/uploads\/2025\/01\/Ashlyn-Picture-4.jpeg\",\"contentUrl\":\"https:\/\/www.braintumour.ca\/wp-content\/uploads\/2025\/01\/Ashlyn-Picture-4.jpeg\",\"width\":729,\"height\":729},{\"@type\":\"BreadcrumbList\",\"@id\":\"https:\/\/www.braintumour.ca\/fr\/temoignages\/relever-le-defi\/#breadcrumb\",\"itemListElement\":[{\"@type\":\"ListItem\",\"position\":1,\"name\":\"Home\",\"item\":\"https:\/\/www.braintumour.ca\/fr\/\"},{\"@type\":\"ListItem\",\"position\":2,\"name\":\"Relever le d\u00e9fi\"}]},{\"@type\":\"WebSite\",\"@id\":\"https:\/\/www.braintumour.ca\/fr\/#website\",\"url\":\"https:\/\/www.braintumour.ca\/fr\/\",\"name\":\"Fondation canadienne des tumeurs c\u00e9r\u00e9brales\",\"description\":\"Notre mission est de venir en aide \u00e0 toutes les personnes touch\u00e9es par une tumeur c\u00e9r\u00e9brale au Canada par le biais de nos programmes d\u2019information, de soutien, d\u2019\u00e9ducation et de recherche.\",\"potentialAction\":[{\"@type\":\"SearchAction\",\"target\":{\"@type\":\"EntryPoint\",\"urlTemplate\":\"https:\/\/www.braintumour.ca\/fr\/?s={search_term_string}\"},\"query-input\":{\"@type\":\"PropertyValueSpecification\",\"valueRequired\":true,\"valueName\":\"search_term_string\"}}],\"inLanguage\":\"fr-CA\"},{\"@type\":\"Person\",\"@id\":\"https:\/\/www.braintumour.ca\/fr\/#\/schema\/person\/7534b1b1d4da5d8e37af436b293eca3d\",\"name\":\"Matt Berry\",\"image\":{\"@type\":\"ImageObject\",\"inLanguage\":\"fr-CA\",\"@id\":\"https:\/\/www.braintumour.ca\/fr\/#\/schema\/person\/image\/\",\"url\":\"https:\/\/secure.gravatar.com\/avatar\/882da3b67056b0c608086d3c77de46948b64244a4c249e81e0bf04a8095ce320?s=96&d=mm&r=g\",\"contentUrl\":\"https:\/\/secure.gravatar.com\/avatar\/882da3b67056b0c608086d3c77de46948b64244a4c249e81e0bf04a8095ce320?s=96&d=mm&r=g\",\"caption\":\"Matt Berry\"}}]}<\/script>\n<!-- \/ Yoast SEO Premium plugin. -->","yoast_head_json":{"title":"Relever le d\u00e9fi - Fondation canadienne des tumeurs c\u00e9r\u00e9brales","description":"Rares sont ceux qui peuvent affirmer avoir repr\u00e9sent\u00e9 leur pays sur la sc\u00e8ne internationale, l\u00e0 o\u00f9 ils ont pu d\u00e9montrer leurs performances athl\u00e9tiques exceptionnelles.","robots":{"index":"index","follow":"follow","max-snippet":"max-snippet:-1","max-image-preview":"max-image-preview:large","max-video-preview":"max-video-preview:-1"},"canonical":"https:\/\/www.braintumour.ca\/fr\/temoignages\/relever-le-defi\/","og_locale":"fr_CA","og_type":"article","og_title":"Relever le d\u00e9fi","og_description":"Rares sont ceux qui peuvent affirmer avoir repr\u00e9sent\u00e9 leur pays sur la sc\u00e8ne internationale, l\u00e0 o\u00f9 ils ont pu d\u00e9montrer leurs performances athl\u00e9tiques exceptionnelles.","og_url":"https:\/\/www.braintumour.ca\/fr\/temoignages\/relever-le-defi\/","og_site_name":"Fondation canadienne des tumeurs c\u00e9r\u00e9brales","article_published_time":"2025-01-15T16:56:01+00:00","article_modified_time":"2025-01-15T17:01:56+00:00","og_image":[{"width":729,"height":729,"url":"https:\/\/www.braintumour.ca\/wp-content\/uploads\/2025\/01\/Ashlyn-Picture-4.jpeg","type":"image\/jpeg"}],"author":"Matt Berry","twitter_card":"summary_large_image","twitter_misc":{"\u00c9crit par":"Matt Berry","Estimation du temps de lecture":"6 minutes"},"schema":{"@context":"https:\/\/schema.org","@graph":[{"@type":"Article","@id":"https:\/\/www.braintumour.ca\/fr\/temoignages\/relever-le-defi\/#article","isPartOf":{"@id":"https:\/\/www.braintumour.ca\/fr\/temoignages\/relever-le-defi\/"},"author":{"name":"Matt Berry","@id":"https:\/\/www.braintumour.ca\/fr\/#\/schema\/person\/7534b1b1d4da5d8e37af436b293eca3d"},"headline":"Relever le d\u00e9fi","datePublished":"2025-01-15T16:56:01+00:00","dateModified":"2025-01-15T17:01:56+00:00","mainEntityOfPage":{"@id":"https:\/\/www.braintumour.ca\/fr\/temoignages\/relever-le-defi\/"},"wordCount":1224,"image":{"@id":"https:\/\/www.braintumour.ca\/fr\/temoignages\/relever-le-defi\/#primaryimage"},"thumbnailUrl":"https:\/\/www.braintumour.ca\/wp-content\/uploads\/2025\/01\/Ashlyn-Picture-4.jpeg","keywords":["brain tumour foundation of canada"],"articleSection":["T\u00e9moignages"],"inLanguage":"fr-CA"},{"@type":"WebPage","@id":"https:\/\/www.braintumour.ca\/fr\/temoignages\/relever-le-defi\/","url":"https:\/\/www.braintumour.ca\/fr\/temoignages\/relever-le-defi\/","name":"Relever le d\u00e9fi - Fondation canadienne des tumeurs c\u00e9r\u00e9brales","isPartOf":{"@id":"https:\/\/www.braintumour.ca\/fr\/#website"},"primaryImageOfPage":{"@id":"https:\/\/www.braintumour.ca\/fr\/temoignages\/relever-le-defi\/#primaryimage"},"image":{"@id":"https:\/\/www.braintumour.ca\/fr\/temoignages\/relever-le-defi\/#primaryimage"},"thumbnailUrl":"https:\/\/www.braintumour.ca\/wp-content\/uploads\/2025\/01\/Ashlyn-Picture-4.jpeg","datePublished":"2025-01-15T16:56:01+00:00","dateModified":"2025-01-15T17:01:56+00:00","author":{"@id":"https:\/\/www.braintumour.ca\/fr\/#\/schema\/person\/7534b1b1d4da5d8e37af436b293eca3d"},"description":"Rares sont ceux qui peuvent affirmer avoir repr\u00e9sent\u00e9 leur pays sur la sc\u00e8ne internationale, l\u00e0 o\u00f9 ils ont pu d\u00e9montrer leurs performances athl\u00e9tiques exceptionnelles.","breadcrumb":{"@id":"https:\/\/www.braintumour.ca\/fr\/temoignages\/relever-le-defi\/#breadcrumb"},"inLanguage":"fr-CA","potentialAction":[{"@type":"ReadAction","target":["https:\/\/www.braintumour.ca\/fr\/temoignages\/relever-le-defi\/"]}]},{"@type":"ImageObject","inLanguage":"fr-CA","@id":"https:\/\/www.braintumour.ca\/fr\/temoignages\/relever-le-defi\/#primaryimage","url":"https:\/\/www.braintumour.ca\/wp-content\/uploads\/2025\/01\/Ashlyn-Picture-4.jpeg","contentUrl":"https:\/\/www.braintumour.ca\/wp-content\/uploads\/2025\/01\/Ashlyn-Picture-4.jpeg","width":729,"height":729},{"@type":"BreadcrumbList","@id":"https:\/\/www.braintumour.ca\/fr\/temoignages\/relever-le-defi\/#breadcrumb","itemListElement":[{"@type":"ListItem","position":1,"name":"Home","item":"https:\/\/www.braintumour.ca\/fr\/"},{"@type":"ListItem","position":2,"name":"Relever le d\u00e9fi"}]},{"@type":"WebSite","@id":"https:\/\/www.braintumour.ca\/fr\/#website","url":"https:\/\/www.braintumour.ca\/fr\/","name":"Fondation canadienne des tumeurs c\u00e9r\u00e9brales","description":"Notre mission est de venir en aide \u00e0 toutes les personnes touch\u00e9es par une tumeur c\u00e9r\u00e9brale au Canada par le biais de nos programmes d\u2019information, de soutien, d\u2019\u00e9ducation et de recherche.","potentialAction":[{"@type":"SearchAction","target":{"@type":"EntryPoint","urlTemplate":"https:\/\/www.braintumour.ca\/fr\/?s={search_term_string}"},"query-input":{"@type":"PropertyValueSpecification","valueRequired":true,"valueName":"search_term_string"}}],"inLanguage":"fr-CA"},{"@type":"Person","@id":"https:\/\/www.braintumour.ca\/fr\/#\/schema\/person\/7534b1b1d4da5d8e37af436b293eca3d","name":"Matt Berry","image":{"@type":"ImageObject","inLanguage":"fr-CA","@id":"https:\/\/www.braintumour.ca\/fr\/#\/schema\/person\/image\/","url":"https:\/\/secure.gravatar.com\/avatar\/882da3b67056b0c608086d3c77de46948b64244a4c249e81e0bf04a8095ce320?s=96&d=mm&r=g","contentUrl":"https:\/\/secure.gravatar.com\/avatar\/882da3b67056b0c608086d3c77de46948b64244a4c249e81e0bf04a8095ce320?s=96&d=mm&r=g","caption":"Matt Berry"}}]}},"_links":{"self":[{"href":"https:\/\/www.braintumour.ca\/fr\/wp-json\/wp\/v2\/posts\/12763","targetHints":{"allow":["GET"]}}],"collection":[{"href":"https:\/\/www.braintumour.ca\/fr\/wp-json\/wp\/v2\/posts"}],"about":[{"href":"https:\/\/www.braintumour.ca\/fr\/wp-json\/wp\/v2\/types\/post"}],"author":[{"embeddable":true,"href":"https:\/\/www.braintumour.ca\/fr\/wp-json\/wp\/v2\/users\/4"}],"replies":[{"embeddable":true,"href":"https:\/\/www.braintumour.ca\/fr\/wp-json\/wp\/v2\/comments?post=12763"}],"version-history":[{"count":0,"href":"https:\/\/www.braintumour.ca\/fr\/wp-json\/wp\/v2\/posts\/12763\/revisions"}],"wp:featuredmedia":[{"embeddable":true,"href":"https:\/\/www.braintumour.ca\/fr\/wp-json\/wp\/v2\/media\/12761"}],"wp:attachment":[{"href":"https:\/\/www.braintumour.ca\/fr\/wp-json\/wp\/v2\/media?parent=12763"}],"wp:term":[{"taxonomy":"category","embeddable":true,"href":"https:\/\/www.braintumour.ca\/fr\/wp-json\/wp\/v2\/categories?post=12763"},{"taxonomy":"post_tag","embeddable":true,"href":"https:\/\/www.braintumour.ca\/fr\/wp-json\/wp\/v2\/tags?post=12763"},{"taxonomy":"user_type","embeddable":true,"href":"https:\/\/www.braintumour.ca\/fr\/wp-json\/wp\/v2\/user_type?post=12763"},{"taxonomy":"locations","embeddable":true,"href":"https:\/\/www.braintumour.ca\/fr\/wp-json\/wp\/v2\/locations?post=12763"}],"curies":[{"name":"wp","href":"https:\/\/api.w.org\/{rel}","templated":true}]}}