{"id":12836,"date":"2025-01-28T10:24:02","date_gmt":"2025-01-28T15:24:02","guid":{"rendered":"https:\/\/www.braintumour.ca\/non-classifiee\/united-by-the-numbers-the-2025-brain-tumour-walk\/"},"modified":"2025-01-28T10:34:33","modified_gmt":"2025-01-28T15:34:33","slug":"united-by-the-numbers-the-2025-brain-tumour-walk","status":"publish","type":"post","link":"https:\/\/www.braintumour.ca\/fr\/blogue\/united-by-the-numbers-the-2025-brain-tumour-walk\/","title":{"rendered":"Unis par les chiffres: Marche des tumeurs c\u00e9r\u00e9brales 2025"},"content":{"rendered":"<p>La Fondation canadienne des tumeurs c\u00e9r\u00e9brales est ravie d\u2019annoncer le lancement de la Marche des tumeurs c\u00e9r\u00e9brales 2025 ! Cette ann\u00e9e, nous adoptons le th\u00e8me \u00ab Unis par les chiffres \u00bb, mettant en lumi\u00e8re le pouvoir de l\u2019action collective\u2014car ensemble, nous pouvons accomplir des choses incroyables. Chaque pas, chaque histoire et chaque participant joue un r\u00f4le essentiel pour soutenir les 27 Canadiens qui, chaque jour, re\u00e7oivent un diagnostic de tumeur c\u00e9r\u00e9brale. <\/p>\n<p>Avec des options adapt\u00e9es \u00e0 tous, la Marche des tumeurs c\u00e9r\u00e9brales 2025 propose diff\u00e9rentes fa\u00e7ons de s\u2019engager : <\/p>\n<p><img loading=\"lazy\" decoding=\"async\" class=\"alignright size-thumbnail wp-image-9016\" src=\"https:\/\/www.braintumour.ca\/wp-content\/uploads\/2025\/01\/4.png\" alt=\"\" width=\"400\" height=\"400\" style=\"padding-top: 30px;\"\/><\/p>\n<ol>\n<li><strong>Marches phares<\/strong>: Rejoignez l\u2019un de nos six \u00e9v\u00e9nements phares organis\u00e9s \u00e0 Calgary, Edmonton, Winnipeg, London, Toronto et Ottawa. Ces marches en personne, dirig\u00e9es par la Fondation canadienne des tumeurs c\u00e9r\u00e9brales, rassembleront les communaut\u00e9s pour une journ\u00e9e inoubliable d\u2019unit\u00e9, d\u2019espoir et de soutien. Ces villes ont \u00e9t\u00e9 choisies pour leur forte participation et leur engagement communautaire. Nous avons h\u00e2te de revivre cette \u00e9nergie et cette passion avec vous ! <\/li>\n<li><strong>\u00c9v\u00e9nements communautaires commandit\u00e9s<\/strong>: Si vous n\u2019\u00eates pas situ\u00e9 pr\u00e8s d\u2019une ville phare, pourquoi ne pas amener la Marche dans votre communaut\u00e9 ? Nos \u00e9v\u00e9nements communautaires commandit\u00e9s permettent aux champions locaux d\u2019organiser leurs propres marches, avec un soutien logistique et jusqu\u2019\u00e0 500 $ en commandites pour les co\u00fbts li\u00e9s \u00e0 l\u2019\u00e9v\u00e9nement. C\u2019est une occasion unique de mobiliser votre communaut\u00e9 et de faire une diff\u00e9rence ensemble !  <\/li>\n<li><strong>Marche personnalis\u00e9e<\/strong>: Vous souhaitez marcher \u00e0 votre rythme, seul ou avec un petit groupe ? Cette option flexible vous permet de montrer votre soutien \u00e0 votre mani\u00e8re. Que ce soit une balade dans votre quartier ou une randonn\u00e9e dans un parc que vous aimez, chaque pas compte pour la communaut\u00e9 des tumeurs c\u00e9r\u00e9brales.  <\/li>\n<\/ol>\n<p><strong>Pourquoi marcher? <\/strong><\/p>\n<p>La Marche des tumeurs c\u00e9r\u00e9brales va bien au-del\u00e0 d\u2019une simple collecte de fonds\u2014c\u2019est un mouvement collectif. En participant, vous aidez \u00e0 sensibiliser le public et \u00e0 financer des initiatives essentielles telles que la recherche, les programmes de soutien et la d\u00e9fense des droits des patients pour les personnes atteintes de tumeurs c\u00e9r\u00e9brales et leurs familles.  <\/p>\n<p><strong>D\u00e9marrez maintenant! <\/strong><\/p>\n<p>Visitez <a href=\"https:\/\/btfc.akaraisin.com\/ui\/BTW2025FR\" target=\"_blank\" rel=\"noopener\">MarcheTumeursCerebrales.ca<\/a> pour commencer d\u00e8s maintenant ! Ensemble, faisons un pas de plus vers un avenir plus lumineux pour toutes les personnes touch\u00e9es par les tumeurs c\u00e9r\u00e9brales.    <\/p>\n<p style=\"text-align: left;\"><a class=\"button\" href=\"https:\/\/btfc.akaraisin.com\/ui\/BTW2025\" target=\"_blank\" rel=\"noopener\">Inscrivez-vous<\/a><\/p>\n<p>&nbsp;<br \/>\n<!-- Place \n\n<div> tag where you want the feed to appear --><\/p>\n<div id=\"curator-feed-default-feed-layout\"><a href=\"https:\/\/curator.io\" target=\"_blank\" class=\"crt-logo crt-tag\" rel=\"noopener\">Powered by Curator.io<\/a><\/div>\n<p><!-- The Javascript can be moved to the end of the html page before the <\/body> tag --><br \/>\n<script type=\"text\/javascript\">\n\/* curator-feed-default-feed-layout *\/\n(function(){\nvar i,e,d=document,s=\"script\";i=d.createElement(\"script\");i.async=1;i.charset=\"UTF-8\";\ni.src=\"https:\/\/cdn.curator.io\/published\/c776b4a1-2927-4ef7-b51e-1335bb148eda.js\";\ne=d.getElementsByTagName(s)[0];e.parentNode.insertBefore(i, e);\n})();\n<\/script><\/p>\n","protected":false},"excerpt":{"rendered":"<p>La Fondation canadienne des tumeurs c\u00e9r\u00e9brales est ravie d\u2019annoncer le lancement de la Marche des tumeurs c\u00e9r\u00e9brales 2025 ! Cette ann\u00e9e, nous adoptons le th\u00e8me \u00ab Unis par les chiffres \u00bb, mettant en lumi\u00e8re le pouvoir de l\u2019action collective\u2014car ensemble, nous pouvons accomplir des choses incroyables.<\/p>\n","protected":false},"author":4,"featured_media":12834,"comment_status":"closed","ping_status":"closed","sticky":false,"template":"","format":"standard","meta":{"_acf_changed":false,"footnotes":""},"categories":[138],"tags":[214],"user_type":[],"locations":[161],"class_list":["post-12836","post","type-post","status-publish","format-standard","has-post-thumbnail","hentry","category-blogue","tag-brain-tumour-foundation-of-canada-fr","locations-canada-wide-fr"],"acf":[],"yoast_head":"<!-- This site is optimized with the Yoast SEO Premium plugin v27.0 (Yoast SEO v27.0) - https:\/\/yoast.com\/product\/yoast-seo-premium-wordpress\/ -->\n<title>Unis par les chiffres: Marche des tumeurs c\u00e9r\u00e9brales 2025<\/title>\n<meta name=\"description\" content=\"La Fondation canadienne des tumeurs c\u00e9r\u00e9brales est ravie d\u2019annoncer le lancement de la Marche des tumeurs c\u00e9r\u00e9brales 2025 ! Cette ann\u00e9e, nous adoptons le th\u00e8me \u00ab Unis par les chiffres \u00bb, mettant en lumi\u00e8re le pouvoir de l\u2019action collective\u2014car ensemble, nous pouvons accomplir des choses incroyables.\" \/>\n<meta name=\"robots\" content=\"index, follow, max-snippet:-1, max-image-preview:large, max-video-preview:-1\" \/>\n<link rel=\"canonical\" href=\"https:\/\/www.braintumour.ca\/fr\/blogue\/united-by-the-numbers-the-2025-brain-tumour-walk\/\" \/>\n<meta property=\"og:locale\" content=\"fr_CA\" \/>\n<meta property=\"og:type\" content=\"article\" \/>\n<meta property=\"og:title\" content=\"Unis par les chiffres: Marche des tumeurs c\u00e9r\u00e9brales 2025\" \/>\n<meta property=\"og:description\" content=\"La Fondation canadienne des tumeurs c\u00e9r\u00e9brales est ravie d\u2019annoncer le lancement de la Marche des tumeurs c\u00e9r\u00e9brales 2025 ! Cette ann\u00e9e, nous adoptons le th\u00e8me \u00ab Unis par les chiffres \u00bb, mettant en lumi\u00e8re le pouvoir de l\u2019action collective\u2014car ensemble, nous pouvons accomplir des choses incroyables.\" \/>\n<meta property=\"og:url\" content=\"https:\/\/www.braintumour.ca\/fr\/blogue\/united-by-the-numbers-the-2025-brain-tumour-walk\/\" \/>\n<meta property=\"og:site_name\" content=\"Fondation canadienne des tumeurs c\u00e9r\u00e9brales\" \/>\n<meta property=\"article:published_time\" content=\"2025-01-28T15:24:02+00:00\" \/>\n<meta property=\"article:modified_time\" content=\"2025-01-28T15:34:33+00:00\" \/>\n<meta property=\"og:image\" content=\"https:\/\/www.braintumour.ca\/wp-content\/uploads\/2025\/01\/2025-Brain-Tumour-Walk-General-IG.png\" \/>\n\t<meta property=\"og:image:width\" content=\"1080\" \/>\n\t<meta property=\"og:image:height\" content=\"1080\" \/>\n\t<meta property=\"og:image:type\" content=\"image\/png\" \/>\n<meta name=\"author\" content=\"Matt Berry\" \/>\n<meta name=\"twitter:card\" content=\"summary_large_image\" \/>\n<meta name=\"twitter:label1\" content=\"\u00c9crit par\" \/>\n\t<meta name=\"twitter:data1\" content=\"Matt Berry\" \/>\n\t<meta name=\"twitter:label2\" content=\"Estimation du temps de lecture\" \/>\n\t<meta name=\"twitter:data2\" content=\"2 minutes\" \/>\n<script type=\"application\/ld+json\" class=\"yoast-schema-graph\">{\"@context\":\"https:\/\/schema.org\",\"@graph\":[{\"@type\":\"Article\",\"@id\":\"https:\/\/www.braintumour.ca\/fr\/blogue\/united-by-the-numbers-the-2025-brain-tumour-walk\/#article\",\"isPartOf\":{\"@id\":\"https:\/\/www.braintumour.ca\/fr\/blogue\/united-by-the-numbers-the-2025-brain-tumour-walk\/\"},\"author\":{\"name\":\"Matt Berry\",\"@id\":\"https:\/\/www.braintumour.ca\/fr\/#\/schema\/person\/7534b1b1d4da5d8e37af436b293eca3d\"},\"headline\":\"Unis par les chiffres: Marche des tumeurs c\u00e9r\u00e9brales 2025\",\"datePublished\":\"2025-01-28T15:24:02+00:00\",\"dateModified\":\"2025-01-28T15:34:33+00:00\",\"mainEntityOfPage\":{\"@id\":\"https:\/\/www.braintumour.ca\/fr\/blogue\/united-by-the-numbers-the-2025-brain-tumour-walk\/\"},\"wordCount\":420,\"image\":{\"@id\":\"https:\/\/www.braintumour.ca\/fr\/blogue\/united-by-the-numbers-the-2025-brain-tumour-walk\/#primaryimage\"},\"thumbnailUrl\":\"https:\/\/www.braintumour.ca\/wp-content\/uploads\/2025\/01\/2025-Brain-Tumour-Walk-General-IG.png\",\"keywords\":[\"brain tumour foundation of canada\"],\"articleSection\":[\"Nouvelles\"],\"inLanguage\":\"fr-CA\"},{\"@type\":\"WebPage\",\"@id\":\"https:\/\/www.braintumour.ca\/fr\/blogue\/united-by-the-numbers-the-2025-brain-tumour-walk\/\",\"url\":\"https:\/\/www.braintumour.ca\/fr\/blogue\/united-by-the-numbers-the-2025-brain-tumour-walk\/\",\"name\":\"Unis par les chiffres: Marche des tumeurs c\u00e9r\u00e9brales 2025\",\"isPartOf\":{\"@id\":\"https:\/\/www.braintumour.ca\/fr\/#website\"},\"primaryImageOfPage\":{\"@id\":\"https:\/\/www.braintumour.ca\/fr\/blogue\/united-by-the-numbers-the-2025-brain-tumour-walk\/#primaryimage\"},\"image\":{\"@id\":\"https:\/\/www.braintumour.ca\/fr\/blogue\/united-by-the-numbers-the-2025-brain-tumour-walk\/#primaryimage\"},\"thumbnailUrl\":\"https:\/\/www.braintumour.ca\/wp-content\/uploads\/2025\/01\/2025-Brain-Tumour-Walk-General-IG.png\",\"datePublished\":\"2025-01-28T15:24:02+00:00\",\"dateModified\":\"2025-01-28T15:34:33+00:00\",\"author\":{\"@id\":\"https:\/\/www.braintumour.ca\/fr\/#\/schema\/person\/7534b1b1d4da5d8e37af436b293eca3d\"},\"description\":\"La Fondation canadienne des tumeurs c\u00e9r\u00e9brales est ravie d\u2019annoncer le lancement de la Marche des tumeurs c\u00e9r\u00e9brales 2025 ! Cette ann\u00e9e, nous adoptons le th\u00e8me \u00ab Unis par les chiffres \u00bb, mettant en lumi\u00e8re le pouvoir de l\u2019action collective\u2014car ensemble, nous pouvons accomplir des choses incroyables.\",\"breadcrumb\":{\"@id\":\"https:\/\/www.braintumour.ca\/fr\/blogue\/united-by-the-numbers-the-2025-brain-tumour-walk\/#breadcrumb\"},\"inLanguage\":\"fr-CA\",\"potentialAction\":[{\"@type\":\"ReadAction\",\"target\":[\"https:\/\/www.braintumour.ca\/fr\/blogue\/united-by-the-numbers-the-2025-brain-tumour-walk\/\"]}]},{\"@type\":\"ImageObject\",\"inLanguage\":\"fr-CA\",\"@id\":\"https:\/\/www.braintumour.ca\/fr\/blogue\/united-by-the-numbers-the-2025-brain-tumour-walk\/#primaryimage\",\"url\":\"https:\/\/www.braintumour.ca\/wp-content\/uploads\/2025\/01\/2025-Brain-Tumour-Walk-General-IG.png\",\"contentUrl\":\"https:\/\/www.braintumour.ca\/wp-content\/uploads\/2025\/01\/2025-Brain-Tumour-Walk-General-IG.png\",\"width\":1080,\"height\":1080},{\"@type\":\"BreadcrumbList\",\"@id\":\"https:\/\/www.braintumour.ca\/fr\/blogue\/united-by-the-numbers-the-2025-brain-tumour-walk\/#breadcrumb\",\"itemListElement\":[{\"@type\":\"ListItem\",\"position\":1,\"name\":\"Home\",\"item\":\"https:\/\/www.braintumour.ca\/fr\/\"},{\"@type\":\"ListItem\",\"position\":2,\"name\":\"Unis par les chiffres: Marche des tumeurs c\u00e9r\u00e9brales 2025\"}]},{\"@type\":\"WebSite\",\"@id\":\"https:\/\/www.braintumour.ca\/fr\/#website\",\"url\":\"https:\/\/www.braintumour.ca\/fr\/\",\"name\":\"Fondation canadienne des tumeurs c\u00e9r\u00e9brales\",\"description\":\"Notre mission est de venir en aide \u00e0 toutes les personnes touch\u00e9es par une tumeur c\u00e9r\u00e9brale au Canada par le biais de nos programmes d\u2019information, de soutien, d\u2019\u00e9ducation et de recherche.\",\"potentialAction\":[{\"@type\":\"SearchAction\",\"target\":{\"@type\":\"EntryPoint\",\"urlTemplate\":\"https:\/\/www.braintumour.ca\/fr\/?s={search_term_string}\"},\"query-input\":{\"@type\":\"PropertyValueSpecification\",\"valueRequired\":true,\"valueName\":\"search_term_string\"}}],\"inLanguage\":\"fr-CA\"},{\"@type\":\"Person\",\"@id\":\"https:\/\/www.braintumour.ca\/fr\/#\/schema\/person\/7534b1b1d4da5d8e37af436b293eca3d\",\"name\":\"Matt Berry\",\"image\":{\"@type\":\"ImageObject\",\"inLanguage\":\"fr-CA\",\"@id\":\"https:\/\/www.braintumour.ca\/fr\/#\/schema\/person\/image\/\",\"url\":\"https:\/\/secure.gravatar.com\/avatar\/882da3b67056b0c608086d3c77de46948b64244a4c249e81e0bf04a8095ce320?s=96&d=mm&r=g\",\"contentUrl\":\"https:\/\/secure.gravatar.com\/avatar\/882da3b67056b0c608086d3c77de46948b64244a4c249e81e0bf04a8095ce320?s=96&d=mm&r=g\",\"caption\":\"Matt Berry\"}}]}<\/script>\n<!-- \/ Yoast SEO Premium plugin. -->","yoast_head_json":{"title":"Unis par les chiffres: Marche des tumeurs c\u00e9r\u00e9brales 2025","description":"La Fondation canadienne des tumeurs c\u00e9r\u00e9brales est ravie d\u2019annoncer le lancement de la Marche des tumeurs c\u00e9r\u00e9brales 2025 ! Cette ann\u00e9e, nous adoptons le th\u00e8me \u00ab Unis par les chiffres \u00bb, mettant en lumi\u00e8re le pouvoir de l\u2019action collective\u2014car ensemble, nous pouvons accomplir des choses incroyables.","robots":{"index":"index","follow":"follow","max-snippet":"max-snippet:-1","max-image-preview":"max-image-preview:large","max-video-preview":"max-video-preview:-1"},"canonical":"https:\/\/www.braintumour.ca\/fr\/blogue\/united-by-the-numbers-the-2025-brain-tumour-walk\/","og_locale":"fr_CA","og_type":"article","og_title":"Unis par les chiffres: Marche des tumeurs c\u00e9r\u00e9brales 2025","og_description":"La Fondation canadienne des tumeurs c\u00e9r\u00e9brales est ravie d\u2019annoncer le lancement de la Marche des tumeurs c\u00e9r\u00e9brales 2025 ! Cette ann\u00e9e, nous adoptons le th\u00e8me \u00ab Unis par les chiffres \u00bb, mettant en lumi\u00e8re le pouvoir de l\u2019action collective\u2014car ensemble, nous pouvons accomplir des choses incroyables.","og_url":"https:\/\/www.braintumour.ca\/fr\/blogue\/united-by-the-numbers-the-2025-brain-tumour-walk\/","og_site_name":"Fondation canadienne des tumeurs c\u00e9r\u00e9brales","article_published_time":"2025-01-28T15:24:02+00:00","article_modified_time":"2025-01-28T15:34:33+00:00","og_image":[{"width":1080,"height":1080,"url":"https:\/\/www.braintumour.ca\/wp-content\/uploads\/2025\/01\/2025-Brain-Tumour-Walk-General-IG.png","type":"image\/png"}],"author":"Matt Berry","twitter_card":"summary_large_image","twitter_misc":{"\u00c9crit par":"Matt Berry","Estimation du temps de lecture":"2 minutes"},"schema":{"@context":"https:\/\/schema.org","@graph":[{"@type":"Article","@id":"https:\/\/www.braintumour.ca\/fr\/blogue\/united-by-the-numbers-the-2025-brain-tumour-walk\/#article","isPartOf":{"@id":"https:\/\/www.braintumour.ca\/fr\/blogue\/united-by-the-numbers-the-2025-brain-tumour-walk\/"},"author":{"name":"Matt Berry","@id":"https:\/\/www.braintumour.ca\/fr\/#\/schema\/person\/7534b1b1d4da5d8e37af436b293eca3d"},"headline":"Unis par les chiffres: Marche des tumeurs c\u00e9r\u00e9brales 2025","datePublished":"2025-01-28T15:24:02+00:00","dateModified":"2025-01-28T15:34:33+00:00","mainEntityOfPage":{"@id":"https:\/\/www.braintumour.ca\/fr\/blogue\/united-by-the-numbers-the-2025-brain-tumour-walk\/"},"wordCount":420,"image":{"@id":"https:\/\/www.braintumour.ca\/fr\/blogue\/united-by-the-numbers-the-2025-brain-tumour-walk\/#primaryimage"},"thumbnailUrl":"https:\/\/www.braintumour.ca\/wp-content\/uploads\/2025\/01\/2025-Brain-Tumour-Walk-General-IG.png","keywords":["brain tumour foundation of canada"],"articleSection":["Nouvelles"],"inLanguage":"fr-CA"},{"@type":"WebPage","@id":"https:\/\/www.braintumour.ca\/fr\/blogue\/united-by-the-numbers-the-2025-brain-tumour-walk\/","url":"https:\/\/www.braintumour.ca\/fr\/blogue\/united-by-the-numbers-the-2025-brain-tumour-walk\/","name":"Unis par les chiffres: Marche des tumeurs c\u00e9r\u00e9brales 2025","isPartOf":{"@id":"https:\/\/www.braintumour.ca\/fr\/#website"},"primaryImageOfPage":{"@id":"https:\/\/www.braintumour.ca\/fr\/blogue\/united-by-the-numbers-the-2025-brain-tumour-walk\/#primaryimage"},"image":{"@id":"https:\/\/www.braintumour.ca\/fr\/blogue\/united-by-the-numbers-the-2025-brain-tumour-walk\/#primaryimage"},"thumbnailUrl":"https:\/\/www.braintumour.ca\/wp-content\/uploads\/2025\/01\/2025-Brain-Tumour-Walk-General-IG.png","datePublished":"2025-01-28T15:24:02+00:00","dateModified":"2025-01-28T15:34:33+00:00","author":{"@id":"https:\/\/www.braintumour.ca\/fr\/#\/schema\/person\/7534b1b1d4da5d8e37af436b293eca3d"},"description":"La Fondation canadienne des tumeurs c\u00e9r\u00e9brales est ravie d\u2019annoncer le lancement de la Marche des tumeurs c\u00e9r\u00e9brales 2025 ! Cette ann\u00e9e, nous adoptons le th\u00e8me \u00ab Unis par les chiffres \u00bb, mettant en lumi\u00e8re le pouvoir de l\u2019action collective\u2014car ensemble, nous pouvons accomplir des choses incroyables.","breadcrumb":{"@id":"https:\/\/www.braintumour.ca\/fr\/blogue\/united-by-the-numbers-the-2025-brain-tumour-walk\/#breadcrumb"},"inLanguage":"fr-CA","potentialAction":[{"@type":"ReadAction","target":["https:\/\/www.braintumour.ca\/fr\/blogue\/united-by-the-numbers-the-2025-brain-tumour-walk\/"]}]},{"@type":"ImageObject","inLanguage":"fr-CA","@id":"https:\/\/www.braintumour.ca\/fr\/blogue\/united-by-the-numbers-the-2025-brain-tumour-walk\/#primaryimage","url":"https:\/\/www.braintumour.ca\/wp-content\/uploads\/2025\/01\/2025-Brain-Tumour-Walk-General-IG.png","contentUrl":"https:\/\/www.braintumour.ca\/wp-content\/uploads\/2025\/01\/2025-Brain-Tumour-Walk-General-IG.png","width":1080,"height":1080},{"@type":"BreadcrumbList","@id":"https:\/\/www.braintumour.ca\/fr\/blogue\/united-by-the-numbers-the-2025-brain-tumour-walk\/#breadcrumb","itemListElement":[{"@type":"ListItem","position":1,"name":"Home","item":"https:\/\/www.braintumour.ca\/fr\/"},{"@type":"ListItem","position":2,"name":"Unis par les chiffres: Marche des tumeurs c\u00e9r\u00e9brales 2025"}]},{"@type":"WebSite","@id":"https:\/\/www.braintumour.ca\/fr\/#website","url":"https:\/\/www.braintumour.ca\/fr\/","name":"Fondation canadienne des tumeurs c\u00e9r\u00e9brales","description":"Notre mission est de venir en aide \u00e0 toutes les personnes touch\u00e9es par une tumeur c\u00e9r\u00e9brale au Canada par le biais de nos programmes d\u2019information, de soutien, d\u2019\u00e9ducation et de recherche.","potentialAction":[{"@type":"SearchAction","target":{"@type":"EntryPoint","urlTemplate":"https:\/\/www.braintumour.ca\/fr\/?s={search_term_string}"},"query-input":{"@type":"PropertyValueSpecification","valueRequired":true,"valueName":"search_term_string"}}],"inLanguage":"fr-CA"},{"@type":"Person","@id":"https:\/\/www.braintumour.ca\/fr\/#\/schema\/person\/7534b1b1d4da5d8e37af436b293eca3d","name":"Matt Berry","image":{"@type":"ImageObject","inLanguage":"fr-CA","@id":"https:\/\/www.braintumour.ca\/fr\/#\/schema\/person\/image\/","url":"https:\/\/secure.gravatar.com\/avatar\/882da3b67056b0c608086d3c77de46948b64244a4c249e81e0bf04a8095ce320?s=96&d=mm&r=g","contentUrl":"https:\/\/secure.gravatar.com\/avatar\/882da3b67056b0c608086d3c77de46948b64244a4c249e81e0bf04a8095ce320?s=96&d=mm&r=g","caption":"Matt Berry"}}]}},"_links":{"self":[{"href":"https:\/\/www.braintumour.ca\/fr\/wp-json\/wp\/v2\/posts\/12836","targetHints":{"allow":["GET"]}}],"collection":[{"href":"https:\/\/www.braintumour.ca\/fr\/wp-json\/wp\/v2\/posts"}],"about":[{"href":"https:\/\/www.braintumour.ca\/fr\/wp-json\/wp\/v2\/types\/post"}],"author":[{"embeddable":true,"href":"https:\/\/www.braintumour.ca\/fr\/wp-json\/wp\/v2\/users\/4"}],"replies":[{"embeddable":true,"href":"https:\/\/www.braintumour.ca\/fr\/wp-json\/wp\/v2\/comments?post=12836"}],"version-history":[{"count":0,"href":"https:\/\/www.braintumour.ca\/fr\/wp-json\/wp\/v2\/posts\/12836\/revisions"}],"wp:featuredmedia":[{"embeddable":true,"href":"https:\/\/www.braintumour.ca\/fr\/wp-json\/wp\/v2\/media\/12834"}],"wp:attachment":[{"href":"https:\/\/www.braintumour.ca\/fr\/wp-json\/wp\/v2\/media?parent=12836"}],"wp:term":[{"taxonomy":"category","embeddable":true,"href":"https:\/\/www.braintumour.ca\/fr\/wp-json\/wp\/v2\/categories?post=12836"},{"taxonomy":"post_tag","embeddable":true,"href":"https:\/\/www.braintumour.ca\/fr\/wp-json\/wp\/v2\/tags?post=12836"},{"taxonomy":"user_type","embeddable":true,"href":"https:\/\/www.braintumour.ca\/fr\/wp-json\/wp\/v2\/user_type?post=12836"},{"taxonomy":"locations","embeddable":true,"href":"https:\/\/www.braintumour.ca\/fr\/wp-json\/wp\/v2\/locations?post=12836"}],"curies":[{"name":"wp","href":"https:\/\/api.w.org\/{rel}","templated":true}]}}