{"id":13030,"date":"2025-03-14T14:05:42","date_gmt":"2025-03-14T18:05:42","guid":{"rendered":"https:\/\/www.braintumour.ca\/?p=13030"},"modified":"2025-04-24T11:57:12","modified_gmt":"2025-04-24T15:57:12","slug":"celebrons-les-benevoles-de-distinction-impliques-dans-la-communaute-des-tumeurs-cerebrales","status":"publish","type":"post","link":"https:\/\/www.braintumour.ca\/fr\/blogue\/celebrons-les-benevoles-de-distinction-impliques-dans-la-communaute-des-tumeurs-cerebrales\/","title":{"rendered":"C\u00e9l\u00e9brons les b\u00e9n\u00e9voles de distinction impliqu\u00e9s dans la communaut\u00e9 des tumeurs c\u00e9r\u00e9brales"},"content":{"rendered":"<p>Chaque ann\u00e9e, nous reconnaissons et c\u00e9l\u00e9brons les contributions remarquables des b\u00e9n\u00e9voles qui consacrent leur temps, leur \u00e9nergie et leur passion pour am\u00e9liorer la vie des personnes touch\u00e9es par une tumeur c\u00e9r\u00e9brale. Nos <strong>Prix de reconnaissance pour nos b\u00e9n\u00e9voles<\/strong> rendent hommage aux individus et aux \u00e9quipes qui vont au-del\u00e0 des attentes en faisant preuve d\u2019un leadership exceptionnel, d\u2019un engagement ind\u00e9fectible et d\u2019une forte implication en mati\u00e8re de d\u00e9fense des droits des patients. <\/p>\n<p>Les b\u00e9n\u00e9voles jouent un r\u00f4le essentiel dans le soutien \u00e0 la communaut\u00e9 des tumeurs c\u00e9r\u00e9brales. Les animateurs et organisateurs de groupes de soutien offrent un espace s\u00e9curisant aux patients et aux aidants. Les b\u00e9n\u00e9voles GOcervo apportent joie et r\u00e9confort aux enfants et \u00e0 leurs familles. Les membres du comit\u00e9 organisateur de la Marche des tumeurs c\u00e9r\u00e9brales consacrent leur temps \u00e0 la planification et \u00e0 la mise en \u0153uvre d\u2019\u00e9v\u00e9nements \u00e0 la fois ludiques et porteurs de sens. <\/p>\n<p>De plus, de nombreux b\u00e9n\u00e9voles contribuent par le biais de la sensibilisation, de la d\u00e9fense des droits ou de la collecte de fonds, veillant \u00e0 ce que les personnes touch\u00e9es par une tumeur c\u00e9r\u00e9brale aient acc\u00e8s aux ressources et au soutien dont elles ont besoin. Chaque b\u00e9n\u00e9vole fait une r\u00e9elle diff\u00e9rence dans la vie des personnes qu\u2019il accompagne. <\/p>\n<p>Cette ann\u00e9e, nos prix se d\u00e9clinent en quatre cat\u00e9gories distinctes : <\/p>\n<ol>\n<li><strong>Prix b\u00e9n\u00e9vole de distinction<\/strong>: Ces prix r\u00e9compensent les b\u00e9n\u00e9voles qui vont au-del\u00e0 des attentes dans leur engagement, faisant preuve d\u2019un leadership exceptionnel, d\u2019un d\u00e9vouement remarquable et d\u2019un fort engagement en faveur des personnes touch\u00e9es par une tumeur c\u00e9r\u00e9brale. Cette ann\u00e9e, nos Prix des b\u00e9n\u00e9voles d\u2019exception sont divis\u00e9s en quatre cat\u00e9gories : Prix pionnier, Prix de la d\u00e9fense des droits des patients, Prix d\u2019\u00e9quipe et Prix engagement et h\u00e9ritage. Chaque prix met en lumi\u00e8re une contribution unique et significative. <em>*Veuillez noter que les candidats aux Prix b\u00e9n\u00e9voles de distinction doivent \u00eatre des b\u00e9n\u00e9voles actuels ou pass\u00e9s inscrits aupr\u00e8s de la Fondation canadienne des tumeurs c\u00e9r\u00e9brales<\/em><\/strong>.<\/li>\n<li><strong>Prix David Kelly pour l\u2019impact communautaire<\/strong>: Ce prix rend hommage \u00e0 un individu ou une \u00e9quipe ayant apport\u00e9 une contribution b\u00e9n\u00e9vole exceptionnelle \u00e0 leur communaut\u00e9.<\/li>\n<li><strong>Prix du professionnel de la sant\u00e9<\/strong>: Ce prix reconna\u00eet un professionnel de la sant\u00e9 exceptionnel ayant fait preuve d\u2019un engagement, d\u2019une compassion et d\u2019un d\u00e9vouement remarquables pour am\u00e9liorer la vie des personnes touch\u00e9es par une tumeur c\u00e9r\u00e9brale. <\/li>\n<li><strong>Prix du leader \u00e9mergent<\/strong>: Ce prix honore un b\u00e9n\u00e9vole passionn\u00e9 et engag\u00e9, qui a r\u00e9cemment rejoint la communaut\u00e9 et dont le leadership, l\u2019innovation et le service ont un impact significatif sur les personnes touch\u00e9es par une tumeur c\u00e9r\u00e9brale.<\/li>\n<\/ol>\n","protected":false},"excerpt":{"rendered":"<p>Chaque ann\u00e9e, nous reconnaissons et c\u00e9l\u00e9brons les contributions remarquables des b\u00e9n\u00e9voles qui consacrent leur temps, leur \u00e9nergie et leur passion pour am\u00e9liorer la vie des personnes touch\u00e9es par une tumeur c\u00e9r\u00e9brale.<\/p>\n","protected":false},"author":4,"featured_media":13025,"comment_status":"closed","ping_status":"closed","sticky":false,"template":"","format":"standard","meta":{"_acf_changed":false,"footnotes":""},"categories":[138],"tags":[214],"user_type":[],"locations":[161],"class_list":["post-13030","post","type-post","status-publish","format-standard","has-post-thumbnail","hentry","category-blogue","tag-brain-tumour-foundation-of-canada-fr","locations-canada-wide-fr"],"acf":[],"yoast_head":"<!-- This site is optimized with the Yoast SEO Premium plugin v27.0 (Yoast SEO v27.0) - https:\/\/yoast.com\/product\/yoast-seo-premium-wordpress\/ -->\n<title>C\u00e9l\u00e9brons les b\u00e9n\u00e9voles de distinction impliqu\u00e9s dans la communaut\u00e9 des tumeurs c\u00e9r\u00e9brales<\/title>\n<meta name=\"description\" content=\"Chaque ann\u00e9e, nous reconnaissons et c\u00e9l\u00e9brons les contributions remarquables des b\u00e9n\u00e9voles qui consacrent leur temps, leur \u00e9nergie et leur passion pour am\u00e9liorer la vie des personnes touch\u00e9es par une tumeur c\u00e9r\u00e9brale.\" \/>\n<meta name=\"robots\" content=\"index, follow, max-snippet:-1, max-image-preview:large, max-video-preview:-1\" \/>\n<link rel=\"canonical\" href=\"https:\/\/www.braintumour.ca\/fr\/blogue\/celebrons-les-benevoles-de-distinction-impliques-dans-la-communaute-des-tumeurs-cerebrales\/\" \/>\n<meta property=\"og:locale\" content=\"fr_CA\" \/>\n<meta property=\"og:type\" content=\"article\" \/>\n<meta property=\"og:title\" content=\"C\u00e9l\u00e9brons les b\u00e9n\u00e9voles de distinction impliqu\u00e9s dans la communaut\u00e9 des tumeurs c\u00e9r\u00e9brales\" \/>\n<meta property=\"og:description\" content=\"Chaque ann\u00e9e, nous reconnaissons et c\u00e9l\u00e9brons les contributions remarquables des b\u00e9n\u00e9voles qui consacrent leur temps, leur \u00e9nergie et leur passion pour am\u00e9liorer la vie des personnes touch\u00e9es par une tumeur c\u00e9r\u00e9brale.\" \/>\n<meta property=\"og:url\" content=\"https:\/\/www.braintumour.ca\/fr\/blogue\/celebrons-les-benevoles-de-distinction-impliques-dans-la-communaute-des-tumeurs-cerebrales\/\" \/>\n<meta property=\"og:site_name\" content=\"Fondation canadienne des tumeurs c\u00e9r\u00e9brales\" \/>\n<meta property=\"article:published_time\" content=\"2025-03-14T18:05:42+00:00\" \/>\n<meta property=\"article:modified_time\" content=\"2025-04-24T15:57:12+00:00\" \/>\n<meta property=\"og:image\" content=\"https:\/\/www.braintumour.ca\/wp-content\/uploads\/2025\/03\/Volunteers-2025-Blog-Article.png\" \/>\n\t<meta property=\"og:image:width\" content=\"1080\" \/>\n\t<meta property=\"og:image:height\" content=\"1080\" \/>\n\t<meta property=\"og:image:type\" content=\"image\/png\" \/>\n<meta name=\"author\" content=\"Matt Berry\" \/>\n<meta name=\"twitter:card\" content=\"summary_large_image\" \/>\n<meta name=\"twitter:label1\" content=\"\u00c9crit par\" \/>\n\t<meta name=\"twitter:data1\" content=\"Matt Berry\" \/>\n\t<meta name=\"twitter:label2\" content=\"Estimation du temps de lecture\" \/>\n\t<meta name=\"twitter:data2\" content=\"3 minutes\" \/>\n<script type=\"application\/ld+json\" class=\"yoast-schema-graph\">{\"@context\":\"https:\/\/schema.org\",\"@graph\":[{\"@type\":\"Article\",\"@id\":\"https:\/\/www.braintumour.ca\/fr\/blogue\/celebrons-les-benevoles-de-distinction-impliques-dans-la-communaute-des-tumeurs-cerebrales\/#article\",\"isPartOf\":{\"@id\":\"https:\/\/www.braintumour.ca\/fr\/blogue\/celebrons-les-benevoles-de-distinction-impliques-dans-la-communaute-des-tumeurs-cerebrales\/\"},\"author\":{\"name\":\"Matt Berry\",\"@id\":\"https:\/\/www.braintumour.ca\/fr\/#\/schema\/person\/7534b1b1d4da5d8e37af436b293eca3d\"},\"headline\":\"C\u00e9l\u00e9brons les b\u00e9n\u00e9voles de distinction impliqu\u00e9s dans la communaut\u00e9 des tumeurs c\u00e9r\u00e9brales\",\"datePublished\":\"2025-03-14T18:05:42+00:00\",\"dateModified\":\"2025-04-24T15:57:12+00:00\",\"mainEntityOfPage\":{\"@id\":\"https:\/\/www.braintumour.ca\/fr\/blogue\/celebrons-les-benevoles-de-distinction-impliques-dans-la-communaute-des-tumeurs-cerebrales\/\"},\"wordCount\":524,\"image\":{\"@id\":\"https:\/\/www.braintumour.ca\/fr\/blogue\/celebrons-les-benevoles-de-distinction-impliques-dans-la-communaute-des-tumeurs-cerebrales\/#primaryimage\"},\"thumbnailUrl\":\"https:\/\/www.braintumour.ca\/wp-content\/uploads\/2025\/03\/Volunteers-2025-Blog-Article.png\",\"keywords\":[\"brain tumour foundation of canada\"],\"articleSection\":[\"Nouvelles\"],\"inLanguage\":\"fr-CA\"},{\"@type\":\"WebPage\",\"@id\":\"https:\/\/www.braintumour.ca\/fr\/blogue\/celebrons-les-benevoles-de-distinction-impliques-dans-la-communaute-des-tumeurs-cerebrales\/\",\"url\":\"https:\/\/www.braintumour.ca\/fr\/blogue\/celebrons-les-benevoles-de-distinction-impliques-dans-la-communaute-des-tumeurs-cerebrales\/\",\"name\":\"C\u00e9l\u00e9brons les b\u00e9n\u00e9voles de distinction impliqu\u00e9s dans la communaut\u00e9 des tumeurs c\u00e9r\u00e9brales\",\"isPartOf\":{\"@id\":\"https:\/\/www.braintumour.ca\/fr\/#website\"},\"primaryImageOfPage\":{\"@id\":\"https:\/\/www.braintumour.ca\/fr\/blogue\/celebrons-les-benevoles-de-distinction-impliques-dans-la-communaute-des-tumeurs-cerebrales\/#primaryimage\"},\"image\":{\"@id\":\"https:\/\/www.braintumour.ca\/fr\/blogue\/celebrons-les-benevoles-de-distinction-impliques-dans-la-communaute-des-tumeurs-cerebrales\/#primaryimage\"},\"thumbnailUrl\":\"https:\/\/www.braintumour.ca\/wp-content\/uploads\/2025\/03\/Volunteers-2025-Blog-Article.png\",\"datePublished\":\"2025-03-14T18:05:42+00:00\",\"dateModified\":\"2025-04-24T15:57:12+00:00\",\"author\":{\"@id\":\"https:\/\/www.braintumour.ca\/fr\/#\/schema\/person\/7534b1b1d4da5d8e37af436b293eca3d\"},\"description\":\"Chaque ann\u00e9e, nous reconnaissons et c\u00e9l\u00e9brons les contributions remarquables des b\u00e9n\u00e9voles qui consacrent leur temps, leur \u00e9nergie et leur passion pour am\u00e9liorer la vie des personnes touch\u00e9es par une tumeur c\u00e9r\u00e9brale.\",\"breadcrumb\":{\"@id\":\"https:\/\/www.braintumour.ca\/fr\/blogue\/celebrons-les-benevoles-de-distinction-impliques-dans-la-communaute-des-tumeurs-cerebrales\/#breadcrumb\"},\"inLanguage\":\"fr-CA\",\"potentialAction\":[{\"@type\":\"ReadAction\",\"target\":[\"https:\/\/www.braintumour.ca\/fr\/blogue\/celebrons-les-benevoles-de-distinction-impliques-dans-la-communaute-des-tumeurs-cerebrales\/\"]}]},{\"@type\":\"ImageObject\",\"inLanguage\":\"fr-CA\",\"@id\":\"https:\/\/www.braintumour.ca\/fr\/blogue\/celebrons-les-benevoles-de-distinction-impliques-dans-la-communaute-des-tumeurs-cerebrales\/#primaryimage\",\"url\":\"https:\/\/www.braintumour.ca\/wp-content\/uploads\/2025\/03\/Volunteers-2025-Blog-Article.png\",\"contentUrl\":\"https:\/\/www.braintumour.ca\/wp-content\/uploads\/2025\/03\/Volunteers-2025-Blog-Article.png\",\"width\":1080,\"height\":1080},{\"@type\":\"BreadcrumbList\",\"@id\":\"https:\/\/www.braintumour.ca\/fr\/blogue\/celebrons-les-benevoles-de-distinction-impliques-dans-la-communaute-des-tumeurs-cerebrales\/#breadcrumb\",\"itemListElement\":[{\"@type\":\"ListItem\",\"position\":1,\"name\":\"Home\",\"item\":\"https:\/\/www.braintumour.ca\/fr\/\"},{\"@type\":\"ListItem\",\"position\":2,\"name\":\"C\u00e9l\u00e9brons les b\u00e9n\u00e9voles de distinction impliqu\u00e9s dans la communaut\u00e9 des tumeurs c\u00e9r\u00e9brales\"}]},{\"@type\":\"WebSite\",\"@id\":\"https:\/\/www.braintumour.ca\/fr\/#website\",\"url\":\"https:\/\/www.braintumour.ca\/fr\/\",\"name\":\"Fondation canadienne des tumeurs c\u00e9r\u00e9brales\",\"description\":\"Notre mission est de venir en aide \u00e0 toutes les personnes touch\u00e9es par une tumeur c\u00e9r\u00e9brale au Canada par le biais de nos programmes d\u2019information, de soutien, d\u2019\u00e9ducation et de recherche.\",\"potentialAction\":[{\"@type\":\"SearchAction\",\"target\":{\"@type\":\"EntryPoint\",\"urlTemplate\":\"https:\/\/www.braintumour.ca\/fr\/?s={search_term_string}\"},\"query-input\":{\"@type\":\"PropertyValueSpecification\",\"valueRequired\":true,\"valueName\":\"search_term_string\"}}],\"inLanguage\":\"fr-CA\"},{\"@type\":\"Person\",\"@id\":\"https:\/\/www.braintumour.ca\/fr\/#\/schema\/person\/7534b1b1d4da5d8e37af436b293eca3d\",\"name\":\"Matt Berry\",\"image\":{\"@type\":\"ImageObject\",\"inLanguage\":\"fr-CA\",\"@id\":\"https:\/\/www.braintumour.ca\/fr\/#\/schema\/person\/image\/\",\"url\":\"https:\/\/secure.gravatar.com\/avatar\/882da3b67056b0c608086d3c77de46948b64244a4c249e81e0bf04a8095ce320?s=96&d=mm&r=g\",\"contentUrl\":\"https:\/\/secure.gravatar.com\/avatar\/882da3b67056b0c608086d3c77de46948b64244a4c249e81e0bf04a8095ce320?s=96&d=mm&r=g\",\"caption\":\"Matt Berry\"}}]}<\/script>\n<!-- \/ Yoast SEO Premium plugin. -->","yoast_head_json":{"title":"C\u00e9l\u00e9brons les b\u00e9n\u00e9voles de distinction impliqu\u00e9s dans la communaut\u00e9 des tumeurs c\u00e9r\u00e9brales","description":"Chaque ann\u00e9e, nous reconnaissons et c\u00e9l\u00e9brons les contributions remarquables des b\u00e9n\u00e9voles qui consacrent leur temps, leur \u00e9nergie et leur passion pour am\u00e9liorer la vie des personnes touch\u00e9es par une tumeur c\u00e9r\u00e9brale.","robots":{"index":"index","follow":"follow","max-snippet":"max-snippet:-1","max-image-preview":"max-image-preview:large","max-video-preview":"max-video-preview:-1"},"canonical":"https:\/\/www.braintumour.ca\/fr\/blogue\/celebrons-les-benevoles-de-distinction-impliques-dans-la-communaute-des-tumeurs-cerebrales\/","og_locale":"fr_CA","og_type":"article","og_title":"C\u00e9l\u00e9brons les b\u00e9n\u00e9voles de distinction impliqu\u00e9s dans la communaut\u00e9 des tumeurs c\u00e9r\u00e9brales","og_description":"Chaque ann\u00e9e, nous reconnaissons et c\u00e9l\u00e9brons les contributions remarquables des b\u00e9n\u00e9voles qui consacrent leur temps, leur \u00e9nergie et leur passion pour am\u00e9liorer la vie des personnes touch\u00e9es par une tumeur c\u00e9r\u00e9brale.","og_url":"https:\/\/www.braintumour.ca\/fr\/blogue\/celebrons-les-benevoles-de-distinction-impliques-dans-la-communaute-des-tumeurs-cerebrales\/","og_site_name":"Fondation canadienne des tumeurs c\u00e9r\u00e9brales","article_published_time":"2025-03-14T18:05:42+00:00","article_modified_time":"2025-04-24T15:57:12+00:00","og_image":[{"width":1080,"height":1080,"url":"https:\/\/www.braintumour.ca\/wp-content\/uploads\/2025\/03\/Volunteers-2025-Blog-Article.png","type":"image\/png"}],"author":"Matt Berry","twitter_card":"summary_large_image","twitter_misc":{"\u00c9crit par":"Matt Berry","Estimation du temps de lecture":"3 minutes"},"schema":{"@context":"https:\/\/schema.org","@graph":[{"@type":"Article","@id":"https:\/\/www.braintumour.ca\/fr\/blogue\/celebrons-les-benevoles-de-distinction-impliques-dans-la-communaute-des-tumeurs-cerebrales\/#article","isPartOf":{"@id":"https:\/\/www.braintumour.ca\/fr\/blogue\/celebrons-les-benevoles-de-distinction-impliques-dans-la-communaute-des-tumeurs-cerebrales\/"},"author":{"name":"Matt Berry","@id":"https:\/\/www.braintumour.ca\/fr\/#\/schema\/person\/7534b1b1d4da5d8e37af436b293eca3d"},"headline":"C\u00e9l\u00e9brons les b\u00e9n\u00e9voles de distinction impliqu\u00e9s dans la communaut\u00e9 des tumeurs c\u00e9r\u00e9brales","datePublished":"2025-03-14T18:05:42+00:00","dateModified":"2025-04-24T15:57:12+00:00","mainEntityOfPage":{"@id":"https:\/\/www.braintumour.ca\/fr\/blogue\/celebrons-les-benevoles-de-distinction-impliques-dans-la-communaute-des-tumeurs-cerebrales\/"},"wordCount":524,"image":{"@id":"https:\/\/www.braintumour.ca\/fr\/blogue\/celebrons-les-benevoles-de-distinction-impliques-dans-la-communaute-des-tumeurs-cerebrales\/#primaryimage"},"thumbnailUrl":"https:\/\/www.braintumour.ca\/wp-content\/uploads\/2025\/03\/Volunteers-2025-Blog-Article.png","keywords":["brain tumour foundation of canada"],"articleSection":["Nouvelles"],"inLanguage":"fr-CA"},{"@type":"WebPage","@id":"https:\/\/www.braintumour.ca\/fr\/blogue\/celebrons-les-benevoles-de-distinction-impliques-dans-la-communaute-des-tumeurs-cerebrales\/","url":"https:\/\/www.braintumour.ca\/fr\/blogue\/celebrons-les-benevoles-de-distinction-impliques-dans-la-communaute-des-tumeurs-cerebrales\/","name":"C\u00e9l\u00e9brons les b\u00e9n\u00e9voles de distinction impliqu\u00e9s dans la communaut\u00e9 des tumeurs c\u00e9r\u00e9brales","isPartOf":{"@id":"https:\/\/www.braintumour.ca\/fr\/#website"},"primaryImageOfPage":{"@id":"https:\/\/www.braintumour.ca\/fr\/blogue\/celebrons-les-benevoles-de-distinction-impliques-dans-la-communaute-des-tumeurs-cerebrales\/#primaryimage"},"image":{"@id":"https:\/\/www.braintumour.ca\/fr\/blogue\/celebrons-les-benevoles-de-distinction-impliques-dans-la-communaute-des-tumeurs-cerebrales\/#primaryimage"},"thumbnailUrl":"https:\/\/www.braintumour.ca\/wp-content\/uploads\/2025\/03\/Volunteers-2025-Blog-Article.png","datePublished":"2025-03-14T18:05:42+00:00","dateModified":"2025-04-24T15:57:12+00:00","author":{"@id":"https:\/\/www.braintumour.ca\/fr\/#\/schema\/person\/7534b1b1d4da5d8e37af436b293eca3d"},"description":"Chaque ann\u00e9e, nous reconnaissons et c\u00e9l\u00e9brons les contributions remarquables des b\u00e9n\u00e9voles qui consacrent leur temps, leur \u00e9nergie et leur passion pour am\u00e9liorer la vie des personnes touch\u00e9es par une tumeur c\u00e9r\u00e9brale.","breadcrumb":{"@id":"https:\/\/www.braintumour.ca\/fr\/blogue\/celebrons-les-benevoles-de-distinction-impliques-dans-la-communaute-des-tumeurs-cerebrales\/#breadcrumb"},"inLanguage":"fr-CA","potentialAction":[{"@type":"ReadAction","target":["https:\/\/www.braintumour.ca\/fr\/blogue\/celebrons-les-benevoles-de-distinction-impliques-dans-la-communaute-des-tumeurs-cerebrales\/"]}]},{"@type":"ImageObject","inLanguage":"fr-CA","@id":"https:\/\/www.braintumour.ca\/fr\/blogue\/celebrons-les-benevoles-de-distinction-impliques-dans-la-communaute-des-tumeurs-cerebrales\/#primaryimage","url":"https:\/\/www.braintumour.ca\/wp-content\/uploads\/2025\/03\/Volunteers-2025-Blog-Article.png","contentUrl":"https:\/\/www.braintumour.ca\/wp-content\/uploads\/2025\/03\/Volunteers-2025-Blog-Article.png","width":1080,"height":1080},{"@type":"BreadcrumbList","@id":"https:\/\/www.braintumour.ca\/fr\/blogue\/celebrons-les-benevoles-de-distinction-impliques-dans-la-communaute-des-tumeurs-cerebrales\/#breadcrumb","itemListElement":[{"@type":"ListItem","position":1,"name":"Home","item":"https:\/\/www.braintumour.ca\/fr\/"},{"@type":"ListItem","position":2,"name":"C\u00e9l\u00e9brons les b\u00e9n\u00e9voles de distinction impliqu\u00e9s dans la communaut\u00e9 des tumeurs c\u00e9r\u00e9brales"}]},{"@type":"WebSite","@id":"https:\/\/www.braintumour.ca\/fr\/#website","url":"https:\/\/www.braintumour.ca\/fr\/","name":"Fondation canadienne des tumeurs c\u00e9r\u00e9brales","description":"Notre mission est de venir en aide \u00e0 toutes les personnes touch\u00e9es par une tumeur c\u00e9r\u00e9brale au Canada par le biais de nos programmes d\u2019information, de soutien, d\u2019\u00e9ducation et de recherche.","potentialAction":[{"@type":"SearchAction","target":{"@type":"EntryPoint","urlTemplate":"https:\/\/www.braintumour.ca\/fr\/?s={search_term_string}"},"query-input":{"@type":"PropertyValueSpecification","valueRequired":true,"valueName":"search_term_string"}}],"inLanguage":"fr-CA"},{"@type":"Person","@id":"https:\/\/www.braintumour.ca\/fr\/#\/schema\/person\/7534b1b1d4da5d8e37af436b293eca3d","name":"Matt Berry","image":{"@type":"ImageObject","inLanguage":"fr-CA","@id":"https:\/\/www.braintumour.ca\/fr\/#\/schema\/person\/image\/","url":"https:\/\/secure.gravatar.com\/avatar\/882da3b67056b0c608086d3c77de46948b64244a4c249e81e0bf04a8095ce320?s=96&d=mm&r=g","contentUrl":"https:\/\/secure.gravatar.com\/avatar\/882da3b67056b0c608086d3c77de46948b64244a4c249e81e0bf04a8095ce320?s=96&d=mm&r=g","caption":"Matt Berry"}}]}},"_links":{"self":[{"href":"https:\/\/www.braintumour.ca\/fr\/wp-json\/wp\/v2\/posts\/13030","targetHints":{"allow":["GET"]}}],"collection":[{"href":"https:\/\/www.braintumour.ca\/fr\/wp-json\/wp\/v2\/posts"}],"about":[{"href":"https:\/\/www.braintumour.ca\/fr\/wp-json\/wp\/v2\/types\/post"}],"author":[{"embeddable":true,"href":"https:\/\/www.braintumour.ca\/fr\/wp-json\/wp\/v2\/users\/4"}],"replies":[{"embeddable":true,"href":"https:\/\/www.braintumour.ca\/fr\/wp-json\/wp\/v2\/comments?post=13030"}],"version-history":[{"count":0,"href":"https:\/\/www.braintumour.ca\/fr\/wp-json\/wp\/v2\/posts\/13030\/revisions"}],"wp:featuredmedia":[{"embeddable":true,"href":"https:\/\/www.braintumour.ca\/fr\/wp-json\/wp\/v2\/media\/13025"}],"wp:attachment":[{"href":"https:\/\/www.braintumour.ca\/fr\/wp-json\/wp\/v2\/media?parent=13030"}],"wp:term":[{"taxonomy":"category","embeddable":true,"href":"https:\/\/www.braintumour.ca\/fr\/wp-json\/wp\/v2\/categories?post=13030"},{"taxonomy":"post_tag","embeddable":true,"href":"https:\/\/www.braintumour.ca\/fr\/wp-json\/wp\/v2\/tags?post=13030"},{"taxonomy":"user_type","embeddable":true,"href":"https:\/\/www.braintumour.ca\/fr\/wp-json\/wp\/v2\/user_type?post=13030"},{"taxonomy":"locations","embeddable":true,"href":"https:\/\/www.braintumour.ca\/fr\/wp-json\/wp\/v2\/locations?post=13030"}],"curies":[{"name":"wp","href":"https:\/\/api.w.org\/{rel}","templated":true}]}}