{"id":13097,"date":"2025-03-31T11:16:55","date_gmt":"2025-03-31T15:16:55","guid":{"rendered":"https:\/\/www.braintumour.ca\/?p=13097"},"modified":"2025-03-31T11:25:33","modified_gmt":"2025-03-31T15:25:33","slug":"un-coeur-a-lecoute-le-parcours-de-mikelle-meaden-en-travail-social","status":"publish","type":"post","link":"https:\/\/www.braintumour.ca\/fr\/blogue\/un-coeur-a-lecoute-le-parcours-de-mikelle-meaden-en-travail-social\/","title":{"rendered":"Un c\u0153ur \u00e0 l\u2019\u00e9coute : le parcours de Mikelle Meaden en travail social"},"content":{"rendered":"<p>Depuis pr\u00e8s de 30 ans, Mikelle Meaden accompagne des patients et leurs proches dans l\u2019une des \u00e9preuves les plus difficiles de leur vie : faire face \u00e0 un diagnostic m\u00e9dical grave. En tant que travailleuse sociale, elle offre du soutien, de l\u2019\u00e9coute, et des ressources essentielles qui contribuent \u00e0 am\u00e9liorer la qualit\u00e9 de vie des personnes qu\u2019elle accompagne.<\/p>\n<p>Pourtant, son chemin vers le travail social n\u2019a pas toujours \u00e9t\u00e9 trac\u00e9 d\u2019avance. Apr\u00e8s son baccalaur\u00e9at, elle s\u2019est rappel\u00e9 un test d\u2019aptitudes qu\u2019elle avait pass\u00e9 au secondaire \u2014 un test qui lui avait recommand\u00e9 le travail social comme une option prometteuse. Curieuse, elle s\u2019est inscrite \u00e0 un cours d\u2019introduction\u2026 et \u00e7a a \u00e9t\u00e9 une r\u00e9v\u00e9lation.<\/p>\n<p>\u00ab J\u2019ai toujours su que je voulais travailler avec des gens \u00bb, confie Mikelle. D\u00e8s son adolescence, elle avait d\u00e9j\u00e0 cette fibre humaine, ayant travaill\u00e9 dans une r\u00e9sidence pour a\u00een\u00e9s. Elle se souvient avoir particuli\u00e8rement aim\u00e9 venir en aide aux personnes vivant avec des troubles cognitifs.<\/p>\n<p>Ce bagage personnel et ses \u00e9tudes l\u2019ont men\u00e9e \u00e0 entreprendre une ma\u00eetrise de deux ans en travail social.<\/p>\n<p>Elle a commenc\u00e9 sa carri\u00e8re \u00e0 l\u2019H\u00f4pital Victoria, dans une unit\u00e9 de m\u00e9decine g\u00e9n\u00e9rale, avant de rejoindre l\u2019\u00e9quipe des sciences neurologiques cliniques (CNS) au London Health Sciences Centre (LHSC), o\u00f9 elle travaille encore aujourd\u2019hui.<\/p>\n<p>\u00ab On est vraiment chanceux ici \u00bb, dit-elle. \u00ab On a plusieurs travailleuses sociales sur l\u2019\u00e9tage, chacune sp\u00e9cialis\u00e9e dans un domaine bien pr\u00e9cis. \u00bb<\/p>\n<p><img decoding=\"async\" class=\"alignright size-thumbnail wp-image-9016\" style=\"padding-top: 10px;\" src=\"https:\/\/www.braintumour.ca\/wp-content\/uploads\/2025\/03\/Picture-3.jpg\" alt=\"\" width=\"300px\" height=\"650px\" \/>L\u2019\u00e9quipe compte des sp\u00e9cialistes en neurochirurgie, en \u00e9pilepsie et en AVC. Mikelle, elle, \u0153uvre en neurologie g\u00e9n\u00e9rale, ce qui lui permet de soutenir une grande vari\u00e9t\u00e9 de patients qui ne rentrent pas forc\u00e9ment dans une cat\u00e9gorie bien d\u00e9finie.<\/p>\n<p>Dans le cas des patients atteints de tumeurs c\u00e9r\u00e9brales, c\u2019est g\u00e9n\u00e9ralement la travailleuse sociale en neurochirurgie qui les rencontre pendant leur hospitalisation. Mais si la personne est r\u00e9admise plus tard pour d\u2019autres sympt\u00f4mes, c\u2019est Mikelle qui entre en sc\u00e8ne. Son r\u00f4le est alors d\u2019aider le patient et sa famille \u00e0 composer avec les d\u00e9fis quotidiens li\u00e9s au diagnostic, et de faire en sorte qu\u2019ils aient acc\u00e8s aux bons services une fois de retour \u00e0 la maison.<\/p>\n<p>Ce qui a attir\u00e9 Mikelle vers le travail social reste ce qui la passionne le plus encore aujourd\u2019hui : le contact humain.<\/p>\n<p>\u00ab Que ce soit \u00e0 l\u2019h\u00f4pital ou en clinique externe, je rencontre les gens dans des moments extr\u00eamement vuln\u00e9rables \u00bb, explique-t-elle. \u00ab Ce que j\u2019aime, c\u2019est prendre le temps de les \u00e9couter, de conna\u00eetre leur histoire, pas juste comme patients, mais comme personnes. Je suis toujours touch\u00e9e par la confiance qu\u2019ils nous accordent en partageant leur v\u00e9cu. \u00bb<br \/>\nLa force et la r\u00e9silience des personnes qu\u2019elle rencontre l\u2019inspirent au quotidien. Elle sait que faire face \u00e0 un diagnostic neurologique peut \u00eatre accablant.<\/p>\n<p>\u00ab On veut toujours qu\u2019ils sachent qu\u2019ils ne sont pas seuls \u00bb, dit Mikelle. \u00ab Certains ont besoin d\u2019aide tout de suite, d\u2019autres trouvent simplement du r\u00e9confort \u00e0 savoir que quelqu\u2019un est l\u00e0 si jamais ils ont besoin. On est l\u00e0, pour les soutenir, peu importe o\u00f9 ils en sont. \u00bb<\/p>\n","protected":false},"excerpt":{"rendered":"<p>Depuis pr\u00e8s de 30 ans, Mikelle Meaden accompagne des patients et leurs proches dans l\u2019une des \u00e9preuves les plus difficiles de leur vie : faire face \u00e0 un diagnostic m\u00e9dical grave. En tant que travailleuse sociale, elle offre du soutien, de l\u2019\u00e9coute, et des ressources essentielles qui contribuent \u00e0 am\u00e9liorer la qualit\u00e9 de vie des personnes qu\u2019elle accompagne.<\/p>\n","protected":false},"author":4,"featured_media":13102,"comment_status":"closed","ping_status":"closed","sticky":false,"template":"","format":"standard","meta":{"_acf_changed":false,"footnotes":""},"categories":[138],"tags":[214],"user_type":[],"locations":[161],"class_list":["post-13097","post","type-post","status-publish","format-standard","has-post-thumbnail","hentry","category-blogue","tag-brain-tumour-foundation-of-canada-fr","locations-canada-wide-fr"],"acf":[],"yoast_head":"<!-- This site is optimized with the Yoast SEO Premium plugin v27.0 (Yoast SEO v27.0) - https:\/\/yoast.com\/product\/yoast-seo-premium-wordpress\/ -->\n<title>Un c\u0153ur \u00e0 l\u2019\u00e9coute : le parcours de Mikelle Meaden en travail social<\/title>\n<meta name=\"description\" content=\"For nearly 30 years, Mikelle Meaden has helped patients and their families through challenging medical diagnoses.\" \/>\n<meta name=\"robots\" content=\"index, follow, max-snippet:-1, max-image-preview:large, max-video-preview:-1\" \/>\n<link rel=\"canonical\" href=\"https:\/\/www.braintumour.ca\/fr\/blogue\/un-coeur-a-lecoute-le-parcours-de-mikelle-meaden-en-travail-social\/\" \/>\n<meta property=\"og:locale\" content=\"fr_CA\" \/>\n<meta property=\"og:type\" content=\"article\" \/>\n<meta property=\"og:title\" content=\"Un c\u0153ur \u00e0 l\u2019\u00e9coute : le parcours de Mikelle Meaden en travail social\" \/>\n<meta property=\"og:description\" content=\"For nearly 30 years, Mikelle Meaden has helped patients and their families through challenging medical diagnoses.\" \/>\n<meta property=\"og:url\" content=\"https:\/\/www.braintumour.ca\/fr\/blogue\/un-coeur-a-lecoute-le-parcours-de-mikelle-meaden-en-travail-social\/\" \/>\n<meta property=\"og:site_name\" content=\"Fondation canadienne des tumeurs c\u00e9r\u00e9brales\" \/>\n<meta property=\"article:published_time\" content=\"2025-03-31T15:16:55+00:00\" \/>\n<meta property=\"article:modified_time\" content=\"2025-03-31T15:25:33+00:00\" \/>\n<meta property=\"og:image\" content=\"https:\/\/www.braintumour.ca\/wp-content\/uploads\/2025\/03\/Mikelle-1.jpg\" \/>\n\t<meta property=\"og:image:width\" content=\"1200\" \/>\n\t<meta property=\"og:image:height\" content=\"1201\" \/>\n\t<meta property=\"og:image:type\" content=\"image\/jpeg\" \/>\n<meta name=\"author\" content=\"Matt Berry\" \/>\n<meta name=\"twitter:card\" content=\"summary_large_image\" \/>\n<meta name=\"twitter:label1\" content=\"\u00c9crit par\" \/>\n\t<meta name=\"twitter:data1\" content=\"Matt Berry\" \/>\n\t<meta name=\"twitter:label2\" content=\"Estimation du temps de lecture\" \/>\n\t<meta name=\"twitter:data2\" content=\"3 minutes\" \/>\n<script type=\"application\/ld+json\" class=\"yoast-schema-graph\">{\"@context\":\"https:\/\/schema.org\",\"@graph\":[{\"@type\":\"Article\",\"@id\":\"https:\/\/www.braintumour.ca\/fr\/blogue\/un-coeur-a-lecoute-le-parcours-de-mikelle-meaden-en-travail-social\/#article\",\"isPartOf\":{\"@id\":\"https:\/\/www.braintumour.ca\/fr\/blogue\/un-coeur-a-lecoute-le-parcours-de-mikelle-meaden-en-travail-social\/\"},\"author\":{\"name\":\"Matt Berry\",\"@id\":\"https:\/\/www.braintumour.ca\/fr\/#\/schema\/person\/7534b1b1d4da5d8e37af436b293eca3d\"},\"headline\":\"Un c\u0153ur \u00e0 l\u2019\u00e9coute : le parcours de Mikelle Meaden en travail social\",\"datePublished\":\"2025-03-31T15:16:55+00:00\",\"dateModified\":\"2025-03-31T15:25:33+00:00\",\"mainEntityOfPage\":{\"@id\":\"https:\/\/www.braintumour.ca\/fr\/blogue\/un-coeur-a-lecoute-le-parcours-de-mikelle-meaden-en-travail-social\/\"},\"wordCount\":572,\"image\":{\"@id\":\"https:\/\/www.braintumour.ca\/fr\/blogue\/un-coeur-a-lecoute-le-parcours-de-mikelle-meaden-en-travail-social\/#primaryimage\"},\"thumbnailUrl\":\"https:\/\/www.braintumour.ca\/wp-content\/uploads\/2025\/03\/Mikelle-1.jpg\",\"keywords\":[\"brain tumour foundation of canada\"],\"articleSection\":[\"Nouvelles\"],\"inLanguage\":\"fr-CA\"},{\"@type\":\"WebPage\",\"@id\":\"https:\/\/www.braintumour.ca\/fr\/blogue\/un-coeur-a-lecoute-le-parcours-de-mikelle-meaden-en-travail-social\/\",\"url\":\"https:\/\/www.braintumour.ca\/fr\/blogue\/un-coeur-a-lecoute-le-parcours-de-mikelle-meaden-en-travail-social\/\",\"name\":\"Un c\u0153ur \u00e0 l\u2019\u00e9coute : le parcours de Mikelle Meaden en travail social\",\"isPartOf\":{\"@id\":\"https:\/\/www.braintumour.ca\/fr\/#website\"},\"primaryImageOfPage\":{\"@id\":\"https:\/\/www.braintumour.ca\/fr\/blogue\/un-coeur-a-lecoute-le-parcours-de-mikelle-meaden-en-travail-social\/#primaryimage\"},\"image\":{\"@id\":\"https:\/\/www.braintumour.ca\/fr\/blogue\/un-coeur-a-lecoute-le-parcours-de-mikelle-meaden-en-travail-social\/#primaryimage\"},\"thumbnailUrl\":\"https:\/\/www.braintumour.ca\/wp-content\/uploads\/2025\/03\/Mikelle-1.jpg\",\"datePublished\":\"2025-03-31T15:16:55+00:00\",\"dateModified\":\"2025-03-31T15:25:33+00:00\",\"author\":{\"@id\":\"https:\/\/www.braintumour.ca\/fr\/#\/schema\/person\/7534b1b1d4da5d8e37af436b293eca3d\"},\"description\":\"For nearly 30 years, Mikelle Meaden has helped patients and their families through challenging medical diagnoses.\",\"breadcrumb\":{\"@id\":\"https:\/\/www.braintumour.ca\/fr\/blogue\/un-coeur-a-lecoute-le-parcours-de-mikelle-meaden-en-travail-social\/#breadcrumb\"},\"inLanguage\":\"fr-CA\",\"potentialAction\":[{\"@type\":\"ReadAction\",\"target\":[\"https:\/\/www.braintumour.ca\/fr\/blogue\/un-coeur-a-lecoute-le-parcours-de-mikelle-meaden-en-travail-social\/\"]}]},{\"@type\":\"ImageObject\",\"inLanguage\":\"fr-CA\",\"@id\":\"https:\/\/www.braintumour.ca\/fr\/blogue\/un-coeur-a-lecoute-le-parcours-de-mikelle-meaden-en-travail-social\/#primaryimage\",\"url\":\"https:\/\/www.braintumour.ca\/wp-content\/uploads\/2025\/03\/Mikelle-1.jpg\",\"contentUrl\":\"https:\/\/www.braintumour.ca\/wp-content\/uploads\/2025\/03\/Mikelle-1.jpg\",\"width\":1200,\"height\":1201},{\"@type\":\"BreadcrumbList\",\"@id\":\"https:\/\/www.braintumour.ca\/fr\/blogue\/un-coeur-a-lecoute-le-parcours-de-mikelle-meaden-en-travail-social\/#breadcrumb\",\"itemListElement\":[{\"@type\":\"ListItem\",\"position\":1,\"name\":\"Home\",\"item\":\"https:\/\/www.braintumour.ca\/fr\/\"},{\"@type\":\"ListItem\",\"position\":2,\"name\":\"Un c\u0153ur \u00e0 l\u2019\u00e9coute : le parcours de Mikelle Meaden en travail social\"}]},{\"@type\":\"WebSite\",\"@id\":\"https:\/\/www.braintumour.ca\/fr\/#website\",\"url\":\"https:\/\/www.braintumour.ca\/fr\/\",\"name\":\"Fondation canadienne des tumeurs c\u00e9r\u00e9brales\",\"description\":\"Notre mission est de venir en aide \u00e0 toutes les personnes touch\u00e9es par une tumeur c\u00e9r\u00e9brale au Canada par le biais de nos programmes d\u2019information, de soutien, d\u2019\u00e9ducation et de recherche.\",\"potentialAction\":[{\"@type\":\"SearchAction\",\"target\":{\"@type\":\"EntryPoint\",\"urlTemplate\":\"https:\/\/www.braintumour.ca\/fr\/?s={search_term_string}\"},\"query-input\":{\"@type\":\"PropertyValueSpecification\",\"valueRequired\":true,\"valueName\":\"search_term_string\"}}],\"inLanguage\":\"fr-CA\"},{\"@type\":\"Person\",\"@id\":\"https:\/\/www.braintumour.ca\/fr\/#\/schema\/person\/7534b1b1d4da5d8e37af436b293eca3d\",\"name\":\"Matt Berry\",\"image\":{\"@type\":\"ImageObject\",\"inLanguage\":\"fr-CA\",\"@id\":\"https:\/\/www.braintumour.ca\/fr\/#\/schema\/person\/image\/\",\"url\":\"https:\/\/secure.gravatar.com\/avatar\/882da3b67056b0c608086d3c77de46948b64244a4c249e81e0bf04a8095ce320?s=96&d=mm&r=g\",\"contentUrl\":\"https:\/\/secure.gravatar.com\/avatar\/882da3b67056b0c608086d3c77de46948b64244a4c249e81e0bf04a8095ce320?s=96&d=mm&r=g\",\"caption\":\"Matt Berry\"}}]}<\/script>\n<!-- \/ Yoast SEO Premium plugin. -->","yoast_head_json":{"title":"Un c\u0153ur \u00e0 l\u2019\u00e9coute : le parcours de Mikelle Meaden en travail social","description":"For nearly 30 years, Mikelle Meaden has helped patients and their families through challenging medical diagnoses.","robots":{"index":"index","follow":"follow","max-snippet":"max-snippet:-1","max-image-preview":"max-image-preview:large","max-video-preview":"max-video-preview:-1"},"canonical":"https:\/\/www.braintumour.ca\/fr\/blogue\/un-coeur-a-lecoute-le-parcours-de-mikelle-meaden-en-travail-social\/","og_locale":"fr_CA","og_type":"article","og_title":"Un c\u0153ur \u00e0 l\u2019\u00e9coute : le parcours de Mikelle Meaden en travail social","og_description":"For nearly 30 years, Mikelle Meaden has helped patients and their families through challenging medical diagnoses.","og_url":"https:\/\/www.braintumour.ca\/fr\/blogue\/un-coeur-a-lecoute-le-parcours-de-mikelle-meaden-en-travail-social\/","og_site_name":"Fondation canadienne des tumeurs c\u00e9r\u00e9brales","article_published_time":"2025-03-31T15:16:55+00:00","article_modified_time":"2025-03-31T15:25:33+00:00","og_image":[{"width":1200,"height":1201,"url":"https:\/\/www.braintumour.ca\/wp-content\/uploads\/2025\/03\/Mikelle-1.jpg","type":"image\/jpeg"}],"author":"Matt Berry","twitter_card":"summary_large_image","twitter_misc":{"\u00c9crit par":"Matt Berry","Estimation du temps de lecture":"3 minutes"},"schema":{"@context":"https:\/\/schema.org","@graph":[{"@type":"Article","@id":"https:\/\/www.braintumour.ca\/fr\/blogue\/un-coeur-a-lecoute-le-parcours-de-mikelle-meaden-en-travail-social\/#article","isPartOf":{"@id":"https:\/\/www.braintumour.ca\/fr\/blogue\/un-coeur-a-lecoute-le-parcours-de-mikelle-meaden-en-travail-social\/"},"author":{"name":"Matt Berry","@id":"https:\/\/www.braintumour.ca\/fr\/#\/schema\/person\/7534b1b1d4da5d8e37af436b293eca3d"},"headline":"Un c\u0153ur \u00e0 l\u2019\u00e9coute : le parcours de Mikelle Meaden en travail social","datePublished":"2025-03-31T15:16:55+00:00","dateModified":"2025-03-31T15:25:33+00:00","mainEntityOfPage":{"@id":"https:\/\/www.braintumour.ca\/fr\/blogue\/un-coeur-a-lecoute-le-parcours-de-mikelle-meaden-en-travail-social\/"},"wordCount":572,"image":{"@id":"https:\/\/www.braintumour.ca\/fr\/blogue\/un-coeur-a-lecoute-le-parcours-de-mikelle-meaden-en-travail-social\/#primaryimage"},"thumbnailUrl":"https:\/\/www.braintumour.ca\/wp-content\/uploads\/2025\/03\/Mikelle-1.jpg","keywords":["brain tumour foundation of canada"],"articleSection":["Nouvelles"],"inLanguage":"fr-CA"},{"@type":"WebPage","@id":"https:\/\/www.braintumour.ca\/fr\/blogue\/un-coeur-a-lecoute-le-parcours-de-mikelle-meaden-en-travail-social\/","url":"https:\/\/www.braintumour.ca\/fr\/blogue\/un-coeur-a-lecoute-le-parcours-de-mikelle-meaden-en-travail-social\/","name":"Un c\u0153ur \u00e0 l\u2019\u00e9coute : le parcours de Mikelle Meaden en travail social","isPartOf":{"@id":"https:\/\/www.braintumour.ca\/fr\/#website"},"primaryImageOfPage":{"@id":"https:\/\/www.braintumour.ca\/fr\/blogue\/un-coeur-a-lecoute-le-parcours-de-mikelle-meaden-en-travail-social\/#primaryimage"},"image":{"@id":"https:\/\/www.braintumour.ca\/fr\/blogue\/un-coeur-a-lecoute-le-parcours-de-mikelle-meaden-en-travail-social\/#primaryimage"},"thumbnailUrl":"https:\/\/www.braintumour.ca\/wp-content\/uploads\/2025\/03\/Mikelle-1.jpg","datePublished":"2025-03-31T15:16:55+00:00","dateModified":"2025-03-31T15:25:33+00:00","author":{"@id":"https:\/\/www.braintumour.ca\/fr\/#\/schema\/person\/7534b1b1d4da5d8e37af436b293eca3d"},"description":"For nearly 30 years, Mikelle Meaden has helped patients and their families through challenging medical diagnoses.","breadcrumb":{"@id":"https:\/\/www.braintumour.ca\/fr\/blogue\/un-coeur-a-lecoute-le-parcours-de-mikelle-meaden-en-travail-social\/#breadcrumb"},"inLanguage":"fr-CA","potentialAction":[{"@type":"ReadAction","target":["https:\/\/www.braintumour.ca\/fr\/blogue\/un-coeur-a-lecoute-le-parcours-de-mikelle-meaden-en-travail-social\/"]}]},{"@type":"ImageObject","inLanguage":"fr-CA","@id":"https:\/\/www.braintumour.ca\/fr\/blogue\/un-coeur-a-lecoute-le-parcours-de-mikelle-meaden-en-travail-social\/#primaryimage","url":"https:\/\/www.braintumour.ca\/wp-content\/uploads\/2025\/03\/Mikelle-1.jpg","contentUrl":"https:\/\/www.braintumour.ca\/wp-content\/uploads\/2025\/03\/Mikelle-1.jpg","width":1200,"height":1201},{"@type":"BreadcrumbList","@id":"https:\/\/www.braintumour.ca\/fr\/blogue\/un-coeur-a-lecoute-le-parcours-de-mikelle-meaden-en-travail-social\/#breadcrumb","itemListElement":[{"@type":"ListItem","position":1,"name":"Home","item":"https:\/\/www.braintumour.ca\/fr\/"},{"@type":"ListItem","position":2,"name":"Un c\u0153ur \u00e0 l\u2019\u00e9coute : le parcours de Mikelle Meaden en travail social"}]},{"@type":"WebSite","@id":"https:\/\/www.braintumour.ca\/fr\/#website","url":"https:\/\/www.braintumour.ca\/fr\/","name":"Fondation canadienne des tumeurs c\u00e9r\u00e9brales","description":"Notre mission est de venir en aide \u00e0 toutes les personnes touch\u00e9es par une tumeur c\u00e9r\u00e9brale au Canada par le biais de nos programmes d\u2019information, de soutien, d\u2019\u00e9ducation et de recherche.","potentialAction":[{"@type":"SearchAction","target":{"@type":"EntryPoint","urlTemplate":"https:\/\/www.braintumour.ca\/fr\/?s={search_term_string}"},"query-input":{"@type":"PropertyValueSpecification","valueRequired":true,"valueName":"search_term_string"}}],"inLanguage":"fr-CA"},{"@type":"Person","@id":"https:\/\/www.braintumour.ca\/fr\/#\/schema\/person\/7534b1b1d4da5d8e37af436b293eca3d","name":"Matt Berry","image":{"@type":"ImageObject","inLanguage":"fr-CA","@id":"https:\/\/www.braintumour.ca\/fr\/#\/schema\/person\/image\/","url":"https:\/\/secure.gravatar.com\/avatar\/882da3b67056b0c608086d3c77de46948b64244a4c249e81e0bf04a8095ce320?s=96&d=mm&r=g","contentUrl":"https:\/\/secure.gravatar.com\/avatar\/882da3b67056b0c608086d3c77de46948b64244a4c249e81e0bf04a8095ce320?s=96&d=mm&r=g","caption":"Matt Berry"}}]}},"_links":{"self":[{"href":"https:\/\/www.braintumour.ca\/fr\/wp-json\/wp\/v2\/posts\/13097","targetHints":{"allow":["GET"]}}],"collection":[{"href":"https:\/\/www.braintumour.ca\/fr\/wp-json\/wp\/v2\/posts"}],"about":[{"href":"https:\/\/www.braintumour.ca\/fr\/wp-json\/wp\/v2\/types\/post"}],"author":[{"embeddable":true,"href":"https:\/\/www.braintumour.ca\/fr\/wp-json\/wp\/v2\/users\/4"}],"replies":[{"embeddable":true,"href":"https:\/\/www.braintumour.ca\/fr\/wp-json\/wp\/v2\/comments?post=13097"}],"version-history":[{"count":0,"href":"https:\/\/www.braintumour.ca\/fr\/wp-json\/wp\/v2\/posts\/13097\/revisions"}],"wp:featuredmedia":[{"embeddable":true,"href":"https:\/\/www.braintumour.ca\/fr\/wp-json\/wp\/v2\/media\/13102"}],"wp:attachment":[{"href":"https:\/\/www.braintumour.ca\/fr\/wp-json\/wp\/v2\/media?parent=13097"}],"wp:term":[{"taxonomy":"category","embeddable":true,"href":"https:\/\/www.braintumour.ca\/fr\/wp-json\/wp\/v2\/categories?post=13097"},{"taxonomy":"post_tag","embeddable":true,"href":"https:\/\/www.braintumour.ca\/fr\/wp-json\/wp\/v2\/tags?post=13097"},{"taxonomy":"user_type","embeddable":true,"href":"https:\/\/www.braintumour.ca\/fr\/wp-json\/wp\/v2\/user_type?post=13097"},{"taxonomy":"locations","embeddable":true,"href":"https:\/\/www.braintumour.ca\/fr\/wp-json\/wp\/v2\/locations?post=13097"}],"curies":[{"name":"wp","href":"https:\/\/api.w.org\/{rel}","templated":true}]}}