{"id":13216,"date":"2025-04-22T11:30:03","date_gmt":"2025-04-22T15:30:03","guid":{"rendered":"https:\/\/www.braintumour.ca\/non-classifiee\/hats-for-hope-2024-a-powerful-display-of-solidarity-and-support\/"},"modified":"2025-04-24T11:20:44","modified_gmt":"2025-04-24T15:20:44","slug":"hats-for-hope-2024-a-powerful-display-of-solidarity-and-support","status":"publish","type":"post","link":"https:\/\/www.braintumour.ca\/fr\/blogue\/hats-for-hope-2024-a-powerful-display-of-solidarity-and-support\/","title":{"rendered":"Les tuques pour l\u2019espoir 2024 : un puissant \u00e9lan de solidarit\u00e9 et de soutien"},"content":{"rendered":"<p>Le <strong>mardi 24 octobre 2024<\/strong>, des milliers de Canadiennes et Canadiens se sont r\u00e9unis pour la septi\u00e8me \u00e9dition annuelle de la campagne <a href=\"https:\/\/lestuquespourlespoircanada.ca\/\" target=\"_blank\">Les tuques pour l\u2019espoir<\/a> une journ\u00e9e nationale de sensibilisation qui met en lumi\u00e8re l\u2019impact du cancer du cerveau. Chaque jour au Canada, 27 personnes re\u00e7oivent un diagnostic de tumeur c\u00e9r\u00e9brale. Pour huit d\u2019entre elles, il s\u2019agit d\u2019un cancer du cerveau. <\/p>\n<p>Ce qui a commenc\u00e9 en 2019 comme un mouvement sur les r\u00e9seaux sociaux est devenu une tradition profond\u00e9ment touchante et rassembleuse. Chaque automne, des gens partout au pays enfilent une tuque \u2014 et, plus r\u00e9cemment, un coton ouat\u00e9 \u2014 pour afficher visiblement leur solidarit\u00e9 envers toutes les personnes touch\u00e9es par le cancer du cerveau. Ensemble, nous sensibilisons, rendons hommage \u00e0 celles et ceux que nous avons perdus, et soutenons celles et ceux qui se battent encore. <\/p>\n<p><strong>Faits saillants de la campagne<\/strong><\/p>\n<p><img decoding=\"async\" class=\"alignright size-thumbnail wp-image-9016\" style=\"padding-top: 10px;\" src=\"https:\/\/www.braintumour.ca\/wp-content\/uploads\/2025\/04\/Hats-For-Hope-Participants-2024.png\" alt=\"\" width=\"600px\" height=\"450px\" \/>Cette ann\u00e9e, la campagne a re\u00e7u un soutien exceptionnel d\u2019un oc\u00e9an \u00e0 l\u2019autre. Gr\u00e2ce \u00e0 notre g\u00e9n\u00e9reuse communaut\u00e9 : <\/p>\n<ul>\n<li>Nous avons vendu un total de <strong>1 554 articles<\/strong>, incluant <strong>966 tuques<\/strong> et <strong>588 cotons ouat\u00e9s<\/strong>.<\/li>\n<li>Gr\u00e2ce \u00e0 la g\u00e9n\u00e9rosit\u00e9 incroyable de notre communaut\u00e9, nous avons re\u00e7u environ <strong>16 000 $<\/strong> en dons, en plus d\u2019une contribution de <strong>10 000 $<\/strong> de notre pr\u00e9cieux partenaire, <a href=\"https:\/\/www.newerasite.com\/\" target=\"_blank\">New Era Grafix<\/a>, pour un total de plus de <strong>26 000 $<\/strong> amass\u00e9s. <\/li>\n<li>Plus de <strong>30 influenceurs<\/strong> ont amplifi\u00e9 le message sur les r\u00e9seaux sociaux, nous aidant \u00e0 toucher des milliers de personnes de plus. <\/li>\n<\/ul>\n<p>Les fonds recueillis par Les tuques pour l\u2019espoir sont vers\u00e9s directement \u00e0 la Fondation canadienne des tumeurs c\u00e9r\u00e9brales, afin de soutenir la recherche vitale, les programmes de soutien et les ressources pour les personnes vivant avec un diagnostic de tumeur c\u00e9r\u00e9brale. <\/p>\n<p><strong>Merci sp\u00e9cial \u00e0 notre ambassadeur<\/strong><\/p>\n<p>Nous tenons \u00e0 remercier tout particuli\u00e8rement <a href=\"https:\/\/www.instagram.com\/stepheustaquio\/\" target=\"_blank\">Stephen Eust\u00e1quio<\/a>, vice-capitaine de l\u2019\u00e9quipe nationale masculine de soccer, ambassadeur de la campagne 2024. Stephen et toute l\u2019\u00e9quipe ont contribu\u00e9 \u00e0 faire rayonner la campagne, en diffusant le message et en rejoignant de nouveaux publics. <\/p>\n<p><strong>Des voix influentes pour une cause importante<\/strong><\/p>\n<p>Nous exprimons notre sinc\u00e8re gratitude aux nombreuses personnalit\u00e9s publiques qui ont pr\u00eat\u00e9 leur voix \u00e0 la sensibilisation, notamment : <\/p>\n<ul>\n<img decoding=\"async\" class=\"alignright size-thumbnail wp-image-9016\" style=\"padding-top: 10px;\" src=\"https:\/\/www.braintumour.ca\/wp-content\/uploads\/2025\/04\/Hats-For-Hope-Influencers-2024-Animated-GIF.gif\" alt=\"\" width=\"500px\" height=\"500px\" \/><\/p>\n<li>Paul Sun-Hyung Lee \u2013 acteur <\/li>\n<li>Kaitlyn Lawes \u2013 olympienne<\/li>\n<li>Alex Liang \u2013 courtier immobilier<\/li>\n<li>Alli Walker \u2013 chanteuse country et auteure-compositrice<\/li>\n<li>Ashlyn Renneberg \u2013 paralympienne<\/li>\n<li>Chris Hadfield \u2013 astronaute \u00e0 la retraite et \u00e9crivain<\/li>\n<li>Amanda Lynn Mayhew \u2013 animatrice t\u00e9l\u00e9 <\/li>\n<li>Ellie Black \u2013 olympienne <\/li>\n<li>Bruno Guglielminetti \u2013 podcasteur<\/li>\n<li>Myl\u00e8ne St-Sauveur \u2013 actrice<\/li>\n<li>Mario Tessier \u2013 animateur radio et humoriste <\/li>\n<li>Logan Gauthier \u2013 joueur de hockey <\/li>\n<li>Alan Cross \u2013 animateur radio et podcasteur<\/li>\n<li>Ronda Head \u2013 chanteuse autochtone et nomm\u00e9e aux Grammys <\/li>\n<li>Sarah Smith \u2013 chanteuse <\/li>\n<li>Trish Rainone \u2013 actrice<\/li>\n<li>Vivian Hicks \u2013 chanteuse <\/li>\n<li>Amanda Ruller \u2013 entra\u00eeneuse de football<\/li>\n<li>Justin Kripps \u2013 olympien<\/li>\n<li>The Melisizwe Brothers \u2013 chanteurs <\/li>\n<li>Benjamin Hollingsworth \u2013 acteur <\/li>\n<li>Chase Varnes \u2013 chanteur<\/li>\n<li>Angelo Iacono \u2013 d\u00e9put\u00e9 pour Alfred\u2013Pellan (Qc) <\/li>\n<li>Ginette Petitpas Taylor \u2013 ministre des Anciens Combattants du Canada <\/li>\n<li>Chantal Petitclerc \u2013 m\u00e9daill\u00e9e paralympique et s\u00e9natrice canadienne <\/li>\n<li>Et bien d\u2019autres.\n<\/ul>\n<p>Vos voix ont contribu\u00e9 \u00e0 faire rayonner l\u2019espoir et la sensibilisation dans chaque coin du pays. <\/p>\n<p><strong>Unis par l\u2019espoir <\/strong><\/p>\n<p>Lors de la Journ\u00e9e de sensibilisation au cancer du cerveau, les r\u00e9seaux sociaux se sont remplis de messages de force, d\u2019unit\u00e9 et de compassion. Des salles de classe aux milieux de travail, en passant par les salons, les gens ont fi\u00e8rement port\u00e9 leurs tuques et cotons ouat\u00e9s, partageant des \u00e9goportraits pour soutenir la communaut\u00e9 touch\u00e9e par le cancer du cerveau. Un rappel touchant que personne ne traverse ce parcours seul. <\/p>\n<p>\u00c0 toutes les personnes qui ont achet\u00e9 une tuque ou un coton ouat\u00e9, publi\u00e9 une photo, fait un don ou aid\u00e9 \u00e0 faire conna\u00eetre la campagne \u2014 <strong>merci du fond du c\u0153ur<\/strong>. Votre soutien alimente notre mission et apporte de l\u2019espoir \u00e0 celles et ceux qui en ont le plus besoin. <\/p>\n<p>Restez \u00e0 l\u2019aff\u00fbt : de nouveaux articles #Lestuquespourlespoir seront lanc\u00e9s \u00e0 l\u2019automne prochain. <\/p>\n","protected":false},"excerpt":{"rendered":"<p>Le mardi 24 octobre 2024, des milliers de Canadiennes et Canadiens se sont r\u00e9unis pour la septi\u00e8me \u00e9dition annuelle de la campagne Les tuques pour l\u2019espoir, une journ\u00e9e nationale de sensibilisation qui met en lumi\u00e8re l\u2019impact du cancer du cerveau.<\/p>\n","protected":false},"author":4,"featured_media":13214,"comment_status":"closed","ping_status":"closed","sticky":false,"template":"","format":"standard","meta":{"_acf_changed":false,"footnotes":""},"categories":[138],"tags":[214],"user_type":[],"locations":[161],"class_list":["post-13216","post","type-post","status-publish","format-standard","has-post-thumbnail","hentry","category-blogue","tag-brain-tumour-foundation-of-canada-fr","locations-canada-wide-fr"],"acf":[],"yoast_head":"<!-- This site is optimized with the Yoast SEO Premium plugin v27.0 (Yoast SEO v27.0) - https:\/\/yoast.com\/product\/yoast-seo-premium-wordpress\/ -->\n<title>Les tuques pour l\u2019espoir 2024 : un puissant \u00e9lan de solidarit\u00e9 et de soutien - Fondation canadienne des tumeurs c\u00e9r\u00e9brales<\/title>\n<meta name=\"description\" content=\"Le mardi 24 octobre 2024, des milliers de Canadiennes et Canadiens se sont r\u00e9unis pour la septi\u00e8me \u00e9dition annuelle de la campagne Les tuques pour l\u2019espoir, une journ\u00e9e nationale de sensibilisation qui met en lumi\u00e8re l\u2019impact du cancer du cerveau.\" \/>\n<meta name=\"robots\" content=\"index, follow, max-snippet:-1, max-image-preview:large, max-video-preview:-1\" \/>\n<link rel=\"canonical\" href=\"https:\/\/www.braintumour.ca\/fr\/blogue\/hats-for-hope-2024-a-powerful-display-of-solidarity-and-support\/\" \/>\n<meta property=\"og:locale\" content=\"fr_CA\" \/>\n<meta property=\"og:type\" content=\"article\" \/>\n<meta property=\"og:title\" content=\"Les tuques pour l\u2019espoir 2024 : un puissant \u00e9lan de solidarit\u00e9 et de soutien\" \/>\n<meta property=\"og:description\" content=\"Le mardi 24 octobre 2024, des milliers de Canadiennes et Canadiens se sont r\u00e9unis pour la septi\u00e8me \u00e9dition annuelle de la campagne Les tuques pour l\u2019espoir, une journ\u00e9e nationale de sensibilisation qui met en lumi\u00e8re l\u2019impact du cancer du cerveau.\" \/>\n<meta property=\"og:url\" content=\"https:\/\/www.braintumour.ca\/fr\/blogue\/hats-for-hope-2024-a-powerful-display-of-solidarity-and-support\/\" \/>\n<meta property=\"og:site_name\" content=\"Fondation canadienne des tumeurs c\u00e9r\u00e9brales\" \/>\n<meta property=\"article:published_time\" content=\"2025-04-22T15:30:03+00:00\" \/>\n<meta property=\"article:modified_time\" content=\"2025-04-24T15:20:44+00:00\" \/>\n<meta property=\"og:image\" content=\"https:\/\/www.braintumour.ca\/wp-content\/uploads\/2025\/04\/Team-Canada-Soccer-2024.png\" \/>\n\t<meta property=\"og:image:width\" content=\"550\" \/>\n\t<meta property=\"og:image:height\" content=\"357\" \/>\n\t<meta property=\"og:image:type\" content=\"image\/png\" \/>\n<meta name=\"author\" content=\"Matt Berry\" \/>\n<meta name=\"twitter:card\" content=\"summary_large_image\" \/>\n<meta name=\"twitter:label1\" content=\"\u00c9crit par\" \/>\n\t<meta name=\"twitter:data1\" content=\"Matt Berry\" \/>\n\t<meta name=\"twitter:label2\" content=\"Estimation du temps de lecture\" \/>\n\t<meta name=\"twitter:data2\" content=\"4 minutes\" \/>\n<script type=\"application\/ld+json\" class=\"yoast-schema-graph\">{\"@context\":\"https:\/\/schema.org\",\"@graph\":[{\"@type\":\"Article\",\"@id\":\"https:\/\/www.braintumour.ca\/fr\/blogue\/hats-for-hope-2024-a-powerful-display-of-solidarity-and-support\/#article\",\"isPartOf\":{\"@id\":\"https:\/\/www.braintumour.ca\/fr\/blogue\/hats-for-hope-2024-a-powerful-display-of-solidarity-and-support\/\"},\"author\":{\"name\":\"Matt Berry\",\"@id\":\"https:\/\/www.braintumour.ca\/fr\/#\/schema\/person\/7534b1b1d4da5d8e37af436b293eca3d\"},\"headline\":\"Les tuques pour l\u2019espoir 2024 : un puissant \u00e9lan de solidarit\u00e9 et de soutien\",\"datePublished\":\"2025-04-22T15:30:03+00:00\",\"dateModified\":\"2025-04-24T15:20:44+00:00\",\"mainEntityOfPage\":{\"@id\":\"https:\/\/www.braintumour.ca\/fr\/blogue\/hats-for-hope-2024-a-powerful-display-of-solidarity-and-support\/\"},\"wordCount\":670,\"image\":{\"@id\":\"https:\/\/www.braintumour.ca\/fr\/blogue\/hats-for-hope-2024-a-powerful-display-of-solidarity-and-support\/#primaryimage\"},\"thumbnailUrl\":\"https:\/\/www.braintumour.ca\/wp-content\/uploads\/2025\/04\/Team-Canada-Soccer-2024.png\",\"keywords\":[\"brain tumour foundation of canada\"],\"articleSection\":[\"Nouvelles\"],\"inLanguage\":\"fr-CA\"},{\"@type\":\"WebPage\",\"@id\":\"https:\/\/www.braintumour.ca\/fr\/blogue\/hats-for-hope-2024-a-powerful-display-of-solidarity-and-support\/\",\"url\":\"https:\/\/www.braintumour.ca\/fr\/blogue\/hats-for-hope-2024-a-powerful-display-of-solidarity-and-support\/\",\"name\":\"Les tuques pour l\u2019espoir 2024 : un puissant \u00e9lan de solidarit\u00e9 et de soutien - Fondation canadienne des tumeurs c\u00e9r\u00e9brales\",\"isPartOf\":{\"@id\":\"https:\/\/www.braintumour.ca\/fr\/#website\"},\"primaryImageOfPage\":{\"@id\":\"https:\/\/www.braintumour.ca\/fr\/blogue\/hats-for-hope-2024-a-powerful-display-of-solidarity-and-support\/#primaryimage\"},\"image\":{\"@id\":\"https:\/\/www.braintumour.ca\/fr\/blogue\/hats-for-hope-2024-a-powerful-display-of-solidarity-and-support\/#primaryimage\"},\"thumbnailUrl\":\"https:\/\/www.braintumour.ca\/wp-content\/uploads\/2025\/04\/Team-Canada-Soccer-2024.png\",\"datePublished\":\"2025-04-22T15:30:03+00:00\",\"dateModified\":\"2025-04-24T15:20:44+00:00\",\"author\":{\"@id\":\"https:\/\/www.braintumour.ca\/fr\/#\/schema\/person\/7534b1b1d4da5d8e37af436b293eca3d\"},\"description\":\"Le mardi 24 octobre 2024, des milliers de Canadiennes et Canadiens se sont r\u00e9unis pour la septi\u00e8me \u00e9dition annuelle de la campagne Les tuques pour l\u2019espoir, une journ\u00e9e nationale de sensibilisation qui met en lumi\u00e8re l\u2019impact du cancer du cerveau.\",\"breadcrumb\":{\"@id\":\"https:\/\/www.braintumour.ca\/fr\/blogue\/hats-for-hope-2024-a-powerful-display-of-solidarity-and-support\/#breadcrumb\"},\"inLanguage\":\"fr-CA\",\"potentialAction\":[{\"@type\":\"ReadAction\",\"target\":[\"https:\/\/www.braintumour.ca\/fr\/blogue\/hats-for-hope-2024-a-powerful-display-of-solidarity-and-support\/\"]}]},{\"@type\":\"ImageObject\",\"inLanguage\":\"fr-CA\",\"@id\":\"https:\/\/www.braintumour.ca\/fr\/blogue\/hats-for-hope-2024-a-powerful-display-of-solidarity-and-support\/#primaryimage\",\"url\":\"https:\/\/www.braintumour.ca\/wp-content\/uploads\/2025\/04\/Team-Canada-Soccer-2024.png\",\"contentUrl\":\"https:\/\/www.braintumour.ca\/wp-content\/uploads\/2025\/04\/Team-Canada-Soccer-2024.png\",\"width\":550,\"height\":357},{\"@type\":\"BreadcrumbList\",\"@id\":\"https:\/\/www.braintumour.ca\/fr\/blogue\/hats-for-hope-2024-a-powerful-display-of-solidarity-and-support\/#breadcrumb\",\"itemListElement\":[{\"@type\":\"ListItem\",\"position\":1,\"name\":\"Home\",\"item\":\"https:\/\/www.braintumour.ca\/fr\/\"},{\"@type\":\"ListItem\",\"position\":2,\"name\":\"Les tuques pour l\u2019espoir 2024 : un puissant \u00e9lan de solidarit\u00e9 et de soutien\"}]},{\"@type\":\"WebSite\",\"@id\":\"https:\/\/www.braintumour.ca\/fr\/#website\",\"url\":\"https:\/\/www.braintumour.ca\/fr\/\",\"name\":\"Fondation canadienne des tumeurs c\u00e9r\u00e9brales\",\"description\":\"Notre mission est de venir en aide \u00e0 toutes les personnes touch\u00e9es par une tumeur c\u00e9r\u00e9brale au Canada par le biais de nos programmes d\u2019information, de soutien, d\u2019\u00e9ducation et de recherche.\",\"potentialAction\":[{\"@type\":\"SearchAction\",\"target\":{\"@type\":\"EntryPoint\",\"urlTemplate\":\"https:\/\/www.braintumour.ca\/fr\/?s={search_term_string}\"},\"query-input\":{\"@type\":\"PropertyValueSpecification\",\"valueRequired\":true,\"valueName\":\"search_term_string\"}}],\"inLanguage\":\"fr-CA\"},{\"@type\":\"Person\",\"@id\":\"https:\/\/www.braintumour.ca\/fr\/#\/schema\/person\/7534b1b1d4da5d8e37af436b293eca3d\",\"name\":\"Matt Berry\",\"image\":{\"@type\":\"ImageObject\",\"inLanguage\":\"fr-CA\",\"@id\":\"https:\/\/www.braintumour.ca\/fr\/#\/schema\/person\/image\/\",\"url\":\"https:\/\/secure.gravatar.com\/avatar\/882da3b67056b0c608086d3c77de46948b64244a4c249e81e0bf04a8095ce320?s=96&d=mm&r=g\",\"contentUrl\":\"https:\/\/secure.gravatar.com\/avatar\/882da3b67056b0c608086d3c77de46948b64244a4c249e81e0bf04a8095ce320?s=96&d=mm&r=g\",\"caption\":\"Matt Berry\"}}]}<\/script>\n<!-- \/ Yoast SEO Premium plugin. -->","yoast_head_json":{"title":"Les tuques pour l\u2019espoir 2024 : un puissant \u00e9lan de solidarit\u00e9 et de soutien - Fondation canadienne des tumeurs c\u00e9r\u00e9brales","description":"Le mardi 24 octobre 2024, des milliers de Canadiennes et Canadiens se sont r\u00e9unis pour la septi\u00e8me \u00e9dition annuelle de la campagne Les tuques pour l\u2019espoir, une journ\u00e9e nationale de sensibilisation qui met en lumi\u00e8re l\u2019impact du cancer du cerveau.","robots":{"index":"index","follow":"follow","max-snippet":"max-snippet:-1","max-image-preview":"max-image-preview:large","max-video-preview":"max-video-preview:-1"},"canonical":"https:\/\/www.braintumour.ca\/fr\/blogue\/hats-for-hope-2024-a-powerful-display-of-solidarity-and-support\/","og_locale":"fr_CA","og_type":"article","og_title":"Les tuques pour l\u2019espoir 2024 : un puissant \u00e9lan de solidarit\u00e9 et de soutien","og_description":"Le mardi 24 octobre 2024, des milliers de Canadiennes et Canadiens se sont r\u00e9unis pour la septi\u00e8me \u00e9dition annuelle de la campagne Les tuques pour l\u2019espoir, une journ\u00e9e nationale de sensibilisation qui met en lumi\u00e8re l\u2019impact du cancer du cerveau.","og_url":"https:\/\/www.braintumour.ca\/fr\/blogue\/hats-for-hope-2024-a-powerful-display-of-solidarity-and-support\/","og_site_name":"Fondation canadienne des tumeurs c\u00e9r\u00e9brales","article_published_time":"2025-04-22T15:30:03+00:00","article_modified_time":"2025-04-24T15:20:44+00:00","og_image":[{"width":550,"height":357,"url":"https:\/\/www.braintumour.ca\/wp-content\/uploads\/2025\/04\/Team-Canada-Soccer-2024.png","type":"image\/png"}],"author":"Matt Berry","twitter_card":"summary_large_image","twitter_misc":{"\u00c9crit par":"Matt Berry","Estimation du temps de lecture":"4 minutes"},"schema":{"@context":"https:\/\/schema.org","@graph":[{"@type":"Article","@id":"https:\/\/www.braintumour.ca\/fr\/blogue\/hats-for-hope-2024-a-powerful-display-of-solidarity-and-support\/#article","isPartOf":{"@id":"https:\/\/www.braintumour.ca\/fr\/blogue\/hats-for-hope-2024-a-powerful-display-of-solidarity-and-support\/"},"author":{"name":"Matt Berry","@id":"https:\/\/www.braintumour.ca\/fr\/#\/schema\/person\/7534b1b1d4da5d8e37af436b293eca3d"},"headline":"Les tuques pour l\u2019espoir 2024 : un puissant \u00e9lan de solidarit\u00e9 et de soutien","datePublished":"2025-04-22T15:30:03+00:00","dateModified":"2025-04-24T15:20:44+00:00","mainEntityOfPage":{"@id":"https:\/\/www.braintumour.ca\/fr\/blogue\/hats-for-hope-2024-a-powerful-display-of-solidarity-and-support\/"},"wordCount":670,"image":{"@id":"https:\/\/www.braintumour.ca\/fr\/blogue\/hats-for-hope-2024-a-powerful-display-of-solidarity-and-support\/#primaryimage"},"thumbnailUrl":"https:\/\/www.braintumour.ca\/wp-content\/uploads\/2025\/04\/Team-Canada-Soccer-2024.png","keywords":["brain tumour foundation of canada"],"articleSection":["Nouvelles"],"inLanguage":"fr-CA"},{"@type":"WebPage","@id":"https:\/\/www.braintumour.ca\/fr\/blogue\/hats-for-hope-2024-a-powerful-display-of-solidarity-and-support\/","url":"https:\/\/www.braintumour.ca\/fr\/blogue\/hats-for-hope-2024-a-powerful-display-of-solidarity-and-support\/","name":"Les tuques pour l\u2019espoir 2024 : un puissant \u00e9lan de solidarit\u00e9 et de soutien - Fondation canadienne des tumeurs c\u00e9r\u00e9brales","isPartOf":{"@id":"https:\/\/www.braintumour.ca\/fr\/#website"},"primaryImageOfPage":{"@id":"https:\/\/www.braintumour.ca\/fr\/blogue\/hats-for-hope-2024-a-powerful-display-of-solidarity-and-support\/#primaryimage"},"image":{"@id":"https:\/\/www.braintumour.ca\/fr\/blogue\/hats-for-hope-2024-a-powerful-display-of-solidarity-and-support\/#primaryimage"},"thumbnailUrl":"https:\/\/www.braintumour.ca\/wp-content\/uploads\/2025\/04\/Team-Canada-Soccer-2024.png","datePublished":"2025-04-22T15:30:03+00:00","dateModified":"2025-04-24T15:20:44+00:00","author":{"@id":"https:\/\/www.braintumour.ca\/fr\/#\/schema\/person\/7534b1b1d4da5d8e37af436b293eca3d"},"description":"Le mardi 24 octobre 2024, des milliers de Canadiennes et Canadiens se sont r\u00e9unis pour la septi\u00e8me \u00e9dition annuelle de la campagne Les tuques pour l\u2019espoir, une journ\u00e9e nationale de sensibilisation qui met en lumi\u00e8re l\u2019impact du cancer du cerveau.","breadcrumb":{"@id":"https:\/\/www.braintumour.ca\/fr\/blogue\/hats-for-hope-2024-a-powerful-display-of-solidarity-and-support\/#breadcrumb"},"inLanguage":"fr-CA","potentialAction":[{"@type":"ReadAction","target":["https:\/\/www.braintumour.ca\/fr\/blogue\/hats-for-hope-2024-a-powerful-display-of-solidarity-and-support\/"]}]},{"@type":"ImageObject","inLanguage":"fr-CA","@id":"https:\/\/www.braintumour.ca\/fr\/blogue\/hats-for-hope-2024-a-powerful-display-of-solidarity-and-support\/#primaryimage","url":"https:\/\/www.braintumour.ca\/wp-content\/uploads\/2025\/04\/Team-Canada-Soccer-2024.png","contentUrl":"https:\/\/www.braintumour.ca\/wp-content\/uploads\/2025\/04\/Team-Canada-Soccer-2024.png","width":550,"height":357},{"@type":"BreadcrumbList","@id":"https:\/\/www.braintumour.ca\/fr\/blogue\/hats-for-hope-2024-a-powerful-display-of-solidarity-and-support\/#breadcrumb","itemListElement":[{"@type":"ListItem","position":1,"name":"Home","item":"https:\/\/www.braintumour.ca\/fr\/"},{"@type":"ListItem","position":2,"name":"Les tuques pour l\u2019espoir 2024 : un puissant \u00e9lan de solidarit\u00e9 et de soutien"}]},{"@type":"WebSite","@id":"https:\/\/www.braintumour.ca\/fr\/#website","url":"https:\/\/www.braintumour.ca\/fr\/","name":"Fondation canadienne des tumeurs c\u00e9r\u00e9brales","description":"Notre mission est de venir en aide \u00e0 toutes les personnes touch\u00e9es par une tumeur c\u00e9r\u00e9brale au Canada par le biais de nos programmes d\u2019information, de soutien, d\u2019\u00e9ducation et de recherche.","potentialAction":[{"@type":"SearchAction","target":{"@type":"EntryPoint","urlTemplate":"https:\/\/www.braintumour.ca\/fr\/?s={search_term_string}"},"query-input":{"@type":"PropertyValueSpecification","valueRequired":true,"valueName":"search_term_string"}}],"inLanguage":"fr-CA"},{"@type":"Person","@id":"https:\/\/www.braintumour.ca\/fr\/#\/schema\/person\/7534b1b1d4da5d8e37af436b293eca3d","name":"Matt Berry","image":{"@type":"ImageObject","inLanguage":"fr-CA","@id":"https:\/\/www.braintumour.ca\/fr\/#\/schema\/person\/image\/","url":"https:\/\/secure.gravatar.com\/avatar\/882da3b67056b0c608086d3c77de46948b64244a4c249e81e0bf04a8095ce320?s=96&d=mm&r=g","contentUrl":"https:\/\/secure.gravatar.com\/avatar\/882da3b67056b0c608086d3c77de46948b64244a4c249e81e0bf04a8095ce320?s=96&d=mm&r=g","caption":"Matt Berry"}}]}},"_links":{"self":[{"href":"https:\/\/www.braintumour.ca\/fr\/wp-json\/wp\/v2\/posts\/13216","targetHints":{"allow":["GET"]}}],"collection":[{"href":"https:\/\/www.braintumour.ca\/fr\/wp-json\/wp\/v2\/posts"}],"about":[{"href":"https:\/\/www.braintumour.ca\/fr\/wp-json\/wp\/v2\/types\/post"}],"author":[{"embeddable":true,"href":"https:\/\/www.braintumour.ca\/fr\/wp-json\/wp\/v2\/users\/4"}],"replies":[{"embeddable":true,"href":"https:\/\/www.braintumour.ca\/fr\/wp-json\/wp\/v2\/comments?post=13216"}],"version-history":[{"count":0,"href":"https:\/\/www.braintumour.ca\/fr\/wp-json\/wp\/v2\/posts\/13216\/revisions"}],"wp:featuredmedia":[{"embeddable":true,"href":"https:\/\/www.braintumour.ca\/fr\/wp-json\/wp\/v2\/media\/13214"}],"wp:attachment":[{"href":"https:\/\/www.braintumour.ca\/fr\/wp-json\/wp\/v2\/media?parent=13216"}],"wp:term":[{"taxonomy":"category","embeddable":true,"href":"https:\/\/www.braintumour.ca\/fr\/wp-json\/wp\/v2\/categories?post=13216"},{"taxonomy":"post_tag","embeddable":true,"href":"https:\/\/www.braintumour.ca\/fr\/wp-json\/wp\/v2\/tags?post=13216"},{"taxonomy":"user_type","embeddable":true,"href":"https:\/\/www.braintumour.ca\/fr\/wp-json\/wp\/v2\/user_type?post=13216"},{"taxonomy":"locations","embeddable":true,"href":"https:\/\/www.braintumour.ca\/fr\/wp-json\/wp\/v2\/locations?post=13216"}],"curies":[{"name":"wp","href":"https:\/\/api.w.org\/{rel}","templated":true}]}}