{"id":13570,"date":"2025-06-05T11:07:02","date_gmt":"2025-06-05T15:07:02","guid":{"rendered":"https:\/\/www.braintumour.ca\/?p=13570"},"modified":"2025-06-05T11:07:02","modified_gmt":"2025-06-05T15:07:02","slug":"decouvrez-les-ambassadeurs-de-la-marche-des-tumeurs-cerebrales-2025","status":"publish","type":"post","link":"https:\/\/www.braintumour.ca\/fr\/blogue\/decouvrez-les-ambassadeurs-de-la-marche-des-tumeurs-cerebrales-2025\/","title":{"rendered":"D\u00e9couvrez les ambassadeurs de la Marche des tumeurs c\u00e9r\u00e9brales 2025"},"content":{"rendered":"<p>Chaque ann\u00e9e, la Marche des tumeurs c\u00e9r\u00e9brales rassemble les Canadiens d\u2019un oc\u00e9an \u00e0 l\u2019autre dans un \u00e9lan puissant de solidarit\u00e9 et de soutien envers toutes les personnes touch\u00e9es par une tumeur c\u00e9r\u00e9brale. Derri\u00e8re chaque marche se cache une histoire de courage, de r\u00e9silience et de liens profonds tiss\u00e9s dans l\u2019\u00e9preuve. <\/p>\n<p>Aujourd\u2019hui, nous sommes fiers de vous pr\u00e9senter les ambassadeurs de la Marche des tumeurs c\u00e9r\u00e9brales 2025, sept personnes inspirantes de partout au pays qui incarnent la force de notre communaut\u00e9. Tous ont \u00e9t\u00e9 confront\u00e9s aux d\u00e9fis d\u2019un diagnostic de tumeur c\u00e9r\u00e9brale, personnellement ou \u00e0 travers un proche, et marchent aujourd\u2019hui dans le but de sensibiliser, soutenir les autres et faire avancer les choses. <\/p>\n<div>\n<img loading=\"lazy\" decoding=\"async\" class=\"alignleft size-thumbnail wp-image-9016\" src=\"https:\/\/www.braintumour.ca\/wp-content\/uploads\/2025\/06\/Alex.jpg\" alt=\"\" width=\"150\" height=\"300\" \/><\/p>\n<h5><strong>Alex Djukic (Calgary) <\/strong><\/h5>\n<p>Apr\u00e8s avoir perdu son p\u00e8re \u00e0 cause d\u2019un glioblastome, Alex s\u2019est joint au comit\u00e9 organisateur de la Marche de Calgary pour soutenir d\u2019autres personnes vivant une exp\u00e9rience similaire. Il croit profond\u00e9ment au pouvoir de la communaut\u00e9 et du v\u00e9cu partag\u00e9. <\/p>\n<p style=\"text-align: left;\"><a class=\"button\" href=\"https:\/\/www.braintumour.ca\/fr\/alex-djukic-calgary-brain-tumour-walk-ambassador\/\" target=\"_blank\">Lire son t\u00e9moignage<\/a><\/p>\n<hr>\n<p><img loading=\"lazy\" decoding=\"async\" class=\"alignleft size-thumbnail wp-image-9016\" src=\"https:\/\/www.braintumour.ca\/wp-content\/uploads\/2025\/06\/Alicia-Grace-rotated.jpg\" alt=\"\" width=\"150\" height=\"300\" \/><\/p>\n<h5><strong>Alicia Grace Chenier (Sudbury &#038; Community Walks) <\/strong><\/h5>\n<p>Diagnostiqu\u00e9e \u00e0 l\u2019\u00e2ge de huit mois, Alicia milite depuis de nombreuses ann\u00e9es et a re\u00e7u une Bourse d\u2019\u00e9tudes pour les jeunes survivants. Elle partage son histoire pour inspirer et cr\u00e9er des liens \u00e0 travers le Canada. <\/p>\n<p style=\"text-align: left;\"><a class=\"button\" href=\"https:\/\/www.braintumour.ca\/fr\/ambassadrice-de-la-marche-de-sudbury-et-des-marches-communautaires\/\" target=\"_blank\">Lire son t\u00e9moignage<\/a><\/p>\n<hr>\n<p><img loading=\"lazy\" decoding=\"async\" class=\"alignleft size-thumbnail wp-image-9016\" src=\"https:\/\/www.braintumour.ca\/wp-content\/uploads\/2025\/05\/Elman-3.jpg\" alt=\"\" width=\"150\" height=\"300\" \/><\/p>\n<h5><strong>Elman Mirzaei (Ottawa)<\/strong><\/h5>\n<p>Elman a re\u00e7u un premier diagnostic en 2020, suivi d\u2019une r\u00e9cidive en 2023. Durant sa convalescence, il a lanc\u00e9 TheSlopeAdvisor.com et marche aujourd\u2019hui pour montrer que la vie apr\u00e8s un diagnostic est non seulement possible, mais riche de sens. <\/p>\n<p style=\"text-align: left;\"><a class=\"button\" href=\"https:\/\/www.braintumour.ca\/fr\/ambassadeur-de-la-marche-des-tumeurs-cerebrales-dottawa\/\" target=\"_blank\">Lire son t\u00e9moignage<\/a><\/p>\n<hr>\n<p><img loading=\"lazy\" decoding=\"async\" class=\"alignleft size-thumbnail wp-image-9016\" src=\"https:\/\/www.braintumour.ca\/wp-content\/uploads\/2025\/06\/Janet.jpg\" alt=\"\" width=\"150\" height=\"300\" \/><\/p>\n<h5><strong>Janet Hempler (Edmonton)<\/strong><\/h5>\n<p>Le diagnostic de Janet en 2014 a chang\u00e9 le cours de sa vie. Depuis 2015, elle contribue \u00e0 l\u2019organisation de la Marche d\u2019Edmonton, en hommage aux amis qu\u2019elle a rencontr\u00e9s \u2014 et parfois perdus \u2014 en chemin.  <\/p>\n<p style=\"text-align: left;\"><a class=\"button\" href=\"https:\/\/www.braintumour.ca\/fr\/ambassadrice-de-la-marche-des-tumeurs-cerebrales-dedmonton\/\" target=\"_blank\">Lire son t\u00e9moignage<\/a><\/p>\n<hr>\n<p><img loading=\"lazy\" decoding=\"async\" class=\"alignleft size-thumbnail wp-image-9016\" src=\"https:\/\/www.braintumour.ca\/wp-content\/uploads\/2025\/05\/Laura-Updated.jpg\" alt=\"\" width=\"150\" height=\"300\" \/><\/p>\n<h5><strong>Laura Thompson (Toronto) <\/strong><\/h5>\n<p>Diagnostiqu\u00e9e en 2019, Laura a puis\u00e9 sa force dans la gu\u00e9rison et l\u2019entrepreneuriat. Son entreprise, Three Ships, est fi\u00e8re de commanditer les Marches de Toronto et d\u2019Edmonton en 2025.<\/p>\n<p style=\"text-align: left;\"><a class=\"button\" href=\"https:\/\/www.braintumour.ca\/fr\/ambassadrice-de-la-marche-des-tumeurs-cerebrales-de-toronto-gta\/\" target=\"_blank\">Lire son t\u00e9moignage<\/a><\/p>\n<hr>\n<p><img loading=\"lazy\" decoding=\"async\" class=\"alignleft size-thumbnail wp-image-9016\" src=\"https:\/\/www.braintumour.ca\/wp-content\/uploads\/2025\/06\/Paul.jpg\" alt=\"\" width=\"150\" height=\"300\" \/><\/p>\n<h5><strong>Paul Lytwynec (London)<\/strong><\/h5>\n<p>Depuis 2019, Paul a recueilli plus de 26 000 $ avec son \u00e9quipe Everyday We Lyt. Maintenant membre du comit\u00e9 organisateur de London, il marche pour que personne n\u2019ait \u00e0 affronter une tumeur c\u00e9r\u00e9brale seul. <\/p>\n<p style=\"text-align: left;\"><a class=\"button\" href=\"https:\/\/www.braintumour.ca\/fr\/ambassadeur-de-la-marche-des-tumeurs-cerebrales-de-london\/\" target=\"_blank\">Lire son t\u00e9moignage<\/a><\/p>\n<hr>\n<p><img loading=\"lazy\" decoding=\"async\" class=\"alignleft size-thumbnail wp-image-9016\" src=\"https:\/\/www.braintumour.ca\/wp-content\/uploads\/2025\/06\/Camilla.jpg\" alt=\"\" width=\"150\" height=\"300\" \/><\/p>\n<h5><strong>Camila Munoz-Gomes (Winnipeg) <\/strong><\/h5>\n<p>Diagnostiqu\u00e9e en 2022, cette ambassadrice a rapidement trouv\u00e9 un appui au sein de la communaut\u00e9 de la Fondation. Membre du comit\u00e9 organisateur, elle est anim\u00e9e par le d\u00e9sir d\u2019offrir du soutien et de b\u00e2tir des amiti\u00e9s durables.<\/p>\n<p style=\"text-align: left;\"><a class=\"button\" href=\"https:\/\/www.braintumour.ca\/fr\/ambassadrice-de-la-marche-des-tumeurs-cerebrales-de-winnipeg\/\" target=\"_blank\">Lire son t\u00e9moignage<\/a><\/p>\n<hr>\n<\/div>\n<p>Ces sept ambassadeurs nous rappellent que, bien que les tumeurs c\u00e9r\u00e9brales soient complexes et souvent sources d\u2019isolement, il existe une force dans la connexion humaine et de l\u2019espoir \u00e0 chaque pas que nous faisons ensemble. <\/p>\n<p>Que vous marchiez pour vous-m\u00eame, pour un \u00eatre cher ou simplement pour soutenir la cause, nous vous invitons \u00e0 vous joindre \u00e0 nous en 2025. Ensemble, marchons vers un avenir sans tumeurs c\u00e9r\u00e9brales. <\/p>\n<p>Pour en savoir plus et vous inscrire, visitez <a href=\"https:\/\/btfc.akaraisin.com\/ui\/btw2025fr\" target=\"_blank\">MarcheTumeursCerebrales.ca<\/a>. <\/p>\n","protected":false},"excerpt":{"rendered":"<p>Aujourd\u2019hui, nous sommes fiers de vous pr\u00e9senter les ambassadeurs de la Marche des tumeurs c\u00e9r\u00e9brales 2025, sept personnes inspirantes de partout au pays qui incarnent la force de notre communaut\u00e9. Tous ont \u00e9t\u00e9 confront\u00e9s aux d\u00e9fis d\u2019un diagnostic de tumeur c\u00e9r\u00e9brale, personnellement ou \u00e0 travers un proche, et marchent aujourd\u2019hui dans le but de sensibiliser, soutenir les autres et faire avancer les choses. <\/p>\n","protected":false},"author":4,"featured_media":13568,"comment_status":"closed","ping_status":"closed","sticky":false,"template":"","format":"standard","meta":{"_acf_changed":false,"footnotes":""},"categories":[138],"tags":[],"user_type":[],"locations":[161],"class_list":["post-13570","post","type-post","status-publish","format-standard","has-post-thumbnail","hentry","category-blogue","locations-canada-wide-fr"],"acf":[],"yoast_head":"<!-- This site is optimized with the Yoast SEO Premium plugin v27.0 (Yoast SEO v27.0) - https:\/\/yoast.com\/product\/yoast-seo-premium-wordpress\/ -->\n<title>D\u00e9couvrez les ambassadeurs de la Marche des tumeurs c\u00e9r\u00e9brales 2025 - Fondation canadienne des tumeurs c\u00e9r\u00e9brales<\/title>\n<meta name=\"description\" content=\"Aujourd\u2019hui, nous sommes fiers de vous pr\u00e9senter les ambassadeurs de la Marche des tumeurs c\u00e9r\u00e9brales 2025, sept personnes inspirantes de partout au pays qui incarnent la force de notre communaut\u00e9.\" \/>\n<meta name=\"robots\" content=\"index, follow, max-snippet:-1, max-image-preview:large, max-video-preview:-1\" \/>\n<link rel=\"canonical\" href=\"https:\/\/www.braintumour.ca\/fr\/blogue\/decouvrez-les-ambassadeurs-de-la-marche-des-tumeurs-cerebrales-2025\/\" \/>\n<meta property=\"og:locale\" content=\"fr_CA\" \/>\n<meta property=\"og:type\" content=\"article\" \/>\n<meta property=\"og:title\" content=\"D\u00e9couvrez les ambassadeurs de la Marche des tumeurs c\u00e9r\u00e9brales 2025\" \/>\n<meta property=\"og:description\" content=\"Aujourd\u2019hui, nous sommes fiers de vous pr\u00e9senter les ambassadeurs de la Marche des tumeurs c\u00e9r\u00e9brales 2025, sept personnes inspirantes de partout au pays qui incarnent la force de notre communaut\u00e9.\" \/>\n<meta property=\"og:url\" content=\"https:\/\/www.braintumour.ca\/fr\/blogue\/decouvrez-les-ambassadeurs-de-la-marche-des-tumeurs-cerebrales-2025\/\" \/>\n<meta property=\"og:site_name\" content=\"Fondation canadienne des tumeurs c\u00e9r\u00e9brales\" \/>\n<meta property=\"article:published_time\" content=\"2025-06-05T15:07:02+00:00\" \/>\n<meta property=\"og:image\" content=\"https:\/\/www.braintumour.ca\/wp-content\/uploads\/2025\/06\/2025-Ambassadors.png\" \/>\n\t<meta property=\"og:image:width\" content=\"1080\" \/>\n\t<meta property=\"og:image:height\" content=\"774\" \/>\n\t<meta property=\"og:image:type\" content=\"image\/png\" \/>\n<meta name=\"author\" content=\"Matt Berry\" \/>\n<meta name=\"twitter:card\" content=\"summary_large_image\" \/>\n<meta name=\"twitter:label1\" content=\"\u00c9crit par\" \/>\n\t<meta name=\"twitter:data1\" content=\"Matt Berry\" \/>\n\t<meta name=\"twitter:label2\" content=\"Estimation du temps de lecture\" \/>\n\t<meta name=\"twitter:data2\" content=\"4 minutes\" \/>\n<script type=\"application\/ld+json\" class=\"yoast-schema-graph\">{\"@context\":\"https:\/\/schema.org\",\"@graph\":[{\"@type\":\"Article\",\"@id\":\"https:\/\/www.braintumour.ca\/fr\/blogue\/decouvrez-les-ambassadeurs-de-la-marche-des-tumeurs-cerebrales-2025\/#article\",\"isPartOf\":{\"@id\":\"https:\/\/www.braintumour.ca\/fr\/blogue\/decouvrez-les-ambassadeurs-de-la-marche-des-tumeurs-cerebrales-2025\/\"},\"author\":{\"name\":\"Matt Berry\",\"@id\":\"https:\/\/www.braintumour.ca\/fr\/#\/schema\/person\/7534b1b1d4da5d8e37af436b293eca3d\"},\"headline\":\"D\u00e9couvrez les ambassadeurs de la Marche des tumeurs c\u00e9r\u00e9brales 2025\",\"datePublished\":\"2025-06-05T15:07:02+00:00\",\"mainEntityOfPage\":{\"@id\":\"https:\/\/www.braintumour.ca\/fr\/blogue\/decouvrez-les-ambassadeurs-de-la-marche-des-tumeurs-cerebrales-2025\/\"},\"wordCount\":551,\"image\":{\"@id\":\"https:\/\/www.braintumour.ca\/fr\/blogue\/decouvrez-les-ambassadeurs-de-la-marche-des-tumeurs-cerebrales-2025\/#primaryimage\"},\"thumbnailUrl\":\"https:\/\/www.braintumour.ca\/wp-content\/uploads\/2025\/06\/2025-Ambassadors.png\",\"articleSection\":[\"Nouvelles\"],\"inLanguage\":\"fr-CA\"},{\"@type\":\"WebPage\",\"@id\":\"https:\/\/www.braintumour.ca\/fr\/blogue\/decouvrez-les-ambassadeurs-de-la-marche-des-tumeurs-cerebrales-2025\/\",\"url\":\"https:\/\/www.braintumour.ca\/fr\/blogue\/decouvrez-les-ambassadeurs-de-la-marche-des-tumeurs-cerebrales-2025\/\",\"name\":\"D\u00e9couvrez les ambassadeurs de la Marche des tumeurs c\u00e9r\u00e9brales 2025 - Fondation canadienne des tumeurs c\u00e9r\u00e9brales\",\"isPartOf\":{\"@id\":\"https:\/\/www.braintumour.ca\/fr\/#website\"},\"primaryImageOfPage\":{\"@id\":\"https:\/\/www.braintumour.ca\/fr\/blogue\/decouvrez-les-ambassadeurs-de-la-marche-des-tumeurs-cerebrales-2025\/#primaryimage\"},\"image\":{\"@id\":\"https:\/\/www.braintumour.ca\/fr\/blogue\/decouvrez-les-ambassadeurs-de-la-marche-des-tumeurs-cerebrales-2025\/#primaryimage\"},\"thumbnailUrl\":\"https:\/\/www.braintumour.ca\/wp-content\/uploads\/2025\/06\/2025-Ambassadors.png\",\"datePublished\":\"2025-06-05T15:07:02+00:00\",\"author\":{\"@id\":\"https:\/\/www.braintumour.ca\/fr\/#\/schema\/person\/7534b1b1d4da5d8e37af436b293eca3d\"},\"description\":\"Aujourd\u2019hui, nous sommes fiers de vous pr\u00e9senter les ambassadeurs de la Marche des tumeurs c\u00e9r\u00e9brales 2025, sept personnes inspirantes de partout au pays qui incarnent la force de notre communaut\u00e9.\",\"breadcrumb\":{\"@id\":\"https:\/\/www.braintumour.ca\/fr\/blogue\/decouvrez-les-ambassadeurs-de-la-marche-des-tumeurs-cerebrales-2025\/#breadcrumb\"},\"inLanguage\":\"fr-CA\",\"potentialAction\":[{\"@type\":\"ReadAction\",\"target\":[\"https:\/\/www.braintumour.ca\/fr\/blogue\/decouvrez-les-ambassadeurs-de-la-marche-des-tumeurs-cerebrales-2025\/\"]}]},{\"@type\":\"ImageObject\",\"inLanguage\":\"fr-CA\",\"@id\":\"https:\/\/www.braintumour.ca\/fr\/blogue\/decouvrez-les-ambassadeurs-de-la-marche-des-tumeurs-cerebrales-2025\/#primaryimage\",\"url\":\"https:\/\/www.braintumour.ca\/wp-content\/uploads\/2025\/06\/2025-Ambassadors.png\",\"contentUrl\":\"https:\/\/www.braintumour.ca\/wp-content\/uploads\/2025\/06\/2025-Ambassadors.png\",\"width\":1080,\"height\":774},{\"@type\":\"BreadcrumbList\",\"@id\":\"https:\/\/www.braintumour.ca\/fr\/blogue\/decouvrez-les-ambassadeurs-de-la-marche-des-tumeurs-cerebrales-2025\/#breadcrumb\",\"itemListElement\":[{\"@type\":\"ListItem\",\"position\":1,\"name\":\"Home\",\"item\":\"https:\/\/www.braintumour.ca\/fr\/\"},{\"@type\":\"ListItem\",\"position\":2,\"name\":\"D\u00e9couvrez les ambassadeurs de la Marche des tumeurs c\u00e9r\u00e9brales 2025\"}]},{\"@type\":\"WebSite\",\"@id\":\"https:\/\/www.braintumour.ca\/fr\/#website\",\"url\":\"https:\/\/www.braintumour.ca\/fr\/\",\"name\":\"Fondation canadienne des tumeurs c\u00e9r\u00e9brales\",\"description\":\"Notre mission est de venir en aide \u00e0 toutes les personnes touch\u00e9es par une tumeur c\u00e9r\u00e9brale au Canada par le biais de nos programmes d\u2019information, de soutien, d\u2019\u00e9ducation et de recherche.\",\"potentialAction\":[{\"@type\":\"SearchAction\",\"target\":{\"@type\":\"EntryPoint\",\"urlTemplate\":\"https:\/\/www.braintumour.ca\/fr\/?s={search_term_string}\"},\"query-input\":{\"@type\":\"PropertyValueSpecification\",\"valueRequired\":true,\"valueName\":\"search_term_string\"}}],\"inLanguage\":\"fr-CA\"},{\"@type\":\"Person\",\"@id\":\"https:\/\/www.braintumour.ca\/fr\/#\/schema\/person\/7534b1b1d4da5d8e37af436b293eca3d\",\"name\":\"Matt Berry\",\"image\":{\"@type\":\"ImageObject\",\"inLanguage\":\"fr-CA\",\"@id\":\"https:\/\/www.braintumour.ca\/fr\/#\/schema\/person\/image\/\",\"url\":\"https:\/\/secure.gravatar.com\/avatar\/882da3b67056b0c608086d3c77de46948b64244a4c249e81e0bf04a8095ce320?s=96&d=mm&r=g\",\"contentUrl\":\"https:\/\/secure.gravatar.com\/avatar\/882da3b67056b0c608086d3c77de46948b64244a4c249e81e0bf04a8095ce320?s=96&d=mm&r=g\",\"caption\":\"Matt Berry\"}}]}<\/script>\n<!-- \/ Yoast SEO Premium plugin. -->","yoast_head_json":{"title":"D\u00e9couvrez les ambassadeurs de la Marche des tumeurs c\u00e9r\u00e9brales 2025 - Fondation canadienne des tumeurs c\u00e9r\u00e9brales","description":"Aujourd\u2019hui, nous sommes fiers de vous pr\u00e9senter les ambassadeurs de la Marche des tumeurs c\u00e9r\u00e9brales 2025, sept personnes inspirantes de partout au pays qui incarnent la force de notre communaut\u00e9.","robots":{"index":"index","follow":"follow","max-snippet":"max-snippet:-1","max-image-preview":"max-image-preview:large","max-video-preview":"max-video-preview:-1"},"canonical":"https:\/\/www.braintumour.ca\/fr\/blogue\/decouvrez-les-ambassadeurs-de-la-marche-des-tumeurs-cerebrales-2025\/","og_locale":"fr_CA","og_type":"article","og_title":"D\u00e9couvrez les ambassadeurs de la Marche des tumeurs c\u00e9r\u00e9brales 2025","og_description":"Aujourd\u2019hui, nous sommes fiers de vous pr\u00e9senter les ambassadeurs de la Marche des tumeurs c\u00e9r\u00e9brales 2025, sept personnes inspirantes de partout au pays qui incarnent la force de notre communaut\u00e9.","og_url":"https:\/\/www.braintumour.ca\/fr\/blogue\/decouvrez-les-ambassadeurs-de-la-marche-des-tumeurs-cerebrales-2025\/","og_site_name":"Fondation canadienne des tumeurs c\u00e9r\u00e9brales","article_published_time":"2025-06-05T15:07:02+00:00","og_image":[{"width":1080,"height":774,"url":"https:\/\/www.braintumour.ca\/wp-content\/uploads\/2025\/06\/2025-Ambassadors.png","type":"image\/png"}],"author":"Matt Berry","twitter_card":"summary_large_image","twitter_misc":{"\u00c9crit par":"Matt Berry","Estimation du temps de lecture":"4 minutes"},"schema":{"@context":"https:\/\/schema.org","@graph":[{"@type":"Article","@id":"https:\/\/www.braintumour.ca\/fr\/blogue\/decouvrez-les-ambassadeurs-de-la-marche-des-tumeurs-cerebrales-2025\/#article","isPartOf":{"@id":"https:\/\/www.braintumour.ca\/fr\/blogue\/decouvrez-les-ambassadeurs-de-la-marche-des-tumeurs-cerebrales-2025\/"},"author":{"name":"Matt Berry","@id":"https:\/\/www.braintumour.ca\/fr\/#\/schema\/person\/7534b1b1d4da5d8e37af436b293eca3d"},"headline":"D\u00e9couvrez les ambassadeurs de la Marche des tumeurs c\u00e9r\u00e9brales 2025","datePublished":"2025-06-05T15:07:02+00:00","mainEntityOfPage":{"@id":"https:\/\/www.braintumour.ca\/fr\/blogue\/decouvrez-les-ambassadeurs-de-la-marche-des-tumeurs-cerebrales-2025\/"},"wordCount":551,"image":{"@id":"https:\/\/www.braintumour.ca\/fr\/blogue\/decouvrez-les-ambassadeurs-de-la-marche-des-tumeurs-cerebrales-2025\/#primaryimage"},"thumbnailUrl":"https:\/\/www.braintumour.ca\/wp-content\/uploads\/2025\/06\/2025-Ambassadors.png","articleSection":["Nouvelles"],"inLanguage":"fr-CA"},{"@type":"WebPage","@id":"https:\/\/www.braintumour.ca\/fr\/blogue\/decouvrez-les-ambassadeurs-de-la-marche-des-tumeurs-cerebrales-2025\/","url":"https:\/\/www.braintumour.ca\/fr\/blogue\/decouvrez-les-ambassadeurs-de-la-marche-des-tumeurs-cerebrales-2025\/","name":"D\u00e9couvrez les ambassadeurs de la Marche des tumeurs c\u00e9r\u00e9brales 2025 - Fondation canadienne des tumeurs c\u00e9r\u00e9brales","isPartOf":{"@id":"https:\/\/www.braintumour.ca\/fr\/#website"},"primaryImageOfPage":{"@id":"https:\/\/www.braintumour.ca\/fr\/blogue\/decouvrez-les-ambassadeurs-de-la-marche-des-tumeurs-cerebrales-2025\/#primaryimage"},"image":{"@id":"https:\/\/www.braintumour.ca\/fr\/blogue\/decouvrez-les-ambassadeurs-de-la-marche-des-tumeurs-cerebrales-2025\/#primaryimage"},"thumbnailUrl":"https:\/\/www.braintumour.ca\/wp-content\/uploads\/2025\/06\/2025-Ambassadors.png","datePublished":"2025-06-05T15:07:02+00:00","author":{"@id":"https:\/\/www.braintumour.ca\/fr\/#\/schema\/person\/7534b1b1d4da5d8e37af436b293eca3d"},"description":"Aujourd\u2019hui, nous sommes fiers de vous pr\u00e9senter les ambassadeurs de la Marche des tumeurs c\u00e9r\u00e9brales 2025, sept personnes inspirantes de partout au pays qui incarnent la force de notre communaut\u00e9.","breadcrumb":{"@id":"https:\/\/www.braintumour.ca\/fr\/blogue\/decouvrez-les-ambassadeurs-de-la-marche-des-tumeurs-cerebrales-2025\/#breadcrumb"},"inLanguage":"fr-CA","potentialAction":[{"@type":"ReadAction","target":["https:\/\/www.braintumour.ca\/fr\/blogue\/decouvrez-les-ambassadeurs-de-la-marche-des-tumeurs-cerebrales-2025\/"]}]},{"@type":"ImageObject","inLanguage":"fr-CA","@id":"https:\/\/www.braintumour.ca\/fr\/blogue\/decouvrez-les-ambassadeurs-de-la-marche-des-tumeurs-cerebrales-2025\/#primaryimage","url":"https:\/\/www.braintumour.ca\/wp-content\/uploads\/2025\/06\/2025-Ambassadors.png","contentUrl":"https:\/\/www.braintumour.ca\/wp-content\/uploads\/2025\/06\/2025-Ambassadors.png","width":1080,"height":774},{"@type":"BreadcrumbList","@id":"https:\/\/www.braintumour.ca\/fr\/blogue\/decouvrez-les-ambassadeurs-de-la-marche-des-tumeurs-cerebrales-2025\/#breadcrumb","itemListElement":[{"@type":"ListItem","position":1,"name":"Home","item":"https:\/\/www.braintumour.ca\/fr\/"},{"@type":"ListItem","position":2,"name":"D\u00e9couvrez les ambassadeurs de la Marche des tumeurs c\u00e9r\u00e9brales 2025"}]},{"@type":"WebSite","@id":"https:\/\/www.braintumour.ca\/fr\/#website","url":"https:\/\/www.braintumour.ca\/fr\/","name":"Fondation canadienne des tumeurs c\u00e9r\u00e9brales","description":"Notre mission est de venir en aide \u00e0 toutes les personnes touch\u00e9es par une tumeur c\u00e9r\u00e9brale au Canada par le biais de nos programmes d\u2019information, de soutien, d\u2019\u00e9ducation et de recherche.","potentialAction":[{"@type":"SearchAction","target":{"@type":"EntryPoint","urlTemplate":"https:\/\/www.braintumour.ca\/fr\/?s={search_term_string}"},"query-input":{"@type":"PropertyValueSpecification","valueRequired":true,"valueName":"search_term_string"}}],"inLanguage":"fr-CA"},{"@type":"Person","@id":"https:\/\/www.braintumour.ca\/fr\/#\/schema\/person\/7534b1b1d4da5d8e37af436b293eca3d","name":"Matt Berry","image":{"@type":"ImageObject","inLanguage":"fr-CA","@id":"https:\/\/www.braintumour.ca\/fr\/#\/schema\/person\/image\/","url":"https:\/\/secure.gravatar.com\/avatar\/882da3b67056b0c608086d3c77de46948b64244a4c249e81e0bf04a8095ce320?s=96&d=mm&r=g","contentUrl":"https:\/\/secure.gravatar.com\/avatar\/882da3b67056b0c608086d3c77de46948b64244a4c249e81e0bf04a8095ce320?s=96&d=mm&r=g","caption":"Matt Berry"}}]}},"_links":{"self":[{"href":"https:\/\/www.braintumour.ca\/fr\/wp-json\/wp\/v2\/posts\/13570","targetHints":{"allow":["GET"]}}],"collection":[{"href":"https:\/\/www.braintumour.ca\/fr\/wp-json\/wp\/v2\/posts"}],"about":[{"href":"https:\/\/www.braintumour.ca\/fr\/wp-json\/wp\/v2\/types\/post"}],"author":[{"embeddable":true,"href":"https:\/\/www.braintumour.ca\/fr\/wp-json\/wp\/v2\/users\/4"}],"replies":[{"embeddable":true,"href":"https:\/\/www.braintumour.ca\/fr\/wp-json\/wp\/v2\/comments?post=13570"}],"version-history":[{"count":0,"href":"https:\/\/www.braintumour.ca\/fr\/wp-json\/wp\/v2\/posts\/13570\/revisions"}],"wp:featuredmedia":[{"embeddable":true,"href":"https:\/\/www.braintumour.ca\/fr\/wp-json\/wp\/v2\/media\/13568"}],"wp:attachment":[{"href":"https:\/\/www.braintumour.ca\/fr\/wp-json\/wp\/v2\/media?parent=13570"}],"wp:term":[{"taxonomy":"category","embeddable":true,"href":"https:\/\/www.braintumour.ca\/fr\/wp-json\/wp\/v2\/categories?post=13570"},{"taxonomy":"post_tag","embeddable":true,"href":"https:\/\/www.braintumour.ca\/fr\/wp-json\/wp\/v2\/tags?post=13570"},{"taxonomy":"user_type","embeddable":true,"href":"https:\/\/www.braintumour.ca\/fr\/wp-json\/wp\/v2\/user_type?post=13570"},{"taxonomy":"locations","embeddable":true,"href":"https:\/\/www.braintumour.ca\/fr\/wp-json\/wp\/v2\/locations?post=13570"}],"curies":[{"name":"wp","href":"https:\/\/api.w.org\/{rel}","templated":true}]}}