{"id":14803,"date":"2026-01-06T13:54:55","date_gmt":"2026-01-06T18:54:55","guid":{"rendered":"https:\/\/www.braintumour.ca\/non-classifiee\/walking-together-to-1-million\/"},"modified":"2026-01-06T14:33:06","modified_gmt":"2026-01-06T19:33:06","slug":"un-million-de-dollars-grace-a-lelan-collectif","status":"publish","type":"post","link":"https:\/\/www.braintumour.ca\/fr\/blogue\/un-million-de-dollars-grace-a-lelan-collectif\/","title":{"rendered":"Un million de dollars gr\u00e2ce \u00e0 l\u2019\u00e9lan collectif"},"content":{"rendered":"<p>La saison 2025 de la Marche des tumeurs c\u00e9r\u00e9brales restera grav\u00e9e dans nos m\u00e9moires. D\u2019un oc\u00e9an \u00e0 l\u2019autre, des communaut\u00e9s se sont rassembl\u00e9es avec d\u00e9termination, compassion et engagement et, ensemble, nous avons atteint notre objectif de <strong>1 million de dollars<\/strong>. Chaque pas parcouru, chaque don et chaque histoire partag\u00e9e ont contribu\u00e9 \u00e0 apporter espoir, soutien et liens aux personnes touch\u00e9es par une tumeur c\u00e9r\u00e9brale partout au Canada.<\/p>\n<p>La Marche des tumeurs c\u00e9r\u00e9brales est le plus grand mouvement b\u00e9n\u00e9vole au Canada d\u00e9di\u00e9 au soutien de toutes les personnes touch\u00e9es par une tumeur c\u00e9r\u00e9brale. Chaque ann\u00e9e, des participants se r\u00e9unissent pour rendre hommage \u00e0 leurs proches, c\u00e9l\u00e9brer les survivants et amasser des fonds essentiels pour la recherche, les programmes de soutien et la d\u00e9fense des droits. Ce qui rend ce mouvement si puissant, c\u2019est le profond sentiment de communaut\u00e9 qu\u2019il suscite. Personne ne marche seul.<\/p>\n<p>Nous exprimons notre profonde reconnaissance \u00e0 chaque participant, donateur, b\u00e9n\u00e9vole, commanditaire et partenaire qui a contribu\u00e9 au succ\u00e8s de cette ann\u00e9e. Nous tenons \u00e0 remercier tout particuli\u00e8rement notre commanditaire national, Novocure, ainsi que notre commanditaire des Marches communautaires, Servier, pour leur g\u00e9n\u00e9reux soutien et leur engagement continu envers la communaut\u00e9 des tumeurs c\u00e9r\u00e9brales. Nous remercions \u00e9galement chaleureusement nos nombreux commanditaires locaux \u00e0 travers le pays, dont la g\u00e9n\u00e9rosit\u00e9 et le partenariat ont permis de faire vivre les Marches dans les communaut\u00e9s partout au Canada. Votre soutien contribue \u00e0 b\u00e2tir un avenir marqu\u00e9 par de meilleurs r\u00e9sultats, des soutiens renforc\u00e9s et une meilleure compr\u00e9hension des tumeurs c\u00e9r\u00e9brales.<\/p>\n<div style=\"display: flex; justify-content: center;\"><iframe title=\"YouTube video\" src=\"https:\/\/www.youtube.com\/embed\/1mpPizenRHQ\" width=\"500\" frameborder=\"0\" align=\"center\" allowfullscreen=\"allowfullscreen\"><span style=\"display: inline-block; width: 0px; overflow: hidden; line-height: 0;\" data-mce-type=\"bookmark\" class=\"mce_SELRES_start\">\ufeff<\/span><span style=\"display: inline-block; width: 0px; overflow: hidden; line-height: 0;\" data-mce-type=\"bookmark\" class=\"mce_SELRES_start\">\ufeff<\/span><br \/>\n<\/iframe><\/div>\n<p>&nbsp;<\/p>\n<h5>Les b\u00e9n\u00e9voles rendent la Marche possible<\/h5>\n<p>Les b\u00e9n\u00e9voles sont au c\u0153ur de nos \u00e9v\u00e9nements nationaux de collecte de fonds. Qu\u2019ils agissent comme organisateurs d&rsquo;une Marche, membres de comit\u00e9s organisateurs, b\u00e9n\u00e9voles le jour de l\u2019\u00e9v\u00e9nement ou collecteurs de fonds ind\u00e9pendants, nous ne pourrions tout simplement pas offrir ces importantes initiatives de sensibilisation et de financement sans eux. Leur temps, leur \u00e9nergie et leur engagement contribuent \u00e0 cr\u00e9er des \u00e9v\u00e9nements accueillants, s\u00e9curitaires et porteurs de sens dans des communaut\u00e9s partout au Canada.<\/p>\n<p><strong>Comment s\u2019impliquer:<\/strong><\/p>\n<ul>\n<li><strong>D\u00e9marrer ou diriger une Marche des tumeurs c\u00e9r\u00e9brales dans votre communaut\u00e9:<\/strong><br \/>\nNous vous accompagnons \u00e0 chaque \u00e9tape. Notre \u00e9quipe fournit une feuille de route claire, des outils de planification et des conseils pour les permis, le trac\u00e9 des parcours, la mobilisation des b\u00e9n\u00e9voles et la logistique, afin que votre \u00e9v\u00e9nement soit s\u00e9curitaire, inclusif et marquant. Si vous souhaitez organiser une Marche dans votre communaut\u00e9, <a href=\"btwalkhelp@braintumour.ca\">communiquez avec nous<\/a> pour commencer.<\/li>\n<li><strong>Joindre un comit\u00e9 organisateur local de la Marche:<\/strong><br \/>\nLes comit\u00e9s organisateurs sont des leaders locaux qui donnent vie \u00e0 la Marche. Ils planifient les parcours et les sites, obtiennent les permis, g\u00e8rent les \u00e9ch\u00e9anciers et les budgets, et coordonnent la logistique du jour de l\u2019\u00e9v\u00e9nement, notamment les b\u00e9n\u00e9voles, la s\u00e9curit\u00e9, l\u2019accessibilit\u00e9 et la signalisation. Les comit\u00e9s fa\u00e7onnent aussi l\u2019exp\u00e9rience des participants gr\u00e2ce aux c\u00e9r\u00e9monies d\u2019accueil, \u00e0 la reconnaissance des survivants et aux activit\u00e9s familiales. Les membres travaillent en \u00e9troite collaboration avec notre \u00e9quipe et re\u00e7oivent de la formation, des mod\u00e8les et un soutien continu pour assurer le succ\u00e8s de l\u2019\u00e9v\u00e9nement.Nous sommes pr\u00e9sentement \u00e0 la recherche de membres pour nos comit\u00e9s organisateurs de la Ville de Montr\u00e9al et plusieurs autres emplacements ailleurs au pays. Veuillez communiquer avec Mary O&rsquo;Neill pour plus d&rsquo;informations \u00e0 <a href=\"mailto:moneill@braintumour.ca\">moneill@braintumour.ca<\/a>.<\/li>\n<li><strong>\u00catre b\u00e9n\u00e9vole le jour de l\u2019\u00e9v\u00e9nement:<\/strong><br \/>\nLes b\u00e9n\u00e9voles le jour de la Marche jouent un r\u00f4le essentiel pour assurer une exp\u00e9rience fluide et inspirante. De l\u2019installation \u00e0 l\u2019inscription, en passant par l\u2019encouragement des participants et le soutien aux familles, aucune exp\u00e9rience n\u2019est requise \u2014 seulement le d\u00e9sir d\u2019aider et de soutenir une cause qui compte.<\/li>\n<\/ul>\n<p><strong>Cap sur 2026<\/strong><\/p>\n<p>Nous regardons d\u00e9j\u00e0 vers la prochaine \u00e9tape. La Marche des tumeurs c\u00e9r\u00e9brales 2026 sera lanc\u00e9e le <strong>20 janvier 2026<\/strong>. Revenez bient\u00f4t pour conna\u00eetre les dates, les lieux et les nouvelles fa\u00e7ons de vous impliquer. Nous avons h\u00e2te de marcher \u00e0 vos c\u00f4t\u00e9s de nouveau.<\/p>\n<p>Si vous avez des questions ou souhaitez en savoir plus, n\u2019h\u00e9sitez pas \u00e0 communiquer avec nous \u00e0 <a href=\"mailto:btwalkhelp@braintumour.ca\">btwalkhelp@braintumour.ca<\/a>.<\/p>\n<p>Merci de marcher avec nous et de faire partie de cette communaut\u00e9 extraordinaire.<\/p>\n<p>&nbsp;<\/p>\n<p style=\"text-align: center;\">Merci \u00e0 nos commanditaires!<\/p>\n<table style=\"width: 100%; border-collapse: collapse; border: none;\">\n<tbody>\n<tr>\n<td style=\"text-align: center; border: none;\"><img loading=\"lazy\" decoding=\"async\" class=\"alignright\" src=\"https:\/\/www.braintumour.ca\/wp-content\/uploads\/2022\/01\/novocure_main@5x-100-300x44.jpg\" alt=\"Novocure\" width=\"204\" height=\"30\" \/><\/td>\n<td style=\"text-align: center; border: none;\"><img loading=\"lazy\" decoding=\"async\" class=\"alignleft\" src=\"https:\/\/www.braintumour.ca\/wp-content\/uploads\/2025\/08\/servier-logo-web-300x68.png\" alt=\"Servier\" width=\"194\" height=\"44\" \/><\/td>\n<\/tr>\n<\/tbody>\n<\/table>\n","protected":false},"excerpt":{"rendered":"<p>La saison 2025 de la Marche des tumeurs c\u00e9r\u00e9brales restera grav\u00e9e dans nos m\u00e9moires. D\u2019un oc\u00e9an \u00e0 l\u2019autre, des communaut\u00e9s [&hellip;]<\/p>\n","protected":false},"author":30,"featured_media":14802,"comment_status":"closed","ping_status":"closed","sticky":false,"template":"","format":"standard","meta":{"_acf_changed":false,"footnotes":""},"categories":[138],"tags":[],"user_type":[],"locations":[],"class_list":["post-14803","post","type-post","status-publish","format-standard","has-post-thumbnail","hentry","category-blogue"],"acf":[],"yoast_head":"<!-- This site is optimized with the Yoast SEO Premium plugin v27.0 (Yoast SEO v27.0) - https:\/\/yoast.com\/product\/yoast-seo-premium-wordpress\/ -->\n<title>Un million de dollars gr\u00e2ce \u00e0 l\u2019\u00e9lan collectif - Fondation canadienne des tumeurs c\u00e9r\u00e9brales<\/title>\n<meta name=\"description\" content=\"La saison 2025 de la Marche des tumeurs c\u00e9r\u00e9brales restera grav\u00e9e dans nos m\u00e9moires. D\u2019un oc\u00e9an \u00e0 l\u2019autre, des communaut\u00e9s se sont rassembl\u00e9es avec d\u00e9termination, compassion et engagement et, ensemble, nous avons atteint notre objectif de 1 million de dollars.\" \/>\n<meta name=\"robots\" content=\"index, follow, max-snippet:-1, max-image-preview:large, max-video-preview:-1\" \/>\n<link rel=\"canonical\" href=\"https:\/\/www.braintumour.ca\/fr\/blogue\/un-million-de-dollars-grace-a-lelan-collectif\/\" \/>\n<meta property=\"og:locale\" content=\"fr_CA\" \/>\n<meta property=\"og:type\" content=\"article\" \/>\n<meta property=\"og:title\" content=\"Un million de dollars gr\u00e2ce \u00e0 l\u2019\u00e9lan collectif\" \/>\n<meta property=\"og:description\" content=\"La saison 2025 de la Marche des tumeurs c\u00e9r\u00e9brales restera grav\u00e9e dans nos m\u00e9moires. D\u2019un oc\u00e9an \u00e0 l\u2019autre, des communaut\u00e9s se sont rassembl\u00e9es avec d\u00e9termination, compassion et engagement et, ensemble, nous avons atteint notre objectif de 1 million de dollars.\" \/>\n<meta property=\"og:url\" content=\"https:\/\/www.braintumour.ca\/fr\/blogue\/un-million-de-dollars-grace-a-lelan-collectif\/\" \/>\n<meta property=\"og:site_name\" content=\"Fondation canadienne des tumeurs c\u00e9r\u00e9brales\" \/>\n<meta property=\"article:published_time\" content=\"2026-01-06T18:54:55+00:00\" \/>\n<meta property=\"article:modified_time\" content=\"2026-01-06T19:33:06+00:00\" \/>\n<meta property=\"og:image\" content=\"https:\/\/www.braintumour.ca\/wp-content\/uploads\/2026\/01\/TorontoBrainTumourWalk-222-scaled.jpg\" \/>\n\t<meta property=\"og:image:width\" content=\"2560\" \/>\n\t<meta property=\"og:image:height\" content=\"1707\" \/>\n\t<meta property=\"og:image:type\" content=\"image\/jpeg\" \/>\n<meta name=\"author\" content=\"Romina Ferro\" \/>\n<meta name=\"twitter:card\" content=\"summary_large_image\" \/>\n<meta name=\"twitter:label1\" content=\"\u00c9crit par\" \/>\n\t<meta name=\"twitter:data1\" content=\"Romina Ferro\" \/>\n\t<meta name=\"twitter:label2\" content=\"Estimation du temps de lecture\" \/>\n\t<meta name=\"twitter:data2\" content=\"4 minutes\" \/>\n<script type=\"application\/ld+json\" class=\"yoast-schema-graph\">{\"@context\":\"https:\/\/schema.org\",\"@graph\":[{\"@type\":\"Article\",\"@id\":\"https:\/\/www.braintumour.ca\/fr\/blogue\/un-million-de-dollars-grace-a-lelan-collectif\/#article\",\"isPartOf\":{\"@id\":\"https:\/\/www.braintumour.ca\/fr\/blogue\/un-million-de-dollars-grace-a-lelan-collectif\/\"},\"author\":{\"name\":\"Romina Ferro\",\"@id\":\"https:\/\/www.braintumour.ca\/fr\/#\/schema\/person\/7d21af7618ae21a65c694cdf21e86a53\"},\"headline\":\"Un million de dollars gr\u00e2ce \u00e0 l\u2019\u00e9lan collectif\",\"datePublished\":\"2026-01-06T18:54:55+00:00\",\"dateModified\":\"2026-01-06T19:33:06+00:00\",\"mainEntityOfPage\":{\"@id\":\"https:\/\/www.braintumour.ca\/fr\/blogue\/un-million-de-dollars-grace-a-lelan-collectif\/\"},\"wordCount\":789,\"image\":{\"@id\":\"https:\/\/www.braintumour.ca\/fr\/blogue\/un-million-de-dollars-grace-a-lelan-collectif\/#primaryimage\"},\"thumbnailUrl\":\"https:\/\/www.braintumour.ca\/wp-content\/uploads\/2026\/01\/TorontoBrainTumourWalk-222-scaled.jpg\",\"articleSection\":[\"Nouvelles\"],\"inLanguage\":\"fr-CA\"},{\"@type\":\"WebPage\",\"@id\":\"https:\/\/www.braintumour.ca\/fr\/blogue\/un-million-de-dollars-grace-a-lelan-collectif\/\",\"url\":\"https:\/\/www.braintumour.ca\/fr\/blogue\/un-million-de-dollars-grace-a-lelan-collectif\/\",\"name\":\"Un million de dollars gr\u00e2ce \u00e0 l\u2019\u00e9lan collectif - Fondation canadienne des tumeurs c\u00e9r\u00e9brales\",\"isPartOf\":{\"@id\":\"https:\/\/www.braintumour.ca\/fr\/#website\"},\"primaryImageOfPage\":{\"@id\":\"https:\/\/www.braintumour.ca\/fr\/blogue\/un-million-de-dollars-grace-a-lelan-collectif\/#primaryimage\"},\"image\":{\"@id\":\"https:\/\/www.braintumour.ca\/fr\/blogue\/un-million-de-dollars-grace-a-lelan-collectif\/#primaryimage\"},\"thumbnailUrl\":\"https:\/\/www.braintumour.ca\/wp-content\/uploads\/2026\/01\/TorontoBrainTumourWalk-222-scaled.jpg\",\"datePublished\":\"2026-01-06T18:54:55+00:00\",\"dateModified\":\"2026-01-06T19:33:06+00:00\",\"author\":{\"@id\":\"https:\/\/www.braintumour.ca\/fr\/#\/schema\/person\/7d21af7618ae21a65c694cdf21e86a53\"},\"description\":\"La saison 2025 de la Marche des tumeurs c\u00e9r\u00e9brales restera grav\u00e9e dans nos m\u00e9moires. D\u2019un oc\u00e9an \u00e0 l\u2019autre, des communaut\u00e9s se sont rassembl\u00e9es avec d\u00e9termination, compassion et engagement et, ensemble, nous avons atteint notre objectif de 1 million de dollars.\",\"breadcrumb\":{\"@id\":\"https:\/\/www.braintumour.ca\/fr\/blogue\/un-million-de-dollars-grace-a-lelan-collectif\/#breadcrumb\"},\"inLanguage\":\"fr-CA\",\"potentialAction\":[{\"@type\":\"ReadAction\",\"target\":[\"https:\/\/www.braintumour.ca\/fr\/blogue\/un-million-de-dollars-grace-a-lelan-collectif\/\"]}]},{\"@type\":\"ImageObject\",\"inLanguage\":\"fr-CA\",\"@id\":\"https:\/\/www.braintumour.ca\/fr\/blogue\/un-million-de-dollars-grace-a-lelan-collectif\/#primaryimage\",\"url\":\"https:\/\/www.braintumour.ca\/wp-content\/uploads\/2026\/01\/TorontoBrainTumourWalk-222-scaled.jpg\",\"contentUrl\":\"https:\/\/www.braintumour.ca\/wp-content\/uploads\/2026\/01\/TorontoBrainTumourWalk-222-scaled.jpg\",\"width\":2560,\"height\":1707},{\"@type\":\"BreadcrumbList\",\"@id\":\"https:\/\/www.braintumour.ca\/fr\/blogue\/un-million-de-dollars-grace-a-lelan-collectif\/#breadcrumb\",\"itemListElement\":[{\"@type\":\"ListItem\",\"position\":1,\"name\":\"Home\",\"item\":\"https:\/\/www.braintumour.ca\/fr\/\"},{\"@type\":\"ListItem\",\"position\":2,\"name\":\"Un million de dollars gr\u00e2ce \u00e0 l\u2019\u00e9lan collectif\"}]},{\"@type\":\"WebSite\",\"@id\":\"https:\/\/www.braintumour.ca\/fr\/#website\",\"url\":\"https:\/\/www.braintumour.ca\/fr\/\",\"name\":\"Fondation canadienne des tumeurs c\u00e9r\u00e9brales\",\"description\":\"Notre mission est de venir en aide \u00e0 toutes les personnes touch\u00e9es par une tumeur c\u00e9r\u00e9brale au Canada par le biais de nos programmes d\u2019information, de soutien, d\u2019\u00e9ducation et de recherche.\",\"potentialAction\":[{\"@type\":\"SearchAction\",\"target\":{\"@type\":\"EntryPoint\",\"urlTemplate\":\"https:\/\/www.braintumour.ca\/fr\/?s={search_term_string}\"},\"query-input\":{\"@type\":\"PropertyValueSpecification\",\"valueRequired\":true,\"valueName\":\"search_term_string\"}}],\"inLanguage\":\"fr-CA\"},{\"@type\":\"Person\",\"@id\":\"https:\/\/www.braintumour.ca\/fr\/#\/schema\/person\/7d21af7618ae21a65c694cdf21e86a53\",\"name\":\"Romina Ferro\",\"image\":{\"@type\":\"ImageObject\",\"inLanguage\":\"fr-CA\",\"@id\":\"https:\/\/www.braintumour.ca\/fr\/#\/schema\/person\/image\/\",\"url\":\"https:\/\/secure.gravatar.com\/avatar\/8c2b0e36f5152923b5979d7f47c5113425f9fb81d9dce04f6460fc53bf2d3738?s=96&d=mm&r=g\",\"contentUrl\":\"https:\/\/secure.gravatar.com\/avatar\/8c2b0e36f5152923b5979d7f47c5113425f9fb81d9dce04f6460fc53bf2d3738?s=96&d=mm&r=g\",\"caption\":\"Romina Ferro\"}}]}<\/script>\n<!-- \/ Yoast SEO Premium plugin. -->","yoast_head_json":{"title":"Un million de dollars gr\u00e2ce \u00e0 l\u2019\u00e9lan collectif - Fondation canadienne des tumeurs c\u00e9r\u00e9brales","description":"La saison 2025 de la Marche des tumeurs c\u00e9r\u00e9brales restera grav\u00e9e dans nos m\u00e9moires. D\u2019un oc\u00e9an \u00e0 l\u2019autre, des communaut\u00e9s se sont rassembl\u00e9es avec d\u00e9termination, compassion et engagement et, ensemble, nous avons atteint notre objectif de 1 million de dollars.","robots":{"index":"index","follow":"follow","max-snippet":"max-snippet:-1","max-image-preview":"max-image-preview:large","max-video-preview":"max-video-preview:-1"},"canonical":"https:\/\/www.braintumour.ca\/fr\/blogue\/un-million-de-dollars-grace-a-lelan-collectif\/","og_locale":"fr_CA","og_type":"article","og_title":"Un million de dollars gr\u00e2ce \u00e0 l\u2019\u00e9lan collectif","og_description":"La saison 2025 de la Marche des tumeurs c\u00e9r\u00e9brales restera grav\u00e9e dans nos m\u00e9moires. D\u2019un oc\u00e9an \u00e0 l\u2019autre, des communaut\u00e9s se sont rassembl\u00e9es avec d\u00e9termination, compassion et engagement et, ensemble, nous avons atteint notre objectif de 1 million de dollars.","og_url":"https:\/\/www.braintumour.ca\/fr\/blogue\/un-million-de-dollars-grace-a-lelan-collectif\/","og_site_name":"Fondation canadienne des tumeurs c\u00e9r\u00e9brales","article_published_time":"2026-01-06T18:54:55+00:00","article_modified_time":"2026-01-06T19:33:06+00:00","og_image":[{"width":2560,"height":1707,"url":"https:\/\/www.braintumour.ca\/wp-content\/uploads\/2026\/01\/TorontoBrainTumourWalk-222-scaled.jpg","type":"image\/jpeg"}],"author":"Romina Ferro","twitter_card":"summary_large_image","twitter_misc":{"\u00c9crit par":"Romina Ferro","Estimation du temps de lecture":"4 minutes"},"schema":{"@context":"https:\/\/schema.org","@graph":[{"@type":"Article","@id":"https:\/\/www.braintumour.ca\/fr\/blogue\/un-million-de-dollars-grace-a-lelan-collectif\/#article","isPartOf":{"@id":"https:\/\/www.braintumour.ca\/fr\/blogue\/un-million-de-dollars-grace-a-lelan-collectif\/"},"author":{"name":"Romina Ferro","@id":"https:\/\/www.braintumour.ca\/fr\/#\/schema\/person\/7d21af7618ae21a65c694cdf21e86a53"},"headline":"Un million de dollars gr\u00e2ce \u00e0 l\u2019\u00e9lan collectif","datePublished":"2026-01-06T18:54:55+00:00","dateModified":"2026-01-06T19:33:06+00:00","mainEntityOfPage":{"@id":"https:\/\/www.braintumour.ca\/fr\/blogue\/un-million-de-dollars-grace-a-lelan-collectif\/"},"wordCount":789,"image":{"@id":"https:\/\/www.braintumour.ca\/fr\/blogue\/un-million-de-dollars-grace-a-lelan-collectif\/#primaryimage"},"thumbnailUrl":"https:\/\/www.braintumour.ca\/wp-content\/uploads\/2026\/01\/TorontoBrainTumourWalk-222-scaled.jpg","articleSection":["Nouvelles"],"inLanguage":"fr-CA"},{"@type":"WebPage","@id":"https:\/\/www.braintumour.ca\/fr\/blogue\/un-million-de-dollars-grace-a-lelan-collectif\/","url":"https:\/\/www.braintumour.ca\/fr\/blogue\/un-million-de-dollars-grace-a-lelan-collectif\/","name":"Un million de dollars gr\u00e2ce \u00e0 l\u2019\u00e9lan collectif - Fondation canadienne des tumeurs c\u00e9r\u00e9brales","isPartOf":{"@id":"https:\/\/www.braintumour.ca\/fr\/#website"},"primaryImageOfPage":{"@id":"https:\/\/www.braintumour.ca\/fr\/blogue\/un-million-de-dollars-grace-a-lelan-collectif\/#primaryimage"},"image":{"@id":"https:\/\/www.braintumour.ca\/fr\/blogue\/un-million-de-dollars-grace-a-lelan-collectif\/#primaryimage"},"thumbnailUrl":"https:\/\/www.braintumour.ca\/wp-content\/uploads\/2026\/01\/TorontoBrainTumourWalk-222-scaled.jpg","datePublished":"2026-01-06T18:54:55+00:00","dateModified":"2026-01-06T19:33:06+00:00","author":{"@id":"https:\/\/www.braintumour.ca\/fr\/#\/schema\/person\/7d21af7618ae21a65c694cdf21e86a53"},"description":"La saison 2025 de la Marche des tumeurs c\u00e9r\u00e9brales restera grav\u00e9e dans nos m\u00e9moires. D\u2019un oc\u00e9an \u00e0 l\u2019autre, des communaut\u00e9s se sont rassembl\u00e9es avec d\u00e9termination, compassion et engagement et, ensemble, nous avons atteint notre objectif de 1 million de dollars.","breadcrumb":{"@id":"https:\/\/www.braintumour.ca\/fr\/blogue\/un-million-de-dollars-grace-a-lelan-collectif\/#breadcrumb"},"inLanguage":"fr-CA","potentialAction":[{"@type":"ReadAction","target":["https:\/\/www.braintumour.ca\/fr\/blogue\/un-million-de-dollars-grace-a-lelan-collectif\/"]}]},{"@type":"ImageObject","inLanguage":"fr-CA","@id":"https:\/\/www.braintumour.ca\/fr\/blogue\/un-million-de-dollars-grace-a-lelan-collectif\/#primaryimage","url":"https:\/\/www.braintumour.ca\/wp-content\/uploads\/2026\/01\/TorontoBrainTumourWalk-222-scaled.jpg","contentUrl":"https:\/\/www.braintumour.ca\/wp-content\/uploads\/2026\/01\/TorontoBrainTumourWalk-222-scaled.jpg","width":2560,"height":1707},{"@type":"BreadcrumbList","@id":"https:\/\/www.braintumour.ca\/fr\/blogue\/un-million-de-dollars-grace-a-lelan-collectif\/#breadcrumb","itemListElement":[{"@type":"ListItem","position":1,"name":"Home","item":"https:\/\/www.braintumour.ca\/fr\/"},{"@type":"ListItem","position":2,"name":"Un million de dollars gr\u00e2ce \u00e0 l\u2019\u00e9lan collectif"}]},{"@type":"WebSite","@id":"https:\/\/www.braintumour.ca\/fr\/#website","url":"https:\/\/www.braintumour.ca\/fr\/","name":"Fondation canadienne des tumeurs c\u00e9r\u00e9brales","description":"Notre mission est de venir en aide \u00e0 toutes les personnes touch\u00e9es par une tumeur c\u00e9r\u00e9brale au Canada par le biais de nos programmes d\u2019information, de soutien, d\u2019\u00e9ducation et de recherche.","potentialAction":[{"@type":"SearchAction","target":{"@type":"EntryPoint","urlTemplate":"https:\/\/www.braintumour.ca\/fr\/?s={search_term_string}"},"query-input":{"@type":"PropertyValueSpecification","valueRequired":true,"valueName":"search_term_string"}}],"inLanguage":"fr-CA"},{"@type":"Person","@id":"https:\/\/www.braintumour.ca\/fr\/#\/schema\/person\/7d21af7618ae21a65c694cdf21e86a53","name":"Romina Ferro","image":{"@type":"ImageObject","inLanguage":"fr-CA","@id":"https:\/\/www.braintumour.ca\/fr\/#\/schema\/person\/image\/","url":"https:\/\/secure.gravatar.com\/avatar\/8c2b0e36f5152923b5979d7f47c5113425f9fb81d9dce04f6460fc53bf2d3738?s=96&d=mm&r=g","contentUrl":"https:\/\/secure.gravatar.com\/avatar\/8c2b0e36f5152923b5979d7f47c5113425f9fb81d9dce04f6460fc53bf2d3738?s=96&d=mm&r=g","caption":"Romina Ferro"}}]}},"_links":{"self":[{"href":"https:\/\/www.braintumour.ca\/fr\/wp-json\/wp\/v2\/posts\/14803","targetHints":{"allow":["GET"]}}],"collection":[{"href":"https:\/\/www.braintumour.ca\/fr\/wp-json\/wp\/v2\/posts"}],"about":[{"href":"https:\/\/www.braintumour.ca\/fr\/wp-json\/wp\/v2\/types\/post"}],"author":[{"embeddable":true,"href":"https:\/\/www.braintumour.ca\/fr\/wp-json\/wp\/v2\/users\/30"}],"replies":[{"embeddable":true,"href":"https:\/\/www.braintumour.ca\/fr\/wp-json\/wp\/v2\/comments?post=14803"}],"version-history":[{"count":0,"href":"https:\/\/www.braintumour.ca\/fr\/wp-json\/wp\/v2\/posts\/14803\/revisions"}],"wp:featuredmedia":[{"embeddable":true,"href":"https:\/\/www.braintumour.ca\/fr\/wp-json\/wp\/v2\/media\/14802"}],"wp:attachment":[{"href":"https:\/\/www.braintumour.ca\/fr\/wp-json\/wp\/v2\/media?parent=14803"}],"wp:term":[{"taxonomy":"category","embeddable":true,"href":"https:\/\/www.braintumour.ca\/fr\/wp-json\/wp\/v2\/categories?post=14803"},{"taxonomy":"post_tag","embeddable":true,"href":"https:\/\/www.braintumour.ca\/fr\/wp-json\/wp\/v2\/tags?post=14803"},{"taxonomy":"user_type","embeddable":true,"href":"https:\/\/www.braintumour.ca\/fr\/wp-json\/wp\/v2\/user_type?post=14803"},{"taxonomy":"locations","embeddable":true,"href":"https:\/\/www.braintumour.ca\/fr\/wp-json\/wp\/v2\/locations?post=14803"}],"curies":[{"name":"wp","href":"https:\/\/api.w.org\/{rel}","templated":true}]}}