{"id":14964,"date":"2026-01-23T16:33:22","date_gmt":"2026-01-23T21:33:22","guid":{"rendered":"https:\/\/www.braintumour.ca\/non-classifiee\/the-adventure-of-a-lifetime\/"},"modified":"2026-01-23T16:59:50","modified_gmt":"2026-01-23T21:59:50","slug":"laventure-dune-vie","status":"publish","type":"post","link":"https:\/\/www.braintumour.ca\/fr\/blogue\/laventure-dune-vie\/","title":{"rendered":"L&rsquo;aventure d&rsquo;une vie"},"content":{"rendered":"<p><em><strong>Le p\u00e9riple de Kyle \u00e0 travers l\u2019Atlantique pour soutenir la communaut\u00e9 des tumeurs c\u00e9r\u00e9brales<\/strong><\/em><\/p>\n<p><img loading=\"lazy\" decoding=\"async\" class=\"size-medium wp-image-14958 alignright\" src=\"https:\/\/www.braintumour.ca\/wp-content\/uploads\/2026\/01\/DSC06041-300x197.jpg\" alt=\"\" width=\"300\" height=\"197\" srcset=\"https:\/\/www.braintumour.ca\/wp-content\/uploads\/2026\/01\/DSC06041-300x197.jpg 300w, https:\/\/www.braintumour.ca\/wp-content\/uploads\/2026\/01\/DSC06041-1024x673.jpg 1024w, https:\/\/www.braintumour.ca\/wp-content\/uploads\/2026\/01\/DSC06041-768x505.jpg 768w, https:\/\/www.braintumour.ca\/wp-content\/uploads\/2026\/01\/DSC06041-1536x1009.jpg 1536w, https:\/\/www.braintumour.ca\/wp-content\/uploads\/2026\/01\/DSC06041-2048x1345.jpg 2048w, https:\/\/www.braintumour.ca\/wp-content\/uploads\/2026\/01\/DSC06041-640x420.jpg 640w, https:\/\/www.braintumour.ca\/wp-content\/uploads\/2026\/01\/DSC06041-1200x788.jpg 1200w, https:\/\/www.braintumour.ca\/wp-content\/uploads\/2026\/01\/DSC06041-1920x1261.jpg 1920w, https:\/\/www.braintumour.ca\/wp-content\/uploads\/2026\/01\/DSC06041-1440x946.jpg 1440w, https:\/\/www.braintumour.ca\/wp-content\/uploads\/2026\/01\/DSC06041-1644x1080.jpg 1644w\" sizes=\"auto, (max-width: 639px) 98vw, (max-width: 1199px) 64vw, 300px\" \/>Kyle Wills n\u2019a jamais \u00e9t\u00e9 du genre \u00e0 reculer devant un d\u00e9fi.<\/p>\n<p>Ayant v\u00e9cu une d\u00e9pression au d\u00e9but de la vingtaine, Kyle a trouv\u00e9 un sens et une direction en poursuivant les objectifs qu\u2019il s\u2019\u00e9tait fix\u00e9s. Il a commenc\u00e9 par courir cinq kilom\u00e8tres avec des amis, puis 10 kilom\u00e8tres, puis 100 kilom\u00e8tres. Sa derni\u00e8re course l\u2019a men\u00e9 \u00e0 160 kilom\u00e8tres \u00e0 travers les Alpes suisses, avec plus de 10 500 m\u00e8tres de d\u00e9nivel\u00e9 positif.<\/p>\n<p>Toujours \u00e0 la recherche d\u2019un nouveau d\u00e9fi, Kyle a ensuite obtenu ses certifications de plong\u00e9e sous-marine et de parachutisme. Cette derni\u00e8re a \u00e9t\u00e9 obtenue apr\u00e8s un saut en parachute lors d\u2019une f\u00eate d\u2019anniversaire, ce qui l\u2019a conduit \u00e0 s\u2019inscrire \u00e0 des cours sur-le-champ.<\/p>\n<p>\u00c0 l\u2019\u00e9poque, il vivait \u00e0 Toronto, pr\u00e8s de l\u2019a\u00e9roport Billy-Bishop. Un jour, alors qu\u2019il faisait du kayak pr\u00e8s de chez lui, il s\u2019est surpris \u00e0 observer les avions dans le ciel. Naturellement, il a sorti son t\u00e9l\u00e9phone et a commenc\u00e9 \u00e0 chercher des \u00e9coles de pilotage dans le secteur. Moins d\u2019une heure plus tard, Kyle se rendait \u00e0 une \u00e9cole de pilotage, o\u00f9 il s\u2019est inscrit et a ensuite obtenu sa licence de pilote.<\/p>\n<h5>\u00ab Fonce \u00bb<\/h5>\n<p>\u00ab Je me suis toujours dit de foncer \u00bb, explique Kyle, qui vit maintenant \u00e0 Vancouver. \u00ab Fonce dans tout. Ne te pose pas trop de questions. Si tu ressens l\u2019envie de faire quelque chose, fais-le. \u00bb<\/p>\n<p><img loading=\"lazy\" decoding=\"async\" class=\"size-medium wp-image-14952 alignright\" src=\"https:\/\/www.braintumour.ca\/wp-content\/uploads\/2026\/01\/OOTO-Sponsorship-RACE-DISTANCE-2-240x300.png\" alt=\"\" width=\"240\" height=\"300\" srcset=\"https:\/\/www.braintumour.ca\/wp-content\/uploads\/2026\/01\/OOTO-Sponsorship-RACE-DISTANCE-2-240x300.png 240w, https:\/\/www.braintumour.ca\/wp-content\/uploads\/2026\/01\/OOTO-Sponsorship-RACE-DISTANCE-2-820x1024.png 820w, https:\/\/www.braintumour.ca\/wp-content\/uploads\/2026\/01\/OOTO-Sponsorship-RACE-DISTANCE-2-768x959.png 768w, https:\/\/www.braintumour.ca\/wp-content\/uploads\/2026\/01\/OOTO-Sponsorship-RACE-DISTANCE-2-1230x1536.png 1230w, https:\/\/www.braintumour.ca\/wp-content\/uploads\/2026\/01\/OOTO-Sponsorship-RACE-DISTANCE-2-640x800.png 640w, https:\/\/www.braintumour.ca\/wp-content\/uploads\/2026\/01\/OOTO-Sponsorship-RACE-DISTANCE-2-1024x1279.png 1024w, https:\/\/www.braintumour.ca\/wp-content\/uploads\/2026\/01\/OOTO-Sponsorship-RACE-DISTANCE-2-1200x1499.png 1200w, https:\/\/www.braintumour.ca\/wp-content\/uploads\/2026\/01\/OOTO-Sponsorship-RACE-DISTANCE-2-1153x1440.png 1153w, https:\/\/www.braintumour.ca\/wp-content\/uploads\/2026\/01\/OOTO-Sponsorship-RACE-DISTANCE-2-865x1080.png 865w, https:\/\/www.braintumour.ca\/wp-content\/uploads\/2026\/01\/OOTO-Sponsorship-RACE-DISTANCE-2.png 1621w\" sizes=\"auto, (max-width: 639px) 98vw, (max-width: 1199px) 64vw, 240px\" \/>C\u2019est une publication Instagram qui a men\u00e9 Kyle \u00e0 sa prochaine aventure.<\/p>\n<p>La publication portait sur <a href=\"https:\/\/www.worldstoughestrow.com\/\">The World\u2019s Toughest Row<\/a>, reconnu comme la course d\u2019aviron oc\u00e9anique la plus exigeante au monde. Kyle a commenc\u00e9 \u00e0 faire des recherches, est entr\u00e9 en contact avec le directeur de la course et a vers\u00e9 un d\u00e9p\u00f4t d\u00e8s le lendemain pour l\u2019\u00e9dition 2026, qui le verra ramer en solo sur 4 800 kilom\u00e8tres \u00e0 travers l\u2019oc\u00e9an Atlantique.<\/p>\n<p>Habituellement, les campagnes de participation \u00e0 The World\u2019s Toughest Row prennent de deux \u00e0 trois ans, ce qui correspond \u00e0 l\u2019inscription de Kyle en 2023. Pendant ce temps, il a recrut\u00e9 des commanditaires et v\u00e9cu une nouvelle bouleversante qui a \u00e9galement influenc\u00e9 son projet.<\/p>\n<h5>Un geste de soutien<\/h5>\n<p>\u00ab Mon meilleur ami, une personne que je connais depuis 30 ans, quelqu\u2019un qui fait partie de ma vie depuis avant m\u00eame que je puisse me souvenir, s\u2019est effondr\u00e9 au travail \u00e0 la suite d\u2019une crise d\u2019\u00e9pilepsie \u00bb, raconte Kyle.<\/p>\n<p>Son ami a \u00e9t\u00e9 transport\u00e9 d\u2019urgence \u00e0 l\u2019h\u00f4pital, o\u00f9 les m\u00e9decins ont d\u00e9couvert une masse de la taille d\u2019une lime dans le lobe frontal droit de son cerveau. Il a subi une intervention chirurgicale pour un <a href=\"https:\/\/www.braintumour.ca\/fr\/types_de_tumeurs_cerebrales\/astrocytome\/\">astrocytome<\/a> de grade 2, mais les m\u00e9decins n\u2019ont pas pu retirer la tumeur enti\u00e8rement sans risquer de s\u00e9quelles\u00a0<img loading=\"lazy\" decoding=\"async\" class=\"size-medium wp-image-14960 alignright\" src=\"https:\/\/www.braintumour.ca\/wp-content\/uploads\/2026\/01\/0L2A2579-2-206x300.jpg\" alt=\"\" width=\"206\" height=\"300\" srcset=\"https:\/\/www.braintumour.ca\/wp-content\/uploads\/2026\/01\/0L2A2579-2-206x300.jpg 206w, https:\/\/www.braintumour.ca\/wp-content\/uploads\/2026\/01\/0L2A2579-2-704x1024.jpg 704w, https:\/\/www.braintumour.ca\/wp-content\/uploads\/2026\/01\/0L2A2579-2-768x1117.jpg 768w, https:\/\/www.braintumour.ca\/wp-content\/uploads\/2026\/01\/0L2A2579-2-1056x1536.jpg 1056w, https:\/\/www.braintumour.ca\/wp-content\/uploads\/2026\/01\/0L2A2579-2-1408x2048.jpg 1408w, https:\/\/www.braintumour.ca\/wp-content\/uploads\/2026\/01\/0L2A2579-2-640x931.jpg 640w, https:\/\/www.braintumour.ca\/wp-content\/uploads\/2026\/01\/0L2A2579-2-1024x1490.jpg 1024w, https:\/\/www.braintumour.ca\/wp-content\/uploads\/2026\/01\/0L2A2579-2-1200x1746.jpg 1200w, https:\/\/www.braintumour.ca\/wp-content\/uploads\/2026\/01\/0L2A2579-2-1920x2793.jpg 1920w, https:\/\/www.braintumour.ca\/wp-content\/uploads\/2026\/01\/0L2A2579-2-990x1440.jpg 990w, https:\/\/www.braintumour.ca\/wp-content\/uploads\/2026\/01\/0L2A2579-2-742x1080.jpg 742w, https:\/\/www.braintumour.ca\/wp-content\/uploads\/2026\/01\/0L2A2579-2-scaled.jpg 1760w\" sizes=\"auto, (max-width: 639px) 98vw, (max-width: 1199px) 64vw, 206px\" \/>neurologiques graves et permanentes.<\/p>\n<p>Kyle a grandi dans la m\u00eame rue \u00e0 London, en Ontario, que son ami, dont la future \u00e9pouse \u00e9tait \u00e9galement une voisine. Aujourd\u2019hui, le couple \u00e9l\u00e8ve leur fille de six mois et Kyle se d\u00e9crit comme \u00ab une solide troisi\u00e8me roue \u00bb.<\/p>\n<p>\u00ab Chaque fois que je retourne \u00e0 London, ils font partie de mes premiers arr\u00eats \u00bb, dit-il. \u00ab J\u2019aimerais continuer \u00e0 faire avancer ce petit tricycle en profitant de cette occasion pour amasser des fonds pour la Fondation canadienne des tumeurs c\u00e9r\u00e9brales. \u00bb<\/p>\n<p>Kyle s\u2019est fix\u00e9 un objectif de 150 000 $, tout en amassant des fonds pour l\u2019h\u00f4pital SickKids de Toronto.<\/p>\n<p>\u00ab Je fais tout cela en soutien \u00e0 mon ami et \u00e0 toutes les personnes touch\u00e9es par une tumeur c\u00e9r\u00e9brale, dans l\u2019espoir qu\u2019un jour, de nouveaux traitements, meilleurs, soient disponibles et, dans un monde id\u00e9al, qu\u2019un rem\u00e8de soit trouv\u00e9 \u00bb, explique-t-il. \u00ab Je le fais aussi pour sa famille, qui est ma famille, et pour une petite fille qui m\u00e9rite de vivre une vie remplie de souvenirs avec son p\u00e8re. \u00bb<\/p>\n<h5>Le d\u00e9fi le plus difficile de sa vie<\/h5>\n<p>Kyle prendra le d\u00e9part en d\u00e9cembre 2026, ramant en solo et en compl\u00e8te autonomie, de La Gomera, dans les \u00eeles Canaries, jusqu\u2019\u00e0 Antigua, dans les Cara\u00efbes. Il indique qu\u2019il serait le premier Canadien \u00e0 effectuer cette travers\u00e9e en solo depuis environ 25 ans, ce qui rend la recherche de commanditaires plus difficile.<\/p>\n<p>\u00ab Cette course est tr\u00e8s connue en Europe \u00bb, dit-il, \u00ab mais beaucoup moins au Canada \u00bb.<\/p>\n<p>\u00c9quip\u00e9 d\u2019un bateau capable d\u2019affronter des vagues de 30 pieds et d\u2019un syst\u00e8me de rep\u00e9rage GPS, Kyle se pr\u00e9pare pour le plus grand d\u00e9fi de sa vie.<\/p>\n<p>Il pr\u00e9voit ramer pendant deux heures, puis dormir deux heures, jour et nuit, jusqu\u2019\u00e0 la ligne d\u2019arriv\u00e9e \u2014 soit entre 40 et 60 jours, selon ses estimations.<\/p>\n<p>\u00ab Le temps moyen pour une travers\u00e9e en solo de ce genre est de 60 jours \u00bb, pr\u00e9cise Kyle. \u00ab Le record du monde est de 30 jours. Je n\u2019exclus jamais l\u2019id\u00e9e de viser un record et d\u2019esp\u00e9rer y arriver en 30 jours, mais je me pr\u00e9pare mentalement \u00e0 un p\u00e9riple pouvant aller jusqu\u2019\u00e0 120 jours, au cas o\u00f9. \u00bb<\/p>\n<h5><img loading=\"lazy\" decoding=\"async\" class=\"size-medium wp-image-14962 alignright\" src=\"https:\/\/www.braintumour.ca\/wp-content\/uploads\/2026\/01\/@worldstoughestrow-3755-L-300x200.jpg\" alt=\"\" width=\"300\" height=\"200\" srcset=\"https:\/\/www.braintumour.ca\/wp-content\/uploads\/2026\/01\/@worldstoughestrow-3755-L-300x200.jpg 300w, https:\/\/www.braintumour.ca\/wp-content\/uploads\/2026\/01\/@worldstoughestrow-3755-L-768x513.jpg 768w, https:\/\/www.braintumour.ca\/wp-content\/uploads\/2026\/01\/@worldstoughestrow-3755-L-640x427.jpg 640w, https:\/\/www.braintumour.ca\/wp-content\/uploads\/2026\/01\/@worldstoughestrow-3755-L.jpg 800w\" sizes=\"auto, (max-width: 639px) 98vw, (max-width: 1199px) 64vw, 300px\" \/>Se pr\u00e9parer pour l\u2019avenir<\/h5>\n<p>Kyle s\u2019entra\u00eene actuellement sous le climat de Vancouver, heureusement plus pluvieux que neigeux.<\/p>\n<p>\u00ab Ce qui est dr\u00f4le, c\u2019est que la partie la plus difficile de cette course, c\u2019est de r\u00e9ussir \u00e0 se rendre au d\u00e9part \u00bb, dit-il. \u00ab La course devient presque des vacances comparativement \u00e0 tout le reste. \u00bb<\/p>\n<p>\u00c0 son retour sur la terre ferme, Kyle pr\u00e9voit travailler comme pompier.<\/p>\n<p>\u00ab Je faisais d\u00e9filer Instagram et du contenu sur le m\u00e9tier de pompier est apparu \u00bb, raconte-t-il. \u00ab J\u2019ai d\u00e9cid\u00e9 de suivre un camp d\u2019entra\u00eenement pour devenir pompier. \u00bb<\/p>\n<p>Kyle incarne pleinement sa devise : \u00ab fonce \u00bb.<\/p>\n<p>Il travaille actuellement dans l\u2019industrie du cin\u00e9ma et fait du b\u00e9n\u00e9volat lorsqu\u2019il le peut, jusqu\u2019\u00e0 ce que The World\u2019s Toughest Row soit termin\u00e9 et qu\u2019il puisse s\u2019engager \u00e0 temps plein au sein des services d\u2019incendie.<\/p>\n<p>\u00ab Je prends les choses comme elles viennent \u00bb, conclut-il. \u00ab Et si je peux amasser des fonds pour une bonne cause et soutenir un bon ami en m\u00eame temps, tant mieux. \u00bb<\/p>\n<p>Suivez le parcours de Kyle et soutenez ses efforts \u00e0 <a href=\"http:\/\/www.OutoftheOrdinary.ca\">OutoftheOrdinary.ca<\/a>.<\/p>\n","protected":false},"excerpt":{"rendered":"<p>Le p\u00e9riple de Kyle \u00e0 travers l\u2019Atlantique pour soutenir la communaut\u00e9 des tumeurs c\u00e9r\u00e9brales Kyle Wills n\u2019a jamais \u00e9t\u00e9 du [&hellip;]<\/p>\n","protected":false},"author":30,"featured_media":14956,"comment_status":"closed","ping_status":"closed","sticky":false,"template":"","format":"standard","meta":{"_acf_changed":false,"footnotes":""},"categories":[138],"tags":[],"user_type":[],"locations":[],"class_list":["post-14964","post","type-post","status-publish","format-standard","has-post-thumbnail","hentry","category-blogue"],"acf":[],"yoast_head":"<!-- This site is optimized with the Yoast SEO Premium plugin v27.0 (Yoast SEO v27.0) - https:\/\/yoast.com\/product\/yoast-seo-premium-wordpress\/ -->\n<title>L&#039;aventure d&#039;une vie - Fondation canadienne des tumeurs c\u00e9r\u00e9brales<\/title>\n<meta name=\"description\" content=\"Kyle Wills se pr\u00e9pare \u00e0 traverser l\u2019oc\u00e9an Atlantique en solitaire en 2026 afin d\u2019amasser des fonds et de sensibiliser le public \u00e0 la cause des tumeurs c\u00e9r\u00e9brales, apr\u00e8s que son ami de toujours a re\u00e7u un diagnostic d\u2019astrocytome.\" \/>\n<meta name=\"robots\" content=\"index, follow, max-snippet:-1, max-image-preview:large, max-video-preview:-1\" \/>\n<link rel=\"canonical\" href=\"https:\/\/www.braintumour.ca\/fr\/blogue\/laventure-dune-vie\/\" \/>\n<meta property=\"og:locale\" content=\"fr_CA\" \/>\n<meta property=\"og:type\" content=\"article\" \/>\n<meta property=\"og:title\" content=\"L&#039;aventure d&#039;une vie\" \/>\n<meta property=\"og:description\" content=\"Kyle Wills se pr\u00e9pare \u00e0 traverser l\u2019oc\u00e9an Atlantique en solitaire en 2026 afin d\u2019amasser des fonds et de sensibiliser le public \u00e0 la cause des tumeurs c\u00e9r\u00e9brales, apr\u00e8s que son ami de toujours a re\u00e7u un diagnostic d\u2019astrocytome.\" \/>\n<meta property=\"og:url\" content=\"https:\/\/www.braintumour.ca\/fr\/blogue\/laventure-dune-vie\/\" \/>\n<meta property=\"og:site_name\" content=\"Fondation canadienne des tumeurs c\u00e9r\u00e9brales\" \/>\n<meta property=\"article:published_time\" content=\"2026-01-23T21:33:22+00:00\" \/>\n<meta property=\"article:modified_time\" content=\"2026-01-23T21:59:50+00:00\" \/>\n<meta property=\"og:image\" content=\"https:\/\/www.braintumour.ca\/wp-content\/uploads\/2026\/01\/DSC06147-scaled.jpg\" \/>\n\t<meta property=\"og:image:width\" content=\"2560\" \/>\n\t<meta property=\"og:image:height\" content=\"1686\" \/>\n\t<meta property=\"og:image:type\" content=\"image\/jpeg\" \/>\n<meta name=\"author\" content=\"Romina Ferro\" \/>\n<meta name=\"twitter:card\" content=\"summary_large_image\" \/>\n<meta name=\"twitter:label1\" content=\"\u00c9crit par\" \/>\n\t<meta name=\"twitter:data1\" content=\"Romina Ferro\" \/>\n\t<meta name=\"twitter:label2\" content=\"Estimation du temps de lecture\" \/>\n\t<meta name=\"twitter:data2\" content=\"6 minutes\" \/>\n<script type=\"application\/ld+json\" class=\"yoast-schema-graph\">{\"@context\":\"https:\/\/schema.org\",\"@graph\":[{\"@type\":\"Article\",\"@id\":\"https:\/\/www.braintumour.ca\/fr\/blogue\/laventure-dune-vie\/#article\",\"isPartOf\":{\"@id\":\"https:\/\/www.braintumour.ca\/fr\/blogue\/laventure-dune-vie\/\"},\"author\":{\"name\":\"Romina Ferro\",\"@id\":\"https:\/\/www.braintumour.ca\/fr\/#\/schema\/person\/7d21af7618ae21a65c694cdf21e86a53\"},\"headline\":\"L&rsquo;aventure d&rsquo;une vie\",\"datePublished\":\"2026-01-23T21:33:22+00:00\",\"dateModified\":\"2026-01-23T21:59:50+00:00\",\"mainEntityOfPage\":{\"@id\":\"https:\/\/www.braintumour.ca\/fr\/blogue\/laventure-dune-vie\/\"},\"wordCount\":1068,\"image\":{\"@id\":\"https:\/\/www.braintumour.ca\/fr\/blogue\/laventure-dune-vie\/#primaryimage\"},\"thumbnailUrl\":\"https:\/\/www.braintumour.ca\/wp-content\/uploads\/2026\/01\/DSC06147-scaled.jpg\",\"articleSection\":[\"Nouvelles\"],\"inLanguage\":\"fr-CA\"},{\"@type\":\"WebPage\",\"@id\":\"https:\/\/www.braintumour.ca\/fr\/blogue\/laventure-dune-vie\/\",\"url\":\"https:\/\/www.braintumour.ca\/fr\/blogue\/laventure-dune-vie\/\",\"name\":\"L'aventure d'une vie - Fondation canadienne des tumeurs c\u00e9r\u00e9brales\",\"isPartOf\":{\"@id\":\"https:\/\/www.braintumour.ca\/fr\/#website\"},\"primaryImageOfPage\":{\"@id\":\"https:\/\/www.braintumour.ca\/fr\/blogue\/laventure-dune-vie\/#primaryimage\"},\"image\":{\"@id\":\"https:\/\/www.braintumour.ca\/fr\/blogue\/laventure-dune-vie\/#primaryimage\"},\"thumbnailUrl\":\"https:\/\/www.braintumour.ca\/wp-content\/uploads\/2026\/01\/DSC06147-scaled.jpg\",\"datePublished\":\"2026-01-23T21:33:22+00:00\",\"dateModified\":\"2026-01-23T21:59:50+00:00\",\"author\":{\"@id\":\"https:\/\/www.braintumour.ca\/fr\/#\/schema\/person\/7d21af7618ae21a65c694cdf21e86a53\"},\"description\":\"Kyle Wills se pr\u00e9pare \u00e0 traverser l\u2019oc\u00e9an Atlantique en solitaire en 2026 afin d\u2019amasser des fonds et de sensibiliser le public \u00e0 la cause des tumeurs c\u00e9r\u00e9brales, apr\u00e8s que son ami de toujours a re\u00e7u un diagnostic d\u2019astrocytome.\",\"breadcrumb\":{\"@id\":\"https:\/\/www.braintumour.ca\/fr\/blogue\/laventure-dune-vie\/#breadcrumb\"},\"inLanguage\":\"fr-CA\",\"potentialAction\":[{\"@type\":\"ReadAction\",\"target\":[\"https:\/\/www.braintumour.ca\/fr\/blogue\/laventure-dune-vie\/\"]}]},{\"@type\":\"ImageObject\",\"inLanguage\":\"fr-CA\",\"@id\":\"https:\/\/www.braintumour.ca\/fr\/blogue\/laventure-dune-vie\/#primaryimage\",\"url\":\"https:\/\/www.braintumour.ca\/wp-content\/uploads\/2026\/01\/DSC06147-scaled.jpg\",\"contentUrl\":\"https:\/\/www.braintumour.ca\/wp-content\/uploads\/2026\/01\/DSC06147-scaled.jpg\",\"width\":2560,\"height\":1686},{\"@type\":\"BreadcrumbList\",\"@id\":\"https:\/\/www.braintumour.ca\/fr\/blogue\/laventure-dune-vie\/#breadcrumb\",\"itemListElement\":[{\"@type\":\"ListItem\",\"position\":1,\"name\":\"Home\",\"item\":\"https:\/\/www.braintumour.ca\/fr\/\"},{\"@type\":\"ListItem\",\"position\":2,\"name\":\"L&#8217;aventure d&#8217;une vie\"}]},{\"@type\":\"WebSite\",\"@id\":\"https:\/\/www.braintumour.ca\/fr\/#website\",\"url\":\"https:\/\/www.braintumour.ca\/fr\/\",\"name\":\"Fondation canadienne des tumeurs c\u00e9r\u00e9brales\",\"description\":\"Notre mission est de venir en aide \u00e0 toutes les personnes touch\u00e9es par une tumeur c\u00e9r\u00e9brale au Canada par le biais de nos programmes d\u2019information, de soutien, d\u2019\u00e9ducation et de recherche.\",\"potentialAction\":[{\"@type\":\"SearchAction\",\"target\":{\"@type\":\"EntryPoint\",\"urlTemplate\":\"https:\/\/www.braintumour.ca\/fr\/?s={search_term_string}\"},\"query-input\":{\"@type\":\"PropertyValueSpecification\",\"valueRequired\":true,\"valueName\":\"search_term_string\"}}],\"inLanguage\":\"fr-CA\"},{\"@type\":\"Person\",\"@id\":\"https:\/\/www.braintumour.ca\/fr\/#\/schema\/person\/7d21af7618ae21a65c694cdf21e86a53\",\"name\":\"Romina Ferro\",\"image\":{\"@type\":\"ImageObject\",\"inLanguage\":\"fr-CA\",\"@id\":\"https:\/\/www.braintumour.ca\/fr\/#\/schema\/person\/image\/\",\"url\":\"https:\/\/secure.gravatar.com\/avatar\/8c2b0e36f5152923b5979d7f47c5113425f9fb81d9dce04f6460fc53bf2d3738?s=96&d=mm&r=g\",\"contentUrl\":\"https:\/\/secure.gravatar.com\/avatar\/8c2b0e36f5152923b5979d7f47c5113425f9fb81d9dce04f6460fc53bf2d3738?s=96&d=mm&r=g\",\"caption\":\"Romina Ferro\"}}]}<\/script>\n<!-- \/ Yoast SEO Premium plugin. -->","yoast_head_json":{"title":"L'aventure d'une vie - Fondation canadienne des tumeurs c\u00e9r\u00e9brales","description":"Kyle Wills se pr\u00e9pare \u00e0 traverser l\u2019oc\u00e9an Atlantique en solitaire en 2026 afin d\u2019amasser des fonds et de sensibiliser le public \u00e0 la cause des tumeurs c\u00e9r\u00e9brales, apr\u00e8s que son ami de toujours a re\u00e7u un diagnostic d\u2019astrocytome.","robots":{"index":"index","follow":"follow","max-snippet":"max-snippet:-1","max-image-preview":"max-image-preview:large","max-video-preview":"max-video-preview:-1"},"canonical":"https:\/\/www.braintumour.ca\/fr\/blogue\/laventure-dune-vie\/","og_locale":"fr_CA","og_type":"article","og_title":"L'aventure d'une vie","og_description":"Kyle Wills se pr\u00e9pare \u00e0 traverser l\u2019oc\u00e9an Atlantique en solitaire en 2026 afin d\u2019amasser des fonds et de sensibiliser le public \u00e0 la cause des tumeurs c\u00e9r\u00e9brales, apr\u00e8s que son ami de toujours a re\u00e7u un diagnostic d\u2019astrocytome.","og_url":"https:\/\/www.braintumour.ca\/fr\/blogue\/laventure-dune-vie\/","og_site_name":"Fondation canadienne des tumeurs c\u00e9r\u00e9brales","article_published_time":"2026-01-23T21:33:22+00:00","article_modified_time":"2026-01-23T21:59:50+00:00","og_image":[{"width":2560,"height":1686,"url":"https:\/\/www.braintumour.ca\/wp-content\/uploads\/2026\/01\/DSC06147-scaled.jpg","type":"image\/jpeg"}],"author":"Romina Ferro","twitter_card":"summary_large_image","twitter_misc":{"\u00c9crit par":"Romina Ferro","Estimation du temps de lecture":"6 minutes"},"schema":{"@context":"https:\/\/schema.org","@graph":[{"@type":"Article","@id":"https:\/\/www.braintumour.ca\/fr\/blogue\/laventure-dune-vie\/#article","isPartOf":{"@id":"https:\/\/www.braintumour.ca\/fr\/blogue\/laventure-dune-vie\/"},"author":{"name":"Romina Ferro","@id":"https:\/\/www.braintumour.ca\/fr\/#\/schema\/person\/7d21af7618ae21a65c694cdf21e86a53"},"headline":"L&rsquo;aventure d&rsquo;une vie","datePublished":"2026-01-23T21:33:22+00:00","dateModified":"2026-01-23T21:59:50+00:00","mainEntityOfPage":{"@id":"https:\/\/www.braintumour.ca\/fr\/blogue\/laventure-dune-vie\/"},"wordCount":1068,"image":{"@id":"https:\/\/www.braintumour.ca\/fr\/blogue\/laventure-dune-vie\/#primaryimage"},"thumbnailUrl":"https:\/\/www.braintumour.ca\/wp-content\/uploads\/2026\/01\/DSC06147-scaled.jpg","articleSection":["Nouvelles"],"inLanguage":"fr-CA"},{"@type":"WebPage","@id":"https:\/\/www.braintumour.ca\/fr\/blogue\/laventure-dune-vie\/","url":"https:\/\/www.braintumour.ca\/fr\/blogue\/laventure-dune-vie\/","name":"L'aventure d'une vie - Fondation canadienne des tumeurs c\u00e9r\u00e9brales","isPartOf":{"@id":"https:\/\/www.braintumour.ca\/fr\/#website"},"primaryImageOfPage":{"@id":"https:\/\/www.braintumour.ca\/fr\/blogue\/laventure-dune-vie\/#primaryimage"},"image":{"@id":"https:\/\/www.braintumour.ca\/fr\/blogue\/laventure-dune-vie\/#primaryimage"},"thumbnailUrl":"https:\/\/www.braintumour.ca\/wp-content\/uploads\/2026\/01\/DSC06147-scaled.jpg","datePublished":"2026-01-23T21:33:22+00:00","dateModified":"2026-01-23T21:59:50+00:00","author":{"@id":"https:\/\/www.braintumour.ca\/fr\/#\/schema\/person\/7d21af7618ae21a65c694cdf21e86a53"},"description":"Kyle Wills se pr\u00e9pare \u00e0 traverser l\u2019oc\u00e9an Atlantique en solitaire en 2026 afin d\u2019amasser des fonds et de sensibiliser le public \u00e0 la cause des tumeurs c\u00e9r\u00e9brales, apr\u00e8s que son ami de toujours a re\u00e7u un diagnostic d\u2019astrocytome.","breadcrumb":{"@id":"https:\/\/www.braintumour.ca\/fr\/blogue\/laventure-dune-vie\/#breadcrumb"},"inLanguage":"fr-CA","potentialAction":[{"@type":"ReadAction","target":["https:\/\/www.braintumour.ca\/fr\/blogue\/laventure-dune-vie\/"]}]},{"@type":"ImageObject","inLanguage":"fr-CA","@id":"https:\/\/www.braintumour.ca\/fr\/blogue\/laventure-dune-vie\/#primaryimage","url":"https:\/\/www.braintumour.ca\/wp-content\/uploads\/2026\/01\/DSC06147-scaled.jpg","contentUrl":"https:\/\/www.braintumour.ca\/wp-content\/uploads\/2026\/01\/DSC06147-scaled.jpg","width":2560,"height":1686},{"@type":"BreadcrumbList","@id":"https:\/\/www.braintumour.ca\/fr\/blogue\/laventure-dune-vie\/#breadcrumb","itemListElement":[{"@type":"ListItem","position":1,"name":"Home","item":"https:\/\/www.braintumour.ca\/fr\/"},{"@type":"ListItem","position":2,"name":"L&#8217;aventure d&#8217;une vie"}]},{"@type":"WebSite","@id":"https:\/\/www.braintumour.ca\/fr\/#website","url":"https:\/\/www.braintumour.ca\/fr\/","name":"Fondation canadienne des tumeurs c\u00e9r\u00e9brales","description":"Notre mission est de venir en aide \u00e0 toutes les personnes touch\u00e9es par une tumeur c\u00e9r\u00e9brale au Canada par le biais de nos programmes d\u2019information, de soutien, d\u2019\u00e9ducation et de recherche.","potentialAction":[{"@type":"SearchAction","target":{"@type":"EntryPoint","urlTemplate":"https:\/\/www.braintumour.ca\/fr\/?s={search_term_string}"},"query-input":{"@type":"PropertyValueSpecification","valueRequired":true,"valueName":"search_term_string"}}],"inLanguage":"fr-CA"},{"@type":"Person","@id":"https:\/\/www.braintumour.ca\/fr\/#\/schema\/person\/7d21af7618ae21a65c694cdf21e86a53","name":"Romina Ferro","image":{"@type":"ImageObject","inLanguage":"fr-CA","@id":"https:\/\/www.braintumour.ca\/fr\/#\/schema\/person\/image\/","url":"https:\/\/secure.gravatar.com\/avatar\/8c2b0e36f5152923b5979d7f47c5113425f9fb81d9dce04f6460fc53bf2d3738?s=96&d=mm&r=g","contentUrl":"https:\/\/secure.gravatar.com\/avatar\/8c2b0e36f5152923b5979d7f47c5113425f9fb81d9dce04f6460fc53bf2d3738?s=96&d=mm&r=g","caption":"Romina Ferro"}}]}},"_links":{"self":[{"href":"https:\/\/www.braintumour.ca\/fr\/wp-json\/wp\/v2\/posts\/14964","targetHints":{"allow":["GET"]}}],"collection":[{"href":"https:\/\/www.braintumour.ca\/fr\/wp-json\/wp\/v2\/posts"}],"about":[{"href":"https:\/\/www.braintumour.ca\/fr\/wp-json\/wp\/v2\/types\/post"}],"author":[{"embeddable":true,"href":"https:\/\/www.braintumour.ca\/fr\/wp-json\/wp\/v2\/users\/30"}],"replies":[{"embeddable":true,"href":"https:\/\/www.braintumour.ca\/fr\/wp-json\/wp\/v2\/comments?post=14964"}],"version-history":[{"count":0,"href":"https:\/\/www.braintumour.ca\/fr\/wp-json\/wp\/v2\/posts\/14964\/revisions"}],"wp:featuredmedia":[{"embeddable":true,"href":"https:\/\/www.braintumour.ca\/fr\/wp-json\/wp\/v2\/media\/14956"}],"wp:attachment":[{"href":"https:\/\/www.braintumour.ca\/fr\/wp-json\/wp\/v2\/media?parent=14964"}],"wp:term":[{"taxonomy":"category","embeddable":true,"href":"https:\/\/www.braintumour.ca\/fr\/wp-json\/wp\/v2\/categories?post=14964"},{"taxonomy":"post_tag","embeddable":true,"href":"https:\/\/www.braintumour.ca\/fr\/wp-json\/wp\/v2\/tags?post=14964"},{"taxonomy":"user_type","embeddable":true,"href":"https:\/\/www.braintumour.ca\/fr\/wp-json\/wp\/v2\/user_type?post=14964"},{"taxonomy":"locations","embeddable":true,"href":"https:\/\/www.braintumour.ca\/fr\/wp-json\/wp\/v2\/locations?post=14964"}],"curies":[{"name":"wp","href":"https:\/\/api.w.org\/{rel}","templated":true}]}}