{"id":15568,"date":"2026-04-01T13:48:14","date_gmt":"2026-04-01T17:48:14","guid":{"rendered":"https:\/\/www.braintumour.ca\/non-classifiee\/meet-the-team-ben-seewald\/"},"modified":"2026-04-29T11:49:00","modified_gmt":"2026-04-29T15:49:00","slug":"rencontrez-notre-equipe-ben-seewald","status":"publish","type":"post","link":"https:\/\/www.braintumour.ca\/fr\/blogue\/rencontrez-notre-equipe-ben-seewald\/","title":{"rendered":"Rencontrez notre \u00e9quipe: Ben Seewald"},"content":{"rendered":"<p><strong>Quel est votre r\u00f4le \u00e0 la Fondation canadienne des tumeurs c\u00e9r\u00e9brales? A-t-il \u00e9volu\u00e9 au fil des ann\u00e9es?<\/strong><\/p>\n<p>Mon parcours avec la Fondation canadienne des tumeurs c\u00e9r\u00e9brales a commenc\u00e9 avec mon propre diagnostic de tumeur c\u00e9r\u00e9brale et mon traitement en juillet 1996. J\u2019ai \u00e9t\u00e9 membre du personnel de 2003 \u00e0 2007, contribuant \u00e0 b\u00e2tir la Marche des tumeurs c\u00e9r\u00e9brales avec une approche v\u00e9ritablement nationale. J\u2019ai \u00e9galement \u00e9t\u00e9 b\u00e9n\u00e9vole au sein du comit\u00e9 des bourses d\u2019\u00e9tudes pour les jeunes de 2013 \u00e0 2023. De 2023 \u00e0 2025, mon r\u00f4le consistait \u00e0 \u00e9tablir des liens avec des donateurs majeurs et des donateurs par dons planifi\u00e9s au sein de l\u2019\u00e9quipe de d\u00e9veloppement des dons.<\/p>\n<p>Depuis un an, je soutiens la communaut\u00e9 des personnes touch\u00e9es par une tumeur c\u00e9r\u00e9brale en tant que sp\u00e9cialiste des services de soutien, en me concentrant sur les programmes destin\u00e9s aux enfants et aux jeunes adultes. Je suis \u00e9galement l\u2019animateur du balado Beyond Brain Tumours, b\u00e9n\u00e9vole au sein du comit\u00e9 de la Marche des tumeurs c\u00e9r\u00e9brales de Kingston et donateur.<\/p>\n<p><strong>Pouvez-vous donner une br\u00e8ve description de ce que vous faites dans votre r\u00f4le?<\/strong><\/p>\n<p>Dans mon r\u00f4le, je travaille avec des communaut\u00e9s locales pour aider les enfants, les jeunes adultes et les familles vivant avec un diagnostic de tumeur c\u00e9r\u00e9brale \u00e0 trouver des ressources et un sentiment d\u2019appartenance. Gr\u00e2ce au balado, j\u2019ai aussi la chance d\u2019\u00e9couter les membres de la communaut\u00e9, de faire entendre et normaliser leurs histoires marqu\u00e9es par les \u00e9preuves m\u00e9dicales, la force et l\u2019espoir, et de constater la r\u00e9silience de toutes les personnes touch\u00e9es lors des \u00e9v\u00e9nements de la Marche des tumeurs c\u00e9r\u00e9brales.<\/p>\n<p><strong>Depuis combien de temps \u00eates-vous avec la Fondation?<\/strong><\/p>\n<p>Je suis membre de la communaut\u00e9 des tumeurs c\u00e9r\u00e9brales depuis juillet 1996, bient\u00f4t 30 ans! Dans mon r\u00f4le actuel en tant qu&#8217;employ\u00e9, depuis juin 2023.<\/p>\n<h5>\u00c0 propos de votre r\u00f4le et de votre impact<\/h5>\n<p><strong>\u00c0 quoi ressemble une journ\u00e9e typique pour vous?<\/strong><\/p>\n<p>Travaillant \u00e0 distance depuis Kingston, en Ontario, une grande partie de mes journ\u00e9es est consacr\u00e9e aux courriels, aux appels t\u00e9l\u00e9phoniques et aux r\u00e9unions virtuelles. J\u2019offre \u00e9galement du soutien et des conseils aux b\u00e9n\u00e9voles des groupes de soutien p\u00e9diatriques GOcervo\/BrainWAVE, alors qu\u2019ils d\u00e9veloppent des programmes intentionnels offrant un r\u00e9pit des traitements et des rendez-vous, ainsi qu\u2019une occasion de se connecter avec d\u2019autres personnes vivant une situation similaire.<\/p>\n<p><strong>Qu\u2019est-ce qui pourrait surprendre les gens dans votre travail?<\/strong><\/p>\n<p>M\u00eame s\u2019il y a des moments tr\u00e8s difficiles et \u00e9prouvants, une grande partie de mon travail est tourn\u00e9e vers l\u2019espoir. L\u2019espoir de cr\u00e9er des liens et de construire une communaut\u00e9, l\u2019espoir de meilleurs traitements, l\u2019espoir pour l\u2019avenir. Cette communaut\u00e9 est incroyablement forte!<\/p>\n<p><strong>Quel est un projet r\u00e9cent dont vous \u00eates fier?<\/strong><\/p>\n<p>Animer notre balado est quelque chose que je n\u2019aurais jamais imagin\u00e9 faire. J\u2019aime raconter des histoires et \u00e9couter celles des autres, mais je n\u2019ai aucune formation officielle dans ce domaine.<\/p>\n<p>C\u2019est un apprentissage enrichissant et j\u2019ai la chance de travailler avec une excellente productrice, Mejora Thomas. Cr\u00e9er des liens avec des survivants, des proches aidants, des familles et des amis est une grande source de joie dans ma vie.<\/p>\n<p><strong>Qu\u2019aimeriez-vous que les gens comprennent mieux \u00e0 propos de votre travail?<\/strong><\/p>\n<p>Que chaque jour, je sois inspir\u00e9 par une histoire, une conversation, un b\u00e9n\u00e9vole, un patient, un proche aidant, un m\u00e9decin ou un membre de la communaut\u00e9. Le courage, l\u2019espoir, la r\u00e9silience et la d\u00e9termination qui \u00e9mergent quand on s\u2019y attend le moins (mais quand on en a le plus besoin) sont bouleversants. Comme le dit la chanson : \u00ab Le courage, il ne pourrait pas arriver \u00e0 un pire moment. \u00bb<\/p>\n<p><strong>Qu\u2019est-ce qui vous motive dans votre r\u00f4le?<\/strong><\/p>\n<p>Les gens. La qualit\u00e9 des personnes avec qui j\u2019ai le privil\u00e8ge d\u2019interagir, membres du personnel, b\u00e9n\u00e9voles, professionnels de la sant\u00e9, patients, survivants, familles \u2014 est exceptionnelle, et je suis reconnaissant de pouvoir les conna\u00eetre, m\u00eame pour un temps.<\/p>\n<p><strong>Quel impact esp\u00e9rez-vous avoir sur la communaut\u00e9?<\/strong><\/p>\n<p>J\u2019esp\u00e8re sinc\u00e8rement que mon influence pourra aider quelqu\u2019un \u00e0 sourire ou \u00e0 se sentir un peu mieux, ne serait-ce qu\u2019un instant. Ultimement, j\u2019esp\u00e8re \u00eatre un exemple de ce \u00e0 quoi peut ressembler la survie face \u00e0 une tumeur c\u00e9r\u00e9brale et contribuer \u00e0 sensibiliser et \u00e0 amasser des fonds essentiels pour de meilleurs traitements, la recherche et, un jour, un rem\u00e8de.<\/p>\n<p><strong>Quel est votre moment pr\u00e9f\u00e9r\u00e9 v\u00e9cu \u00e0 la Fondatio<\/strong>n?<\/p>\n<p>Comparer mes cicatrices \u00e0 celles d\u2019autres survivants.<\/p>\n<p><strong>Quelle est une chose que vous avez apprise depuis que vous avez rejoint l\u2019organisation?<\/strong><\/p>\n<p>Que la Fondation canadienne des tumeurs c\u00e9r\u00e9brales est le seul organisme national offrant de l\u2019information et du soutien aux Canadiens touch\u00e9s par tout type de tumeur c\u00e9r\u00e9brale \u2014 maligne, non maligne ou m\u00e9tastatique.<\/p>\n<p><strong>Si vous deviez d\u00e9crire votre travail en trois mots, quels seraient-ils ?<\/strong><\/p>\n<p>Espoir. Bienveillance. Communaut\u00e9.<\/p>\n<h5>Pourquoi vous \u00eates impliqu\u00e9<\/h5>\n<p><strong>Pourquoi avez-vous choisi de travailler dans ce domaine?<\/strong><\/p>\n<p>Mon engagement personnel \u00e0 rendre le monde meilleur m\u2019a men\u00e9 vers ce secteur. J\u2019ai eu la chance d\u2019\u00eatre inspir\u00e9 par des gestionnaires et des leaders exceptionnels tout au long de mon parcours.<\/p>\n<p><strong>Qu\u2019est-ce qui vous a attir\u00e9 vers la Fondation?<\/strong><\/p>\n<p>Mon exp\u00e9rience personnelle en tant que survivant d\u2019une tumeur c\u00e9r\u00e9brale et la force de cette communaut\u00e9.<\/p>\n<p><strong>Quelle est une histoire qui vous a marqu\u00e9?<\/strong><\/p>\n<p>Une b\u00e9n\u00e9vole qui sait que son pronostic vital est sombre et qu\u2019il lui reste probablement peu de temps \u00e0 vivre, mais qui choisit tout de m\u00eame de rester impliqu\u00e9e dans un \u00e9v\u00e9nement. C\u2019est une preuve d\u2019un d\u00e9vouement incroyable.<\/p>\n<p><strong>Qu\u2019est-ce que cette communaut\u00e9 vous a appris?<\/strong><\/p>\n<p>Appr\u00e9cier la vie, car rien n\u2019est garanti.<\/p>\n<p><strong>Qui vous a inspir\u00e9 dans votre carri\u00e8re?<\/strong><\/p>\n<p>Mon p\u00e8re, audiologiste p\u00e9diatrique. Son engagement \u00e0 aider les enfants \u00e0 entendre, afin qu\u2019ils puissent se d\u00e9velopper et avoir un avenir, a toujours \u00e9t\u00e9 une source d\u2019inspiration.<\/p>\n<p><strong>Quel conseil donneriez-vous \u00e0 quelqu\u2019un qui d\u00e9bute dans ce domaine?<\/strong><\/p>\n<p>Regardez vers l\u2019est. Le soleil se l\u00e8ve chaque jour, m\u00eame lorsque les vagues frappent le rivage ou que le vent fait tomber les feuilles. Le soleil se l\u00e8vera toujours.<\/p>\n<p><strong>Qu\u2019est-ce qui vous donne de l\u2019espoir?<\/strong><\/p>\n<p>Savoir qu\u2019il y a des personnes bien plus intelligentes que moi qui travaillent sur les traitements et la recherche pour la prochaine g\u00e9n\u00e9ration de la communaut\u00e9 des tumeurs c\u00e9r\u00e9brales.<\/p>\n<h5>Style de travail et personnalit\u00e9<\/h5>\n<p><strong>Votre astuce de productivit\u00e9?<\/strong><\/p>\n<p>Les listes! Papier et crayon, \u00e0 l\u2019ancienne. Sans \u00e7a, j\u2019oublierais mon propre nom certains jours.<\/p>\n<p><strong>Quelque chose que les gens seraient surpris d\u2019apprendre sur vous?<\/strong><\/p>\n<p>Je suis n\u00e9 \u00e0 la maison, pas \u00e0 l\u2019h\u00f4pital.<\/p>\n<p><strong>Quelle chanson serait votre th\u00e8me d\u2019entr\u00e9e?<\/strong><\/p>\n<p>Don\u2019t Be So Hard On Yourself de Danny Michel ou One Last Drink de Enter The Haggis.<\/p>\n<p><strong>Qu\u2019est-ce qui am\u00e9liore votre journ\u00e9e de travail?<\/strong><\/p>\n<p>Le soleil. Sans h\u00e9sitation. \u00c7a change tout.<\/p>\n<h5>Anecdotes<\/h5>\n<p><strong>Dernier livre lu?<\/strong><\/p>\n<p>How To Make Your Brain Your Best Friend de Rachel Barr.<\/p>\n<p><strong>Balado ou \u00e9mission pr\u00e9f\u00e9r\u00e9e?<\/strong><\/p>\n<p>En dehors de Beyond Brain Tumours\u2026 Blocks avec Neal Brennan, Ologies avec Alie Ward et 99% Invisible avec Roman Mars.<\/p>\n<p><strong>Passe-temps pr\u00e9f\u00e9r\u00e9?<\/strong><\/p>\n<p>Lire et faire de l\u2019exercice.<\/p>\n<p><strong>Comment rechargez-vous vos batteries?<\/strong><\/p>\n<p>Marcher en for\u00eat ou faire de l\u2019exercice. Je me sens toujours mieux apr\u00e8s.<\/p>\n<p><strong>Destination de voyage pr\u00e9f\u00e9r\u00e9e?<\/strong><\/p>\n<p>N\u2019importe o\u00f9 avec ma femme. Nous pr\u00e9voyons un voyage en Nouvelle-\u00c9cosse cet \u00e9t\u00e9.<\/p>\n<p><strong>Un fait amusant sur vous?<\/strong><\/p>\n<p>Ma m\u00e8re dit que j\u2019ai une grande aura.<\/p>\n<p><strong>Talent cach\u00e9?<\/strong><\/p>\n<p>Mon enthousiasme?<\/p>\n<p><strong>Plat r\u00e9confort pr\u00e9f\u00e9r\u00e9?<\/strong><\/p>\n<p>La cr\u00e8me glac\u00e9e. Peu importe le type, \u00e0 tout moment.<\/p>\n<p><strong>Qu\u2019est-ce qui vous apporte de la joie en ce moment?<\/strong><\/p>\n<p>Quand ma fille de 10 ans \u00e9clate de rire.<\/p>\n<h5>Ceci ou cela<\/h5>\n<p><strong>Matinal ou couche-tard?<\/strong><br \/>\nCouche-tard.<\/p>\n<p><strong>Caf\u00e9, th\u00e9 ou autre?<br \/>\n<\/strong>Je commence par un caf\u00e9 aux champignons, puis un th\u00e9 Earl Grey plus tard dans la matin\u00e9e.<\/p>\n<p><strong>Appels ou courriels?<\/strong><br \/>\nJe pr\u00e9f\u00e8re les appels, mais je passe environ 90 % de mon temps sur les courriels.<\/p>\n<p><strong>R\u00e9unions le matin ou l\u2019apr\u00e8s-midi?<\/strong><br \/>\nLe matin.<\/p>\n<p><strong>Agenda papier ou num\u00e9rique?<\/strong><br \/>\nLes deux!<\/p>\n<p><strong>Introverti ou extraverti?<\/strong><br \/>\nExtraverti, mais j\u2019ai besoin de temps seul pour me ressourcer.<\/p>\n<p><strong>\u00c9t\u00e9 ou hiver?<\/strong><br \/>\nL\u2019\u00e9t\u00e9. Il arrive!<\/p>\n<p><strong>Sucr\u00e9 ou sal\u00e9?<\/strong><br \/>\nPlut\u00f4t sal\u00e9, mais j\u2019aime aussi les desserts\u2026 donc peut-\u00eatre les deux!<\/p>\n<p><strong>Plage ou montagne?<\/strong><br \/>\nPlage pour relaxer, montagne pour l\u2019aventure.<\/p>\n","protected":false},"excerpt":{"rendered":"<p>Quel est votre r\u00f4le \u00e0 la Fondation canadienne des tumeurs c\u00e9r\u00e9brales? A-t-il \u00e9volu\u00e9 au fil des ann\u00e9es? Mon parcours avec [&hellip;]<\/p>\n","protected":false},"author":37,"featured_media":15327,"comment_status":"closed","ping_status":"closed","sticky":false,"template":"","format":"standard","meta":{"_acf_changed":false,"footnotes":""},"categories":[138],"tags":[],"user_type":[],"locations":[],"class_list":["post-15568","post","type-post","status-publish","format-standard","has-post-thumbnail","hentry","category-blogue"],"acf":[],"yoast_head":"<!-- This site is optimized with the Yoast SEO Premium plugin v27.0 (Yoast SEO v27.0) - https:\/\/yoast.com\/product\/yoast-seo-premium-wordpress\/ -->\n<title>Rencontrez notre \u00e9quipe: Ben Seewald - Fondation canadienne des tumeurs c\u00e9r\u00e9brales<\/title>\n<meta name=\"robots\" content=\"index, follow, max-snippet:-1, max-image-preview:large, max-video-preview:-1\" \/>\n<link rel=\"canonical\" href=\"https:\/\/www.braintumour.ca\/fr\/blogue\/rencontrez-notre-equipe-ben-seewald\/\" \/>\n<meta property=\"og:locale\" content=\"fr_CA\" \/>\n<meta property=\"og:type\" content=\"article\" \/>\n<meta property=\"og:title\" content=\"Rencontrez notre \u00e9quipe: Ben Seewald\" \/>\n<meta property=\"og:description\" content=\"Quel est votre r\u00f4le \u00e0 la Fondation canadienne des tumeurs c\u00e9r\u00e9brales? A-t-il \u00e9volu\u00e9 au fil des ann\u00e9es? Mon parcours avec [&hellip;]\" \/>\n<meta property=\"og:url\" content=\"https:\/\/www.braintumour.ca\/fr\/blogue\/rencontrez-notre-equipe-ben-seewald\/\" \/>\n<meta property=\"og:site_name\" content=\"Fondation canadienne des tumeurs c\u00e9r\u00e9brales\" \/>\n<meta property=\"article:published_time\" content=\"2026-04-01T17:48:14+00:00\" \/>\n<meta property=\"article:modified_time\" content=\"2026-04-29T15:49:00+00:00\" \/>\n<meta property=\"og:image\" content=\"https:\/\/www.braintumour.ca\/wp-content\/uploads\/2026\/04\/2025LDNWalk.jpg\" \/>\n\t<meta property=\"og:image:width\" content=\"640\" \/>\n\t<meta property=\"og:image:height\" content=\"960\" \/>\n\t<meta property=\"og:image:type\" content=\"image\/jpeg\" \/>\n<meta name=\"author\" content=\"Omar Pussey\" \/>\n<meta name=\"twitter:card\" content=\"summary_large_image\" \/>\n<meta name=\"twitter:label1\" content=\"\u00c9crit par\" \/>\n\t<meta name=\"twitter:data1\" content=\"Omar Pussey\" \/>\n\t<meta name=\"twitter:label2\" content=\"Estimation du temps de lecture\" \/>\n\t<meta name=\"twitter:data2\" content=\"7 minutes\" \/>\n<script type=\"application\/ld+json\" class=\"yoast-schema-graph\">{\"@context\":\"https:\/\/schema.org\",\"@graph\":[{\"@type\":\"Article\",\"@id\":\"https:\/\/www.braintumour.ca\/fr\/blogue\/rencontrez-notre-equipe-ben-seewald\/#article\",\"isPartOf\":{\"@id\":\"https:\/\/www.braintumour.ca\/fr\/blogue\/rencontrez-notre-equipe-ben-seewald\/\"},\"author\":{\"name\":\"Omar Pussey\",\"@id\":\"https:\/\/www.braintumour.ca\/fr\/#\/schema\/person\/91130960a62412cd635f2af825576a73\"},\"headline\":\"Rencontrez notre \u00e9quipe: Ben Seewald\",\"datePublished\":\"2026-04-01T17:48:14+00:00\",\"dateModified\":\"2026-04-29T15:49:00+00:00\",\"mainEntityOfPage\":{\"@id\":\"https:\/\/www.braintumour.ca\/fr\/blogue\/rencontrez-notre-equipe-ben-seewald\/\"},\"wordCount\":1502,\"image\":{\"@id\":\"https:\/\/www.braintumour.ca\/fr\/blogue\/rencontrez-notre-equipe-ben-seewald\/#primaryimage\"},\"thumbnailUrl\":\"https:\/\/www.braintumour.ca\/wp-content\/uploads\/2026\/04\/2025LDNWalk.jpg\",\"articleSection\":[\"Nouvelles\"],\"inLanguage\":\"fr-CA\"},{\"@type\":\"WebPage\",\"@id\":\"https:\/\/www.braintumour.ca\/fr\/blogue\/rencontrez-notre-equipe-ben-seewald\/\",\"url\":\"https:\/\/www.braintumour.ca\/fr\/blogue\/rencontrez-notre-equipe-ben-seewald\/\",\"name\":\"Rencontrez notre \u00e9quipe: Ben Seewald - Fondation canadienne des tumeurs c\u00e9r\u00e9brales\",\"isPartOf\":{\"@id\":\"https:\/\/www.braintumour.ca\/fr\/#website\"},\"primaryImageOfPage\":{\"@id\":\"https:\/\/www.braintumour.ca\/fr\/blogue\/rencontrez-notre-equipe-ben-seewald\/#primaryimage\"},\"image\":{\"@id\":\"https:\/\/www.braintumour.ca\/fr\/blogue\/rencontrez-notre-equipe-ben-seewald\/#primaryimage\"},\"thumbnailUrl\":\"https:\/\/www.braintumour.ca\/wp-content\/uploads\/2026\/04\/2025LDNWalk.jpg\",\"datePublished\":\"2026-04-01T17:48:14+00:00\",\"dateModified\":\"2026-04-29T15:49:00+00:00\",\"author\":{\"@id\":\"https:\/\/www.braintumour.ca\/fr\/#\/schema\/person\/91130960a62412cd635f2af825576a73\"},\"breadcrumb\":{\"@id\":\"https:\/\/www.braintumour.ca\/fr\/blogue\/rencontrez-notre-equipe-ben-seewald\/#breadcrumb\"},\"inLanguage\":\"fr-CA\",\"potentialAction\":[{\"@type\":\"ReadAction\",\"target\":[\"https:\/\/www.braintumour.ca\/fr\/blogue\/rencontrez-notre-equipe-ben-seewald\/\"]}]},{\"@type\":\"ImageObject\",\"inLanguage\":\"fr-CA\",\"@id\":\"https:\/\/www.braintumour.ca\/fr\/blogue\/rencontrez-notre-equipe-ben-seewald\/#primaryimage\",\"url\":\"https:\/\/www.braintumour.ca\/wp-content\/uploads\/2026\/04\/2025LDNWalk.jpg\",\"contentUrl\":\"https:\/\/www.braintumour.ca\/wp-content\/uploads\/2026\/04\/2025LDNWalk.jpg\",\"width\":640,\"height\":960,\"caption\":\"Ben Seewald\"},{\"@type\":\"BreadcrumbList\",\"@id\":\"https:\/\/www.braintumour.ca\/fr\/blogue\/rencontrez-notre-equipe-ben-seewald\/#breadcrumb\",\"itemListElement\":[{\"@type\":\"ListItem\",\"position\":1,\"name\":\"Home\",\"item\":\"https:\/\/www.braintumour.ca\/fr\/\"},{\"@type\":\"ListItem\",\"position\":2,\"name\":\"Rencontrez notre \u00e9quipe: Ben Seewald\"}]},{\"@type\":\"WebSite\",\"@id\":\"https:\/\/www.braintumour.ca\/fr\/#website\",\"url\":\"https:\/\/www.braintumour.ca\/fr\/\",\"name\":\"Fondation canadienne des tumeurs c\u00e9r\u00e9brales\",\"description\":\"Notre mission est de venir en aide \u00e0 toutes les personnes touch\u00e9es par une tumeur c\u00e9r\u00e9brale au Canada par le biais de nos programmes d\u2019information, de soutien, d\u2019\u00e9ducation et de recherche.\",\"potentialAction\":[{\"@type\":\"SearchAction\",\"target\":{\"@type\":\"EntryPoint\",\"urlTemplate\":\"https:\/\/www.braintumour.ca\/fr\/?s={search_term_string}\"},\"query-input\":{\"@type\":\"PropertyValueSpecification\",\"valueRequired\":true,\"valueName\":\"search_term_string\"}}],\"inLanguage\":\"fr-CA\"},{\"@type\":\"Person\",\"@id\":\"https:\/\/www.braintumour.ca\/fr\/#\/schema\/person\/91130960a62412cd635f2af825576a73\",\"name\":\"Omar Pussey\",\"image\":{\"@type\":\"ImageObject\",\"inLanguage\":\"fr-CA\",\"@id\":\"https:\/\/www.braintumour.ca\/fr\/#\/schema\/person\/image\/\",\"url\":\"https:\/\/secure.gravatar.com\/avatar\/8be367018341db105983ee34bec12fc0ee4a293299a736524381dbb370c91193?s=96&d=mm&r=g\",\"contentUrl\":\"https:\/\/secure.gravatar.com\/avatar\/8be367018341db105983ee34bec12fc0ee4a293299a736524381dbb370c91193?s=96&d=mm&r=g\",\"caption\":\"Omar Pussey\"}}]}<\/script>\n<!-- \/ Yoast SEO Premium plugin. -->","yoast_head_json":{"title":"Rencontrez notre \u00e9quipe: Ben Seewald - Fondation canadienne des tumeurs c\u00e9r\u00e9brales","robots":{"index":"index","follow":"follow","max-snippet":"max-snippet:-1","max-image-preview":"max-image-preview:large","max-video-preview":"max-video-preview:-1"},"canonical":"https:\/\/www.braintumour.ca\/fr\/blogue\/rencontrez-notre-equipe-ben-seewald\/","og_locale":"fr_CA","og_type":"article","og_title":"Rencontrez notre \u00e9quipe: Ben Seewald","og_description":"Quel est votre r\u00f4le \u00e0 la Fondation canadienne des tumeurs c\u00e9r\u00e9brales? A-t-il \u00e9volu\u00e9 au fil des ann\u00e9es? Mon parcours avec [&hellip;]","og_url":"https:\/\/www.braintumour.ca\/fr\/blogue\/rencontrez-notre-equipe-ben-seewald\/","og_site_name":"Fondation canadienne des tumeurs c\u00e9r\u00e9brales","article_published_time":"2026-04-01T17:48:14+00:00","article_modified_time":"2026-04-29T15:49:00+00:00","og_image":[{"width":640,"height":960,"url":"https:\/\/www.braintumour.ca\/wp-content\/uploads\/2026\/04\/2025LDNWalk.jpg","type":"image\/jpeg"}],"author":"Omar Pussey","twitter_card":"summary_large_image","twitter_misc":{"\u00c9crit par":"Omar Pussey","Estimation du temps de lecture":"7 minutes"},"schema":{"@context":"https:\/\/schema.org","@graph":[{"@type":"Article","@id":"https:\/\/www.braintumour.ca\/fr\/blogue\/rencontrez-notre-equipe-ben-seewald\/#article","isPartOf":{"@id":"https:\/\/www.braintumour.ca\/fr\/blogue\/rencontrez-notre-equipe-ben-seewald\/"},"author":{"name":"Omar Pussey","@id":"https:\/\/www.braintumour.ca\/fr\/#\/schema\/person\/91130960a62412cd635f2af825576a73"},"headline":"Rencontrez notre \u00e9quipe: Ben Seewald","datePublished":"2026-04-01T17:48:14+00:00","dateModified":"2026-04-29T15:49:00+00:00","mainEntityOfPage":{"@id":"https:\/\/www.braintumour.ca\/fr\/blogue\/rencontrez-notre-equipe-ben-seewald\/"},"wordCount":1502,"image":{"@id":"https:\/\/www.braintumour.ca\/fr\/blogue\/rencontrez-notre-equipe-ben-seewald\/#primaryimage"},"thumbnailUrl":"https:\/\/www.braintumour.ca\/wp-content\/uploads\/2026\/04\/2025LDNWalk.jpg","articleSection":["Nouvelles"],"inLanguage":"fr-CA"},{"@type":"WebPage","@id":"https:\/\/www.braintumour.ca\/fr\/blogue\/rencontrez-notre-equipe-ben-seewald\/","url":"https:\/\/www.braintumour.ca\/fr\/blogue\/rencontrez-notre-equipe-ben-seewald\/","name":"Rencontrez notre \u00e9quipe: Ben Seewald - Fondation canadienne des tumeurs c\u00e9r\u00e9brales","isPartOf":{"@id":"https:\/\/www.braintumour.ca\/fr\/#website"},"primaryImageOfPage":{"@id":"https:\/\/www.braintumour.ca\/fr\/blogue\/rencontrez-notre-equipe-ben-seewald\/#primaryimage"},"image":{"@id":"https:\/\/www.braintumour.ca\/fr\/blogue\/rencontrez-notre-equipe-ben-seewald\/#primaryimage"},"thumbnailUrl":"https:\/\/www.braintumour.ca\/wp-content\/uploads\/2026\/04\/2025LDNWalk.jpg","datePublished":"2026-04-01T17:48:14+00:00","dateModified":"2026-04-29T15:49:00+00:00","author":{"@id":"https:\/\/www.braintumour.ca\/fr\/#\/schema\/person\/91130960a62412cd635f2af825576a73"},"breadcrumb":{"@id":"https:\/\/www.braintumour.ca\/fr\/blogue\/rencontrez-notre-equipe-ben-seewald\/#breadcrumb"},"inLanguage":"fr-CA","potentialAction":[{"@type":"ReadAction","target":["https:\/\/www.braintumour.ca\/fr\/blogue\/rencontrez-notre-equipe-ben-seewald\/"]}]},{"@type":"ImageObject","inLanguage":"fr-CA","@id":"https:\/\/www.braintumour.ca\/fr\/blogue\/rencontrez-notre-equipe-ben-seewald\/#primaryimage","url":"https:\/\/www.braintumour.ca\/wp-content\/uploads\/2026\/04\/2025LDNWalk.jpg","contentUrl":"https:\/\/www.braintumour.ca\/wp-content\/uploads\/2026\/04\/2025LDNWalk.jpg","width":640,"height":960,"caption":"Ben Seewald"},{"@type":"BreadcrumbList","@id":"https:\/\/www.braintumour.ca\/fr\/blogue\/rencontrez-notre-equipe-ben-seewald\/#breadcrumb","itemListElement":[{"@type":"ListItem","position":1,"name":"Home","item":"https:\/\/www.braintumour.ca\/fr\/"},{"@type":"ListItem","position":2,"name":"Rencontrez notre \u00e9quipe: Ben Seewald"}]},{"@type":"WebSite","@id":"https:\/\/www.braintumour.ca\/fr\/#website","url":"https:\/\/www.braintumour.ca\/fr\/","name":"Fondation canadienne des tumeurs c\u00e9r\u00e9brales","description":"Notre mission est de venir en aide \u00e0 toutes les personnes touch\u00e9es par une tumeur c\u00e9r\u00e9brale au Canada par le biais de nos programmes d\u2019information, de soutien, d\u2019\u00e9ducation et de recherche.","potentialAction":[{"@type":"SearchAction","target":{"@type":"EntryPoint","urlTemplate":"https:\/\/www.braintumour.ca\/fr\/?s={search_term_string}"},"query-input":{"@type":"PropertyValueSpecification","valueRequired":true,"valueName":"search_term_string"}}],"inLanguage":"fr-CA"},{"@type":"Person","@id":"https:\/\/www.braintumour.ca\/fr\/#\/schema\/person\/91130960a62412cd635f2af825576a73","name":"Omar Pussey","image":{"@type":"ImageObject","inLanguage":"fr-CA","@id":"https:\/\/www.braintumour.ca\/fr\/#\/schema\/person\/image\/","url":"https:\/\/secure.gravatar.com\/avatar\/8be367018341db105983ee34bec12fc0ee4a293299a736524381dbb370c91193?s=96&d=mm&r=g","contentUrl":"https:\/\/secure.gravatar.com\/avatar\/8be367018341db105983ee34bec12fc0ee4a293299a736524381dbb370c91193?s=96&d=mm&r=g","caption":"Omar Pussey"}}]}},"_links":{"self":[{"href":"https:\/\/www.braintumour.ca\/fr\/wp-json\/wp\/v2\/posts\/15568","targetHints":{"allow":["GET"]}}],"collection":[{"href":"https:\/\/www.braintumour.ca\/fr\/wp-json\/wp\/v2\/posts"}],"about":[{"href":"https:\/\/www.braintumour.ca\/fr\/wp-json\/wp\/v2\/types\/post"}],"author":[{"embeddable":true,"href":"https:\/\/www.braintumour.ca\/fr\/wp-json\/wp\/v2\/users\/37"}],"replies":[{"embeddable":true,"href":"https:\/\/www.braintumour.ca\/fr\/wp-json\/wp\/v2\/comments?post=15568"}],"version-history":[{"count":0,"href":"https:\/\/www.braintumour.ca\/fr\/wp-json\/wp\/v2\/posts\/15568\/revisions"}],"wp:featuredmedia":[{"embeddable":true,"href":"https:\/\/www.braintumour.ca\/fr\/wp-json\/wp\/v2\/media\/15327"}],"wp:attachment":[{"href":"https:\/\/www.braintumour.ca\/fr\/wp-json\/wp\/v2\/media?parent=15568"}],"wp:term":[{"taxonomy":"category","embeddable":true,"href":"https:\/\/www.braintumour.ca\/fr\/wp-json\/wp\/v2\/categories?post=15568"},{"taxonomy":"post_tag","embeddable":true,"href":"https:\/\/www.braintumour.ca\/fr\/wp-json\/wp\/v2\/tags?post=15568"},{"taxonomy":"user_type","embeddable":true,"href":"https:\/\/www.braintumour.ca\/fr\/wp-json\/wp\/v2\/user_type?post=15568"},{"taxonomy":"locations","embeddable":true,"href":"https:\/\/www.braintumour.ca\/fr\/wp-json\/wp\/v2\/locations?post=15568"}],"curies":[{"name":"wp","href":"https:\/\/api.w.org\/{rel}","templated":true}]}}