{"id":3030,"date":"2019-04-04T08:41:16","date_gmt":"2019-04-04T12:41:16","guid":{"rendered":"https:\/\/braintumour.ca\/non-classifiee\/celebrate-volunteers\/"},"modified":"2020-01-14T15:59:54","modified_gmt":"2020-01-14T20:59:54","slug":"rendons-hommage-aux-benevoles","status":"publish","type":"post","link":"https:\/\/www.braintumour.ca\/fr\/blogue\/rendons-hommage-aux-benevoles\/","title":{"rendered":"Rendons hommage aux b\u00e9n\u00e9voles"},"content":{"rendered":"<p>Saviez-vous que plus de 700\u00a0b\u00e9n\u00e9voles \u0153uvrent pour nous chaque ann\u00e9e afin faire avancer la lutte contre les tumeurs c\u00e9r\u00e9brales et d\u2019aider les individus appartenant \u00e0 la communaut\u00e9 de personnes atteintes de tumeurs c\u00e9r\u00e9brales?<\/p>\n<p>Sans les b\u00e9n\u00e9voles, les \u00e9v\u00e9nements ayant lieu dans l\u2019ensemble du pays comme, les <a href=\"https:\/\/www.braintumour.ca\/fr\/soutien\/groupes-de-soutien\/\">groupes de soutien<\/a> pour les personnes touch\u00e9es par les tumeurs c\u00e9r\u00e9brales, la <a href=\"http:\/\/www.marchetumeurscerebrales.ca\">marche des tumeurs c\u00e9r\u00e9brales<\/a> et les \u00e9v\u00e9nements GOcervo destin\u00e9s aux enfants atteints de tumeurs c\u00e9r\u00e9brales et \u00e0 leurs familles ne seraient pas possibles. Les <a href=\"https:\/\/www.braintumour.ca\/fr\/information-utile\/commande-de-ressources\/\">trousses d\u2019information<\/a> ne seraient pas envoy\u00e9s si rapidement, personne ne r\u00e9pondrait aux appels lorsque notre \u00e9quipe est en r\u00e9union, la sensibilisation et la d\u00e9fense des droits des patients ne seraient pas men\u00e9es avec autant d\u2019efficacit\u00e9 et notre Conseil d\u2019administration ne serait pas si capable, tout cela sans compter les centaines d\u2019autres t\u00e2ches qui ne pourraient pas \u00eatre effectu\u00e9es ou le seraient, mais bien plus tardivement par notre petite \u00e9quipe de 25 employ\u00e9s.<\/p>\n<p>Nous remercions nos b\u00e9n\u00e9voles tous les jours, mais nous aimerions profiter de l\u2019occasion de la <a href=\"https:\/\/braintumour.ca\/fr\/impliquez-vous\/benevolat\/\"><strong>Semaine de l\u2019action b\u00e9n\u00e9vole<\/strong><\/a> (du 7 au 13\u00a0avril\u00a02019), pour leur rendre un v\u00e9ritable hommage! Consultez notre <a href=\"http:\/\/www.tumeurscerebrales.ca\">site Internet<\/a> et nos <a href=\"http:\/\/www.facebook.com\/FondationCanadienneDesTumeursCerebrales\">m\u00e9dias sociaux<\/a> pour obtenir des informations compl\u00e9mentaires.<\/p>\n<p>Si l\u2019un de vos proches ou vous-m\u00eame d\u00e9sirez faire du b\u00e9n\u00e9volat, que ce soit pour quelques heures, une journ\u00e9e par semaine ou une ann\u00e9e ou deux, merci de communiquer avec nous. Vous faites changer les choses!<\/p>\n<blockquote>\n<h5>\u00ab Agissez comme si vous faisiez changer les choses. C\u2019est le cas. \u00bb ~ William James<\/h5>\n<\/blockquote>\n","protected":false},"excerpt":{"rendered":"<p>Saviez-vous que plus de 700\u00a0b\u00e9n\u00e9voles \u0153uvrent pour nous chaque ann\u00e9e afin faire avancer la lutte contre les tumeurs c\u00e9r\u00e9brales et d\u2019aider les individus appartenant \u00e0 la communaut\u00e9 de personnes atteintes de tumeurs c\u00e9r\u00e9brales?<\/p>\n","protected":false},"author":4,"featured_media":891,"comment_status":"closed","ping_status":"closed","sticky":false,"template":"","format":"standard","meta":{"_acf_changed":false,"footnotes":""},"categories":[138,139],"tags":[],"user_type":[],"locations":[],"class_list":["post-3030","post","type-post","status-publish","format-standard","has-post-thumbnail","hentry","category-blogue","category-general"],"acf":[],"yoast_head":"<!-- This site is optimized with the Yoast SEO Premium plugin v27.0 (Yoast SEO v27.0) - https:\/\/yoast.com\/product\/yoast-seo-premium-wordpress\/ -->\n<title>Rendons hommage aux b\u00e9n\u00e9voles - Fondation canadienne des tumeurs c\u00e9r\u00e9brales<\/title>\n<meta name=\"description\" content=\"Saviez-vous que plus de 700\u00a0b\u00e9n\u00e9voles \u0153uvrent pour nous chaque ann\u00e9e afin faire avancer la lutte contre les tumeurs c\u00e9r\u00e9brales et d\u2019aider les individus appartenant \u00e0 la communaut\u00e9 de personnes atteintes de tumeurs c\u00e9r\u00e9brales?\" \/>\n<meta name=\"robots\" content=\"index, follow, max-snippet:-1, max-image-preview:large, max-video-preview:-1\" \/>\n<link rel=\"canonical\" href=\"https:\/\/www.braintumour.ca\/fr\/blogue\/rendons-hommage-aux-benevoles\/\" \/>\n<meta property=\"og:locale\" content=\"fr_CA\" \/>\n<meta property=\"og:type\" content=\"article\" \/>\n<meta property=\"og:title\" content=\"Rendons hommage aux b\u00e9n\u00e9voles\" \/>\n<meta property=\"og:description\" content=\"Saviez-vous que plus de 700\u00a0b\u00e9n\u00e9voles \u0153uvrent pour nous chaque ann\u00e9e afin faire avancer la lutte contre les tumeurs c\u00e9r\u00e9brales et d\u2019aider les individus appartenant \u00e0 la communaut\u00e9 de personnes atteintes de tumeurs c\u00e9r\u00e9brales?\" \/>\n<meta property=\"og:url\" content=\"https:\/\/www.braintumour.ca\/fr\/blogue\/rendons-hommage-aux-benevoles\/\" \/>\n<meta property=\"og:site_name\" content=\"Fondation canadienne des tumeurs c\u00e9r\u00e9brales\" \/>\n<meta property=\"article:published_time\" content=\"2019-04-04T12:41:16+00:00\" \/>\n<meta property=\"article:modified_time\" content=\"2020-01-14T20:59:54+00:00\" \/>\n<meta property=\"og:image\" content=\"https:\/\/www.braintumour.ca\/wp-content\/uploads\/2019\/09\/Volunteer.jpg\" \/>\n\t<meta property=\"og:image:width\" content=\"640\" \/>\n\t<meta property=\"og:image:height\" content=\"313\" \/>\n\t<meta property=\"og:image:type\" content=\"image\/jpeg\" \/>\n<meta name=\"author\" content=\"Matt Berry\" \/>\n<meta name=\"twitter:card\" content=\"summary_large_image\" \/>\n<meta name=\"twitter:label1\" content=\"\u00c9crit par\" \/>\n\t<meta name=\"twitter:data1\" content=\"Matt Berry\" \/>\n\t<meta name=\"twitter:label2\" content=\"Estimation du temps de lecture\" \/>\n\t<meta name=\"twitter:data2\" content=\"1 minute\" \/>\n<script type=\"application\/ld+json\" class=\"yoast-schema-graph\">{\"@context\":\"https:\/\/schema.org\",\"@graph\":[{\"@type\":\"Article\",\"@id\":\"https:\/\/www.braintumour.ca\/fr\/blogue\/rendons-hommage-aux-benevoles\/#article\",\"isPartOf\":{\"@id\":\"https:\/\/www.braintumour.ca\/fr\/blogue\/rendons-hommage-aux-benevoles\/\"},\"author\":{\"name\":\"Matt Berry\",\"@id\":\"https:\/\/www.braintumour.ca\/fr\/#\/schema\/person\/7534b1b1d4da5d8e37af436b293eca3d\"},\"headline\":\"Rendons hommage aux b\u00e9n\u00e9voles\",\"datePublished\":\"2019-04-04T12:41:16+00:00\",\"dateModified\":\"2020-01-14T20:59:54+00:00\",\"mainEntityOfPage\":{\"@id\":\"https:\/\/www.braintumour.ca\/fr\/blogue\/rendons-hommage-aux-benevoles\/\"},\"wordCount\":297,\"image\":{\"@id\":\"https:\/\/www.braintumour.ca\/fr\/blogue\/rendons-hommage-aux-benevoles\/#primaryimage\"},\"thumbnailUrl\":\"https:\/\/www.braintumour.ca\/wp-content\/uploads\/2019\/09\/Volunteer.jpg\",\"articleSection\":[\"Nouvelles\",\"G\u00e9n\u00e9ral\"],\"inLanguage\":\"fr-CA\"},{\"@type\":\"WebPage\",\"@id\":\"https:\/\/www.braintumour.ca\/fr\/blogue\/rendons-hommage-aux-benevoles\/\",\"url\":\"https:\/\/www.braintumour.ca\/fr\/blogue\/rendons-hommage-aux-benevoles\/\",\"name\":\"Rendons hommage aux b\u00e9n\u00e9voles - Fondation canadienne des tumeurs c\u00e9r\u00e9brales\",\"isPartOf\":{\"@id\":\"https:\/\/www.braintumour.ca\/fr\/#website\"},\"primaryImageOfPage\":{\"@id\":\"https:\/\/www.braintumour.ca\/fr\/blogue\/rendons-hommage-aux-benevoles\/#primaryimage\"},\"image\":{\"@id\":\"https:\/\/www.braintumour.ca\/fr\/blogue\/rendons-hommage-aux-benevoles\/#primaryimage\"},\"thumbnailUrl\":\"https:\/\/www.braintumour.ca\/wp-content\/uploads\/2019\/09\/Volunteer.jpg\",\"datePublished\":\"2019-04-04T12:41:16+00:00\",\"dateModified\":\"2020-01-14T20:59:54+00:00\",\"author\":{\"@id\":\"https:\/\/www.braintumour.ca\/fr\/#\/schema\/person\/7534b1b1d4da5d8e37af436b293eca3d\"},\"description\":\"Saviez-vous que plus de 700\u00a0b\u00e9n\u00e9voles \u0153uvrent pour nous chaque ann\u00e9e afin faire avancer la lutte contre les tumeurs c\u00e9r\u00e9brales et d\u2019aider les individus appartenant \u00e0 la communaut\u00e9 de personnes atteintes de tumeurs c\u00e9r\u00e9brales?\",\"breadcrumb\":{\"@id\":\"https:\/\/www.braintumour.ca\/fr\/blogue\/rendons-hommage-aux-benevoles\/#breadcrumb\"},\"inLanguage\":\"fr-CA\",\"potentialAction\":[{\"@type\":\"ReadAction\",\"target\":[\"https:\/\/www.braintumour.ca\/fr\/blogue\/rendons-hommage-aux-benevoles\/\"]}]},{\"@type\":\"ImageObject\",\"inLanguage\":\"fr-CA\",\"@id\":\"https:\/\/www.braintumour.ca\/fr\/blogue\/rendons-hommage-aux-benevoles\/#primaryimage\",\"url\":\"https:\/\/www.braintumour.ca\/wp-content\/uploads\/2019\/09\/Volunteer.jpg\",\"contentUrl\":\"https:\/\/www.braintumour.ca\/wp-content\/uploads\/2019\/09\/Volunteer.jpg\",\"width\":640,\"height\":313,\"caption\":\"Volunteer\"},{\"@type\":\"BreadcrumbList\",\"@id\":\"https:\/\/www.braintumour.ca\/fr\/blogue\/rendons-hommage-aux-benevoles\/#breadcrumb\",\"itemListElement\":[{\"@type\":\"ListItem\",\"position\":1,\"name\":\"Home\",\"item\":\"https:\/\/www.braintumour.ca\/fr\/\"},{\"@type\":\"ListItem\",\"position\":2,\"name\":\"Rendons hommage aux b\u00e9n\u00e9voles\"}]},{\"@type\":\"WebSite\",\"@id\":\"https:\/\/www.braintumour.ca\/fr\/#website\",\"url\":\"https:\/\/www.braintumour.ca\/fr\/\",\"name\":\"Fondation canadienne des tumeurs c\u00e9r\u00e9brales\",\"description\":\"Notre mission est de venir en aide \u00e0 toutes les personnes touch\u00e9es par une tumeur c\u00e9r\u00e9brale au Canada par le biais de nos programmes d\u2019information, de soutien, d\u2019\u00e9ducation et de recherche.\",\"potentialAction\":[{\"@type\":\"SearchAction\",\"target\":{\"@type\":\"EntryPoint\",\"urlTemplate\":\"https:\/\/www.braintumour.ca\/fr\/?s={search_term_string}\"},\"query-input\":{\"@type\":\"PropertyValueSpecification\",\"valueRequired\":true,\"valueName\":\"search_term_string\"}}],\"inLanguage\":\"fr-CA\"},{\"@type\":\"Person\",\"@id\":\"https:\/\/www.braintumour.ca\/fr\/#\/schema\/person\/7534b1b1d4da5d8e37af436b293eca3d\",\"name\":\"Matt Berry\",\"image\":{\"@type\":\"ImageObject\",\"inLanguage\":\"fr-CA\",\"@id\":\"https:\/\/www.braintumour.ca\/fr\/#\/schema\/person\/image\/\",\"url\":\"https:\/\/secure.gravatar.com\/avatar\/882da3b67056b0c608086d3c77de46948b64244a4c249e81e0bf04a8095ce320?s=96&d=mm&r=g\",\"contentUrl\":\"https:\/\/secure.gravatar.com\/avatar\/882da3b67056b0c608086d3c77de46948b64244a4c249e81e0bf04a8095ce320?s=96&d=mm&r=g\",\"caption\":\"Matt Berry\"}}]}<\/script>\n<!-- \/ Yoast SEO Premium plugin. -->","yoast_head_json":{"title":"Rendons hommage aux b\u00e9n\u00e9voles - Fondation canadienne des tumeurs c\u00e9r\u00e9brales","description":"Saviez-vous que plus de 700\u00a0b\u00e9n\u00e9voles \u0153uvrent pour nous chaque ann\u00e9e afin faire avancer la lutte contre les tumeurs c\u00e9r\u00e9brales et d\u2019aider les individus appartenant \u00e0 la communaut\u00e9 de personnes atteintes de tumeurs c\u00e9r\u00e9brales?","robots":{"index":"index","follow":"follow","max-snippet":"max-snippet:-1","max-image-preview":"max-image-preview:large","max-video-preview":"max-video-preview:-1"},"canonical":"https:\/\/www.braintumour.ca\/fr\/blogue\/rendons-hommage-aux-benevoles\/","og_locale":"fr_CA","og_type":"article","og_title":"Rendons hommage aux b\u00e9n\u00e9voles","og_description":"Saviez-vous que plus de 700\u00a0b\u00e9n\u00e9voles \u0153uvrent pour nous chaque ann\u00e9e afin faire avancer la lutte contre les tumeurs c\u00e9r\u00e9brales et d\u2019aider les individus appartenant \u00e0 la communaut\u00e9 de personnes atteintes de tumeurs c\u00e9r\u00e9brales?","og_url":"https:\/\/www.braintumour.ca\/fr\/blogue\/rendons-hommage-aux-benevoles\/","og_site_name":"Fondation canadienne des tumeurs c\u00e9r\u00e9brales","article_published_time":"2019-04-04T12:41:16+00:00","article_modified_time":"2020-01-14T20:59:54+00:00","og_image":[{"width":640,"height":313,"url":"https:\/\/www.braintumour.ca\/wp-content\/uploads\/2019\/09\/Volunteer.jpg","type":"image\/jpeg"}],"author":"Matt Berry","twitter_card":"summary_large_image","twitter_misc":{"\u00c9crit par":"Matt Berry","Estimation du temps de lecture":"1 minute"},"schema":{"@context":"https:\/\/schema.org","@graph":[{"@type":"Article","@id":"https:\/\/www.braintumour.ca\/fr\/blogue\/rendons-hommage-aux-benevoles\/#article","isPartOf":{"@id":"https:\/\/www.braintumour.ca\/fr\/blogue\/rendons-hommage-aux-benevoles\/"},"author":{"name":"Matt Berry","@id":"https:\/\/www.braintumour.ca\/fr\/#\/schema\/person\/7534b1b1d4da5d8e37af436b293eca3d"},"headline":"Rendons hommage aux b\u00e9n\u00e9voles","datePublished":"2019-04-04T12:41:16+00:00","dateModified":"2020-01-14T20:59:54+00:00","mainEntityOfPage":{"@id":"https:\/\/www.braintumour.ca\/fr\/blogue\/rendons-hommage-aux-benevoles\/"},"wordCount":297,"image":{"@id":"https:\/\/www.braintumour.ca\/fr\/blogue\/rendons-hommage-aux-benevoles\/#primaryimage"},"thumbnailUrl":"https:\/\/www.braintumour.ca\/wp-content\/uploads\/2019\/09\/Volunteer.jpg","articleSection":["Nouvelles","G\u00e9n\u00e9ral"],"inLanguage":"fr-CA"},{"@type":"WebPage","@id":"https:\/\/www.braintumour.ca\/fr\/blogue\/rendons-hommage-aux-benevoles\/","url":"https:\/\/www.braintumour.ca\/fr\/blogue\/rendons-hommage-aux-benevoles\/","name":"Rendons hommage aux b\u00e9n\u00e9voles - Fondation canadienne des tumeurs c\u00e9r\u00e9brales","isPartOf":{"@id":"https:\/\/www.braintumour.ca\/fr\/#website"},"primaryImageOfPage":{"@id":"https:\/\/www.braintumour.ca\/fr\/blogue\/rendons-hommage-aux-benevoles\/#primaryimage"},"image":{"@id":"https:\/\/www.braintumour.ca\/fr\/blogue\/rendons-hommage-aux-benevoles\/#primaryimage"},"thumbnailUrl":"https:\/\/www.braintumour.ca\/wp-content\/uploads\/2019\/09\/Volunteer.jpg","datePublished":"2019-04-04T12:41:16+00:00","dateModified":"2020-01-14T20:59:54+00:00","author":{"@id":"https:\/\/www.braintumour.ca\/fr\/#\/schema\/person\/7534b1b1d4da5d8e37af436b293eca3d"},"description":"Saviez-vous que plus de 700\u00a0b\u00e9n\u00e9voles \u0153uvrent pour nous chaque ann\u00e9e afin faire avancer la lutte contre les tumeurs c\u00e9r\u00e9brales et d\u2019aider les individus appartenant \u00e0 la communaut\u00e9 de personnes atteintes de tumeurs c\u00e9r\u00e9brales?","breadcrumb":{"@id":"https:\/\/www.braintumour.ca\/fr\/blogue\/rendons-hommage-aux-benevoles\/#breadcrumb"},"inLanguage":"fr-CA","potentialAction":[{"@type":"ReadAction","target":["https:\/\/www.braintumour.ca\/fr\/blogue\/rendons-hommage-aux-benevoles\/"]}]},{"@type":"ImageObject","inLanguage":"fr-CA","@id":"https:\/\/www.braintumour.ca\/fr\/blogue\/rendons-hommage-aux-benevoles\/#primaryimage","url":"https:\/\/www.braintumour.ca\/wp-content\/uploads\/2019\/09\/Volunteer.jpg","contentUrl":"https:\/\/www.braintumour.ca\/wp-content\/uploads\/2019\/09\/Volunteer.jpg","width":640,"height":313,"caption":"Volunteer"},{"@type":"BreadcrumbList","@id":"https:\/\/www.braintumour.ca\/fr\/blogue\/rendons-hommage-aux-benevoles\/#breadcrumb","itemListElement":[{"@type":"ListItem","position":1,"name":"Home","item":"https:\/\/www.braintumour.ca\/fr\/"},{"@type":"ListItem","position":2,"name":"Rendons hommage aux b\u00e9n\u00e9voles"}]},{"@type":"WebSite","@id":"https:\/\/www.braintumour.ca\/fr\/#website","url":"https:\/\/www.braintumour.ca\/fr\/","name":"Fondation canadienne des tumeurs c\u00e9r\u00e9brales","description":"Notre mission est de venir en aide \u00e0 toutes les personnes touch\u00e9es par une tumeur c\u00e9r\u00e9brale au Canada par le biais de nos programmes d\u2019information, de soutien, d\u2019\u00e9ducation et de recherche.","potentialAction":[{"@type":"SearchAction","target":{"@type":"EntryPoint","urlTemplate":"https:\/\/www.braintumour.ca\/fr\/?s={search_term_string}"},"query-input":{"@type":"PropertyValueSpecification","valueRequired":true,"valueName":"search_term_string"}}],"inLanguage":"fr-CA"},{"@type":"Person","@id":"https:\/\/www.braintumour.ca\/fr\/#\/schema\/person\/7534b1b1d4da5d8e37af436b293eca3d","name":"Matt Berry","image":{"@type":"ImageObject","inLanguage":"fr-CA","@id":"https:\/\/www.braintumour.ca\/fr\/#\/schema\/person\/image\/","url":"https:\/\/secure.gravatar.com\/avatar\/882da3b67056b0c608086d3c77de46948b64244a4c249e81e0bf04a8095ce320?s=96&d=mm&r=g","contentUrl":"https:\/\/secure.gravatar.com\/avatar\/882da3b67056b0c608086d3c77de46948b64244a4c249e81e0bf04a8095ce320?s=96&d=mm&r=g","caption":"Matt Berry"}}]}},"_links":{"self":[{"href":"https:\/\/www.braintumour.ca\/fr\/wp-json\/wp\/v2\/posts\/3030","targetHints":{"allow":["GET"]}}],"collection":[{"href":"https:\/\/www.braintumour.ca\/fr\/wp-json\/wp\/v2\/posts"}],"about":[{"href":"https:\/\/www.braintumour.ca\/fr\/wp-json\/wp\/v2\/types\/post"}],"author":[{"embeddable":true,"href":"https:\/\/www.braintumour.ca\/fr\/wp-json\/wp\/v2\/users\/4"}],"replies":[{"embeddable":true,"href":"https:\/\/www.braintumour.ca\/fr\/wp-json\/wp\/v2\/comments?post=3030"}],"version-history":[{"count":0,"href":"https:\/\/www.braintumour.ca\/fr\/wp-json\/wp\/v2\/posts\/3030\/revisions"}],"wp:featuredmedia":[{"embeddable":true,"href":"https:\/\/www.braintumour.ca\/fr\/wp-json\/wp\/v2\/media\/891"}],"wp:attachment":[{"href":"https:\/\/www.braintumour.ca\/fr\/wp-json\/wp\/v2\/media?parent=3030"}],"wp:term":[{"taxonomy":"category","embeddable":true,"href":"https:\/\/www.braintumour.ca\/fr\/wp-json\/wp\/v2\/categories?post=3030"},{"taxonomy":"post_tag","embeddable":true,"href":"https:\/\/www.braintumour.ca\/fr\/wp-json\/wp\/v2\/tags?post=3030"},{"taxonomy":"user_type","embeddable":true,"href":"https:\/\/www.braintumour.ca\/fr\/wp-json\/wp\/v2\/user_type?post=3030"},{"taxonomy":"locations","embeddable":true,"href":"https:\/\/www.braintumour.ca\/fr\/wp-json\/wp\/v2\/locations?post=3030"}],"curies":[{"name":"wp","href":"https:\/\/api.w.org\/{rel}","templated":true}]}}