{"id":3913,"date":"2020-01-06T13:12:16","date_gmt":"2020-01-06T18:12:16","guid":{"rendered":"https:\/\/www.braintumour.ca\/non-classifiee\/invest-in-yourself\/"},"modified":"2020-02-02T17:25:07","modified_gmt":"2020-02-02T22:25:07","slug":"lhistoire-de-james","status":"publish","type":"post","link":"https:\/\/www.braintumour.ca\/fr\/temoignages\/marche-des-tumeurs-cerebrales\/lhistoire-de-james\/","title":{"rendered":"L&rsquo;histoire de James"},"content":{"rendered":"<h5>James a toujours \u00e9t\u00e9 en forme. Il \u00e9tait actif physiquement et mentalement. Cela fait simplement partie de qui il est.<\/h5>\n<p>Nous avons donc \u00e9t\u00e9 tr\u00e8s surpris lorsqu&rsquo;il a d\u00fb \u00eatre hospitalis\u00e9 suite \u00e0 une crise d&rsquo;\u00e9pilepsie qu&rsquo;il a eue au gym. Nous avons \u00e9t\u00e9 encore plus surpris du diagnostic de tumeur c\u00e9r\u00e9brale.<\/p>\n<p>\u00abJe n&rsquo;avais aucun sympt\u00f4me avant (la crise). Je me sentais bien, je faisais des examens r\u00e9guliers, il n&rsquo;y avait rien d&rsquo;anormal \u00bb, dit-il. \u00ab\u00a0C\u2019est d&rsquo;ailleurs souvent ainsi qu&rsquo;apparaissent les tumeurs c\u00e9r\u00e9brales. Soit vous avez des probl\u00e8mes de sant\u00e9 persistants ou chroniques, soit c&rsquo;est \u00e0 l&rsquo;improviste. \u00bb<\/p>\n<p>Apr\u00e8s la premi\u00e8re crise, il a \u00e9galement commenc\u00e9 \u00e0 subir plusieurs mini-crises. Il d\u00e9crit ces crises comme le c\u00f4t\u00e9 droit de son corps qui se met \u00e0 \u00ab\u00a0picoter\u00a0\u00bb pendant 30 \u00e0 45 secondes avant de dispara\u00eetre. Apr\u00e8s avoir commenc\u00e9 sa m\u00e9dication, il en est maintenant \u00e0 environ trois petites crises par semaine.<\/p>\n<p>James a subi un scan d\u00e8s son arriv\u00e9e \u00e0 l&rsquo;h\u00f4pital, qui a r\u00e9v\u00e9l\u00e9 sa tumeur au cerveau. Apr\u00e8s avoir examin\u00e9 le scanner et une IRM ult\u00e9rieure, son neurologue a suspect\u00e9 un oligodendrogliome de grade 2. La pathologie postop\u00e9ratoire le confirmerait plus tard.<\/p>\n<p>\u00c0 l&rsquo;\u00e9poque, les options propos\u00e9es \u00e0 James \u00e9taient une biopsie ou une r\u00e9section, ce qui fournirait un bien meilleur \u00e9chantillon. Les m\u00e9decins lui ont donn\u00e9 quelques semaines pour dig\u00e9rer l&rsquo;information, mais d\u00e9j\u00e0 \u00e0 ce moment, il \u00e9tait plut\u00f4t enclin \u00e0 choisir une intervention chirurgicale. Son neurochirurgien, le Dr Richard Fox, a accept\u00e9.<\/p>\n<p>Il a demand\u00e9: \u00abQue voulez-vous faire?\u00bb<br \/>\nJ&rsquo;ai dit: \u00ab Que nous l&rsquo;enlevions\u00bb, se souvient James.<br \/>\nDr Fox lui a r\u00e9pondu: \u00ab Bien. C\u2019est ce que nous voulons faire. \u00bb<\/p>\n<p>James a fait enti\u00e8rement confiance \u00e0 son \u00e9quipe m\u00e9dicale. Il y a trop de d\u00e9sinformation sur Internet, dit-il, et trop de cas o\u00f9 les gens s&rsquo;autodiagnostiquent, plut\u00f4t que d&rsquo;attendre des avis m\u00e9dicaux qualifi\u00e9s.<\/p>\n<p>Apr\u00e8s son op\u00e9ration, et avant m\u00eame d&rsquo;avoir re\u00e7u les r\u00e9sultats de sa tumeur, il a \u00e9t\u00e9 contact\u00e9 par le Cross Cancer Institute, qui a fourni \u00e0 James une copie du manuel de la Fondation canadienne des tumeurs c\u00e9r\u00e9brales. Ils ont \u00e9galement fourni des informations sur la chimioth\u00e9rapie et la radioth\u00e9rapie, qu&rsquo;il allait bient\u00f4t subir.<\/p>\n<h5>Le mieux qu&rsquo;il pouvait faire pour lui-m\u00eame et ses m\u00e9decins, a-t-il dit, \u00e9tait de s&rsquo;assurer qu&rsquo;il \u00e9tait autrement en bonne sant\u00e9.<\/h5>\n<p>&nbsp;<\/p>\n<p>\u00abJe dois prendre soin de moi\u00bb, explique James. Tous les membres du personnel hospitalier qui ont r\u00e9pondu \u00e0 l&rsquo;appel, le personnel chirurgical, les oncologues, les techniciens en radiation et IRM, ont tous jou\u00e9 un r\u00f4le et investi du temps pour s&rsquo;assurer qu&rsquo;il aille mieux.<\/p>\n<p>\u00abOui, c&rsquo;est leur travail, mais j&rsquo;ai moi aussi un travail\u00bb, dit James. \u00abIl ne faut pas choisir un mode de vie malsain.\u00bb<\/p>\n<p>Une bonne majorit\u00e9 de la tumeur de James a \u00e9t\u00e9 enlev\u00e9e, et en regardant ses IRM maintenant, on peut voir l&rsquo;espace vide o\u00f9 la tumeur se trouvait. Sa chimio a \u00e9t\u00e9 termin\u00e9e \u00e0 la fin de 2019 et les IRM de l&rsquo;\u00e9poque ont r\u00e9v\u00e9l\u00e9 que sa tumeur \u00e9tait stable.<\/p>\n<p>Sa forme physique a contribu\u00e9 en grande partie \u00e0 la r\u00e9cup\u00e9ration physique et mentale de James. M\u00eame durant les jours les plus difficiles, il a travaill\u00e9 dur. \u00abCe n\u2019est pas toujours facile\u00bb, dit-il. D\u00e9couvrir que vous avez un cancer change d\u00e9finitivement votre vie.<\/p>\n<p>&nbsp;<\/p>\n<figure id=\"attachment_3365\" aria-describedby=\"caption-attachment-3365\" style=\"width: 1500px\" class=\"wp-caption aligncenter\"><img loading=\"lazy\" decoding=\"async\" class=\"size-full wp-image-3365\" src=\"https:\/\/www.braintumour.ca\/wp-content\/uploads\/2020\/01\/JAMES-LESKIW-ACE1.jpg\" alt=\"Cancer survivor, James, working out in a gym after surgery.\" width=\"1500\" height=\"986\" srcset=\"https:\/\/www.braintumour.ca\/wp-content\/uploads\/2020\/01\/JAMES-LESKIW-ACE1.jpg 1500w, https:\/\/www.braintumour.ca\/wp-content\/uploads\/2020\/01\/JAMES-LESKIW-ACE1-300x197.jpg 300w, https:\/\/www.braintumour.ca\/wp-content\/uploads\/2020\/01\/JAMES-LESKIW-ACE1-1024x673.jpg 1024w, https:\/\/www.braintumour.ca\/wp-content\/uploads\/2020\/01\/JAMES-LESKIW-ACE1-768x505.jpg 768w, https:\/\/www.braintumour.ca\/wp-content\/uploads\/2020\/01\/JAMES-LESKIW-ACE1-640x421.jpg 640w, https:\/\/www.braintumour.ca\/wp-content\/uploads\/2020\/01\/JAMES-LESKIW-ACE1-1200x789.jpg 1200w, https:\/\/www.braintumour.ca\/wp-content\/uploads\/2020\/01\/JAMES-LESKIW-ACE1-1440x947.jpg 1440w\" sizes=\"auto, (max-width: 639px) 98vw, (max-width: 1199px) 64vw, 770px\" \/><figcaption id=\"caption-attachment-3365\" class=\"wp-caption-text\">James s&rsquo;entra\u00eenant sur la machine elliptique au programme ACE. Cr\u00e9dit photo: Amy Knezevich, Facult\u00e9 de m\u00e9decine de r\u00e9adaptation, Universit\u00e9 de l&rsquo;Alberta.<\/figcaption><\/figure>\n<p>&nbsp;<\/p>\n<p>\u00abVous ne pouvez pas vous attarder \u00e0 votre diagnostic\u00bb, dit James. \u00abVous devez garder une attitude positive.\u00bb<\/p>\n<p>\u00abCorps sain dans un esprit sain.\u00bb<\/p>\n<p>Tout comme pour la forme physique, la sant\u00e9 mentale n\u00e9cessite des objectifs r\u00e9alistes. Une fa\u00e7on de maintenir votre forme mentale, dit James, est d&rsquo;\u00e9viter les plans et objectifs grandioses. \u00abRelevez plut\u00f4t les d\u00e9fis \u00e0 mesure qu&rsquo;ils surviennent et gardez votre positivit\u00e9. Et surtout, demandez de l&rsquo;aide. \u00bb<\/p>\n<p>Pendant ses traitements \u00e0 l&rsquo;h\u00f4pital et son r\u00e9tablissement, James savait qu&rsquo;il voulait redonner \u00e0 la communaut\u00e9 des tumeurs c\u00e9r\u00e9brales de mani\u00e8re significative. Il a ainsi fait la connaissance de Cheryl Bauer, sp\u00e9cialiste des services de soutien \u00e0 la Fondation canadienne des tumeurs c\u00e9r\u00e9brales.<\/p>\n<p>Cheryl avait un projet parfait en t\u00eate pour lui: un guide de ressources localis\u00e9 pour les habitants de la r\u00e9gion d&rsquo;Edmonton.<\/p>\n<p>Depuis de nombreuses ann\u00e9es maintenant, les membres du groupe de soutien d&rsquo;Edmonton d\u00e9siraient cr\u00e9er un guide local qui r\u00e9pertorierait toutes les ressources disponibles pour la communaut\u00e9 des tumeurs c\u00e9r\u00e9brales dans un seul document. James \u00e9tait parfait pour ce projet en raison de son exp\u00e9rience v\u00e9cue en tant que patient.<\/p>\n<p>&nbsp;<\/p>\n<figure id=\"attachment_3363\" aria-describedby=\"caption-attachment-3363\" style=\"width: 1500px\" class=\"wp-caption aligncenter\"><img loading=\"lazy\" decoding=\"async\" class=\"size-full wp-image-3363\" src=\"https:\/\/www.braintumour.ca\/wp-content\/uploads\/2020\/01\/JAMES-LESKIW2.jpg\" alt=\"Brain tumour survivor James Leskiw\" width=\"1500\" height=\"1009\" srcset=\"https:\/\/www.braintumour.ca\/wp-content\/uploads\/2020\/01\/JAMES-LESKIW2.jpg 1500w, https:\/\/www.braintumour.ca\/wp-content\/uploads\/2020\/01\/JAMES-LESKIW2-300x202.jpg 300w, https:\/\/www.braintumour.ca\/wp-content\/uploads\/2020\/01\/JAMES-LESKIW2-1024x689.jpg 1024w, https:\/\/www.braintumour.ca\/wp-content\/uploads\/2020\/01\/JAMES-LESKIW2-768x517.jpg 768w, https:\/\/www.braintumour.ca\/wp-content\/uploads\/2020\/01\/JAMES-LESKIW2-640x431.jpg 640w, https:\/\/www.braintumour.ca\/wp-content\/uploads\/2020\/01\/JAMES-LESKIW2-1200x807.jpg 1200w, https:\/\/www.braintumour.ca\/wp-content\/uploads\/2020\/01\/JAMES-LESKIW2-1440x969.jpg 1440w\" sizes=\"auto, (max-width: 639px) 98vw, (max-width: 1199px) 64vw, 770px\" \/><figcaption id=\"caption-attachment-3363\" class=\"wp-caption-text\">James pense que la forme physique et mentale sont la cl\u00e9 de sa gu\u00e9rison.<\/figcaption><\/figure>\n<p>&nbsp;<\/p>\n<p>\u00abCe qui m&rsquo;a frapp\u00e9 chez James, c&rsquo;est son leadership, sa pr\u00e9venance et son exp\u00e9rience\u00bb, explique Cheryl. \u00abIl a rapidement d\u00e9montr\u00e9 ses capacit\u00e9s de leadership.\u00bb<\/p>\n<p>James d\u00e9crit modestement son r\u00f4le comme \u00e9tant principalement un r\u00f4le de r\u00e9seautage. Il \u00e9tablit des liens importants entre la Fondation canadienne des tumeurs c\u00e9r\u00e9brales et les services de la r\u00e9gion d&rsquo;Edmonton afin d&rsquo;assurer aux patients atteints de tumeurs c\u00e9r\u00e9brales un acc\u00e8s \u00e0 un soutien pertinent et \u00e0 jour.<\/p>\n<p>L&rsquo;ironie, c&rsquo;est que s&rsquo;il n&rsquo;avait pas re\u00e7u le Manuel sur les tumeurs c\u00e9r\u00e9brales du Cross-Cancer Institute, il ne l&rsquo;aurait jamais su. \u00abLe manuel contient de nombreuses informations, dit-il, mais il ne parvient pas toujours aux personnes qui en ont le plus besoin.\u00bb<\/p>\n<p>\u00abIl est bien \u00e9crit et touche \u00e0 tout ce qui doit \u00eatre fait\u00a0\u00bb, dit-il. \u00abMais cela ne se fait pas n\u00e9cessairement entre les mains de tous.\u00bb<\/p>\n<p>James est de retour \u00e0 une routine de gym quotidienne et a r\u00e9cemment particip\u00e9 au programme de 24 semaines de l&rsquo;Alberta Cancer Exercise (ACE), qui \u00e9tudie les avantages de l&rsquo;exercice pour les personnes diagnostiqu\u00e9es avec un cancer. Son p\u00e8re, qui a \u00e9t\u00e9 trait\u00e9 pour un cancer de la prostate, est \u00e9galement inscrit.<\/p>\n<p>On n&rsquo;a qu&rsquo;un seul corps, et James est d\u00e9termin\u00e9 \u00e0 garder une forme optimale tout en aidant les autres \u00e0 trouver les ressources dont ils ont besoin pour faire de m\u00eame.<\/p>\n","protected":false},"excerpt":{"rendered":"<p>James a toujours \u00e9t\u00e9 en forme. Il \u00e9tait actif physiquement et mentalement. Cela fait simplement partie de qui il est.<\/p>\n","protected":false},"author":4,"featured_media":3364,"comment_status":"closed","ping_status":"closed","sticky":false,"template":"","format":"standard","meta":{"_acf_changed":false,"footnotes":""},"categories":[146,148,149,179],"tags":[214,223,224],"user_type":[133],"locations":[185,242,272,273,274,275,276,277,278,279],"class_list":["post-3913","post","type-post","status-publish","format-standard","has-post-thumbnail","hentry","category-marche-des-tumeurs-cerebrales","category-temoignages","category-adulte","category-courage-fr","tag-brain-tumour-foundation-of-canada-fr","tag-brain-tumour-survivor-fr","tag-brain-tumour-handbook-fr","user_type-patient-fr","locations-edmonton-fr","locations-saint-isodore-qc-fr","locations-barrie-on-fr","locations-kingston-on-fr","locations-sault-ste-marie-on-fr","locations-burlington-on-fr","locations-paradise-nl-fr","locations-banff-fr","locations-regina-sk-fr","locations-richmond-bc-fr"],"acf":[],"yoast_head":"<!-- This site is optimized with the Yoast SEO Premium plugin v27.0 (Yoast SEO v27.0) - https:\/\/yoast.com\/product\/yoast-seo-premium-wordpress\/ -->\n<title>L&#039;histoire de James - Fondation canadienne des tumeurs c\u00e9r\u00e9brales<\/title>\n<meta name=\"description\" content=\"James a toujours \u00e9t\u00e9 en forme. Il \u00e9tait actif physiquement et mentalement. Cela fait simplement partie de qui il est.\" \/>\n<meta name=\"robots\" content=\"index, follow, max-snippet:-1, max-image-preview:large, max-video-preview:-1\" \/>\n<link rel=\"canonical\" href=\"https:\/\/www.braintumour.ca\/fr\/temoignages\/marche-des-tumeurs-cerebrales\/lhistoire-de-james\/\" \/>\n<meta property=\"og:locale\" content=\"fr_CA\" \/>\n<meta property=\"og:type\" content=\"article\" \/>\n<meta property=\"og:title\" content=\"L&#039;histoire de James\" \/>\n<meta property=\"og:description\" content=\"James a toujours \u00e9t\u00e9 en forme. Il \u00e9tait actif physiquement et mentalement. Cela fait simplement partie de qui il est.\" \/>\n<meta property=\"og:url\" content=\"https:\/\/www.braintumour.ca\/fr\/temoignages\/marche-des-tumeurs-cerebrales\/lhistoire-de-james\/\" \/>\n<meta property=\"og:site_name\" content=\"Fondation canadienne des tumeurs c\u00e9r\u00e9brales\" \/>\n<meta property=\"article:published_time\" content=\"2020-01-06T18:12:16+00:00\" \/>\n<meta property=\"article:modified_time\" content=\"2020-02-02T22:25:07+00:00\" \/>\n<meta property=\"og:image\" content=\"https:\/\/www.braintumour.ca\/wp-content\/uploads\/2020\/01\/JAMES-LESKIW2.jpg\" \/>\n\t<meta property=\"og:image:width\" content=\"1500\" \/>\n\t<meta property=\"og:image:height\" content=\"1009\" \/>\n\t<meta property=\"og:image:type\" content=\"image\/jpeg\" \/>\n<meta name=\"author\" content=\"Matt Berry\" \/>\n<meta name=\"twitter:card\" content=\"summary_large_image\" \/>\n<meta name=\"twitter:label1\" content=\"\u00c9crit par\" \/>\n\t<meta name=\"twitter:data1\" content=\"Matt Berry\" \/>\n\t<meta name=\"twitter:label2\" content=\"Estimation du temps de lecture\" \/>\n\t<meta name=\"twitter:data2\" content=\"5 minutes\" \/>\n<script type=\"application\/ld+json\" class=\"yoast-schema-graph\">{\"@context\":\"https:\/\/schema.org\",\"@graph\":[{\"@type\":\"Article\",\"@id\":\"https:\/\/www.braintumour.ca\/fr\/temoignages\/marche-des-tumeurs-cerebrales\/lhistoire-de-james\/#article\",\"isPartOf\":{\"@id\":\"https:\/\/www.braintumour.ca\/fr\/temoignages\/marche-des-tumeurs-cerebrales\/lhistoire-de-james\/\"},\"author\":{\"name\":\"Matt Berry\",\"@id\":\"https:\/\/www.braintumour.ca\/fr\/#\/schema\/person\/7534b1b1d4da5d8e37af436b293eca3d\"},\"headline\":\"L&rsquo;histoire de James\",\"datePublished\":\"2020-01-06T18:12:16+00:00\",\"dateModified\":\"2020-02-02T22:25:07+00:00\",\"mainEntityOfPage\":{\"@id\":\"https:\/\/www.braintumour.ca\/fr\/temoignages\/marche-des-tumeurs-cerebrales\/lhistoire-de-james\/\"},\"wordCount\":1129,\"image\":{\"@id\":\"https:\/\/www.braintumour.ca\/fr\/temoignages\/marche-des-tumeurs-cerebrales\/lhistoire-de-james\/#primaryimage\"},\"thumbnailUrl\":\"https:\/\/www.braintumour.ca\/wp-content\/uploads\/2020\/01\/JAMES-LESKIW2.jpg\",\"keywords\":[\"brain tumour foundation of canada\",\"brain tumour survivor\",\"brain tumour handbook\"],\"articleSection\":[\"Marche des tumeurs c\u00e9r\u00e9brales\",\"T\u00e9moignages\",\"Adulte\",\"Courage\"],\"inLanguage\":\"fr-CA\"},{\"@type\":\"WebPage\",\"@id\":\"https:\/\/www.braintumour.ca\/fr\/temoignages\/marche-des-tumeurs-cerebrales\/lhistoire-de-james\/\",\"url\":\"https:\/\/www.braintumour.ca\/fr\/temoignages\/marche-des-tumeurs-cerebrales\/lhistoire-de-james\/\",\"name\":\"L'histoire de James - Fondation canadienne des tumeurs c\u00e9r\u00e9brales\",\"isPartOf\":{\"@id\":\"https:\/\/www.braintumour.ca\/fr\/#website\"},\"primaryImageOfPage\":{\"@id\":\"https:\/\/www.braintumour.ca\/fr\/temoignages\/marche-des-tumeurs-cerebrales\/lhistoire-de-james\/#primaryimage\"},\"image\":{\"@id\":\"https:\/\/www.braintumour.ca\/fr\/temoignages\/marche-des-tumeurs-cerebrales\/lhistoire-de-james\/#primaryimage\"},\"thumbnailUrl\":\"https:\/\/www.braintumour.ca\/wp-content\/uploads\/2020\/01\/JAMES-LESKIW2.jpg\",\"datePublished\":\"2020-01-06T18:12:16+00:00\",\"dateModified\":\"2020-02-02T22:25:07+00:00\",\"author\":{\"@id\":\"https:\/\/www.braintumour.ca\/fr\/#\/schema\/person\/7534b1b1d4da5d8e37af436b293eca3d\"},\"description\":\"James a toujours \u00e9t\u00e9 en forme. Il \u00e9tait actif physiquement et mentalement. Cela fait simplement partie de qui il est.\",\"breadcrumb\":{\"@id\":\"https:\/\/www.braintumour.ca\/fr\/temoignages\/marche-des-tumeurs-cerebrales\/lhistoire-de-james\/#breadcrumb\"},\"inLanguage\":\"fr-CA\",\"potentialAction\":[{\"@type\":\"ReadAction\",\"target\":[\"https:\/\/www.braintumour.ca\/fr\/temoignages\/marche-des-tumeurs-cerebrales\/lhistoire-de-james\/\"]}]},{\"@type\":\"ImageObject\",\"inLanguage\":\"fr-CA\",\"@id\":\"https:\/\/www.braintumour.ca\/fr\/temoignages\/marche-des-tumeurs-cerebrales\/lhistoire-de-james\/#primaryimage\",\"url\":\"https:\/\/www.braintumour.ca\/wp-content\/uploads\/2020\/01\/JAMES-LESKIW2.jpg\",\"contentUrl\":\"https:\/\/www.braintumour.ca\/wp-content\/uploads\/2020\/01\/JAMES-LESKIW2.jpg\",\"width\":1500,\"height\":1009,\"caption\":\"James believes physical and mental fitness are key to his tumour recovery.\"},{\"@type\":\"BreadcrumbList\",\"@id\":\"https:\/\/www.braintumour.ca\/fr\/temoignages\/marche-des-tumeurs-cerebrales\/lhistoire-de-james\/#breadcrumb\",\"itemListElement\":[{\"@type\":\"ListItem\",\"position\":1,\"name\":\"Home\",\"item\":\"https:\/\/www.braintumour.ca\/fr\/\"},{\"@type\":\"ListItem\",\"position\":2,\"name\":\"L&#8217;histoire de James\"}]},{\"@type\":\"WebSite\",\"@id\":\"https:\/\/www.braintumour.ca\/fr\/#website\",\"url\":\"https:\/\/www.braintumour.ca\/fr\/\",\"name\":\"Fondation canadienne des tumeurs c\u00e9r\u00e9brales\",\"description\":\"Notre mission est de venir en aide \u00e0 toutes les personnes touch\u00e9es par une tumeur c\u00e9r\u00e9brale au Canada par le biais de nos programmes d\u2019information, de soutien, d\u2019\u00e9ducation et de recherche.\",\"potentialAction\":[{\"@type\":\"SearchAction\",\"target\":{\"@type\":\"EntryPoint\",\"urlTemplate\":\"https:\/\/www.braintumour.ca\/fr\/?s={search_term_string}\"},\"query-input\":{\"@type\":\"PropertyValueSpecification\",\"valueRequired\":true,\"valueName\":\"search_term_string\"}}],\"inLanguage\":\"fr-CA\"},{\"@type\":\"Person\",\"@id\":\"https:\/\/www.braintumour.ca\/fr\/#\/schema\/person\/7534b1b1d4da5d8e37af436b293eca3d\",\"name\":\"Matt Berry\",\"image\":{\"@type\":\"ImageObject\",\"inLanguage\":\"fr-CA\",\"@id\":\"https:\/\/www.braintumour.ca\/fr\/#\/schema\/person\/image\/\",\"url\":\"https:\/\/secure.gravatar.com\/avatar\/882da3b67056b0c608086d3c77de46948b64244a4c249e81e0bf04a8095ce320?s=96&d=mm&r=g\",\"contentUrl\":\"https:\/\/secure.gravatar.com\/avatar\/882da3b67056b0c608086d3c77de46948b64244a4c249e81e0bf04a8095ce320?s=96&d=mm&r=g\",\"caption\":\"Matt Berry\"}}]}<\/script>\n<!-- \/ Yoast SEO Premium plugin. -->","yoast_head_json":{"title":"L'histoire de James - Fondation canadienne des tumeurs c\u00e9r\u00e9brales","description":"James a toujours \u00e9t\u00e9 en forme. Il \u00e9tait actif physiquement et mentalement. Cela fait simplement partie de qui il est.","robots":{"index":"index","follow":"follow","max-snippet":"max-snippet:-1","max-image-preview":"max-image-preview:large","max-video-preview":"max-video-preview:-1"},"canonical":"https:\/\/www.braintumour.ca\/fr\/temoignages\/marche-des-tumeurs-cerebrales\/lhistoire-de-james\/","og_locale":"fr_CA","og_type":"article","og_title":"L'histoire de James","og_description":"James a toujours \u00e9t\u00e9 en forme. Il \u00e9tait actif physiquement et mentalement. Cela fait simplement partie de qui il est.","og_url":"https:\/\/www.braintumour.ca\/fr\/temoignages\/marche-des-tumeurs-cerebrales\/lhistoire-de-james\/","og_site_name":"Fondation canadienne des tumeurs c\u00e9r\u00e9brales","article_published_time":"2020-01-06T18:12:16+00:00","article_modified_time":"2020-02-02T22:25:07+00:00","og_image":[{"width":1500,"height":1009,"url":"https:\/\/www.braintumour.ca\/wp-content\/uploads\/2020\/01\/JAMES-LESKIW2.jpg","type":"image\/jpeg"}],"author":"Matt Berry","twitter_card":"summary_large_image","twitter_misc":{"\u00c9crit par":"Matt Berry","Estimation du temps de lecture":"5 minutes"},"schema":{"@context":"https:\/\/schema.org","@graph":[{"@type":"Article","@id":"https:\/\/www.braintumour.ca\/fr\/temoignages\/marche-des-tumeurs-cerebrales\/lhistoire-de-james\/#article","isPartOf":{"@id":"https:\/\/www.braintumour.ca\/fr\/temoignages\/marche-des-tumeurs-cerebrales\/lhistoire-de-james\/"},"author":{"name":"Matt Berry","@id":"https:\/\/www.braintumour.ca\/fr\/#\/schema\/person\/7534b1b1d4da5d8e37af436b293eca3d"},"headline":"L&rsquo;histoire de James","datePublished":"2020-01-06T18:12:16+00:00","dateModified":"2020-02-02T22:25:07+00:00","mainEntityOfPage":{"@id":"https:\/\/www.braintumour.ca\/fr\/temoignages\/marche-des-tumeurs-cerebrales\/lhistoire-de-james\/"},"wordCount":1129,"image":{"@id":"https:\/\/www.braintumour.ca\/fr\/temoignages\/marche-des-tumeurs-cerebrales\/lhistoire-de-james\/#primaryimage"},"thumbnailUrl":"https:\/\/www.braintumour.ca\/wp-content\/uploads\/2020\/01\/JAMES-LESKIW2.jpg","keywords":["brain tumour foundation of canada","brain tumour survivor","brain tumour handbook"],"articleSection":["Marche des tumeurs c\u00e9r\u00e9brales","T\u00e9moignages","Adulte","Courage"],"inLanguage":"fr-CA"},{"@type":"WebPage","@id":"https:\/\/www.braintumour.ca\/fr\/temoignages\/marche-des-tumeurs-cerebrales\/lhistoire-de-james\/","url":"https:\/\/www.braintumour.ca\/fr\/temoignages\/marche-des-tumeurs-cerebrales\/lhistoire-de-james\/","name":"L'histoire de James - Fondation canadienne des tumeurs c\u00e9r\u00e9brales","isPartOf":{"@id":"https:\/\/www.braintumour.ca\/fr\/#website"},"primaryImageOfPage":{"@id":"https:\/\/www.braintumour.ca\/fr\/temoignages\/marche-des-tumeurs-cerebrales\/lhistoire-de-james\/#primaryimage"},"image":{"@id":"https:\/\/www.braintumour.ca\/fr\/temoignages\/marche-des-tumeurs-cerebrales\/lhistoire-de-james\/#primaryimage"},"thumbnailUrl":"https:\/\/www.braintumour.ca\/wp-content\/uploads\/2020\/01\/JAMES-LESKIW2.jpg","datePublished":"2020-01-06T18:12:16+00:00","dateModified":"2020-02-02T22:25:07+00:00","author":{"@id":"https:\/\/www.braintumour.ca\/fr\/#\/schema\/person\/7534b1b1d4da5d8e37af436b293eca3d"},"description":"James a toujours \u00e9t\u00e9 en forme. Il \u00e9tait actif physiquement et mentalement. Cela fait simplement partie de qui il est.","breadcrumb":{"@id":"https:\/\/www.braintumour.ca\/fr\/temoignages\/marche-des-tumeurs-cerebrales\/lhistoire-de-james\/#breadcrumb"},"inLanguage":"fr-CA","potentialAction":[{"@type":"ReadAction","target":["https:\/\/www.braintumour.ca\/fr\/temoignages\/marche-des-tumeurs-cerebrales\/lhistoire-de-james\/"]}]},{"@type":"ImageObject","inLanguage":"fr-CA","@id":"https:\/\/www.braintumour.ca\/fr\/temoignages\/marche-des-tumeurs-cerebrales\/lhistoire-de-james\/#primaryimage","url":"https:\/\/www.braintumour.ca\/wp-content\/uploads\/2020\/01\/JAMES-LESKIW2.jpg","contentUrl":"https:\/\/www.braintumour.ca\/wp-content\/uploads\/2020\/01\/JAMES-LESKIW2.jpg","width":1500,"height":1009,"caption":"James believes physical and mental fitness are key to his tumour recovery."},{"@type":"BreadcrumbList","@id":"https:\/\/www.braintumour.ca\/fr\/temoignages\/marche-des-tumeurs-cerebrales\/lhistoire-de-james\/#breadcrumb","itemListElement":[{"@type":"ListItem","position":1,"name":"Home","item":"https:\/\/www.braintumour.ca\/fr\/"},{"@type":"ListItem","position":2,"name":"L&#8217;histoire de James"}]},{"@type":"WebSite","@id":"https:\/\/www.braintumour.ca\/fr\/#website","url":"https:\/\/www.braintumour.ca\/fr\/","name":"Fondation canadienne des tumeurs c\u00e9r\u00e9brales","description":"Notre mission est de venir en aide \u00e0 toutes les personnes touch\u00e9es par une tumeur c\u00e9r\u00e9brale au Canada par le biais de nos programmes d\u2019information, de soutien, d\u2019\u00e9ducation et de recherche.","potentialAction":[{"@type":"SearchAction","target":{"@type":"EntryPoint","urlTemplate":"https:\/\/www.braintumour.ca\/fr\/?s={search_term_string}"},"query-input":{"@type":"PropertyValueSpecification","valueRequired":true,"valueName":"search_term_string"}}],"inLanguage":"fr-CA"},{"@type":"Person","@id":"https:\/\/www.braintumour.ca\/fr\/#\/schema\/person\/7534b1b1d4da5d8e37af436b293eca3d","name":"Matt Berry","image":{"@type":"ImageObject","inLanguage":"fr-CA","@id":"https:\/\/www.braintumour.ca\/fr\/#\/schema\/person\/image\/","url":"https:\/\/secure.gravatar.com\/avatar\/882da3b67056b0c608086d3c77de46948b64244a4c249e81e0bf04a8095ce320?s=96&d=mm&r=g","contentUrl":"https:\/\/secure.gravatar.com\/avatar\/882da3b67056b0c608086d3c77de46948b64244a4c249e81e0bf04a8095ce320?s=96&d=mm&r=g","caption":"Matt Berry"}}]}},"_links":{"self":[{"href":"https:\/\/www.braintumour.ca\/fr\/wp-json\/wp\/v2\/posts\/3913","targetHints":{"allow":["GET"]}}],"collection":[{"href":"https:\/\/www.braintumour.ca\/fr\/wp-json\/wp\/v2\/posts"}],"about":[{"href":"https:\/\/www.braintumour.ca\/fr\/wp-json\/wp\/v2\/types\/post"}],"author":[{"embeddable":true,"href":"https:\/\/www.braintumour.ca\/fr\/wp-json\/wp\/v2\/users\/4"}],"replies":[{"embeddable":true,"href":"https:\/\/www.braintumour.ca\/fr\/wp-json\/wp\/v2\/comments?post=3913"}],"version-history":[{"count":0,"href":"https:\/\/www.braintumour.ca\/fr\/wp-json\/wp\/v2\/posts\/3913\/revisions"}],"wp:featuredmedia":[{"embeddable":true,"href":"https:\/\/www.braintumour.ca\/fr\/wp-json\/wp\/v2\/media\/3364"}],"wp:attachment":[{"href":"https:\/\/www.braintumour.ca\/fr\/wp-json\/wp\/v2\/media?parent=3913"}],"wp:term":[{"taxonomy":"category","embeddable":true,"href":"https:\/\/www.braintumour.ca\/fr\/wp-json\/wp\/v2\/categories?post=3913"},{"taxonomy":"post_tag","embeddable":true,"href":"https:\/\/www.braintumour.ca\/fr\/wp-json\/wp\/v2\/tags?post=3913"},{"taxonomy":"user_type","embeddable":true,"href":"https:\/\/www.braintumour.ca\/fr\/wp-json\/wp\/v2\/user_type?post=3913"},{"taxonomy":"locations","embeddable":true,"href":"https:\/\/www.braintumour.ca\/fr\/wp-json\/wp\/v2\/locations?post=3913"}],"curies":[{"name":"wp","href":"https:\/\/api.w.org\/{rel}","templated":true}]}}