{"id":4009,"date":"2020-02-04T13:35:13","date_gmt":"2020-02-04T18:35:13","guid":{"rendered":"https:\/\/www.braintumour.ca\/non-classifiee\/living-and-fighting-with-cushings-disease-danielles-story\/"},"modified":"2020-03-09T15:53:31","modified_gmt":"2020-03-09T19:53:31","slug":"ma-lutte-contre-la-maladie-de-cushing-lhistoire-de-danielle","status":"publish","type":"post","link":"https:\/\/www.braintumour.ca\/fr\/temoignages\/ma-lutte-contre-la-maladie-de-cushing-lhistoire-de-danielle\/","title":{"rendered":"Ma lutte contre la maladie de Cushing &#8211; L&rsquo;histoire de Danielle"},"content":{"rendered":"<h5>Danielle est une survivante de tumeur c\u00e9r\u00e9brale qui a partag\u00e9 son histoire pour la premi\u00e8re fois en 2015. Cinq ans plus tard, elle a gracieusement accept\u00e9 de nous donner une mise \u00e0 jour.<\/h5>\n<h5><em>\u00a0<\/em><\/h5>\n<p>Le 6 ao\u00fbt 2015, apr\u00e8s avoir souffert pendant des ann\u00e9es de sympt\u00f4mes inexpliqu\u00e9s, j\u2019ai subi ma premi\u00e8re chirurgie hypophyso-endoscopique transp\u00e9nodiale pour retirer un ad\u00e9nome hypophysaire me causant la maladie de Cushing.<\/p>\n<p>Un an apr\u00e8s mon r\u00e9tablissement, j&rsquo;ai partag\u00e9 mon histoire avec la Fondation canadienne des tumeurs c\u00e9r\u00e9brales. Lorsqu&rsquo;on m&rsquo;a demand\u00e9 d&rsquo;\u00e9crire une mise \u00e0 jour, pour vous dire la v\u00e9rit\u00e9, je ne savais pas par o\u00f9 commencer.<\/p>\n<p>Depuis lors, BEAUCOUP de choses se sont produites. J&rsquo;ai subi deux chirurgies c\u00e9r\u00e9brales et je continue \u00e0 me battre et \u00e0 vivre avec cette maladie rare encore aujourd&rsquo;hui.<\/p>\n<p>Apr\u00e8s ma premi\u00e8re intervention chirurgicale en 2015, je me suis dit : \u00abJe veux juste que ma vie redevienne normale.\u00bb<\/p>\n<p>Cependant, cinq ans et trois chirurgies plus tard, j\u2019accepte maintenant que ma vie ne sera plus jamais comme avant.<\/p>\n<p>J&rsquo;apprends \u00e0 accepter ma nouvelle vie et je commence \u00e0 faire la paix avec cette nouvelle r\u00e9alit\u00e9.<\/p>\n<p>Je peux maintenant dire que je suis fi\u00e8re de la personne que je suis devenue. J&rsquo;en suis sorti une personne plus forte. J&rsquo;ai \u00e9t\u00e9 pouss\u00e9 \u00e0 mes limites et \u00e0 cause de cela, j&rsquo;ai trouv\u00e9 ma force int\u00e9rieure.<\/p>\n<p>&nbsp;<\/p>\n<figure id=\"attachment_3868\" aria-describedby=\"caption-attachment-3868\" style=\"width: 1200px\" class=\"wp-caption aligncenter\"><a href=\"https:\/\/www.braintumour.ca\/stories\/living-and-fighting-with-cushings-disease-danielles-story\/attachment\/danielle5\/\" rel=\"attachment wp-att-3868\"><img loading=\"lazy\" decoding=\"async\" class=\"size-fp-large wp-image-3868\" src=\"https:\/\/www.braintumour.ca\/wp-content\/uploads\/2020\/01\/DANIELLE5-1200x754.jpg\" alt=\"Brain tumour survivor\" width=\"1200\" height=\"754\" srcset=\"https:\/\/www.braintumour.ca\/wp-content\/uploads\/2020\/01\/DANIELLE5-1200x754.jpg 1200w, https:\/\/www.braintumour.ca\/wp-content\/uploads\/2020\/01\/DANIELLE5-300x189.jpg 300w, https:\/\/www.braintumour.ca\/wp-content\/uploads\/2020\/01\/DANIELLE5-1024x644.jpg 1024w, https:\/\/www.braintumour.ca\/wp-content\/uploads\/2020\/01\/DANIELLE5-768x483.jpg 768w, https:\/\/www.braintumour.ca\/wp-content\/uploads\/2020\/01\/DANIELLE5-640x402.jpg 640w, https:\/\/www.braintumour.ca\/wp-content\/uploads\/2020\/01\/DANIELLE5-1440x905.jpg 1440w, https:\/\/www.braintumour.ca\/wp-content\/uploads\/2020\/01\/DANIELLE5.jpg 1500w\" sizes=\"auto, (max-width: 639px) 98vw, (max-width: 1199px) 64vw, 770px\" \/><\/a><figcaption id=\"caption-attachment-3868\" class=\"wp-caption-text\">Danielle porte fi\u00e8rement son t-shirt bleu de survivante \u00e0 la Marche des tumeurs c\u00e9r\u00e9brales de Hamilton-Niagara.<\/figcaption><\/figure>\n<p>&nbsp;<\/p>\n<p>Je mentirais si je disais que vivre avec une tumeur c\u00e9r\u00e9brale r\u00e9currente agressive et la maladie de Cushing n&rsquo;est pas difficile. Cushing est une maladie d\u00e9sagr\u00e9able. Cela fait des ravages non seulement sur votre apparence physique, mais aussi mentalement, physiquement et \u00e9motionnellement.<\/p>\n<p>M\u00eame aujourd&rsquo;hui &#8211; pr\u00e8s de cinq ans apr\u00e8s avoir re\u00e7u mon diagnostic &#8211; je continue de faire face \u00e0 de nombreux obstacles et d\u00e9fis.<\/p>\n<p>Je viens de subir ma troisi\u00e8me chirurgie en d\u00e9cembre 2019. Depuis, je suis entr\u00e9e et sortie de l&rsquo;h\u00f4pital plusieurs fois. Beaucoup de gens pensent que parce que vous avez subi une intervention chirurgicale, la prochaine \u00e9tape consiste simplement \u00e0 vous reposer, \u00e0 r\u00e9cup\u00e9rer et que tout ira bien.<\/p>\n<h5>Si seulement c&rsquo;\u00e9tait aussi simple.<\/h5>\n<p>D&rsquo;un point de vue ext\u00e9rieur, la majorit\u00e9 des gens pensent que j&rsquo;ai l&rsquo;air bien. Contrairement \u00e0 une coupure, o\u00f9 l&rsquo;on peut voir physiquement le processus de gu\u00e9rison, on ne peut pas voir notre cerveau gu\u00e9rir. C\u2019est tr\u00e8s difficile de vivre avec une maladie \u00ab invisible \u00bb. Dans le cas de la plupart des patients souffrant de la maladie de Cushing, nous ne pouvons pas \u00ab\u00a0voir\u00a0\u00bb notre maladie.<\/p>\n<p>Je ne bl\u00e2me pas les gens de penser cela.<\/p>\n<p>Cushing est une maladie tr\u00e8s complexe.<\/p>\n<p>J&rsquo;ai \u00e9t\u00e9 mise sous Cortef (un substitut synth\u00e9tique d&rsquo;hydrocortisone) apr\u00e8s ma premi\u00e8re chirurgie et \u00e0 nouveau apr\u00e8s la plus r\u00e9cente, car mon corps ne produisait pas le sien lorsque ma tumeur a \u00e9t\u00e9 enlev\u00e9e.<\/p>\n<p>Par la suite, j\u2019ai d\u00fb commencer le sevrage. Aucun m\u00e9decin ou livre ne vous explique cela.<\/p>\n<p>Si vous sevrez trop vite, vous vous exposerez \u00e0 une crise surr\u00e9nalienne (je me suis retrouv\u00e9e plusieurs fois aux urgences \u00e0 cause de cela). Si vous le faites trop lentement, vous ne poussez pas votre glande pituitaire \u00e0 se r\u00e9veiller d&rsquo;elle-m\u00eame.<\/p>\n<p>&nbsp;<\/p>\n<figure id=\"attachment_3866\" aria-describedby=\"caption-attachment-3866\" style=\"width: 1200px\" class=\"wp-caption aligncenter\"><a href=\"https:\/\/www.braintumour.ca\/stories\/living-and-fighting-with-cushings-disease-danielles-story\/attachment\/danielle4\/\" rel=\"attachment wp-att-3866\"><img loading=\"lazy\" decoding=\"async\" class=\"size-fp-large wp-image-3866\" src=\"https:\/\/www.braintumour.ca\/wp-content\/uploads\/2020\/01\/DANIELLE4-1200x928.jpg\" alt=\"Brain tumour survivor\" width=\"1200\" height=\"928\" srcset=\"https:\/\/www.braintumour.ca\/wp-content\/uploads\/2020\/01\/DANIELLE4-1200x928.jpg 1200w, https:\/\/www.braintumour.ca\/wp-content\/uploads\/2020\/01\/DANIELLE4-300x232.jpg 300w, https:\/\/www.braintumour.ca\/wp-content\/uploads\/2020\/01\/DANIELLE4-1024x792.jpg 1024w, https:\/\/www.braintumour.ca\/wp-content\/uploads\/2020\/01\/DANIELLE4-768x594.jpg 768w, https:\/\/www.braintumour.ca\/wp-content\/uploads\/2020\/01\/DANIELLE4-640x495.jpg 640w, https:\/\/www.braintumour.ca\/wp-content\/uploads\/2020\/01\/DANIELLE4-1440x1114.jpg 1440w, https:\/\/www.braintumour.ca\/wp-content\/uploads\/2020\/01\/DANIELLE4-1397x1080.jpg 1397w, https:\/\/www.braintumour.ca\/wp-content\/uploads\/2020\/01\/DANIELLE4.jpg 1500w\" sizes=\"auto, (max-width: 639px) 98vw, (max-width: 1199px) 64vw, 770px\" \/><\/a><figcaption id=\"caption-attachment-3866\" class=\"wp-caption-text\">Cinq ans et trois chirurgies plus tard, Danielle a accept\u00e9 sa \u00abnouvelle r\u00e9alit\u00e9\u00bb.<\/figcaption><\/figure>\n<p>&nbsp;<\/p>\n<p>Lorsque vous diminuez vos m\u00e9dicaments, votre corps subit des retraits similaires \u00e0 ce que ressentirait un toxicomane. Ce sont vraiment les pires jours de ma vie. J&rsquo;apprends encore des ann\u00e9es plus tard comment g\u00e9rer mes m\u00e9dicaments.<\/p>\n<p>Les patients de Cushing ont tr\u00e8s peu de contr\u00f4le. Aucun contr\u00f4le sur notre apparence, notre fa\u00e7on de penser et nos sentiments. Il est tr\u00e8s difficile de se regarder dans le miroir certains jours et de voir mon visage enfl\u00e9 ou de passer des jours sans dormir.<\/p>\n<p>Le plus grand conseil que je donne aux personnes dans une situation similaire &#8211; vivant avec une maladie rare et une tumeur au cerveau &#8211; est d&rsquo;\u00e9couter votre corps.<\/p>\n<h5>Je profite des jours o\u00f9 je me sens bien et je me repose quand j&rsquo;ai besoin d&rsquo;une pause.<\/h5>\n<p>Conna\u00eetre mes limites personnelles est devenu l&rsquo;un des \u00e9l\u00e9ments les plus importants de ma nouvelle vie. Faire des plans r\u00e9alistes pour moi-m\u00eame et fixer des objectifs r\u00e9alisables en priorisant les repas, l&rsquo;exercice, la famille et les activit\u00e9s est important. Mais je m&rsquo;assure aussi de me r\u00e9server du temps!<\/p>\n<p>Il est normal de dire non lorsque vous \u00eates trop fatigu\u00e9 ou que vous avez une mauvaise journ\u00e9e. J&rsquo;ai accept\u00e9 cela et j&rsquo;ai appris que je dois \u00eatre bien avec moi-m\u00eame. Une dame tr\u00e8s sp\u00e9ciale m&rsquo;a r\u00e9cemment rappel\u00e9 l&rsquo;exemple des masques \u00e0 oxyg\u00e8ne dans un avion. Vous devez d&rsquo;abord mettre votre masque avant d&rsquo;aider les autres autour de vous.<\/p>\n<p>Je sais que pour mon avenir, il y a une tr\u00e8s forte possibilit\u00e9 qu&rsquo;un traitement suppl\u00e9mentaire soit n\u00e9cessaire avec ce type de tumeur. Cependant, je fais de mon mieux pour ne pas vivre ma vie dans l&rsquo;inqui\u00e9tude et vivre pour le moment en la prenant au jour le jour.<\/p>\n<h5>Avoir une tumeur au cerveau et vivre avec la maladie de Cushing est un \u00e9v\u00e9nement majeur qui change la vie.<\/h5>\n<p>Au cours des huit derni\u00e8res ann\u00e9es, j&rsquo;ai v\u00e9cu certains des pires jours de ma vie. Cela \u00e9tant dit, j&rsquo;ai \u00e9galement v\u00e9cu certains des meilleurs jours de ma vie.<\/p>\n<p>Je ne veux pas que les gens aient piti\u00e9 de moi. Sans mes difficult\u00e9s, je ne serais pas l\u00e0 o\u00f9 j\u2019en suis aujourd&rsquo;hui.<\/p>\n<p>Je me suis sentie si seule tout au long de mon diagnostic initial, de ma chirurgie et m\u00eame pendant la premi\u00e8re partie de mon r\u00e9tablissement. Je n&rsquo;avais personne \u00e0 qui parler qui pouvait comprendre ou valider ce que je ressentais. M\u00eame si mes amis, ma famille, mes m\u00e9decins et mes th\u00e9rapeutes ont essay\u00e9 de me comprendre, ils ne pouvaient pas le faire. Comme toute exp\u00e9rience dans la vie, on ne peut pas comprendre pleinement ce que l&rsquo;on vit \u00e0 moins de l\u2019avoir v\u00e9cu.<\/p>\n<p>En partageant mon premier t\u00e9moignage avec la Fondation canadienne des tumeurs c\u00e9r\u00e9brales, je me suis permise d&rsquo;\u00eatre vuln\u00e9rable. J&rsquo;ai partag\u00e9 mes craintes et la r\u00e9alit\u00e9 de cette terrible maladie. Mais je suis tellement contente de l&rsquo;avoir fait. Cela m&rsquo;a permis de me connecter avec tant de personnes dans des situations similaires et \u00e7a m&rsquo;a permis de me sentir entour\u00e9e, comme si je n&rsquo;\u00e9tais plus seule.<\/p>\n<p>Pour cette raison, je continuerai \u00e0 faire conna\u00eetre la maladie de Cushing et d&rsquo;autres maladies li\u00e9es au cerveau.<\/p>\n<p>Mon neurochirurgien m&rsquo;a dit un jour: \u00ab\u00a0Si ton histoire peut aider m\u00eame une seule personne, cela aura valu la peine.\u00a0\u00bb<\/p>\n<p>Je suis tellement reconnaissante envers mon syst\u00e8me de soutien; merci d\u2019avoir continu\u00e9 \u00e0 m&rsquo;\u00e9couter, \u00e0 me motiver et \u00e0 me pousser. Je suis \u00e9ternellement reconnaissante envers mon mari, mes parents, mes fr\u00e8res, les membres de ma famille, mes amis, mes coll\u00e8gues, mes th\u00e9rapeutes et mon \u00e9quipe m\u00e9dicale.<\/p>\n<p>Je suis reconnaissante pour tout cela. Les hauts. Les bas. Les luttes. Les revers.<\/p>\n<p>Tout!<\/p>\n<p>&nbsp;<\/p>\n<p>Danielle xxoo<\/p>\n<p>&nbsp;<\/p>\n<p><img loading=\"lazy\" decoding=\"async\" class=\"alignleft size-fp-small wp-image-3983\" src=\"https:\/\/www.braintumour.ca\/wp-content\/uploads\/2020\/02\/danielle-bracelet3-1-640x480.jpg\" alt=\"\" width=\"640\" height=\"480\" srcset=\"https:\/\/www.braintumour.ca\/wp-content\/uploads\/2020\/02\/danielle-bracelet3-1-640x480.jpg 640w, https:\/\/www.braintumour.ca\/wp-content\/uploads\/2020\/02\/danielle-bracelet3-1-300x225.jpg 300w, https:\/\/www.braintumour.ca\/wp-content\/uploads\/2020\/02\/danielle-bracelet3-1-1024x769.jpg 1024w, https:\/\/www.braintumour.ca\/wp-content\/uploads\/2020\/02\/danielle-bracelet3-1-768x577.jpg 768w, https:\/\/www.braintumour.ca\/wp-content\/uploads\/2020\/02\/danielle-bracelet3-1-1200x901.jpg 1200w, https:\/\/www.braintumour.ca\/wp-content\/uploads\/2020\/02\/danielle-bracelet3-1-1440x1081.jpg 1440w, https:\/\/www.braintumour.ca\/wp-content\/uploads\/2020\/02\/danielle-bracelet3-1-1439x1080.jpg 1439w, https:\/\/www.braintumour.ca\/wp-content\/uploads\/2020\/02\/danielle-bracelet3-1.jpg 1500w\" sizes=\"auto, (max-width: 639px) 98vw, (max-width: 1199px) 64vw, 640px\" \/><\/p>\n<p><em>\u00c0 ce jour, Danielle a amass\u00e9 plus de 11 000 $ pour la Fondation canadienne des tumeurs c\u00e9r\u00e9brales, et elle ne s&rsquo;arr\u00eate pas l\u00e0.<\/em><\/p>\n<p><em>Danielle s&rsquo;est associ\u00e9e \u00e0 @angel_jewellerybyanastasia et elle r\u00e9alise une collecte de fonds en vendant des bracelets pour le Mois de la sensibilisation aux tumeurs c\u00e9r\u00e9brales.<\/em><\/p>\n<p><em>Les bracelets seront disponibles pour 30 $, et 50% de tous les profits seront vers\u00e9s \u00e0 la Fondation canadienne des tumeurs c\u00e9r\u00e9brales.<\/em><\/p>\n<p><em><strong>Tous les fonds r\u00e9colt\u00e9s seront g\u00e9n\u00e9reusement jumel\u00e9s par un donateur anonyme<\/strong>, alors assurez-vous d&rsquo;obtenir vos bracelets avant qu&rsquo;il ne soit trop tard! SOYEZ GRIS EN MAI!<\/em><\/p>\n<p><em>Pour plus d&rsquo;informations, pour faire un don ou pour vous impliquer, veuillez communiquer avec Danielle \u00e0:<\/em><\/p>\n<p><em><a href=\"mailto:turnmaygrey@gmail.com\">turnmaygrey@gmail.com<\/a><\/em><\/p>\n<p>Merci!<\/p>\n<p>&nbsp;<\/p>\n","protected":false},"excerpt":{"rendered":"<p>Danielle est une survivante de tumeur c\u00e9r\u00e9brale qui a partag\u00e9 son histoire pour la premi\u00e8re fois en 2015. Cinq ans [&hellip;]<\/p>\n","protected":false},"author":4,"featured_media":3863,"comment_status":"closed","ping_status":"closed","sticky":false,"template":"","format":"standard","meta":{"_acf_changed":false,"footnotes":""},"categories":[148,149,177,179],"tags":[214,217,223,227,244,245],"user_type":[133],"locations":[],"class_list":["post-4009","post","type-post","status-publish","format-standard","has-post-thumbnail","hentry","category-temoignages","category-adulte","category-marketing-de-cause","category-courage-fr","tag-brain-tumour-foundation-of-canada-fr","tag-fondation-canadienne-des-tumeurs-cerebrales","tag-brain-tumour-survivor-fr","tag-cushings-disease-fr","tag-survivant-de-tumeur-cerebrale","tag-maladie-de-cushing","user_type-patient-fr"],"acf":[],"yoast_head":"<!-- This site is optimized with the Yoast SEO Premium plugin v27.0 (Yoast SEO v27.0) - https:\/\/yoast.com\/product\/yoast-seo-premium-wordpress\/ -->\n<title>Ma lutte contre la maladie de Cushing - L&#039;histoire de Danielle - Fondation canadienne des tumeurs c\u00e9r\u00e9brales<\/title>\n<meta name=\"description\" content=\"Five years ago I shared my story with Brain Tumour Foundation of Canada. When asked to write an update, to tell you the truth, I didn&#039;t know where to start.\" \/>\n<meta name=\"robots\" content=\"index, follow, max-snippet:-1, max-image-preview:large, max-video-preview:-1\" \/>\n<link rel=\"canonical\" href=\"https:\/\/www.braintumour.ca\/fr\/temoignages\/ma-lutte-contre-la-maladie-de-cushing-lhistoire-de-danielle\/\" \/>\n<meta property=\"og:locale\" content=\"fr_CA\" \/>\n<meta property=\"og:type\" content=\"article\" \/>\n<meta property=\"og:title\" content=\"Ma lutte contre la maladie de Cushing - L&#039;histoire de Danielle\" \/>\n<meta property=\"og:description\" content=\"Five years ago I shared my story with Brain Tumour Foundation of Canada. When asked to write an update, to tell you the truth, I didn&#039;t know where to start.\" \/>\n<meta property=\"og:url\" content=\"https:\/\/www.braintumour.ca\/fr\/temoignages\/ma-lutte-contre-la-maladie-de-cushing-lhistoire-de-danielle\/\" \/>\n<meta property=\"og:site_name\" content=\"Fondation canadienne des tumeurs c\u00e9r\u00e9brales\" \/>\n<meta property=\"article:published_time\" content=\"2020-02-04T18:35:13+00:00\" \/>\n<meta property=\"article:modified_time\" content=\"2020-03-09T19:53:31+00:00\" \/>\n<meta property=\"og:image\" content=\"https:\/\/www.braintumour.ca\/wp-content\/uploads\/2020\/01\/DANIELLE1.jpg\" \/>\n\t<meta property=\"og:image:width\" content=\"1500\" \/>\n\t<meta property=\"og:image:height\" content=\"968\" \/>\n\t<meta property=\"og:image:type\" content=\"image\/jpeg\" \/>\n<meta name=\"author\" content=\"Matt Berry\" \/>\n<meta name=\"twitter:card\" content=\"summary_large_image\" \/>\n<meta name=\"twitter:label1\" content=\"\u00c9crit par\" \/>\n\t<meta name=\"twitter:data1\" content=\"Matt Berry\" \/>\n\t<meta name=\"twitter:label2\" content=\"Estimation du temps de lecture\" \/>\n\t<meta name=\"twitter:data2\" content=\"7 minutes\" \/>\n<script type=\"application\/ld+json\" class=\"yoast-schema-graph\">{\"@context\":\"https:\/\/schema.org\",\"@graph\":[{\"@type\":\"Article\",\"@id\":\"https:\/\/www.braintumour.ca\/fr\/temoignages\/ma-lutte-contre-la-maladie-de-cushing-lhistoire-de-danielle\/#article\",\"isPartOf\":{\"@id\":\"https:\/\/www.braintumour.ca\/fr\/temoignages\/ma-lutte-contre-la-maladie-de-cushing-lhistoire-de-danielle\/\"},\"author\":{\"name\":\"Matt Berry\",\"@id\":\"https:\/\/www.braintumour.ca\/fr\/#\/schema\/person\/7534b1b1d4da5d8e37af436b293eca3d\"},\"headline\":\"Ma lutte contre la maladie de Cushing &#8211; L&rsquo;histoire de Danielle\",\"datePublished\":\"2020-02-04T18:35:13+00:00\",\"dateModified\":\"2020-03-09T19:53:31+00:00\",\"mainEntityOfPage\":{\"@id\":\"https:\/\/www.braintumour.ca\/fr\/temoignages\/ma-lutte-contre-la-maladie-de-cushing-lhistoire-de-danielle\/\"},\"wordCount\":1448,\"image\":{\"@id\":\"https:\/\/www.braintumour.ca\/fr\/temoignages\/ma-lutte-contre-la-maladie-de-cushing-lhistoire-de-danielle\/#primaryimage\"},\"thumbnailUrl\":\"https:\/\/www.braintumour.ca\/wp-content\/uploads\/2020\/01\/DANIELLE1.jpg\",\"keywords\":[\"brain tumour foundation of canada\",\"Fondation canadienne des tumeurs c\u00e9r\u00e9brales\",\"brain tumour survivor\",\"cushing&#8217;s disease\",\"survivant de tumeur c\u00e9r\u00e9brale\",\"maladie de cushing\"],\"articleSection\":[\"T\u00e9moignages\",\"Adulte\",\"Marketing de cause\",\"Courage\"],\"inLanguage\":\"fr-CA\"},{\"@type\":\"WebPage\",\"@id\":\"https:\/\/www.braintumour.ca\/fr\/temoignages\/ma-lutte-contre-la-maladie-de-cushing-lhistoire-de-danielle\/\",\"url\":\"https:\/\/www.braintumour.ca\/fr\/temoignages\/ma-lutte-contre-la-maladie-de-cushing-lhistoire-de-danielle\/\",\"name\":\"Ma lutte contre la maladie de Cushing - L'histoire de Danielle - Fondation canadienne des tumeurs c\u00e9r\u00e9brales\",\"isPartOf\":{\"@id\":\"https:\/\/www.braintumour.ca\/fr\/#website\"},\"primaryImageOfPage\":{\"@id\":\"https:\/\/www.braintumour.ca\/fr\/temoignages\/ma-lutte-contre-la-maladie-de-cushing-lhistoire-de-danielle\/#primaryimage\"},\"image\":{\"@id\":\"https:\/\/www.braintumour.ca\/fr\/temoignages\/ma-lutte-contre-la-maladie-de-cushing-lhistoire-de-danielle\/#primaryimage\"},\"thumbnailUrl\":\"https:\/\/www.braintumour.ca\/wp-content\/uploads\/2020\/01\/DANIELLE1.jpg\",\"datePublished\":\"2020-02-04T18:35:13+00:00\",\"dateModified\":\"2020-03-09T19:53:31+00:00\",\"author\":{\"@id\":\"https:\/\/www.braintumour.ca\/fr\/#\/schema\/person\/7534b1b1d4da5d8e37af436b293eca3d\"},\"description\":\"Five years ago I shared my story with Brain Tumour Foundation of Canada. When asked to write an update, to tell you the truth, I didn't know where to start.\",\"breadcrumb\":{\"@id\":\"https:\/\/www.braintumour.ca\/fr\/temoignages\/ma-lutte-contre-la-maladie-de-cushing-lhistoire-de-danielle\/#breadcrumb\"},\"inLanguage\":\"fr-CA\",\"potentialAction\":[{\"@type\":\"ReadAction\",\"target\":[\"https:\/\/www.braintumour.ca\/fr\/temoignages\/ma-lutte-contre-la-maladie-de-cushing-lhistoire-de-danielle\/\"]}]},{\"@type\":\"ImageObject\",\"inLanguage\":\"fr-CA\",\"@id\":\"https:\/\/www.braintumour.ca\/fr\/temoignages\/ma-lutte-contre-la-maladie-de-cushing-lhistoire-de-danielle\/#primaryimage\",\"url\":\"https:\/\/www.braintumour.ca\/wp-content\/uploads\/2020\/01\/DANIELLE1.jpg\",\"contentUrl\":\"https:\/\/www.braintumour.ca\/wp-content\/uploads\/2020\/01\/DANIELLE1.jpg\",\"width\":1500,\"height\":968,\"caption\":\"Five years ago, Danielle had surgery to remove a\"},{\"@type\":\"BreadcrumbList\",\"@id\":\"https:\/\/www.braintumour.ca\/fr\/temoignages\/ma-lutte-contre-la-maladie-de-cushing-lhistoire-de-danielle\/#breadcrumb\",\"itemListElement\":[{\"@type\":\"ListItem\",\"position\":1,\"name\":\"Home\",\"item\":\"https:\/\/www.braintumour.ca\/fr\/\"},{\"@type\":\"ListItem\",\"position\":2,\"name\":\"Ma lutte contre la maladie de Cushing &#8211; L&rsquo;histoire de Danielle\"}]},{\"@type\":\"WebSite\",\"@id\":\"https:\/\/www.braintumour.ca\/fr\/#website\",\"url\":\"https:\/\/www.braintumour.ca\/fr\/\",\"name\":\"Fondation canadienne des tumeurs c\u00e9r\u00e9brales\",\"description\":\"Notre mission est de venir en aide \u00e0 toutes les personnes touch\u00e9es par une tumeur c\u00e9r\u00e9brale au Canada par le biais de nos programmes d\u2019information, de soutien, d\u2019\u00e9ducation et de recherche.\",\"potentialAction\":[{\"@type\":\"SearchAction\",\"target\":{\"@type\":\"EntryPoint\",\"urlTemplate\":\"https:\/\/www.braintumour.ca\/fr\/?s={search_term_string}\"},\"query-input\":{\"@type\":\"PropertyValueSpecification\",\"valueRequired\":true,\"valueName\":\"search_term_string\"}}],\"inLanguage\":\"fr-CA\"},{\"@type\":\"Person\",\"@id\":\"https:\/\/www.braintumour.ca\/fr\/#\/schema\/person\/7534b1b1d4da5d8e37af436b293eca3d\",\"name\":\"Matt Berry\",\"image\":{\"@type\":\"ImageObject\",\"inLanguage\":\"fr-CA\",\"@id\":\"https:\/\/www.braintumour.ca\/fr\/#\/schema\/person\/image\/\",\"url\":\"https:\/\/secure.gravatar.com\/avatar\/882da3b67056b0c608086d3c77de46948b64244a4c249e81e0bf04a8095ce320?s=96&d=mm&r=g\",\"contentUrl\":\"https:\/\/secure.gravatar.com\/avatar\/882da3b67056b0c608086d3c77de46948b64244a4c249e81e0bf04a8095ce320?s=96&d=mm&r=g\",\"caption\":\"Matt Berry\"}}]}<\/script>\n<!-- \/ Yoast SEO Premium plugin. -->","yoast_head_json":{"title":"Ma lutte contre la maladie de Cushing - L'histoire de Danielle - Fondation canadienne des tumeurs c\u00e9r\u00e9brales","description":"Five years ago I shared my story with Brain Tumour Foundation of Canada. When asked to write an update, to tell you the truth, I didn't know where to start.","robots":{"index":"index","follow":"follow","max-snippet":"max-snippet:-1","max-image-preview":"max-image-preview:large","max-video-preview":"max-video-preview:-1"},"canonical":"https:\/\/www.braintumour.ca\/fr\/temoignages\/ma-lutte-contre-la-maladie-de-cushing-lhistoire-de-danielle\/","og_locale":"fr_CA","og_type":"article","og_title":"Ma lutte contre la maladie de Cushing - L'histoire de Danielle","og_description":"Five years ago I shared my story with Brain Tumour Foundation of Canada. When asked to write an update, to tell you the truth, I didn't know where to start.","og_url":"https:\/\/www.braintumour.ca\/fr\/temoignages\/ma-lutte-contre-la-maladie-de-cushing-lhistoire-de-danielle\/","og_site_name":"Fondation canadienne des tumeurs c\u00e9r\u00e9brales","article_published_time":"2020-02-04T18:35:13+00:00","article_modified_time":"2020-03-09T19:53:31+00:00","og_image":[{"width":1500,"height":968,"url":"https:\/\/www.braintumour.ca\/wp-content\/uploads\/2020\/01\/DANIELLE1.jpg","type":"image\/jpeg"}],"author":"Matt Berry","twitter_card":"summary_large_image","twitter_misc":{"\u00c9crit par":"Matt Berry","Estimation du temps de lecture":"7 minutes"},"schema":{"@context":"https:\/\/schema.org","@graph":[{"@type":"Article","@id":"https:\/\/www.braintumour.ca\/fr\/temoignages\/ma-lutte-contre-la-maladie-de-cushing-lhistoire-de-danielle\/#article","isPartOf":{"@id":"https:\/\/www.braintumour.ca\/fr\/temoignages\/ma-lutte-contre-la-maladie-de-cushing-lhistoire-de-danielle\/"},"author":{"name":"Matt Berry","@id":"https:\/\/www.braintumour.ca\/fr\/#\/schema\/person\/7534b1b1d4da5d8e37af436b293eca3d"},"headline":"Ma lutte contre la maladie de Cushing &#8211; L&rsquo;histoire de Danielle","datePublished":"2020-02-04T18:35:13+00:00","dateModified":"2020-03-09T19:53:31+00:00","mainEntityOfPage":{"@id":"https:\/\/www.braintumour.ca\/fr\/temoignages\/ma-lutte-contre-la-maladie-de-cushing-lhistoire-de-danielle\/"},"wordCount":1448,"image":{"@id":"https:\/\/www.braintumour.ca\/fr\/temoignages\/ma-lutte-contre-la-maladie-de-cushing-lhistoire-de-danielle\/#primaryimage"},"thumbnailUrl":"https:\/\/www.braintumour.ca\/wp-content\/uploads\/2020\/01\/DANIELLE1.jpg","keywords":["brain tumour foundation of canada","Fondation canadienne des tumeurs c\u00e9r\u00e9brales","brain tumour survivor","cushing&#8217;s disease","survivant de tumeur c\u00e9r\u00e9brale","maladie de cushing"],"articleSection":["T\u00e9moignages","Adulte","Marketing de cause","Courage"],"inLanguage":"fr-CA"},{"@type":"WebPage","@id":"https:\/\/www.braintumour.ca\/fr\/temoignages\/ma-lutte-contre-la-maladie-de-cushing-lhistoire-de-danielle\/","url":"https:\/\/www.braintumour.ca\/fr\/temoignages\/ma-lutte-contre-la-maladie-de-cushing-lhistoire-de-danielle\/","name":"Ma lutte contre la maladie de Cushing - L'histoire de Danielle - Fondation canadienne des tumeurs c\u00e9r\u00e9brales","isPartOf":{"@id":"https:\/\/www.braintumour.ca\/fr\/#website"},"primaryImageOfPage":{"@id":"https:\/\/www.braintumour.ca\/fr\/temoignages\/ma-lutte-contre-la-maladie-de-cushing-lhistoire-de-danielle\/#primaryimage"},"image":{"@id":"https:\/\/www.braintumour.ca\/fr\/temoignages\/ma-lutte-contre-la-maladie-de-cushing-lhistoire-de-danielle\/#primaryimage"},"thumbnailUrl":"https:\/\/www.braintumour.ca\/wp-content\/uploads\/2020\/01\/DANIELLE1.jpg","datePublished":"2020-02-04T18:35:13+00:00","dateModified":"2020-03-09T19:53:31+00:00","author":{"@id":"https:\/\/www.braintumour.ca\/fr\/#\/schema\/person\/7534b1b1d4da5d8e37af436b293eca3d"},"description":"Five years ago I shared my story with Brain Tumour Foundation of Canada. When asked to write an update, to tell you the truth, I didn't know where to start.","breadcrumb":{"@id":"https:\/\/www.braintumour.ca\/fr\/temoignages\/ma-lutte-contre-la-maladie-de-cushing-lhistoire-de-danielle\/#breadcrumb"},"inLanguage":"fr-CA","potentialAction":[{"@type":"ReadAction","target":["https:\/\/www.braintumour.ca\/fr\/temoignages\/ma-lutte-contre-la-maladie-de-cushing-lhistoire-de-danielle\/"]}]},{"@type":"ImageObject","inLanguage":"fr-CA","@id":"https:\/\/www.braintumour.ca\/fr\/temoignages\/ma-lutte-contre-la-maladie-de-cushing-lhistoire-de-danielle\/#primaryimage","url":"https:\/\/www.braintumour.ca\/wp-content\/uploads\/2020\/01\/DANIELLE1.jpg","contentUrl":"https:\/\/www.braintumour.ca\/wp-content\/uploads\/2020\/01\/DANIELLE1.jpg","width":1500,"height":968,"caption":"Five years ago, Danielle had surgery to remove a"},{"@type":"BreadcrumbList","@id":"https:\/\/www.braintumour.ca\/fr\/temoignages\/ma-lutte-contre-la-maladie-de-cushing-lhistoire-de-danielle\/#breadcrumb","itemListElement":[{"@type":"ListItem","position":1,"name":"Home","item":"https:\/\/www.braintumour.ca\/fr\/"},{"@type":"ListItem","position":2,"name":"Ma lutte contre la maladie de Cushing &#8211; L&rsquo;histoire de Danielle"}]},{"@type":"WebSite","@id":"https:\/\/www.braintumour.ca\/fr\/#website","url":"https:\/\/www.braintumour.ca\/fr\/","name":"Fondation canadienne des tumeurs c\u00e9r\u00e9brales","description":"Notre mission est de venir en aide \u00e0 toutes les personnes touch\u00e9es par une tumeur c\u00e9r\u00e9brale au Canada par le biais de nos programmes d\u2019information, de soutien, d\u2019\u00e9ducation et de recherche.","potentialAction":[{"@type":"SearchAction","target":{"@type":"EntryPoint","urlTemplate":"https:\/\/www.braintumour.ca\/fr\/?s={search_term_string}"},"query-input":{"@type":"PropertyValueSpecification","valueRequired":true,"valueName":"search_term_string"}}],"inLanguage":"fr-CA"},{"@type":"Person","@id":"https:\/\/www.braintumour.ca\/fr\/#\/schema\/person\/7534b1b1d4da5d8e37af436b293eca3d","name":"Matt Berry","image":{"@type":"ImageObject","inLanguage":"fr-CA","@id":"https:\/\/www.braintumour.ca\/fr\/#\/schema\/person\/image\/","url":"https:\/\/secure.gravatar.com\/avatar\/882da3b67056b0c608086d3c77de46948b64244a4c249e81e0bf04a8095ce320?s=96&d=mm&r=g","contentUrl":"https:\/\/secure.gravatar.com\/avatar\/882da3b67056b0c608086d3c77de46948b64244a4c249e81e0bf04a8095ce320?s=96&d=mm&r=g","caption":"Matt Berry"}}]}},"_links":{"self":[{"href":"https:\/\/www.braintumour.ca\/fr\/wp-json\/wp\/v2\/posts\/4009","targetHints":{"allow":["GET"]}}],"collection":[{"href":"https:\/\/www.braintumour.ca\/fr\/wp-json\/wp\/v2\/posts"}],"about":[{"href":"https:\/\/www.braintumour.ca\/fr\/wp-json\/wp\/v2\/types\/post"}],"author":[{"embeddable":true,"href":"https:\/\/www.braintumour.ca\/fr\/wp-json\/wp\/v2\/users\/4"}],"replies":[{"embeddable":true,"href":"https:\/\/www.braintumour.ca\/fr\/wp-json\/wp\/v2\/comments?post=4009"}],"version-history":[{"count":0,"href":"https:\/\/www.braintumour.ca\/fr\/wp-json\/wp\/v2\/posts\/4009\/revisions"}],"wp:featuredmedia":[{"embeddable":true,"href":"https:\/\/www.braintumour.ca\/fr\/wp-json\/wp\/v2\/media\/3863"}],"wp:attachment":[{"href":"https:\/\/www.braintumour.ca\/fr\/wp-json\/wp\/v2\/media?parent=4009"}],"wp:term":[{"taxonomy":"category","embeddable":true,"href":"https:\/\/www.braintumour.ca\/fr\/wp-json\/wp\/v2\/categories?post=4009"},{"taxonomy":"post_tag","embeddable":true,"href":"https:\/\/www.braintumour.ca\/fr\/wp-json\/wp\/v2\/tags?post=4009"},{"taxonomy":"user_type","embeddable":true,"href":"https:\/\/www.braintumour.ca\/fr\/wp-json\/wp\/v2\/user_type?post=4009"},{"taxonomy":"locations","embeddable":true,"href":"https:\/\/www.braintumour.ca\/fr\/wp-json\/wp\/v2\/locations?post=4009"}],"curies":[{"name":"wp","href":"https:\/\/api.w.org\/{rel}","templated":true}]}}