{"id":4177,"date":"2020-03-03T22:11:15","date_gmt":"2020-03-04T03:11:15","guid":{"rendered":"https:\/\/www.braintumour.ca\/?p=4177"},"modified":"2020-03-09T15:57:16","modified_gmt":"2020-03-09T19:57:16","slug":"a-la-memoire-de-felix-antoine","status":"publish","type":"post","link":"https:\/\/www.braintumour.ca\/fr\/temoignages\/a-la-memoire-de-felix-antoine\/","title":{"rendered":"\u00c0 la m\u00e9moire de F\u00e9lix-Antoine"},"content":{"rendered":"<p>Le 26 septembre dernier, le destin a fait en sorte que notre vie ne serait plus jamais la m\u00eame. Nous avons appris que notre petit coco, F\u00e9lix-Antoine, 4 ans, \u00e9tait atteint d&rsquo;une tumeur c\u00e9r\u00e9brale tr\u00e8s agressive, un glioblastome. Le combat a \u00e9t\u00e9 dur, mais notre petit guerrier n&rsquo;a jamais baiss\u00e9 les bras. La maladie a fini par prendre le dessus et, le 16 novembre 2019, notre petit coco a d\u00e9ploy\u00e9 ses ailes.<\/p>\n<p>Malgr\u00e9 le grand vide que ce deuil nous a laiss\u00e9, j&rsquo;ai d\u00e9cid\u00e9 de faire vivre Filou \u00e0 ma fa\u00e7on en cr\u00e9ant un \u00e9v\u00e8nement en son honneur et \u00e0 son image. J&rsquo;ai cr\u00e9\u00e9 la Coupe FAV, un tournoi de dek hockey, qui nous permettra d&rsquo;amasser des sous pour la Fondation canadienne des tumeurs c\u00e9r\u00e9brales.<\/p>\n<p>Notre souhait, c&rsquo;est d&rsquo;amasser le plus de sous possible et de les remettre \u00e0 la Fondation canadienne des tumeurs c\u00e9r\u00e9brales qui finance la recherche sur les tumeurs c\u00e9r\u00e9brales p\u00e9diatriques, afin que d&rsquo;autres enfant puissent avoir la chance de combattre ce cancer.<\/p>\n<p>Pour pouvoir remettre le plus de sous possible \u00e0 la fondation, nous avons besoin de votre aide afin que notre \u00e9v\u00e8nement soit un succ\u00e8s et \u00e0 l&rsquo;image de notre beau coco d&rsquo;amour parti beaucoup trop t\u00f4t.<\/p>\n<p>&nbsp;<\/p>\n<p><strong>Vous pouvez encouragez la famille de F\u00e9lix-Antoine en faisant un don <a href=\"https:\/\/www.onedollargift.com\/ca-fr\/Reve-Coupe-FAV-1ere-edition-37102?fbclid=IwAR1WWSm_ztWxAfO81VebHE-2pWhjC805vTLn58Asx88cfhYM1cD5oAKNtNA\">sur la page suivante :<\/a><\/strong><\/p>\n<p style=\"text-align: center;\"><a href=\"https:\/\/www.onedollargift.com\/ca-fr\/Reve-Coupe-FAV-1ere-edition-37102?fbclid=IwAR1WWSm_ztWxAfO81VebHE-2pWhjC805vTLn58Asx88cfhYM1cD5oAKNtNA\"><img loading=\"lazy\" decoding=\"async\" class=\"aligncenter size-fp-small wp-image-4181\" src=\"https:\/\/www.braintumour.ca\/wp-content\/uploads\/2020\/03\/Screenshot_2020-03-03-Cliquez-ici-pour-soutenir-Coupe-FAV-1ere-\u00e9dition-par-Maude-Bergeron-640x635.png\" alt=\"\" width=\"640\" height=\"635\" srcset=\"https:\/\/www.braintumour.ca\/wp-content\/uploads\/2020\/03\/Screenshot_2020-03-03-Cliquez-ici-pour-soutenir-Coupe-FAV-1ere-\u00e9dition-par-Maude-Bergeron-640x635.png 640w, https:\/\/www.braintumour.ca\/wp-content\/uploads\/2020\/03\/Screenshot_2020-03-03-Cliquez-ici-pour-soutenir-Coupe-FAV-1ere-\u00e9dition-par-Maude-Bergeron-300x298.png 300w, https:\/\/www.braintumour.ca\/wp-content\/uploads\/2020\/03\/Screenshot_2020-03-03-Cliquez-ici-pour-soutenir-Coupe-FAV-1ere-\u00e9dition-par-Maude-Bergeron-150x150.png 150w, https:\/\/www.braintumour.ca\/wp-content\/uploads\/2020\/03\/Screenshot_2020-03-03-Cliquez-ici-pour-soutenir-Coupe-FAV-1ere-\u00e9dition-par-Maude-Bergeron-768x762.png 768w, https:\/\/www.braintumour.ca\/wp-content\/uploads\/2020\/03\/Screenshot_2020-03-03-Cliquez-ici-pour-soutenir-Coupe-FAV-1ere-\u00e9dition-par-Maude-Bergeron.png 891w\" sizes=\"auto, (max-width: 639px) 98vw, (max-width: 1199px) 64vw, 640px\" \/><\/a><\/p>\n<p>&nbsp;<\/p>\n","protected":false},"excerpt":{"rendered":"<p>Le 26 septembre dernier, le destin a fait en sorte que notre vie ne serait plus jamais la m\u00eame.<\/p>\n","protected":false},"author":6,"featured_media":4178,"comment_status":"closed","ping_status":"closed","sticky":false,"template":"","format":"standard","meta":{"_acf_changed":false,"footnotes":""},"categories":[148,164,175],"tags":[217,234,235],"user_type":[],"locations":[],"class_list":["post-4177","post","type-post","status-publish","format-standard","has-post-thumbnail","hentry","category-temoignages","category-pediatrique","category-levees-de-fonds","tag-fondation-canadienne-des-tumeurs-cerebrales","tag-glioblastome","tag-tumeur-cerebrale-pediatrique"],"acf":[],"yoast_head":"<!-- This site is optimized with the Yoast SEO Premium plugin v27.0 (Yoast SEO v27.0) - https:\/\/yoast.com\/product\/yoast-seo-premium-wordpress\/ -->\n<title>\u00c0 la m\u00e9moire de F\u00e9lix-Antoine - Fondation canadienne des tumeurs c\u00e9r\u00e9brales<\/title>\n<meta name=\"description\" content=\"Le 26 septembre dernier, le destin a fait en sorte que notre vie ne serait plus jamais la m\u00eame. Nous avons appris que notre petit coco, F\u00e9lix-Antoine, 4 ans, \u00e9tait atteint d&#039;une tumeur c\u00e9r\u00e9brale tr\u00e8s agressive, un glioblastome.\" \/>\n<meta name=\"robots\" content=\"index, follow, max-snippet:-1, max-image-preview:large, max-video-preview:-1\" \/>\n<link rel=\"canonical\" href=\"https:\/\/www.braintumour.ca\/fr\/temoignages\/a-la-memoire-de-felix-antoine\/\" \/>\n<meta property=\"og:locale\" content=\"fr_CA\" \/>\n<meta property=\"og:type\" content=\"article\" \/>\n<meta property=\"og:title\" content=\"\u00c0 la m\u00e9moire de F\u00e9lix-Antoine\" \/>\n<meta property=\"og:description\" content=\"Le 26 septembre dernier, le destin a fait en sorte que notre vie ne serait plus jamais la m\u00eame. Nous avons appris que notre petit coco, F\u00e9lix-Antoine, 4 ans, \u00e9tait atteint d&#039;une tumeur c\u00e9r\u00e9brale tr\u00e8s agressive, un glioblastome.\" \/>\n<meta property=\"og:url\" content=\"https:\/\/www.braintumour.ca\/fr\/temoignages\/a-la-memoire-de-felix-antoine\/\" \/>\n<meta property=\"og:site_name\" content=\"Fondation canadienne des tumeurs c\u00e9r\u00e9brales\" \/>\n<meta property=\"article:published_time\" content=\"2020-03-04T03:11:15+00:00\" \/>\n<meta property=\"article:modified_time\" content=\"2020-03-09T19:57:16+00:00\" \/>\n<meta property=\"og:image\" content=\"https:\/\/www.braintumour.ca\/wp-content\/uploads\/2020\/03\/FELIX-ANTOINE.jpg\" \/>\n\t<meta property=\"og:image:width\" content=\"670\" \/>\n\t<meta property=\"og:image:height\" content=\"386\" \/>\n\t<meta property=\"og:image:type\" content=\"image\/jpeg\" \/>\n<meta name=\"author\" content=\"Romina Ferro\" \/>\n<meta name=\"twitter:card\" content=\"summary_large_image\" \/>\n<meta name=\"twitter:label1\" content=\"\u00c9crit par\" \/>\n\t<meta name=\"twitter:data1\" content=\"Romina Ferro\" \/>\n\t<meta name=\"twitter:label2\" content=\"Estimation du temps de lecture\" \/>\n\t<meta name=\"twitter:data2\" content=\"1 minute\" \/>\n<script type=\"application\/ld+json\" class=\"yoast-schema-graph\">{\"@context\":\"https:\/\/schema.org\",\"@graph\":[{\"@type\":\"Article\",\"@id\":\"https:\/\/www.braintumour.ca\/fr\/temoignages\/a-la-memoire-de-felix-antoine\/#article\",\"isPartOf\":{\"@id\":\"https:\/\/www.braintumour.ca\/fr\/temoignages\/a-la-memoire-de-felix-antoine\/\"},\"author\":{\"name\":\"Romina Ferro\",\"@id\":\"https:\/\/www.braintumour.ca\/fr\/#\/schema\/person\/10eabcb138f6aaa06827819a83da46bd\"},\"headline\":\"\u00c0 la m\u00e9moire de F\u00e9lix-Antoine\",\"datePublished\":\"2020-03-04T03:11:15+00:00\",\"dateModified\":\"2020-03-09T19:57:16+00:00\",\"mainEntityOfPage\":{\"@id\":\"https:\/\/www.braintumour.ca\/fr\/temoignages\/a-la-memoire-de-felix-antoine\/\"},\"wordCount\":247,\"image\":{\"@id\":\"https:\/\/www.braintumour.ca\/fr\/temoignages\/a-la-memoire-de-felix-antoine\/#primaryimage\"},\"thumbnailUrl\":\"https:\/\/www.braintumour.ca\/wp-content\/uploads\/2020\/03\/FELIX-ANTOINE.jpg\",\"keywords\":[\"Fondation canadienne des tumeurs c\u00e9r\u00e9brales\",\"glioblastome\",\"tumeur c\u00e9r\u00e9brale p\u00e9diatrique\"],\"articleSection\":[\"T\u00e9moignages\",\"P\u00e9diatrique\",\"Lev\u00e9es de fonds\"],\"inLanguage\":\"fr-CA\"},{\"@type\":\"WebPage\",\"@id\":\"https:\/\/www.braintumour.ca\/fr\/temoignages\/a-la-memoire-de-felix-antoine\/\",\"url\":\"https:\/\/www.braintumour.ca\/fr\/temoignages\/a-la-memoire-de-felix-antoine\/\",\"name\":\"\u00c0 la m\u00e9moire de F\u00e9lix-Antoine - Fondation canadienne des tumeurs c\u00e9r\u00e9brales\",\"isPartOf\":{\"@id\":\"https:\/\/www.braintumour.ca\/fr\/#website\"},\"primaryImageOfPage\":{\"@id\":\"https:\/\/www.braintumour.ca\/fr\/temoignages\/a-la-memoire-de-felix-antoine\/#primaryimage\"},\"image\":{\"@id\":\"https:\/\/www.braintumour.ca\/fr\/temoignages\/a-la-memoire-de-felix-antoine\/#primaryimage\"},\"thumbnailUrl\":\"https:\/\/www.braintumour.ca\/wp-content\/uploads\/2020\/03\/FELIX-ANTOINE.jpg\",\"datePublished\":\"2020-03-04T03:11:15+00:00\",\"dateModified\":\"2020-03-09T19:57:16+00:00\",\"author\":{\"@id\":\"https:\/\/www.braintumour.ca\/fr\/#\/schema\/person\/10eabcb138f6aaa06827819a83da46bd\"},\"description\":\"Le 26 septembre dernier, le destin a fait en sorte que notre vie ne serait plus jamais la m\u00eame. Nous avons appris que notre petit coco, F\u00e9lix-Antoine, 4 ans, \u00e9tait atteint d'une tumeur c\u00e9r\u00e9brale tr\u00e8s agressive, un glioblastome.\",\"breadcrumb\":{\"@id\":\"https:\/\/www.braintumour.ca\/fr\/temoignages\/a-la-memoire-de-felix-antoine\/#breadcrumb\"},\"inLanguage\":\"fr-CA\",\"potentialAction\":[{\"@type\":\"ReadAction\",\"target\":[\"https:\/\/www.braintumour.ca\/fr\/temoignages\/a-la-memoire-de-felix-antoine\/\"]}]},{\"@type\":\"ImageObject\",\"inLanguage\":\"fr-CA\",\"@id\":\"https:\/\/www.braintumour.ca\/fr\/temoignages\/a-la-memoire-de-felix-antoine\/#primaryimage\",\"url\":\"https:\/\/www.braintumour.ca\/wp-content\/uploads\/2020\/03\/FELIX-ANTOINE.jpg\",\"contentUrl\":\"https:\/\/www.braintumour.ca\/wp-content\/uploads\/2020\/03\/FELIX-ANTOINE.jpg\",\"width\":670,\"height\":386},{\"@type\":\"BreadcrumbList\",\"@id\":\"https:\/\/www.braintumour.ca\/fr\/temoignages\/a-la-memoire-de-felix-antoine\/#breadcrumb\",\"itemListElement\":[{\"@type\":\"ListItem\",\"position\":1,\"name\":\"Home\",\"item\":\"https:\/\/www.braintumour.ca\/fr\/\"},{\"@type\":\"ListItem\",\"position\":2,\"name\":\"\u00c0 la m\u00e9moire de F\u00e9lix-Antoine\"}]},{\"@type\":\"WebSite\",\"@id\":\"https:\/\/www.braintumour.ca\/fr\/#website\",\"url\":\"https:\/\/www.braintumour.ca\/fr\/\",\"name\":\"Fondation canadienne des tumeurs c\u00e9r\u00e9brales\",\"description\":\"Notre mission est de venir en aide \u00e0 toutes les personnes touch\u00e9es par une tumeur c\u00e9r\u00e9brale au Canada par le biais de nos programmes d\u2019information, de soutien, d\u2019\u00e9ducation et de recherche.\",\"potentialAction\":[{\"@type\":\"SearchAction\",\"target\":{\"@type\":\"EntryPoint\",\"urlTemplate\":\"https:\/\/www.braintumour.ca\/fr\/?s={search_term_string}\"},\"query-input\":{\"@type\":\"PropertyValueSpecification\",\"valueRequired\":true,\"valueName\":\"search_term_string\"}}],\"inLanguage\":\"fr-CA\"},{\"@type\":\"Person\",\"@id\":\"https:\/\/www.braintumour.ca\/fr\/#\/schema\/person\/10eabcb138f6aaa06827819a83da46bd\",\"name\":\"Romina Ferro\",\"image\":{\"@type\":\"ImageObject\",\"inLanguage\":\"fr-CA\",\"@id\":\"https:\/\/www.braintumour.ca\/fr\/#\/schema\/person\/image\/\",\"url\":\"https:\/\/secure.gravatar.com\/avatar\/6d65880e08e70ff0466fe68772e56b61c75b5615974a3a17ec562bad6e31f7b5?s=96&d=mm&r=g\",\"contentUrl\":\"https:\/\/secure.gravatar.com\/avatar\/6d65880e08e70ff0466fe68772e56b61c75b5615974a3a17ec562bad6e31f7b5?s=96&d=mm&r=g\",\"caption\":\"Romina Ferro\"}}]}<\/script>\n<!-- \/ Yoast SEO Premium plugin. -->","yoast_head_json":{"title":"\u00c0 la m\u00e9moire de F\u00e9lix-Antoine - Fondation canadienne des tumeurs c\u00e9r\u00e9brales","description":"Le 26 septembre dernier, le destin a fait en sorte que notre vie ne serait plus jamais la m\u00eame. Nous avons appris que notre petit coco, F\u00e9lix-Antoine, 4 ans, \u00e9tait atteint d'une tumeur c\u00e9r\u00e9brale tr\u00e8s agressive, un glioblastome.","robots":{"index":"index","follow":"follow","max-snippet":"max-snippet:-1","max-image-preview":"max-image-preview:large","max-video-preview":"max-video-preview:-1"},"canonical":"https:\/\/www.braintumour.ca\/fr\/temoignages\/a-la-memoire-de-felix-antoine\/","og_locale":"fr_CA","og_type":"article","og_title":"\u00c0 la m\u00e9moire de F\u00e9lix-Antoine","og_description":"Le 26 septembre dernier, le destin a fait en sorte que notre vie ne serait plus jamais la m\u00eame. Nous avons appris que notre petit coco, F\u00e9lix-Antoine, 4 ans, \u00e9tait atteint d'une tumeur c\u00e9r\u00e9brale tr\u00e8s agressive, un glioblastome.","og_url":"https:\/\/www.braintumour.ca\/fr\/temoignages\/a-la-memoire-de-felix-antoine\/","og_site_name":"Fondation canadienne des tumeurs c\u00e9r\u00e9brales","article_published_time":"2020-03-04T03:11:15+00:00","article_modified_time":"2020-03-09T19:57:16+00:00","og_image":[{"width":670,"height":386,"url":"https:\/\/www.braintumour.ca\/wp-content\/uploads\/2020\/03\/FELIX-ANTOINE.jpg","type":"image\/jpeg"}],"author":"Romina Ferro","twitter_card":"summary_large_image","twitter_misc":{"\u00c9crit par":"Romina Ferro","Estimation du temps de lecture":"1 minute"},"schema":{"@context":"https:\/\/schema.org","@graph":[{"@type":"Article","@id":"https:\/\/www.braintumour.ca\/fr\/temoignages\/a-la-memoire-de-felix-antoine\/#article","isPartOf":{"@id":"https:\/\/www.braintumour.ca\/fr\/temoignages\/a-la-memoire-de-felix-antoine\/"},"author":{"name":"Romina Ferro","@id":"https:\/\/www.braintumour.ca\/fr\/#\/schema\/person\/10eabcb138f6aaa06827819a83da46bd"},"headline":"\u00c0 la m\u00e9moire de F\u00e9lix-Antoine","datePublished":"2020-03-04T03:11:15+00:00","dateModified":"2020-03-09T19:57:16+00:00","mainEntityOfPage":{"@id":"https:\/\/www.braintumour.ca\/fr\/temoignages\/a-la-memoire-de-felix-antoine\/"},"wordCount":247,"image":{"@id":"https:\/\/www.braintumour.ca\/fr\/temoignages\/a-la-memoire-de-felix-antoine\/#primaryimage"},"thumbnailUrl":"https:\/\/www.braintumour.ca\/wp-content\/uploads\/2020\/03\/FELIX-ANTOINE.jpg","keywords":["Fondation canadienne des tumeurs c\u00e9r\u00e9brales","glioblastome","tumeur c\u00e9r\u00e9brale p\u00e9diatrique"],"articleSection":["T\u00e9moignages","P\u00e9diatrique","Lev\u00e9es de fonds"],"inLanguage":"fr-CA"},{"@type":"WebPage","@id":"https:\/\/www.braintumour.ca\/fr\/temoignages\/a-la-memoire-de-felix-antoine\/","url":"https:\/\/www.braintumour.ca\/fr\/temoignages\/a-la-memoire-de-felix-antoine\/","name":"\u00c0 la m\u00e9moire de F\u00e9lix-Antoine - Fondation canadienne des tumeurs c\u00e9r\u00e9brales","isPartOf":{"@id":"https:\/\/www.braintumour.ca\/fr\/#website"},"primaryImageOfPage":{"@id":"https:\/\/www.braintumour.ca\/fr\/temoignages\/a-la-memoire-de-felix-antoine\/#primaryimage"},"image":{"@id":"https:\/\/www.braintumour.ca\/fr\/temoignages\/a-la-memoire-de-felix-antoine\/#primaryimage"},"thumbnailUrl":"https:\/\/www.braintumour.ca\/wp-content\/uploads\/2020\/03\/FELIX-ANTOINE.jpg","datePublished":"2020-03-04T03:11:15+00:00","dateModified":"2020-03-09T19:57:16+00:00","author":{"@id":"https:\/\/www.braintumour.ca\/fr\/#\/schema\/person\/10eabcb138f6aaa06827819a83da46bd"},"description":"Le 26 septembre dernier, le destin a fait en sorte que notre vie ne serait plus jamais la m\u00eame. Nous avons appris que notre petit coco, F\u00e9lix-Antoine, 4 ans, \u00e9tait atteint d'une tumeur c\u00e9r\u00e9brale tr\u00e8s agressive, un glioblastome.","breadcrumb":{"@id":"https:\/\/www.braintumour.ca\/fr\/temoignages\/a-la-memoire-de-felix-antoine\/#breadcrumb"},"inLanguage":"fr-CA","potentialAction":[{"@type":"ReadAction","target":["https:\/\/www.braintumour.ca\/fr\/temoignages\/a-la-memoire-de-felix-antoine\/"]}]},{"@type":"ImageObject","inLanguage":"fr-CA","@id":"https:\/\/www.braintumour.ca\/fr\/temoignages\/a-la-memoire-de-felix-antoine\/#primaryimage","url":"https:\/\/www.braintumour.ca\/wp-content\/uploads\/2020\/03\/FELIX-ANTOINE.jpg","contentUrl":"https:\/\/www.braintumour.ca\/wp-content\/uploads\/2020\/03\/FELIX-ANTOINE.jpg","width":670,"height":386},{"@type":"BreadcrumbList","@id":"https:\/\/www.braintumour.ca\/fr\/temoignages\/a-la-memoire-de-felix-antoine\/#breadcrumb","itemListElement":[{"@type":"ListItem","position":1,"name":"Home","item":"https:\/\/www.braintumour.ca\/fr\/"},{"@type":"ListItem","position":2,"name":"\u00c0 la m\u00e9moire de F\u00e9lix-Antoine"}]},{"@type":"WebSite","@id":"https:\/\/www.braintumour.ca\/fr\/#website","url":"https:\/\/www.braintumour.ca\/fr\/","name":"Fondation canadienne des tumeurs c\u00e9r\u00e9brales","description":"Notre mission est de venir en aide \u00e0 toutes les personnes touch\u00e9es par une tumeur c\u00e9r\u00e9brale au Canada par le biais de nos programmes d\u2019information, de soutien, d\u2019\u00e9ducation et de recherche.","potentialAction":[{"@type":"SearchAction","target":{"@type":"EntryPoint","urlTemplate":"https:\/\/www.braintumour.ca\/fr\/?s={search_term_string}"},"query-input":{"@type":"PropertyValueSpecification","valueRequired":true,"valueName":"search_term_string"}}],"inLanguage":"fr-CA"},{"@type":"Person","@id":"https:\/\/www.braintumour.ca\/fr\/#\/schema\/person\/10eabcb138f6aaa06827819a83da46bd","name":"Romina Ferro","image":{"@type":"ImageObject","inLanguage":"fr-CA","@id":"https:\/\/www.braintumour.ca\/fr\/#\/schema\/person\/image\/","url":"https:\/\/secure.gravatar.com\/avatar\/6d65880e08e70ff0466fe68772e56b61c75b5615974a3a17ec562bad6e31f7b5?s=96&d=mm&r=g","contentUrl":"https:\/\/secure.gravatar.com\/avatar\/6d65880e08e70ff0466fe68772e56b61c75b5615974a3a17ec562bad6e31f7b5?s=96&d=mm&r=g","caption":"Romina Ferro"}}]}},"_links":{"self":[{"href":"https:\/\/www.braintumour.ca\/fr\/wp-json\/wp\/v2\/posts\/4177","targetHints":{"allow":["GET"]}}],"collection":[{"href":"https:\/\/www.braintumour.ca\/fr\/wp-json\/wp\/v2\/posts"}],"about":[{"href":"https:\/\/www.braintumour.ca\/fr\/wp-json\/wp\/v2\/types\/post"}],"author":[{"embeddable":true,"href":"https:\/\/www.braintumour.ca\/fr\/wp-json\/wp\/v2\/users\/6"}],"replies":[{"embeddable":true,"href":"https:\/\/www.braintumour.ca\/fr\/wp-json\/wp\/v2\/comments?post=4177"}],"version-history":[{"count":0,"href":"https:\/\/www.braintumour.ca\/fr\/wp-json\/wp\/v2\/posts\/4177\/revisions"}],"wp:featuredmedia":[{"embeddable":true,"href":"https:\/\/www.braintumour.ca\/fr\/wp-json\/wp\/v2\/media\/4178"}],"wp:attachment":[{"href":"https:\/\/www.braintumour.ca\/fr\/wp-json\/wp\/v2\/media?parent=4177"}],"wp:term":[{"taxonomy":"category","embeddable":true,"href":"https:\/\/www.braintumour.ca\/fr\/wp-json\/wp\/v2\/categories?post=4177"},{"taxonomy":"post_tag","embeddable":true,"href":"https:\/\/www.braintumour.ca\/fr\/wp-json\/wp\/v2\/tags?post=4177"},{"taxonomy":"user_type","embeddable":true,"href":"https:\/\/www.braintumour.ca\/fr\/wp-json\/wp\/v2\/user_type?post=4177"},{"taxonomy":"locations","embeddable":true,"href":"https:\/\/www.braintumour.ca\/fr\/wp-json\/wp\/v2\/locations?post=4177"}],"curies":[{"name":"wp","href":"https:\/\/api.w.org\/{rel}","templated":true}]}}