{"id":4497,"date":"2020-04-17T16:42:08","date_gmt":"2020-04-17T20:42:08","guid":{"rendered":"https:\/\/www.braintumour.ca\/non-classifiee\/janets-volunteer-profile\/"},"modified":"2020-11-17T10:56:47","modified_gmt":"2020-11-17T15:56:47","slug":"le-profil-de-benevole-de-janet-hempler","status":"publish","type":"post","link":"https:\/\/www.braintumour.ca\/fr\/temoignages\/le-profil-de-benevole-de-janet-hempler\/","title":{"rendered":"Le profil de b\u00e9n\u00e9vole de Janet Hempler"},"content":{"rendered":"<p>Janet Hempler est une autre survivante devenue b\u00e9n\u00e9vole avec laquelle nous avons l&rsquo;honneur de travailler dans le cadre de notre programme de la Marche des tumeurs c\u00e9r\u00e9brales. Voici ses r\u00e9flexions sur ce que signifie pour elle d&rsquo;\u00eatre b\u00e9n\u00e9vole aupr\u00e8s de la Fondation canadienne des tumeurs c\u00e9r\u00e9brales.<\/p>\n<p>\u00abJ&rsquo;ai re\u00e7u un diagnostic de tumeur c\u00e9r\u00e9brale en juillet 2014. Trois mois plus tard, j&rsquo;ai subi une intervention chirurgicale, des traitements de chimio et de la radioth\u00e9rapie. C&rsquo;est \u00e0 cette \u00e9poque que j&rsquo;ai d\u00e9couvert la Fondation canadienne des tumeurs c\u00e9r\u00e9brales et que j&rsquo;ai commenc\u00e9 \u00e0 participer au groupe de soutien pour adultes.<\/p>\n<p>L&rsquo;animatrice du groupe de soutien de l&rsquo;\u00e9poque faisait partie du comit\u00e9 de planification de la Marche des tumeurs c\u00e9r\u00e9brales d&rsquo;Edmonton. Elle m&rsquo;a demand\u00e9 de faire un t\u00e9moignage lors de la marche de 2015. J&rsquo;\u00e9tais tr\u00e8s contente d&rsquo;\u00eatre impliqu\u00e9e. La Fondation canadienne des tumeurs c\u00e9r\u00e9brales avait d\u00e9j\u00e0 tant fait pour moi, cela me faisait du bien de redonner.<\/p>\n<p>Peu de temps apr\u00e8s, le comit\u00e9 m&rsquo;a approch\u00e9 pour m&rsquo;impliquer davantage et m&rsquo;a invit\u00e9 \u00e0 mon premier week-end de formation des b\u00e9n\u00e9voles offert par la Fondation \u00e0 Toronto. Apr\u00e8s ce week-end \u00e0 Toronto, j&rsquo;\u00e9tais accro! Toutes les personnes que j&rsquo;ai rencontr\u00e9es, le personnel et les autres b\u00e9n\u00e9voles sont rapidement devenus comme une famille. \u00c0 la fin de ce week-end, j&rsquo;\u00e9tais remplie d&rsquo;\u00e9nergie et pr\u00eate \u00e0 d\u00e9buter mon r\u00f4le de coordonatrice de la Marche des tumeurs c\u00e9r\u00e9brales. J&rsquo;ai relev\u00e9 le d\u00e9fi de coordonner l&rsquo;\u00e9v\u00e9nement d&rsquo;Edmonton.<\/p>\n<p>Mon parcours avec une tumeur c\u00e9r\u00e9brale m&rsquo;avait beaucoup affect\u00e9e. Mon exp\u00e9rience de b\u00e9n\u00e9volat a \u00e9t\u00e9 une gu\u00e9rison pour moi. Cela m&rsquo;a donn\u00e9 un but, un objectif. Je dirais \u00e0 quiconque envisage de devenir b\u00e9n\u00e9vole&#8230; FAITES-LE! Commencez par vous impliquer un peu, si vous \u00eates moins \u00e0 l&rsquo;aise, puis avec le temps, vous pourrez vous impliquer de plus en plus si vous \u00eates motiv\u00e9. Nous avons tous des talents particuliers que nous pouvons partager.<\/p>\n<p>J&rsquo;ai re\u00e7u beaucoup plus de mon b\u00e9n\u00e9volat que ce que j&rsquo;ai pu donner. Mes sinc\u00e8res remerciements. \u00bb<\/p>\n","protected":false},"excerpt":{"rendered":"<p>Janet Hempler est une autre survivante devenue b\u00e9n\u00e9vole avec laquelle nous avons l&rsquo;honneur de travailler dans le cadre de notre programme de la Marche des tumeurs c\u00e9r\u00e9brales.<\/p>\n","protected":false},"author":4,"featured_media":4499,"comment_status":"closed","ping_status":"closed","sticky":false,"template":"","format":"standard","meta":{"_acf_changed":false,"footnotes":""},"categories":[148,178,389],"tags":[],"user_type":[133,137],"locations":[],"class_list":["post-4497","post","type-post","status-publish","format-standard","has-post-thumbnail","hentry","category-temoignages","category-communaute","category-benevoles","user_type-patient-fr","user_type-benevole"],"acf":[],"yoast_head":"<!-- This site is optimized with the Yoast SEO Premium plugin v27.0 (Yoast SEO v27.0) - https:\/\/yoast.com\/product\/yoast-seo-premium-wordpress\/ -->\n<title>Le profil de b\u00e9n\u00e9vole de Janet Hempler - Fondation canadienne des tumeurs c\u00e9r\u00e9brales<\/title>\n<meta name=\"description\" content=\"Janet Hempler est une autre survivante devenue b\u00e9n\u00e9vole avec laquelle nous avons l&#039;honneur de travailler dans le cadre de notre programme de la Marche des tumeurs c\u00e9r\u00e9brales.\" \/>\n<meta name=\"robots\" content=\"index, follow, max-snippet:-1, max-image-preview:large, max-video-preview:-1\" \/>\n<link rel=\"canonical\" href=\"https:\/\/www.braintumour.ca\/fr\/temoignages\/le-profil-de-benevole-de-janet-hempler\/\" \/>\n<meta property=\"og:locale\" content=\"fr_CA\" \/>\n<meta property=\"og:type\" content=\"article\" \/>\n<meta property=\"og:title\" content=\"Le profil de b\u00e9n\u00e9vole de Janet Hempler\" \/>\n<meta property=\"og:description\" content=\"Janet Hempler est une autre survivante devenue b\u00e9n\u00e9vole avec laquelle nous avons l&#039;honneur de travailler dans le cadre de notre programme de la Marche des tumeurs c\u00e9r\u00e9brales.\" \/>\n<meta property=\"og:url\" content=\"https:\/\/www.braintumour.ca\/fr\/temoignages\/le-profil-de-benevole-de-janet-hempler\/\" \/>\n<meta property=\"og:site_name\" content=\"Fondation canadienne des tumeurs c\u00e9r\u00e9brales\" \/>\n<meta property=\"article:published_time\" content=\"2020-04-17T20:42:08+00:00\" \/>\n<meta property=\"article:modified_time\" content=\"2020-11-17T15:56:47+00:00\" \/>\n<meta property=\"og:image\" content=\"https:\/\/www.braintumour.ca\/wp-content\/uploads\/2020\/04\/Volunteer-Week-Profile-2020-Janet-FR-1.jpg\" \/>\n\t<meta property=\"og:image:width\" content=\"1536\" \/>\n\t<meta property=\"og:image:height\" content=\"1536\" \/>\n\t<meta property=\"og:image:type\" content=\"image\/jpeg\" \/>\n<meta name=\"author\" content=\"Matt Berry\" \/>\n<meta name=\"twitter:card\" content=\"summary_large_image\" \/>\n<meta name=\"twitter:label1\" content=\"\u00c9crit par\" \/>\n\t<meta name=\"twitter:data1\" content=\"Matt Berry\" \/>\n\t<meta name=\"twitter:label2\" content=\"Estimation du temps de lecture\" \/>\n\t<meta name=\"twitter:data2\" content=\"2 minutes\" \/>\n<script type=\"application\/ld+json\" class=\"yoast-schema-graph\">{\"@context\":\"https:\/\/schema.org\",\"@graph\":[{\"@type\":\"Article\",\"@id\":\"https:\/\/www.braintumour.ca\/fr\/temoignages\/le-profil-de-benevole-de-janet-hempler\/#article\",\"isPartOf\":{\"@id\":\"https:\/\/www.braintumour.ca\/fr\/temoignages\/le-profil-de-benevole-de-janet-hempler\/\"},\"author\":{\"name\":\"Matt Berry\",\"@id\":\"https:\/\/www.braintumour.ca\/fr\/#\/schema\/person\/7534b1b1d4da5d8e37af436b293eca3d\"},\"headline\":\"Le profil de b\u00e9n\u00e9vole de Janet Hempler\",\"datePublished\":\"2020-04-17T20:42:08+00:00\",\"dateModified\":\"2020-11-17T15:56:47+00:00\",\"mainEntityOfPage\":{\"@id\":\"https:\/\/www.braintumour.ca\/fr\/temoignages\/le-profil-de-benevole-de-janet-hempler\/\"},\"wordCount\":406,\"image\":{\"@id\":\"https:\/\/www.braintumour.ca\/fr\/temoignages\/le-profil-de-benevole-de-janet-hempler\/#primaryimage\"},\"thumbnailUrl\":\"https:\/\/www.braintumour.ca\/wp-content\/uploads\/2020\/04\/Volunteer-Week-Profile-2020-Janet-FR-1.jpg\",\"articleSection\":[\"T\u00e9moignages\",\"Communaut\u00e9\",\"B\u00e9n\u00e9voles\"],\"inLanguage\":\"fr-CA\"},{\"@type\":\"WebPage\",\"@id\":\"https:\/\/www.braintumour.ca\/fr\/temoignages\/le-profil-de-benevole-de-janet-hempler\/\",\"url\":\"https:\/\/www.braintumour.ca\/fr\/temoignages\/le-profil-de-benevole-de-janet-hempler\/\",\"name\":\"Le profil de b\u00e9n\u00e9vole de Janet Hempler - Fondation canadienne des tumeurs c\u00e9r\u00e9brales\",\"isPartOf\":{\"@id\":\"https:\/\/www.braintumour.ca\/fr\/#website\"},\"primaryImageOfPage\":{\"@id\":\"https:\/\/www.braintumour.ca\/fr\/temoignages\/le-profil-de-benevole-de-janet-hempler\/#primaryimage\"},\"image\":{\"@id\":\"https:\/\/www.braintumour.ca\/fr\/temoignages\/le-profil-de-benevole-de-janet-hempler\/#primaryimage\"},\"thumbnailUrl\":\"https:\/\/www.braintumour.ca\/wp-content\/uploads\/2020\/04\/Volunteer-Week-Profile-2020-Janet-FR-1.jpg\",\"datePublished\":\"2020-04-17T20:42:08+00:00\",\"dateModified\":\"2020-11-17T15:56:47+00:00\",\"author\":{\"@id\":\"https:\/\/www.braintumour.ca\/fr\/#\/schema\/person\/7534b1b1d4da5d8e37af436b293eca3d\"},\"description\":\"Janet Hempler est une autre survivante devenue b\u00e9n\u00e9vole avec laquelle nous avons l'honneur de travailler dans le cadre de notre programme de la Marche des tumeurs c\u00e9r\u00e9brales.\",\"breadcrumb\":{\"@id\":\"https:\/\/www.braintumour.ca\/fr\/temoignages\/le-profil-de-benevole-de-janet-hempler\/#breadcrumb\"},\"inLanguage\":\"fr-CA\",\"potentialAction\":[{\"@type\":\"ReadAction\",\"target\":[\"https:\/\/www.braintumour.ca\/fr\/temoignages\/le-profil-de-benevole-de-janet-hempler\/\"]}]},{\"@type\":\"ImageObject\",\"inLanguage\":\"fr-CA\",\"@id\":\"https:\/\/www.braintumour.ca\/fr\/temoignages\/le-profil-de-benevole-de-janet-hempler\/#primaryimage\",\"url\":\"https:\/\/www.braintumour.ca\/wp-content\/uploads\/2020\/04\/Volunteer-Week-Profile-2020-Janet-FR-1.jpg\",\"contentUrl\":\"https:\/\/www.braintumour.ca\/wp-content\/uploads\/2020\/04\/Volunteer-Week-Profile-2020-Janet-FR-1.jpg\",\"width\":1536,\"height\":1536},{\"@type\":\"BreadcrumbList\",\"@id\":\"https:\/\/www.braintumour.ca\/fr\/temoignages\/le-profil-de-benevole-de-janet-hempler\/#breadcrumb\",\"itemListElement\":[{\"@type\":\"ListItem\",\"position\":1,\"name\":\"Home\",\"item\":\"https:\/\/www.braintumour.ca\/fr\/\"},{\"@type\":\"ListItem\",\"position\":2,\"name\":\"Le profil de b\u00e9n\u00e9vole de Janet Hempler\"}]},{\"@type\":\"WebSite\",\"@id\":\"https:\/\/www.braintumour.ca\/fr\/#website\",\"url\":\"https:\/\/www.braintumour.ca\/fr\/\",\"name\":\"Fondation canadienne des tumeurs c\u00e9r\u00e9brales\",\"description\":\"Notre mission est de venir en aide \u00e0 toutes les personnes touch\u00e9es par une tumeur c\u00e9r\u00e9brale au Canada par le biais de nos programmes d\u2019information, de soutien, d\u2019\u00e9ducation et de recherche.\",\"potentialAction\":[{\"@type\":\"SearchAction\",\"target\":{\"@type\":\"EntryPoint\",\"urlTemplate\":\"https:\/\/www.braintumour.ca\/fr\/?s={search_term_string}\"},\"query-input\":{\"@type\":\"PropertyValueSpecification\",\"valueRequired\":true,\"valueName\":\"search_term_string\"}}],\"inLanguage\":\"fr-CA\"},{\"@type\":\"Person\",\"@id\":\"https:\/\/www.braintumour.ca\/fr\/#\/schema\/person\/7534b1b1d4da5d8e37af436b293eca3d\",\"name\":\"Matt Berry\",\"image\":{\"@type\":\"ImageObject\",\"inLanguage\":\"fr-CA\",\"@id\":\"https:\/\/www.braintumour.ca\/fr\/#\/schema\/person\/image\/\",\"url\":\"https:\/\/secure.gravatar.com\/avatar\/882da3b67056b0c608086d3c77de46948b64244a4c249e81e0bf04a8095ce320?s=96&d=mm&r=g\",\"contentUrl\":\"https:\/\/secure.gravatar.com\/avatar\/882da3b67056b0c608086d3c77de46948b64244a4c249e81e0bf04a8095ce320?s=96&d=mm&r=g\",\"caption\":\"Matt Berry\"}}]}<\/script>\n<!-- \/ Yoast SEO Premium plugin. -->","yoast_head_json":{"title":"Le profil de b\u00e9n\u00e9vole de Janet Hempler - Fondation canadienne des tumeurs c\u00e9r\u00e9brales","description":"Janet Hempler est une autre survivante devenue b\u00e9n\u00e9vole avec laquelle nous avons l'honneur de travailler dans le cadre de notre programme de la Marche des tumeurs c\u00e9r\u00e9brales.","robots":{"index":"index","follow":"follow","max-snippet":"max-snippet:-1","max-image-preview":"max-image-preview:large","max-video-preview":"max-video-preview:-1"},"canonical":"https:\/\/www.braintumour.ca\/fr\/temoignages\/le-profil-de-benevole-de-janet-hempler\/","og_locale":"fr_CA","og_type":"article","og_title":"Le profil de b\u00e9n\u00e9vole de Janet Hempler","og_description":"Janet Hempler est une autre survivante devenue b\u00e9n\u00e9vole avec laquelle nous avons l'honneur de travailler dans le cadre de notre programme de la Marche des tumeurs c\u00e9r\u00e9brales.","og_url":"https:\/\/www.braintumour.ca\/fr\/temoignages\/le-profil-de-benevole-de-janet-hempler\/","og_site_name":"Fondation canadienne des tumeurs c\u00e9r\u00e9brales","article_published_time":"2020-04-17T20:42:08+00:00","article_modified_time":"2020-11-17T15:56:47+00:00","og_image":[{"width":1536,"height":1536,"url":"https:\/\/www.braintumour.ca\/wp-content\/uploads\/2020\/04\/Volunteer-Week-Profile-2020-Janet-FR-1.jpg","type":"image\/jpeg"}],"author":"Matt Berry","twitter_card":"summary_large_image","twitter_misc":{"\u00c9crit par":"Matt Berry","Estimation du temps de lecture":"2 minutes"},"schema":{"@context":"https:\/\/schema.org","@graph":[{"@type":"Article","@id":"https:\/\/www.braintumour.ca\/fr\/temoignages\/le-profil-de-benevole-de-janet-hempler\/#article","isPartOf":{"@id":"https:\/\/www.braintumour.ca\/fr\/temoignages\/le-profil-de-benevole-de-janet-hempler\/"},"author":{"name":"Matt Berry","@id":"https:\/\/www.braintumour.ca\/fr\/#\/schema\/person\/7534b1b1d4da5d8e37af436b293eca3d"},"headline":"Le profil de b\u00e9n\u00e9vole de Janet Hempler","datePublished":"2020-04-17T20:42:08+00:00","dateModified":"2020-11-17T15:56:47+00:00","mainEntityOfPage":{"@id":"https:\/\/www.braintumour.ca\/fr\/temoignages\/le-profil-de-benevole-de-janet-hempler\/"},"wordCount":406,"image":{"@id":"https:\/\/www.braintumour.ca\/fr\/temoignages\/le-profil-de-benevole-de-janet-hempler\/#primaryimage"},"thumbnailUrl":"https:\/\/www.braintumour.ca\/wp-content\/uploads\/2020\/04\/Volunteer-Week-Profile-2020-Janet-FR-1.jpg","articleSection":["T\u00e9moignages","Communaut\u00e9","B\u00e9n\u00e9voles"],"inLanguage":"fr-CA"},{"@type":"WebPage","@id":"https:\/\/www.braintumour.ca\/fr\/temoignages\/le-profil-de-benevole-de-janet-hempler\/","url":"https:\/\/www.braintumour.ca\/fr\/temoignages\/le-profil-de-benevole-de-janet-hempler\/","name":"Le profil de b\u00e9n\u00e9vole de Janet Hempler - Fondation canadienne des tumeurs c\u00e9r\u00e9brales","isPartOf":{"@id":"https:\/\/www.braintumour.ca\/fr\/#website"},"primaryImageOfPage":{"@id":"https:\/\/www.braintumour.ca\/fr\/temoignages\/le-profil-de-benevole-de-janet-hempler\/#primaryimage"},"image":{"@id":"https:\/\/www.braintumour.ca\/fr\/temoignages\/le-profil-de-benevole-de-janet-hempler\/#primaryimage"},"thumbnailUrl":"https:\/\/www.braintumour.ca\/wp-content\/uploads\/2020\/04\/Volunteer-Week-Profile-2020-Janet-FR-1.jpg","datePublished":"2020-04-17T20:42:08+00:00","dateModified":"2020-11-17T15:56:47+00:00","author":{"@id":"https:\/\/www.braintumour.ca\/fr\/#\/schema\/person\/7534b1b1d4da5d8e37af436b293eca3d"},"description":"Janet Hempler est une autre survivante devenue b\u00e9n\u00e9vole avec laquelle nous avons l'honneur de travailler dans le cadre de notre programme de la Marche des tumeurs c\u00e9r\u00e9brales.","breadcrumb":{"@id":"https:\/\/www.braintumour.ca\/fr\/temoignages\/le-profil-de-benevole-de-janet-hempler\/#breadcrumb"},"inLanguage":"fr-CA","potentialAction":[{"@type":"ReadAction","target":["https:\/\/www.braintumour.ca\/fr\/temoignages\/le-profil-de-benevole-de-janet-hempler\/"]}]},{"@type":"ImageObject","inLanguage":"fr-CA","@id":"https:\/\/www.braintumour.ca\/fr\/temoignages\/le-profil-de-benevole-de-janet-hempler\/#primaryimage","url":"https:\/\/www.braintumour.ca\/wp-content\/uploads\/2020\/04\/Volunteer-Week-Profile-2020-Janet-FR-1.jpg","contentUrl":"https:\/\/www.braintumour.ca\/wp-content\/uploads\/2020\/04\/Volunteer-Week-Profile-2020-Janet-FR-1.jpg","width":1536,"height":1536},{"@type":"BreadcrumbList","@id":"https:\/\/www.braintumour.ca\/fr\/temoignages\/le-profil-de-benevole-de-janet-hempler\/#breadcrumb","itemListElement":[{"@type":"ListItem","position":1,"name":"Home","item":"https:\/\/www.braintumour.ca\/fr\/"},{"@type":"ListItem","position":2,"name":"Le profil de b\u00e9n\u00e9vole de Janet Hempler"}]},{"@type":"WebSite","@id":"https:\/\/www.braintumour.ca\/fr\/#website","url":"https:\/\/www.braintumour.ca\/fr\/","name":"Fondation canadienne des tumeurs c\u00e9r\u00e9brales","description":"Notre mission est de venir en aide \u00e0 toutes les personnes touch\u00e9es par une tumeur c\u00e9r\u00e9brale au Canada par le biais de nos programmes d\u2019information, de soutien, d\u2019\u00e9ducation et de recherche.","potentialAction":[{"@type":"SearchAction","target":{"@type":"EntryPoint","urlTemplate":"https:\/\/www.braintumour.ca\/fr\/?s={search_term_string}"},"query-input":{"@type":"PropertyValueSpecification","valueRequired":true,"valueName":"search_term_string"}}],"inLanguage":"fr-CA"},{"@type":"Person","@id":"https:\/\/www.braintumour.ca\/fr\/#\/schema\/person\/7534b1b1d4da5d8e37af436b293eca3d","name":"Matt Berry","image":{"@type":"ImageObject","inLanguage":"fr-CA","@id":"https:\/\/www.braintumour.ca\/fr\/#\/schema\/person\/image\/","url":"https:\/\/secure.gravatar.com\/avatar\/882da3b67056b0c608086d3c77de46948b64244a4c249e81e0bf04a8095ce320?s=96&d=mm&r=g","contentUrl":"https:\/\/secure.gravatar.com\/avatar\/882da3b67056b0c608086d3c77de46948b64244a4c249e81e0bf04a8095ce320?s=96&d=mm&r=g","caption":"Matt Berry"}}]}},"_links":{"self":[{"href":"https:\/\/www.braintumour.ca\/fr\/wp-json\/wp\/v2\/posts\/4497","targetHints":{"allow":["GET"]}}],"collection":[{"href":"https:\/\/www.braintumour.ca\/fr\/wp-json\/wp\/v2\/posts"}],"about":[{"href":"https:\/\/www.braintumour.ca\/fr\/wp-json\/wp\/v2\/types\/post"}],"author":[{"embeddable":true,"href":"https:\/\/www.braintumour.ca\/fr\/wp-json\/wp\/v2\/users\/4"}],"replies":[{"embeddable":true,"href":"https:\/\/www.braintumour.ca\/fr\/wp-json\/wp\/v2\/comments?post=4497"}],"version-history":[{"count":0,"href":"https:\/\/www.braintumour.ca\/fr\/wp-json\/wp\/v2\/posts\/4497\/revisions"}],"wp:featuredmedia":[{"embeddable":true,"href":"https:\/\/www.braintumour.ca\/fr\/wp-json\/wp\/v2\/media\/4499"}],"wp:attachment":[{"href":"https:\/\/www.braintumour.ca\/fr\/wp-json\/wp\/v2\/media?parent=4497"}],"wp:term":[{"taxonomy":"category","embeddable":true,"href":"https:\/\/www.braintumour.ca\/fr\/wp-json\/wp\/v2\/categories?post=4497"},{"taxonomy":"post_tag","embeddable":true,"href":"https:\/\/www.braintumour.ca\/fr\/wp-json\/wp\/v2\/tags?post=4497"},{"taxonomy":"user_type","embeddable":true,"href":"https:\/\/www.braintumour.ca\/fr\/wp-json\/wp\/v2\/user_type?post=4497"},{"taxonomy":"locations","embeddable":true,"href":"https:\/\/www.braintumour.ca\/fr\/wp-json\/wp\/v2\/locations?post=4497"}],"curies":[{"name":"wp","href":"https:\/\/api.w.org\/{rel}","templated":true}]}}