{"id":4542,"date":"2020-03-13T15:31:27","date_gmt":"2020-03-13T19:31:27","guid":{"rendered":"https:\/\/www.braintumour.ca\/?p=4542"},"modified":"2020-04-29T16:11:28","modified_gmt":"2020-04-29T20:11:28","slug":"metamorphose-lhistoire-de-katt","status":"publish","type":"post","link":"https:\/\/www.braintumour.ca\/fr\/temoignages\/metamorphose-lhistoire-de-katt\/","title":{"rendered":"M\u00e9tamorphose &#8211; L&rsquo;histoire de Katt"},"content":{"rendered":"<p>Assister \u00e0 une Marche des tumeurs c\u00e9r\u00e9brales a \u00e9t\u00e9 l&rsquo;une des meilleures d\u00e9cisions que Katt Szedetzki a prise, alors qu&rsquo;elle se remettait de son op\u00e9ration r\u00e9alis\u00e9e durant l&rsquo;hiver 2019. Cet \u00e9v\u00e9nement lui a permis de constater qu&rsquo;elle n&rsquo;\u00e9tait pas seule dans son parcours avec une tumeur c\u00e9r\u00e9brale.<\/p>\n<p>C\u2019est le message que Katt aimerait transmettre \u00e0 toutes les personnes touch\u00e9es par une tumeur au cerveau.<\/p>\n<p>Katt est notre contact m\u00e9dia pour la Marche des tumeurs c\u00e9r\u00e9brales de Kitchener-Waterloo en 2020. En l&rsquo;espace de cinq mois, Katt est pass\u00e9e de n\u2019avoir aucune id\u00e9e qu&rsquo;elle avait une tumeur c\u00e9r\u00e9brale \u00e0 s\u2019inscrire \u00e0 la marche de Kitchener-Waterloo apr\u00e8s avoir subi son op\u00e9ration au cerveau.<\/p>\n<p>\u00ab J&rsquo;\u00e9tais d\u00e9finitivement un peu d\u00e9pass\u00e9e l&rsquo;ann\u00e9e derni\u00e8re, alors que je participais \u00e0 ma premi\u00e8re marche tr\u00e8s t\u00f4t apr\u00e8s avoir re\u00e7u mon diagnostic et juste apr\u00e8s ma chirurgie \u00bb, dit-elle. \u00ab Mais j\u2019\u00e9tais tr\u00e8s motiv\u00e9e \u00e0 l\u2019id\u00e9e \u00e0 y participer et cela a \u00e9t\u00e9 une tr\u00e8s bonne chose pour moi. Rencontrer des gens et entendre leurs t\u00e9moignages m\u2019a \u00e9t\u00e9 d\u2019une aide pr\u00e9cieuse pour ma gu\u00e9rison et mon acceptation de cette maladie inconnue.\u00a0\u00bb<\/p>\n<blockquote>\n<h5><strong>Je savais qu\u2019il y avait de l\u2019espoir.<br \/>\n<\/strong><\/h5>\n<\/blockquote>\n<p>Le parcours de Katt en est un de m\u00e9tamorphose, \u00e0 la fois physique et mentale.<\/p>\n<p>Un jour, elle c\u00e9l\u00e9brait le fait d\u2019avoir perdu 60 livres gr\u00e2ce \u00e0 son programme de fitness. Le lendemain, une crise d\u2019\u00e9pilepsie la prenait par surprise et changeait compl\u00e8tement sa vie.<\/p>\n<p>La crise a eu lieu tout juste apr\u00e8s que Katt ait d\u00e9pos\u00e9 sa fille \u00e0 l&rsquo;\u00e9cole. Elle s\u2019arr\u00eata quelques instants pour saluer un professeur dans le couloir, et se r\u00e9veilla quelques minutes plus tard dans une ambulance.<\/p>\n<p>La crise a \u00e9t\u00e9 caus\u00e9e par une tumeur neuro\u00e9pith\u00e9liale dysembryoplasique, ou DNET &#8211; une tumeur de bas grade pr\u00e9sentant l\u2019un des taux de survie les plus \u00e9lev\u00e9s. Les m\u00e9decins ont pu retirer 98% de sa tumeur, qui avait atteint la taille d&rsquo;une cl\u00e9mentine.<\/p>\n<p>Depuis, Katt a utilis\u00e9 le pouvoir des m\u00e9dias sociaux pour \u00e9duquer les autres sur son parcours avec une tumeur c\u00e9r\u00e9brale. Elle a r\u00e9alis\u00e9 des vid\u00e9os YouTube tr\u00e8s puissants dans lesquels elle d\u00e9crit le jour de sa crise, son diagnostic et son op\u00e9ration. Sa page Instagram (@kattszed) allie harmonieusement son amour de la musculation et de la chasse \u00e0 son parcours avec une tumeur c\u00e9r\u00e9brale.<\/p>\n<blockquote>\n<h5><strong>Le calendrier de r\u00e9cup\u00e9ration de Katt est pour le moins impressionnant.<\/strong><\/h5>\n<\/blockquote>\n<p>Sa crise \u00e9pileptique et son diagnostic ont eu lieu en janvier 2019. Elle a \u00e9t\u00e9 op\u00e9r\u00e9e en f\u00e9vrier.<\/p>\n<p>En avril, elle \u00e9tait de retour \u00e0 la chasse \u00e0 la dinde et, en mai, elle participait \u00e0 la Marche des tumeurs c\u00e9r\u00e9brales de Kitchener-Waterloo.<\/p>\n<figure id=\"attachment_4222\" aria-describedby=\"caption-attachment-4222\" style=\"width: 1024px\" class=\"wp-caption aligncenter\"><img loading=\"lazy\" decoding=\"async\" class=\"size-large wp-image-4222\" src=\"https:\/\/www.braintumour.ca\/wp-content\/uploads\/2020\/03\/KATT-SZED-SURVIVOR-1024x683.jpg\" alt=\"Katt brain tumour survivor\" width=\"1024\" height=\"683\" srcset=\"https:\/\/www.braintumour.ca\/wp-content\/uploads\/2020\/03\/KATT-SZED-SURVIVOR-1024x683.jpg 1024w, https:\/\/www.braintumour.ca\/wp-content\/uploads\/2020\/03\/KATT-SZED-SURVIVOR-300x200.jpg 300w, https:\/\/www.braintumour.ca\/wp-content\/uploads\/2020\/03\/KATT-SZED-SURVIVOR-768x512.jpg 768w, https:\/\/www.braintumour.ca\/wp-content\/uploads\/2020\/03\/KATT-SZED-SURVIVOR-640x427.jpg 640w, https:\/\/www.braintumour.ca\/wp-content\/uploads\/2020\/03\/KATT-SZED-SURVIVOR-1200x800.jpg 1200w, https:\/\/www.braintumour.ca\/wp-content\/uploads\/2020\/03\/KATT-SZED-SURVIVOR-1440x960.jpg 1440w, https:\/\/www.braintumour.ca\/wp-content\/uploads\/2020\/03\/KATT-SZED-SURVIVOR.jpg 1500w\" sizes=\"auto, (max-width: 639px) 98vw, (max-width: 1199px) 64vw, 770px\" \/><figcaption id=\"caption-attachment-4222\" class=\"wp-caption-text\">Katt de retour \u00e0 la chasse apr\u00e8s sa chirurgie c\u00e9r\u00e9brale de f\u00e9vrier 2019.<\/figcaption><\/figure>\n<p>Katt h\u00e9sitait \u00e0 s\u2019inscrire \u00e0 la marche. Elle avait des sentiments mitig\u00e9s \u00e0 la suite de son op\u00e9ration.<\/p>\n<p>Plut\u00f4t que de ressentir un sentiment de soulagement en sachant que sa tumeur n&rsquo;\u00e9tait pas maligne, le diagnostic de Katt a accru son anxi\u00e9t\u00e9. Quand elle a d\u00e9couvert sa pathologie, elle a \u00e9t\u00e9 submerg\u00e9e par un sentiment de culpabilit\u00e9. Pourquoi devrait-elle s&rsquo;en sortir facilement alors que tant d&rsquo;autres se battent pour leur vie?<\/p>\n<p>\u00ab J&rsquo;\u00e9tais d\u00e9chir\u00e9e \u00bb, dit Katt. \u00ab En fait, je me suis senti coupable et j&rsquo;ai pleur\u00e9 sur tout le chemin du retour. J\u2019ai la voie facile &#8211; je n&rsquo;ai \u00e0 subir aucun traitement. \u00bb<\/p>\n<p>Elle a dit que le fait d\u2019entrer en contact avec la Fondation canadienne des tumeurs c\u00e9r\u00e9brales l&rsquo;a aid\u00e9e \u00e0 valider ses sentiments et \u00e0 lui donner la tranquillit\u00e9 d&rsquo;esprit. Sa famille a \u00e9galement \u00e9t\u00e9 un \u00e9norme pilier de soutien pendant cette p\u00e9riode.<\/p>\n<blockquote>\n<h5><strong>Cependant, subir une chirurgie au cerveau, ce n&rsquo;est pas exactement la solution facile.<\/strong><\/h5>\n<\/blockquote>\n<p>Katt a d\u00fb faire face \u00e0 quelques effets secondaires &#8211; notamment des probl\u00e8mes de reconnaissance spatiale. Associer des visages \u00e0 des noms \u00e9tait incroyablement difficile pour elle.<\/p>\n<p>\u00ab Je peux presque me perdre dans une foule de gens que je connais \u00bb, explique-t-elle. \u00ab Mais je vais bien maintenant. Tout revient peu \u00e0 peu. \u00bb<\/p>\n<p>Lorsqu&rsquo;elle a initialement tent\u00e9 de reprendre son travail d&rsquo;\u00e9ducatrice de la petite enfance, l&rsquo;atmosph\u00e8re hautement sensorielle l\u2019a d\u00e9pass\u00e9e. Elle est maintenant de retour au travail et insiste sur le fait que prendre son temps pour r\u00e9cup\u00e9rer mentalement est tout aussi important que r\u00e9cup\u00e9rer physiquement.<\/p>\n<figure id=\"attachment_4220\" aria-describedby=\"caption-attachment-4220\" style=\"width: 900px\" class=\"wp-caption aligncenter\"><img loading=\"lazy\" decoding=\"async\" class=\"size-full wp-image-4220\" src=\"https:\/\/www.braintumour.ca\/wp-content\/uploads\/2020\/03\/KATT-WALK1-resize.jpg\" alt=\"brain tumour survivor katt\" width=\"900\" height=\"638\" srcset=\"https:\/\/www.braintumour.ca\/wp-content\/uploads\/2020\/03\/KATT-WALK1-resize.jpg 900w, https:\/\/www.braintumour.ca\/wp-content\/uploads\/2020\/03\/KATT-WALK1-resize-300x213.jpg 300w, https:\/\/www.braintumour.ca\/wp-content\/uploads\/2020\/03\/KATT-WALK1-resize-768x544.jpg 768w, https:\/\/www.braintumour.ca\/wp-content\/uploads\/2020\/03\/KATT-WALK1-resize-640x454.jpg 640w\" sizes=\"auto, (max-width: 639px) 98vw, (max-width: 1199px) 64vw, 770px\" \/><figcaption id=\"caption-attachment-4220\" class=\"wp-caption-text\">Le parcours de Katt reside en sa force int\u00e9rieure et ext\u00e9rieure.<\/figcaption><\/figure>\n<p>Katt aide maintenant les gens \u00e0 comprendre que les tumeurs c\u00e9r\u00e9brales non malignes sont tr\u00e8s graves et ont de graves cons\u00e9quences.<\/p>\n<p>Le cancer a tendance \u00e0 dominer le discours concernant les tumeurs c\u00e9r\u00e9brales, dit-elle, malgr\u00e9 le fait que les tumeurs non malignes repr\u00e9sentent les deux tiers de tous les cas signal\u00e9s.<\/p>\n<p>\u00ab Il faut en parler \u00bb, dit Katt. \u00ab (Les tumeurs c\u00e9r\u00e9brales) vous affectent m\u00eame si elles ne sont pas malignes. Les patients doivent tr\u00e8s souvent subir des traitements contre le cancer, m\u00eame pour les tumeurs non malignes. Il y a des effets secondaires de la chirurgie. Beaucoup de choses peuvent vous arriver. \u00bb<\/p>\n<p>Katt a trouv\u00e9 une source d&rsquo;inspiration \u00e9tonnante pendant son r\u00e9tablissement &#8211; les chenilles. \u00ab\u00a0Quelque chose au sujet de ces cr\u00e9atures impuissantes se transformant et prenant leur envol me touche profond\u00e9ment,\u00a0\u00bb dit-elle.<\/p>\n<blockquote>\n<h5><strong>Leur m\u00e9tamorphose en chrysalide est une m\u00e9taphore parfaite de ma vie avant et apr\u00e8s la tumeur c\u00e9r\u00e9brale. <\/strong><\/h5>\n<\/blockquote>\n<p>\u00ab J&rsquo;ai travers\u00e9 des \u00e9preuves \u00bb, a-t-elle d\u00e9clar\u00e9. \u00ab Mais je commence \u00e0 en arriver \u00e0 un point o\u00f9 j&rsquo;ai l&rsquo;impression d&rsquo;\u00eatre le papillon. \u00bb<\/p>\n<p>Elle a gard\u00e9 deux chrysalides, qui ont \u00e9clos en mars.<\/p>\n<p>La beaut\u00e9 de cette transformation est quelque chose qui restera avec elle pour toujours.<\/p>\n<p>Katt dit qu&rsquo;elle a h\u00e2te de prendre la parole lors de la Marche des tumeurs c\u00e9r\u00e9brales de Kitchener-Waterloo 2020. Elle et son \u00e9quipe, Katt\u2019s Tribe, seront l\u00e0 en pleine force.<\/p>\n<p>Sa motivation est de sensibiliser les gens et de financer la recherche, en particulier pour les types de tumeurs plus rares comme la sienne.<\/p>\n<p>M\u00eame si son parcours avec une tumeur c\u00e9r\u00e9brale l&rsquo;a profond\u00e9ment chang\u00e9e, elle reste toujours bien Katt. Sa force, \u00e0 la fois mentale et physique, t\u00e9moigne de sa r\u00e9silience et de sa combativit\u00e9.<\/p>\n<p>La Fondation canadienne des tumeurs c\u00e9r\u00e9brales est fi\u00e8re d&rsquo;avoir Katt comme ambassadrice pour sa Marche des tumeurs c\u00e9r\u00e9brales de Kitchener-Waterloo. Tout comme la chenille, elle d\u00e9veloppe de nouvelles ailes &#8211; cette fois en tant que d\u00e9fenseuse des droits des patients touch\u00e9es par une tumeur c\u00e9r\u00e9brale.<\/p>\n<p>&nbsp;<\/p>\n","protected":false},"excerpt":{"rendered":"<p>Le parcours de Katt en est un de m\u00e9tamorphose, \u00e0 la fois physique et mentale.Un jour, elle c\u00e9l\u00e9brait le fait d\u2019avoir perdu 60 livres gr\u00e2ce \u00e0 son programme de fitness. Le lendemain, une crise d\u2019\u00e9pilepsie la prenait par surprise et changeait compl\u00e8tement sa vie.<\/p>\n","protected":false},"author":4,"featured_media":4217,"comment_status":"closed","ping_status":"closed","sticky":false,"template":"","format":"standard","meta":{"_acf_changed":false,"footnotes":""},"categories":[146,148,149,179],"tags":[214,217,225,269,270,271],"user_type":[133],"locations":[161,189],"class_list":["post-4542","post","type-post","status-publish","format-standard","has-post-thumbnail","hentry","category-marche-des-tumeurs-cerebrales","category-temoignages","category-adulte","category-courage-fr","tag-brain-tumour-foundation-of-canada-fr","tag-fondation-canadienne-des-tumeurs-cerebrales","tag-brain-tumour-walk-fr","tag-kitchener-waterloo-brain-tumour-walk-fr","tag-survivant-tumeur-cerebrale","tag-marche-tumeur-cerebrale","user_type-patient-fr","locations-canada-wide-fr","locations-kitchener-fr"],"acf":[],"yoast_head":"<!-- This site is optimized with the Yoast SEO Premium plugin v27.0 (Yoast SEO v27.0) - https:\/\/yoast.com\/product\/yoast-seo-premium-wordpress\/ -->\n<title>M\u00e9tamorphose - L&#039;histoire de Katt - Fondation canadienne des tumeurs c\u00e9r\u00e9brales<\/title>\n<meta name=\"description\" content=\"Le parcours de Katt en est un de m\u00e9tamorphose, \u00e0 la fois physique et mentale.Un jour, elle c\u00e9l\u00e9brait le fait d\u2019avoir perdu 60 livres gr\u00e2ce \u00e0 son programme de fitness. Le lendemain, une crise d\u2019\u00e9pilepsie la prenait par surprise et changeait compl\u00e8tement sa vie.\" \/>\n<meta name=\"robots\" content=\"index, follow, max-snippet:-1, max-image-preview:large, max-video-preview:-1\" \/>\n<link rel=\"canonical\" href=\"https:\/\/www.braintumour.ca\/fr\/temoignages\/metamorphose-lhistoire-de-katt\/\" \/>\n<meta property=\"og:locale\" content=\"fr_CA\" \/>\n<meta property=\"og:type\" content=\"article\" \/>\n<meta property=\"og:title\" content=\"M\u00e9tamorphose - L&#039;histoire de Katt\" \/>\n<meta property=\"og:description\" content=\"Le parcours de Katt en est un de m\u00e9tamorphose, \u00e0 la fois physique et mentale.Un jour, elle c\u00e9l\u00e9brait le fait d\u2019avoir perdu 60 livres gr\u00e2ce \u00e0 son programme de fitness. Le lendemain, une crise d\u2019\u00e9pilepsie la prenait par surprise et changeait compl\u00e8tement sa vie.\" \/>\n<meta property=\"og:url\" content=\"https:\/\/www.braintumour.ca\/fr\/temoignages\/metamorphose-lhistoire-de-katt\/\" \/>\n<meta property=\"og:site_name\" content=\"Fondation canadienne des tumeurs c\u00e9r\u00e9brales\" \/>\n<meta property=\"article:published_time\" content=\"2020-03-13T19:31:27+00:00\" \/>\n<meta property=\"article:modified_time\" content=\"2020-04-29T20:11:28+00:00\" \/>\n<meta property=\"og:image\" content=\"https:\/\/www.braintumour.ca\/wp-content\/uploads\/2020\/03\/KATT-WALK2.jpg\" \/>\n\t<meta property=\"og:image:width\" content=\"782\" \/>\n\t<meta property=\"og:image:height\" content=\"772\" \/>\n\t<meta property=\"og:image:type\" content=\"image\/jpeg\" \/>\n<meta name=\"author\" content=\"Matt Berry\" \/>\n<meta name=\"twitter:card\" content=\"summary_large_image\" \/>\n<meta name=\"twitter:label1\" content=\"\u00c9crit par\" \/>\n\t<meta name=\"twitter:data1\" content=\"Matt Berry\" \/>\n\t<meta name=\"twitter:label2\" content=\"Estimation du temps de lecture\" \/>\n\t<meta name=\"twitter:data2\" content=\"6 minutes\" \/>\n<script type=\"application\/ld+json\" class=\"yoast-schema-graph\">{\"@context\":\"https:\/\/schema.org\",\"@graph\":[{\"@type\":\"Article\",\"@id\":\"https:\/\/www.braintumour.ca\/fr\/temoignages\/metamorphose-lhistoire-de-katt\/#article\",\"isPartOf\":{\"@id\":\"https:\/\/www.braintumour.ca\/fr\/temoignages\/metamorphose-lhistoire-de-katt\/\"},\"author\":{\"name\":\"Matt Berry\",\"@id\":\"https:\/\/www.braintumour.ca\/fr\/#\/schema\/person\/7534b1b1d4da5d8e37af436b293eca3d\"},\"headline\":\"M\u00e9tamorphose &#8211; L&rsquo;histoire de Katt\",\"datePublished\":\"2020-03-13T19:31:27+00:00\",\"dateModified\":\"2020-04-29T20:11:28+00:00\",\"mainEntityOfPage\":{\"@id\":\"https:\/\/www.braintumour.ca\/fr\/temoignages\/metamorphose-lhistoire-de-katt\/\"},\"wordCount\":1204,\"image\":{\"@id\":\"https:\/\/www.braintumour.ca\/fr\/temoignages\/metamorphose-lhistoire-de-katt\/#primaryimage\"},\"thumbnailUrl\":\"https:\/\/www.braintumour.ca\/wp-content\/uploads\/2020\/03\/KATT-WALK2.jpg\",\"keywords\":[\"brain tumour foundation of canada\",\"Fondation canadienne des tumeurs c\u00e9r\u00e9brales\",\"brain tumour walk\",\"kitchener-waterloo brain tumour walk\",\"survivant tumeur c\u00e9r\u00e9brale\",\"marche tumeur c\u00e9r\u00e9brale\"],\"articleSection\":[\"Marche des tumeurs c\u00e9r\u00e9brales\",\"T\u00e9moignages\",\"Adulte\",\"Courage\"],\"inLanguage\":\"fr-CA\"},{\"@type\":\"WebPage\",\"@id\":\"https:\/\/www.braintumour.ca\/fr\/temoignages\/metamorphose-lhistoire-de-katt\/\",\"url\":\"https:\/\/www.braintumour.ca\/fr\/temoignages\/metamorphose-lhistoire-de-katt\/\",\"name\":\"M\u00e9tamorphose - L'histoire de Katt - Fondation canadienne des tumeurs c\u00e9r\u00e9brales\",\"isPartOf\":{\"@id\":\"https:\/\/www.braintumour.ca\/fr\/#website\"},\"primaryImageOfPage\":{\"@id\":\"https:\/\/www.braintumour.ca\/fr\/temoignages\/metamorphose-lhistoire-de-katt\/#primaryimage\"},\"image\":{\"@id\":\"https:\/\/www.braintumour.ca\/fr\/temoignages\/metamorphose-lhistoire-de-katt\/#primaryimage\"},\"thumbnailUrl\":\"https:\/\/www.braintumour.ca\/wp-content\/uploads\/2020\/03\/KATT-WALK2.jpg\",\"datePublished\":\"2020-03-13T19:31:27+00:00\",\"dateModified\":\"2020-04-29T20:11:28+00:00\",\"author\":{\"@id\":\"https:\/\/www.braintumour.ca\/fr\/#\/schema\/person\/7534b1b1d4da5d8e37af436b293eca3d\"},\"description\":\"Le parcours de Katt en est un de m\u00e9tamorphose, \u00e0 la fois physique et mentale.Un jour, elle c\u00e9l\u00e9brait le fait d\u2019avoir perdu 60 livres gr\u00e2ce \u00e0 son programme de fitness. Le lendemain, une crise d\u2019\u00e9pilepsie la prenait par surprise et changeait compl\u00e8tement sa vie.\",\"breadcrumb\":{\"@id\":\"https:\/\/www.braintumour.ca\/fr\/temoignages\/metamorphose-lhistoire-de-katt\/#breadcrumb\"},\"inLanguage\":\"fr-CA\",\"potentialAction\":[{\"@type\":\"ReadAction\",\"target\":[\"https:\/\/www.braintumour.ca\/fr\/temoignages\/metamorphose-lhistoire-de-katt\/\"]}]},{\"@type\":\"ImageObject\",\"inLanguage\":\"fr-CA\",\"@id\":\"https:\/\/www.braintumour.ca\/fr\/temoignages\/metamorphose-lhistoire-de-katt\/#primaryimage\",\"url\":\"https:\/\/www.braintumour.ca\/wp-content\/uploads\/2020\/03\/KATT-WALK2.jpg\",\"contentUrl\":\"https:\/\/www.braintumour.ca\/wp-content\/uploads\/2020\/03\/KATT-WALK2.jpg\",\"width\":782,\"height\":772,\"caption\":\"Katt brain tumour survivor\"},{\"@type\":\"BreadcrumbList\",\"@id\":\"https:\/\/www.braintumour.ca\/fr\/temoignages\/metamorphose-lhistoire-de-katt\/#breadcrumb\",\"itemListElement\":[{\"@type\":\"ListItem\",\"position\":1,\"name\":\"Home\",\"item\":\"https:\/\/www.braintumour.ca\/fr\/\"},{\"@type\":\"ListItem\",\"position\":2,\"name\":\"M\u00e9tamorphose &#8211; L&rsquo;histoire de Katt\"}]},{\"@type\":\"WebSite\",\"@id\":\"https:\/\/www.braintumour.ca\/fr\/#website\",\"url\":\"https:\/\/www.braintumour.ca\/fr\/\",\"name\":\"Fondation canadienne des tumeurs c\u00e9r\u00e9brales\",\"description\":\"Notre mission est de venir en aide \u00e0 toutes les personnes touch\u00e9es par une tumeur c\u00e9r\u00e9brale au Canada par le biais de nos programmes d\u2019information, de soutien, d\u2019\u00e9ducation et de recherche.\",\"potentialAction\":[{\"@type\":\"SearchAction\",\"target\":{\"@type\":\"EntryPoint\",\"urlTemplate\":\"https:\/\/www.braintumour.ca\/fr\/?s={search_term_string}\"},\"query-input\":{\"@type\":\"PropertyValueSpecification\",\"valueRequired\":true,\"valueName\":\"search_term_string\"}}],\"inLanguage\":\"fr-CA\"},{\"@type\":\"Person\",\"@id\":\"https:\/\/www.braintumour.ca\/fr\/#\/schema\/person\/7534b1b1d4da5d8e37af436b293eca3d\",\"name\":\"Matt Berry\",\"image\":{\"@type\":\"ImageObject\",\"inLanguage\":\"fr-CA\",\"@id\":\"https:\/\/www.braintumour.ca\/fr\/#\/schema\/person\/image\/\",\"url\":\"https:\/\/secure.gravatar.com\/avatar\/882da3b67056b0c608086d3c77de46948b64244a4c249e81e0bf04a8095ce320?s=96&d=mm&r=g\",\"contentUrl\":\"https:\/\/secure.gravatar.com\/avatar\/882da3b67056b0c608086d3c77de46948b64244a4c249e81e0bf04a8095ce320?s=96&d=mm&r=g\",\"caption\":\"Matt Berry\"}}]}<\/script>\n<!-- \/ Yoast SEO Premium plugin. -->","yoast_head_json":{"title":"M\u00e9tamorphose - L'histoire de Katt - Fondation canadienne des tumeurs c\u00e9r\u00e9brales","description":"Le parcours de Katt en est un de m\u00e9tamorphose, \u00e0 la fois physique et mentale.Un jour, elle c\u00e9l\u00e9brait le fait d\u2019avoir perdu 60 livres gr\u00e2ce \u00e0 son programme de fitness. Le lendemain, une crise d\u2019\u00e9pilepsie la prenait par surprise et changeait compl\u00e8tement sa vie.","robots":{"index":"index","follow":"follow","max-snippet":"max-snippet:-1","max-image-preview":"max-image-preview:large","max-video-preview":"max-video-preview:-1"},"canonical":"https:\/\/www.braintumour.ca\/fr\/temoignages\/metamorphose-lhistoire-de-katt\/","og_locale":"fr_CA","og_type":"article","og_title":"M\u00e9tamorphose - L'histoire de Katt","og_description":"Le parcours de Katt en est un de m\u00e9tamorphose, \u00e0 la fois physique et mentale.Un jour, elle c\u00e9l\u00e9brait le fait d\u2019avoir perdu 60 livres gr\u00e2ce \u00e0 son programme de fitness. Le lendemain, une crise d\u2019\u00e9pilepsie la prenait par surprise et changeait compl\u00e8tement sa vie.","og_url":"https:\/\/www.braintumour.ca\/fr\/temoignages\/metamorphose-lhistoire-de-katt\/","og_site_name":"Fondation canadienne des tumeurs c\u00e9r\u00e9brales","article_published_time":"2020-03-13T19:31:27+00:00","article_modified_time":"2020-04-29T20:11:28+00:00","og_image":[{"width":782,"height":772,"url":"https:\/\/www.braintumour.ca\/wp-content\/uploads\/2020\/03\/KATT-WALK2.jpg","type":"image\/jpeg"}],"author":"Matt Berry","twitter_card":"summary_large_image","twitter_misc":{"\u00c9crit par":"Matt Berry","Estimation du temps de lecture":"6 minutes"},"schema":{"@context":"https:\/\/schema.org","@graph":[{"@type":"Article","@id":"https:\/\/www.braintumour.ca\/fr\/temoignages\/metamorphose-lhistoire-de-katt\/#article","isPartOf":{"@id":"https:\/\/www.braintumour.ca\/fr\/temoignages\/metamorphose-lhistoire-de-katt\/"},"author":{"name":"Matt Berry","@id":"https:\/\/www.braintumour.ca\/fr\/#\/schema\/person\/7534b1b1d4da5d8e37af436b293eca3d"},"headline":"M\u00e9tamorphose &#8211; L&rsquo;histoire de Katt","datePublished":"2020-03-13T19:31:27+00:00","dateModified":"2020-04-29T20:11:28+00:00","mainEntityOfPage":{"@id":"https:\/\/www.braintumour.ca\/fr\/temoignages\/metamorphose-lhistoire-de-katt\/"},"wordCount":1204,"image":{"@id":"https:\/\/www.braintumour.ca\/fr\/temoignages\/metamorphose-lhistoire-de-katt\/#primaryimage"},"thumbnailUrl":"https:\/\/www.braintumour.ca\/wp-content\/uploads\/2020\/03\/KATT-WALK2.jpg","keywords":["brain tumour foundation of canada","Fondation canadienne des tumeurs c\u00e9r\u00e9brales","brain tumour walk","kitchener-waterloo brain tumour walk","survivant tumeur c\u00e9r\u00e9brale","marche tumeur c\u00e9r\u00e9brale"],"articleSection":["Marche des tumeurs c\u00e9r\u00e9brales","T\u00e9moignages","Adulte","Courage"],"inLanguage":"fr-CA"},{"@type":"WebPage","@id":"https:\/\/www.braintumour.ca\/fr\/temoignages\/metamorphose-lhistoire-de-katt\/","url":"https:\/\/www.braintumour.ca\/fr\/temoignages\/metamorphose-lhistoire-de-katt\/","name":"M\u00e9tamorphose - L'histoire de Katt - Fondation canadienne des tumeurs c\u00e9r\u00e9brales","isPartOf":{"@id":"https:\/\/www.braintumour.ca\/fr\/#website"},"primaryImageOfPage":{"@id":"https:\/\/www.braintumour.ca\/fr\/temoignages\/metamorphose-lhistoire-de-katt\/#primaryimage"},"image":{"@id":"https:\/\/www.braintumour.ca\/fr\/temoignages\/metamorphose-lhistoire-de-katt\/#primaryimage"},"thumbnailUrl":"https:\/\/www.braintumour.ca\/wp-content\/uploads\/2020\/03\/KATT-WALK2.jpg","datePublished":"2020-03-13T19:31:27+00:00","dateModified":"2020-04-29T20:11:28+00:00","author":{"@id":"https:\/\/www.braintumour.ca\/fr\/#\/schema\/person\/7534b1b1d4da5d8e37af436b293eca3d"},"description":"Le parcours de Katt en est un de m\u00e9tamorphose, \u00e0 la fois physique et mentale.Un jour, elle c\u00e9l\u00e9brait le fait d\u2019avoir perdu 60 livres gr\u00e2ce \u00e0 son programme de fitness. Le lendemain, une crise d\u2019\u00e9pilepsie la prenait par surprise et changeait compl\u00e8tement sa vie.","breadcrumb":{"@id":"https:\/\/www.braintumour.ca\/fr\/temoignages\/metamorphose-lhistoire-de-katt\/#breadcrumb"},"inLanguage":"fr-CA","potentialAction":[{"@type":"ReadAction","target":["https:\/\/www.braintumour.ca\/fr\/temoignages\/metamorphose-lhistoire-de-katt\/"]}]},{"@type":"ImageObject","inLanguage":"fr-CA","@id":"https:\/\/www.braintumour.ca\/fr\/temoignages\/metamorphose-lhistoire-de-katt\/#primaryimage","url":"https:\/\/www.braintumour.ca\/wp-content\/uploads\/2020\/03\/KATT-WALK2.jpg","contentUrl":"https:\/\/www.braintumour.ca\/wp-content\/uploads\/2020\/03\/KATT-WALK2.jpg","width":782,"height":772,"caption":"Katt brain tumour survivor"},{"@type":"BreadcrumbList","@id":"https:\/\/www.braintumour.ca\/fr\/temoignages\/metamorphose-lhistoire-de-katt\/#breadcrumb","itemListElement":[{"@type":"ListItem","position":1,"name":"Home","item":"https:\/\/www.braintumour.ca\/fr\/"},{"@type":"ListItem","position":2,"name":"M\u00e9tamorphose &#8211; L&rsquo;histoire de Katt"}]},{"@type":"WebSite","@id":"https:\/\/www.braintumour.ca\/fr\/#website","url":"https:\/\/www.braintumour.ca\/fr\/","name":"Fondation canadienne des tumeurs c\u00e9r\u00e9brales","description":"Notre mission est de venir en aide \u00e0 toutes les personnes touch\u00e9es par une tumeur c\u00e9r\u00e9brale au Canada par le biais de nos programmes d\u2019information, de soutien, d\u2019\u00e9ducation et de recherche.","potentialAction":[{"@type":"SearchAction","target":{"@type":"EntryPoint","urlTemplate":"https:\/\/www.braintumour.ca\/fr\/?s={search_term_string}"},"query-input":{"@type":"PropertyValueSpecification","valueRequired":true,"valueName":"search_term_string"}}],"inLanguage":"fr-CA"},{"@type":"Person","@id":"https:\/\/www.braintumour.ca\/fr\/#\/schema\/person\/7534b1b1d4da5d8e37af436b293eca3d","name":"Matt Berry","image":{"@type":"ImageObject","inLanguage":"fr-CA","@id":"https:\/\/www.braintumour.ca\/fr\/#\/schema\/person\/image\/","url":"https:\/\/secure.gravatar.com\/avatar\/882da3b67056b0c608086d3c77de46948b64244a4c249e81e0bf04a8095ce320?s=96&d=mm&r=g","contentUrl":"https:\/\/secure.gravatar.com\/avatar\/882da3b67056b0c608086d3c77de46948b64244a4c249e81e0bf04a8095ce320?s=96&d=mm&r=g","caption":"Matt Berry"}}]}},"_links":{"self":[{"href":"https:\/\/www.braintumour.ca\/fr\/wp-json\/wp\/v2\/posts\/4542","targetHints":{"allow":["GET"]}}],"collection":[{"href":"https:\/\/www.braintumour.ca\/fr\/wp-json\/wp\/v2\/posts"}],"about":[{"href":"https:\/\/www.braintumour.ca\/fr\/wp-json\/wp\/v2\/types\/post"}],"author":[{"embeddable":true,"href":"https:\/\/www.braintumour.ca\/fr\/wp-json\/wp\/v2\/users\/4"}],"replies":[{"embeddable":true,"href":"https:\/\/www.braintumour.ca\/fr\/wp-json\/wp\/v2\/comments?post=4542"}],"version-history":[{"count":0,"href":"https:\/\/www.braintumour.ca\/fr\/wp-json\/wp\/v2\/posts\/4542\/revisions"}],"wp:featuredmedia":[{"embeddable":true,"href":"https:\/\/www.braintumour.ca\/fr\/wp-json\/wp\/v2\/media\/4217"}],"wp:attachment":[{"href":"https:\/\/www.braintumour.ca\/fr\/wp-json\/wp\/v2\/media?parent=4542"}],"wp:term":[{"taxonomy":"category","embeddable":true,"href":"https:\/\/www.braintumour.ca\/fr\/wp-json\/wp\/v2\/categories?post=4542"},{"taxonomy":"post_tag","embeddable":true,"href":"https:\/\/www.braintumour.ca\/fr\/wp-json\/wp\/v2\/tags?post=4542"},{"taxonomy":"user_type","embeddable":true,"href":"https:\/\/www.braintumour.ca\/fr\/wp-json\/wp\/v2\/user_type?post=4542"},{"taxonomy":"locations","embeddable":true,"href":"https:\/\/www.braintumour.ca\/fr\/wp-json\/wp\/v2\/locations?post=4542"}],"curies":[{"name":"wp","href":"https:\/\/api.w.org\/{rel}","templated":true}]}}