{"id":5060,"date":"2020-06-22T17:31:33","date_gmt":"2020-06-22T21:31:33","guid":{"rendered":"https:\/\/www.braintumour.ca\/non-classifiee\/excited-and-anxious-for-the-virtual-brain-tumour-walk\/"},"modified":"2020-06-23T16:54:10","modified_gmt":"2020-06-23T20:54:10","slug":"a-quelques-jours-de-notre-premiere-marchetumeurscerebralesvirtuelle","status":"publish","type":"post","link":"https:\/\/www.braintumour.ca\/fr\/blogue\/a-quelques-jours-de-notre-premiere-marchetumeurscerebralesvirtuelle\/","title":{"rendered":"\u00c0 quelques jours de notre premi\u00e8re Marche des tumeurs c\u00e9r\u00e9brales virtuelle"},"content":{"rendered":"<p>Nous voil\u00e0 \u00e0 quelques jours de notre premi\u00e8re <a href=\"http:\/\/www.marchetumeurscerebrales.ca\">Marche des tumeurs c\u00e9r\u00e9brales virtuelle<\/a>! Nous devons vous avouer que nous sommes \u00e0 la fois excit\u00e9s et anxieux\u2026<\/p>\n<p>Excit\u00e9s, car le jour est enfin presqu\u2019arriv\u00e9, mais \u00e9galement anxieux puisque, comme pour de nombreux organismes de bienfaisance, nous avons \u00e9t\u00e9 tr\u00e8s affect\u00e9s par la pand\u00e9mie de COVID-19. Nous d\u00e9sirons nous assurer d&rsquo;offrir une exp\u00e9rience m\u00e9morable aux membres de notre communaut\u00e9 et de respecter nos engagements envers nos chercheurs, nos groupes de soutien, la communaut\u00e9 m\u00e9dicale, les patients et leurs familles.<\/p>\n<p>Avant la pand\u00e9mie, nous n\u2019avions jamais organis\u00e9 un \u00e9v\u00e9nement national d\u2019une journ\u00e9e comme celui-ci! Nous sommes habitu\u00e9s de voyager d\u2019un bout \u00e0 l\u2019autre du pays en mai et juin pour nos 22 Marches des tumeurs c\u00e9r\u00e9brales, afin de rencontrer les membres de toutes les communaut\u00e9s et c\u00e9l\u00e9brer \u00e0 vos c\u00f4t\u00e9s!<\/p>\n<p>Cette ann\u00e9e, nous serons unis par le m\u00eame objectif, plut\u00f4t que par proximit\u00e9 physique.<\/p>\n<p>Les membres de notre \u00e9quipe se sont ajust\u00e9s \u00e0 cette nouvelle r\u00e9alit\u00e9, et notre programme 2020 sera tr\u00e8s sp\u00e9cial.<\/p>\n<p>Alan Cross, la l\u00e9gende de la radiodiffusion canadienne, sera l\u2019h\u00f4te de notre c\u00e9r\u00e9monie d\u2019ouverture qui d\u00e9butera d\u00e8s 12h HNE <a href=\"http:\/\/www.facebook.com\/FondationCanadienneDesTumeursCerebrales\">sur Facebook<\/a>. Vous y verrez des images de quelques-uns de nos survivants, membres des comit\u00e9s organisateurs de nos marches et de participants de partout au pays.<\/p>\n<p>Suite \u00e0 la c\u00e9r\u00e9monie d\u2019ouverture, nous invitons tous les participants \u00e0 faire des pas, que ce soit d\u2019aller marcher, courir, danser ou promener son chien, faites-le \u00e0 votre fa\u00e7on et soyez cr\u00e9atifs!<\/p>\n<p>Nous avons h\u00e2te de voir vos photos et vid\u00e9os dans les m\u00e9dias sociaux accompagn\u00e9s du mot-clic <strong>#MarcheTumeursC\u00e9r\u00e9bralesVirtuelle<\/strong> ce samedi. N\u2019oubliez pas, notre commanditaire <a href=\"https:\/\/www.amahort.com\/shop\/containers\/als-flower-pouch\/als-flower-pouch\/\">Al\u2019s Flower Pouch de A.M.A. Horticulture<\/a> fera un don de 27 sous \u00e0 chaque fois que le mot-clic #MarcheTumeursC\u00e9r\u00e9bralesVirtuelle sera partag\u00e9 sur les r\u00e9seaux sociaux! Alors, partagez, partagez, partagez!<\/p>\n<p>Bien s\u00fbr, les lev\u00e9es de fonds constituent un aspect important de notre marche, mais nous voulons \u00e9galement sensibiliser la population \u00e0 la maladie. Donc, profitez de cette semaine et de la prochaine ann\u00e9e afin de parler des tumeurs c\u00e9r\u00e9brales et ainsi faire conna\u00eetre la maladie.<\/p>\n<ul>\n<li>Sensibilisez votre communaut\u00e9 aux tumeurs c\u00e9r\u00e9brales et \u00e0 leur pr\u00e9valence.<\/li>\n<li>Sensibilisez \u00e9galement votre entourage aux signes et aux sympt\u00f4mes de la maladie afin qu\u2019elle puisse \u00eatre diagnostiqu\u00e9e plus t\u00f4t.<\/li>\n<li>Et partagez l\u2019espoir qu\u2019un jour, un rem\u00e8de sera trouv\u00e9.<\/li>\n<\/ul>\n<p>Nous esp\u00e9rons que l\u2019\u00e9nergie positive que nous ressentons ici \u00e0 la Fondation canadienne des tumeurs c\u00e9r\u00e9brales se manifestera dans toutes les communaut\u00e9s partout au pays ce samedi 27 juin lors de notre #MarcheTumeursC\u00e9r\u00e9bralesVirtuelle.<\/p>\n<p>Inscrivez-vous \u00e0 <a href=\"http:\/\/www.marchetumeurscerebrales.ca\">www.marchetumeurscerebrales.ca<\/a> et aidez-nous \u00e0 mettre fin aux tumeurs c\u00e9r\u00e9brales! <strong>#AdieuTumeursC\u00e9r\u00e9brales<\/strong><\/p>\n","protected":false},"excerpt":{"rendered":"<p>Nous voil\u00e0 \u00e0 quelques jours de notre premi\u00e8re Marche des tumeurs c\u00e9r\u00e9brales virtuelle! Nous devons vous avouer que nous sommes \u00e0 la fois excit\u00e9s et anxieux\u2026<\/p>\n","protected":false},"author":4,"featured_media":5052,"comment_status":"closed","ping_status":"closed","sticky":false,"template":"","format":"standard","meta":{"_acf_changed":false,"footnotes":""},"categories":[138,139,146],"tags":[217,310,311],"user_type":[],"locations":[193,272,159,194,273,160,195,274,161,196,275,162,197,276,182,198,277,183,199,278,184,200,279,185,201,186,202,187,203,188,204,189,205,190,206,191,207,192,208],"class_list":["post-5060","post","type-post","status-publish","format-standard","has-post-thumbnail","hentry","category-blogue","category-general","category-marche-des-tumeurs-cerebrales","tag-fondation-canadienne-des-tumeurs-cerebrales","tag-marchetumeurscerebrales-fr","tag-marche-tumeurs-cerebrales-fr","locations-niagara-on-fr","locations-barrie-on-fr","locations-sudbury-fr","locations-north-bay-fr","locations-kingston-on-fr","locations-montreal","locations-ottawa-fr","locations-sault-ste-marie-on-fr","locations-canada-wide-fr","locations-sarnia-on-fr","locations-burlington-on-fr","locations-moncton-nb-fr","locations-saskatoon-fr","locations-paradise-nl-fr","locations-ajax-on-fr","locations-toronto-fr","locations-banff-fr","locations-hamilton-fr","locations-vancouver-fr","locations-regina-sk-fr","locations-calgary-fr","locations-victoria-fr","locations-richmond-bc-fr","locations-edmonton-fr","locations-whitehorse-fr","locations-fredericton-fr","locations-yellowknife-fr","locations-guelph-fr","locations-winnipeg-fr","locations-halifax-fr","locations-brampton-fr","locations-kitchener-fr","locations-belleville-fr","locations-london-fr","locations-windsor-fr","locations-mississauga-fr","locations-quebec-city-fr","locations-new-glasgow-ns-fr","locations-st-johns-fr"],"acf":[],"yoast_head":"<!-- This site is optimized with the Yoast SEO Premium plugin v27.0 (Yoast SEO v27.0) - https:\/\/yoast.com\/product\/yoast-seo-premium-wordpress\/ -->\n<title>\u00c0 quelques jours de notre premi\u00e8re Marche des tumeurs c\u00e9r\u00e9brales virtuelle - Fondation canadienne des tumeurs c\u00e9r\u00e9brales<\/title>\n<meta name=\"description\" content=\"Nous voil\u00e0 \u00e0 quelques jours de notre premi\u00e8re Marche des tumeurs c\u00e9r\u00e9brales virtuelle! Nous devons vous avouer que nous sommes \u00e0 la fois excit\u00e9s et anxieux\u2026\" \/>\n<meta name=\"robots\" content=\"index, follow, max-snippet:-1, max-image-preview:large, max-video-preview:-1\" \/>\n<link rel=\"canonical\" href=\"https:\/\/www.braintumour.ca\/fr\/blogue\/a-quelques-jours-de-notre-premiere-marchetumeurscerebralesvirtuelle\/\" \/>\n<meta property=\"og:locale\" content=\"fr_CA\" \/>\n<meta property=\"og:type\" content=\"article\" \/>\n<meta property=\"og:title\" content=\"\u00c0 quelques jours de notre premi\u00e8re Marche des tumeurs c\u00e9r\u00e9brales virtuelle\" \/>\n<meta property=\"og:description\" content=\"Nous voil\u00e0 \u00e0 quelques jours de notre premi\u00e8re Marche des tumeurs c\u00e9r\u00e9brales virtuelle! Nous devons vous avouer que nous sommes \u00e0 la fois excit\u00e9s et anxieux\u2026\" \/>\n<meta property=\"og:url\" content=\"https:\/\/www.braintumour.ca\/fr\/blogue\/a-quelques-jours-de-notre-premiere-marchetumeurscerebralesvirtuelle\/\" \/>\n<meta property=\"og:site_name\" content=\"Fondation canadienne des tumeurs c\u00e9r\u00e9brales\" \/>\n<meta property=\"article:published_time\" content=\"2020-06-22T21:31:33+00:00\" \/>\n<meta property=\"article:modified_time\" content=\"2020-06-23T20:54:10+00:00\" \/>\n<meta property=\"og:image\" content=\"https:\/\/www.braintumour.ca\/wp-content\/uploads\/2020\/06\/Virtual-BT-Walk-Ad-SOCIALS-FR-NEW-2-proof.jpg\" \/>\n\t<meta property=\"og:image:width\" content=\"1500\" \/>\n\t<meta property=\"og:image:height\" content=\"1500\" \/>\n\t<meta property=\"og:image:type\" content=\"image\/jpeg\" \/>\n<meta name=\"author\" content=\"Matt Berry\" \/>\n<meta name=\"twitter:card\" content=\"summary_large_image\" \/>\n<meta name=\"twitter:label1\" content=\"\u00c9crit par\" \/>\n\t<meta name=\"twitter:data1\" content=\"Matt Berry\" \/>\n\t<meta name=\"twitter:label2\" content=\"Estimation du temps de lecture\" \/>\n\t<meta name=\"twitter:data2\" content=\"3 minutes\" \/>\n<script type=\"application\/ld+json\" class=\"yoast-schema-graph\">{\"@context\":\"https:\/\/schema.org\",\"@graph\":[{\"@type\":\"Article\",\"@id\":\"https:\/\/www.braintumour.ca\/fr\/blogue\/a-quelques-jours-de-notre-premiere-marchetumeurscerebralesvirtuelle\/#article\",\"isPartOf\":{\"@id\":\"https:\/\/www.braintumour.ca\/fr\/blogue\/a-quelques-jours-de-notre-premiere-marchetumeurscerebralesvirtuelle\/\"},\"author\":{\"name\":\"Matt Berry\",\"@id\":\"https:\/\/www.braintumour.ca\/fr\/#\/schema\/person\/7534b1b1d4da5d8e37af436b293eca3d\"},\"headline\":\"\u00c0 quelques jours de notre premi\u00e8re Marche des tumeurs c\u00e9r\u00e9brales virtuelle\",\"datePublished\":\"2020-06-22T21:31:33+00:00\",\"dateModified\":\"2020-06-23T20:54:10+00:00\",\"mainEntityOfPage\":{\"@id\":\"https:\/\/www.braintumour.ca\/fr\/blogue\/a-quelques-jours-de-notre-premiere-marchetumeurscerebralesvirtuelle\/\"},\"wordCount\":515,\"image\":{\"@id\":\"https:\/\/www.braintumour.ca\/fr\/blogue\/a-quelques-jours-de-notre-premiere-marchetumeurscerebralesvirtuelle\/#primaryimage\"},\"thumbnailUrl\":\"https:\/\/www.braintumour.ca\/wp-content\/uploads\/2020\/06\/Virtual-BT-Walk-Ad-SOCIALS-FR-NEW-2-proof.jpg\",\"keywords\":[\"Fondation canadienne des tumeurs c\u00e9r\u00e9brales\",\"#MarcheTumeursC\u00e9r\u00e9brales\",\"Marche Tumeurs C\u00e9r\u00e9brales\"],\"articleSection\":[\"Nouvelles\",\"G\u00e9n\u00e9ral\",\"Marche des tumeurs c\u00e9r\u00e9brales\"],\"inLanguage\":\"fr-CA\"},{\"@type\":\"WebPage\",\"@id\":\"https:\/\/www.braintumour.ca\/fr\/blogue\/a-quelques-jours-de-notre-premiere-marchetumeurscerebralesvirtuelle\/\",\"url\":\"https:\/\/www.braintumour.ca\/fr\/blogue\/a-quelques-jours-de-notre-premiere-marchetumeurscerebralesvirtuelle\/\",\"name\":\"\u00c0 quelques jours de notre premi\u00e8re Marche des tumeurs c\u00e9r\u00e9brales virtuelle - Fondation canadienne des tumeurs c\u00e9r\u00e9brales\",\"isPartOf\":{\"@id\":\"https:\/\/www.braintumour.ca\/fr\/#website\"},\"primaryImageOfPage\":{\"@id\":\"https:\/\/www.braintumour.ca\/fr\/blogue\/a-quelques-jours-de-notre-premiere-marchetumeurscerebralesvirtuelle\/#primaryimage\"},\"image\":{\"@id\":\"https:\/\/www.braintumour.ca\/fr\/blogue\/a-quelques-jours-de-notre-premiere-marchetumeurscerebralesvirtuelle\/#primaryimage\"},\"thumbnailUrl\":\"https:\/\/www.braintumour.ca\/wp-content\/uploads\/2020\/06\/Virtual-BT-Walk-Ad-SOCIALS-FR-NEW-2-proof.jpg\",\"datePublished\":\"2020-06-22T21:31:33+00:00\",\"dateModified\":\"2020-06-23T20:54:10+00:00\",\"author\":{\"@id\":\"https:\/\/www.braintumour.ca\/fr\/#\/schema\/person\/7534b1b1d4da5d8e37af436b293eca3d\"},\"description\":\"Nous voil\u00e0 \u00e0 quelques jours de notre premi\u00e8re Marche des tumeurs c\u00e9r\u00e9brales virtuelle! Nous devons vous avouer que nous sommes \u00e0 la fois excit\u00e9s et anxieux\u2026\",\"breadcrumb\":{\"@id\":\"https:\/\/www.braintumour.ca\/fr\/blogue\/a-quelques-jours-de-notre-premiere-marchetumeurscerebralesvirtuelle\/#breadcrumb\"},\"inLanguage\":\"fr-CA\",\"potentialAction\":[{\"@type\":\"ReadAction\",\"target\":[\"https:\/\/www.braintumour.ca\/fr\/blogue\/a-quelques-jours-de-notre-premiere-marchetumeurscerebralesvirtuelle\/\"]}]},{\"@type\":\"ImageObject\",\"inLanguage\":\"fr-CA\",\"@id\":\"https:\/\/www.braintumour.ca\/fr\/blogue\/a-quelques-jours-de-notre-premiere-marchetumeurscerebralesvirtuelle\/#primaryimage\",\"url\":\"https:\/\/www.braintumour.ca\/wp-content\/uploads\/2020\/06\/Virtual-BT-Walk-Ad-SOCIALS-FR-NEW-2-proof.jpg\",\"contentUrl\":\"https:\/\/www.braintumour.ca\/wp-content\/uploads\/2020\/06\/Virtual-BT-Walk-Ad-SOCIALS-FR-NEW-2-proof.jpg\",\"width\":1500,\"height\":1500},{\"@type\":\"BreadcrumbList\",\"@id\":\"https:\/\/www.braintumour.ca\/fr\/blogue\/a-quelques-jours-de-notre-premiere-marchetumeurscerebralesvirtuelle\/#breadcrumb\",\"itemListElement\":[{\"@type\":\"ListItem\",\"position\":1,\"name\":\"Home\",\"item\":\"https:\/\/www.braintumour.ca\/fr\/\"},{\"@type\":\"ListItem\",\"position\":2,\"name\":\"\u00c0 quelques jours de notre premi\u00e8re Marche des tumeurs c\u00e9r\u00e9brales virtuelle\"}]},{\"@type\":\"WebSite\",\"@id\":\"https:\/\/www.braintumour.ca\/fr\/#website\",\"url\":\"https:\/\/www.braintumour.ca\/fr\/\",\"name\":\"Fondation canadienne des tumeurs c\u00e9r\u00e9brales\",\"description\":\"Notre mission est de venir en aide \u00e0 toutes les personnes touch\u00e9es par une tumeur c\u00e9r\u00e9brale au Canada par le biais de nos programmes d\u2019information, de soutien, d\u2019\u00e9ducation et de recherche.\",\"potentialAction\":[{\"@type\":\"SearchAction\",\"target\":{\"@type\":\"EntryPoint\",\"urlTemplate\":\"https:\/\/www.braintumour.ca\/fr\/?s={search_term_string}\"},\"query-input\":{\"@type\":\"PropertyValueSpecification\",\"valueRequired\":true,\"valueName\":\"search_term_string\"}}],\"inLanguage\":\"fr-CA\"},{\"@type\":\"Person\",\"@id\":\"https:\/\/www.braintumour.ca\/fr\/#\/schema\/person\/7534b1b1d4da5d8e37af436b293eca3d\",\"name\":\"Matt Berry\",\"image\":{\"@type\":\"ImageObject\",\"inLanguage\":\"fr-CA\",\"@id\":\"https:\/\/www.braintumour.ca\/fr\/#\/schema\/person\/image\/\",\"url\":\"https:\/\/secure.gravatar.com\/avatar\/882da3b67056b0c608086d3c77de46948b64244a4c249e81e0bf04a8095ce320?s=96&d=mm&r=g\",\"contentUrl\":\"https:\/\/secure.gravatar.com\/avatar\/882da3b67056b0c608086d3c77de46948b64244a4c249e81e0bf04a8095ce320?s=96&d=mm&r=g\",\"caption\":\"Matt Berry\"}}]}<\/script>\n<!-- \/ Yoast SEO Premium plugin. -->","yoast_head_json":{"title":"\u00c0 quelques jours de notre premi\u00e8re Marche des tumeurs c\u00e9r\u00e9brales virtuelle - Fondation canadienne des tumeurs c\u00e9r\u00e9brales","description":"Nous voil\u00e0 \u00e0 quelques jours de notre premi\u00e8re Marche des tumeurs c\u00e9r\u00e9brales virtuelle! Nous devons vous avouer que nous sommes \u00e0 la fois excit\u00e9s et anxieux\u2026","robots":{"index":"index","follow":"follow","max-snippet":"max-snippet:-1","max-image-preview":"max-image-preview:large","max-video-preview":"max-video-preview:-1"},"canonical":"https:\/\/www.braintumour.ca\/fr\/blogue\/a-quelques-jours-de-notre-premiere-marchetumeurscerebralesvirtuelle\/","og_locale":"fr_CA","og_type":"article","og_title":"\u00c0 quelques jours de notre premi\u00e8re Marche des tumeurs c\u00e9r\u00e9brales virtuelle","og_description":"Nous voil\u00e0 \u00e0 quelques jours de notre premi\u00e8re Marche des tumeurs c\u00e9r\u00e9brales virtuelle! Nous devons vous avouer que nous sommes \u00e0 la fois excit\u00e9s et anxieux\u2026","og_url":"https:\/\/www.braintumour.ca\/fr\/blogue\/a-quelques-jours-de-notre-premiere-marchetumeurscerebralesvirtuelle\/","og_site_name":"Fondation canadienne des tumeurs c\u00e9r\u00e9brales","article_published_time":"2020-06-22T21:31:33+00:00","article_modified_time":"2020-06-23T20:54:10+00:00","og_image":[{"width":1500,"height":1500,"url":"https:\/\/www.braintumour.ca\/wp-content\/uploads\/2020\/06\/Virtual-BT-Walk-Ad-SOCIALS-FR-NEW-2-proof.jpg","type":"image\/jpeg"}],"author":"Matt Berry","twitter_card":"summary_large_image","twitter_misc":{"\u00c9crit par":"Matt Berry","Estimation du temps de lecture":"3 minutes"},"schema":{"@context":"https:\/\/schema.org","@graph":[{"@type":"Article","@id":"https:\/\/www.braintumour.ca\/fr\/blogue\/a-quelques-jours-de-notre-premiere-marchetumeurscerebralesvirtuelle\/#article","isPartOf":{"@id":"https:\/\/www.braintumour.ca\/fr\/blogue\/a-quelques-jours-de-notre-premiere-marchetumeurscerebralesvirtuelle\/"},"author":{"name":"Matt Berry","@id":"https:\/\/www.braintumour.ca\/fr\/#\/schema\/person\/7534b1b1d4da5d8e37af436b293eca3d"},"headline":"\u00c0 quelques jours de notre premi\u00e8re Marche des tumeurs c\u00e9r\u00e9brales virtuelle","datePublished":"2020-06-22T21:31:33+00:00","dateModified":"2020-06-23T20:54:10+00:00","mainEntityOfPage":{"@id":"https:\/\/www.braintumour.ca\/fr\/blogue\/a-quelques-jours-de-notre-premiere-marchetumeurscerebralesvirtuelle\/"},"wordCount":515,"image":{"@id":"https:\/\/www.braintumour.ca\/fr\/blogue\/a-quelques-jours-de-notre-premiere-marchetumeurscerebralesvirtuelle\/#primaryimage"},"thumbnailUrl":"https:\/\/www.braintumour.ca\/wp-content\/uploads\/2020\/06\/Virtual-BT-Walk-Ad-SOCIALS-FR-NEW-2-proof.jpg","keywords":["Fondation canadienne des tumeurs c\u00e9r\u00e9brales","#MarcheTumeursC\u00e9r\u00e9brales","Marche Tumeurs C\u00e9r\u00e9brales"],"articleSection":["Nouvelles","G\u00e9n\u00e9ral","Marche des tumeurs c\u00e9r\u00e9brales"],"inLanguage":"fr-CA"},{"@type":"WebPage","@id":"https:\/\/www.braintumour.ca\/fr\/blogue\/a-quelques-jours-de-notre-premiere-marchetumeurscerebralesvirtuelle\/","url":"https:\/\/www.braintumour.ca\/fr\/blogue\/a-quelques-jours-de-notre-premiere-marchetumeurscerebralesvirtuelle\/","name":"\u00c0 quelques jours de notre premi\u00e8re Marche des tumeurs c\u00e9r\u00e9brales virtuelle - Fondation canadienne des tumeurs c\u00e9r\u00e9brales","isPartOf":{"@id":"https:\/\/www.braintumour.ca\/fr\/#website"},"primaryImageOfPage":{"@id":"https:\/\/www.braintumour.ca\/fr\/blogue\/a-quelques-jours-de-notre-premiere-marchetumeurscerebralesvirtuelle\/#primaryimage"},"image":{"@id":"https:\/\/www.braintumour.ca\/fr\/blogue\/a-quelques-jours-de-notre-premiere-marchetumeurscerebralesvirtuelle\/#primaryimage"},"thumbnailUrl":"https:\/\/www.braintumour.ca\/wp-content\/uploads\/2020\/06\/Virtual-BT-Walk-Ad-SOCIALS-FR-NEW-2-proof.jpg","datePublished":"2020-06-22T21:31:33+00:00","dateModified":"2020-06-23T20:54:10+00:00","author":{"@id":"https:\/\/www.braintumour.ca\/fr\/#\/schema\/person\/7534b1b1d4da5d8e37af436b293eca3d"},"description":"Nous voil\u00e0 \u00e0 quelques jours de notre premi\u00e8re Marche des tumeurs c\u00e9r\u00e9brales virtuelle! Nous devons vous avouer que nous sommes \u00e0 la fois excit\u00e9s et anxieux\u2026","breadcrumb":{"@id":"https:\/\/www.braintumour.ca\/fr\/blogue\/a-quelques-jours-de-notre-premiere-marchetumeurscerebralesvirtuelle\/#breadcrumb"},"inLanguage":"fr-CA","potentialAction":[{"@type":"ReadAction","target":["https:\/\/www.braintumour.ca\/fr\/blogue\/a-quelques-jours-de-notre-premiere-marchetumeurscerebralesvirtuelle\/"]}]},{"@type":"ImageObject","inLanguage":"fr-CA","@id":"https:\/\/www.braintumour.ca\/fr\/blogue\/a-quelques-jours-de-notre-premiere-marchetumeurscerebralesvirtuelle\/#primaryimage","url":"https:\/\/www.braintumour.ca\/wp-content\/uploads\/2020\/06\/Virtual-BT-Walk-Ad-SOCIALS-FR-NEW-2-proof.jpg","contentUrl":"https:\/\/www.braintumour.ca\/wp-content\/uploads\/2020\/06\/Virtual-BT-Walk-Ad-SOCIALS-FR-NEW-2-proof.jpg","width":1500,"height":1500},{"@type":"BreadcrumbList","@id":"https:\/\/www.braintumour.ca\/fr\/blogue\/a-quelques-jours-de-notre-premiere-marchetumeurscerebralesvirtuelle\/#breadcrumb","itemListElement":[{"@type":"ListItem","position":1,"name":"Home","item":"https:\/\/www.braintumour.ca\/fr\/"},{"@type":"ListItem","position":2,"name":"\u00c0 quelques jours de notre premi\u00e8re Marche des tumeurs c\u00e9r\u00e9brales virtuelle"}]},{"@type":"WebSite","@id":"https:\/\/www.braintumour.ca\/fr\/#website","url":"https:\/\/www.braintumour.ca\/fr\/","name":"Fondation canadienne des tumeurs c\u00e9r\u00e9brales","description":"Notre mission est de venir en aide \u00e0 toutes les personnes touch\u00e9es par une tumeur c\u00e9r\u00e9brale au Canada par le biais de nos programmes d\u2019information, de soutien, d\u2019\u00e9ducation et de recherche.","potentialAction":[{"@type":"SearchAction","target":{"@type":"EntryPoint","urlTemplate":"https:\/\/www.braintumour.ca\/fr\/?s={search_term_string}"},"query-input":{"@type":"PropertyValueSpecification","valueRequired":true,"valueName":"search_term_string"}}],"inLanguage":"fr-CA"},{"@type":"Person","@id":"https:\/\/www.braintumour.ca\/fr\/#\/schema\/person\/7534b1b1d4da5d8e37af436b293eca3d","name":"Matt Berry","image":{"@type":"ImageObject","inLanguage":"fr-CA","@id":"https:\/\/www.braintumour.ca\/fr\/#\/schema\/person\/image\/","url":"https:\/\/secure.gravatar.com\/avatar\/882da3b67056b0c608086d3c77de46948b64244a4c249e81e0bf04a8095ce320?s=96&d=mm&r=g","contentUrl":"https:\/\/secure.gravatar.com\/avatar\/882da3b67056b0c608086d3c77de46948b64244a4c249e81e0bf04a8095ce320?s=96&d=mm&r=g","caption":"Matt Berry"}}]}},"_links":{"self":[{"href":"https:\/\/www.braintumour.ca\/fr\/wp-json\/wp\/v2\/posts\/5060","targetHints":{"allow":["GET"]}}],"collection":[{"href":"https:\/\/www.braintumour.ca\/fr\/wp-json\/wp\/v2\/posts"}],"about":[{"href":"https:\/\/www.braintumour.ca\/fr\/wp-json\/wp\/v2\/types\/post"}],"author":[{"embeddable":true,"href":"https:\/\/www.braintumour.ca\/fr\/wp-json\/wp\/v2\/users\/4"}],"replies":[{"embeddable":true,"href":"https:\/\/www.braintumour.ca\/fr\/wp-json\/wp\/v2\/comments?post=5060"}],"version-history":[{"count":0,"href":"https:\/\/www.braintumour.ca\/fr\/wp-json\/wp\/v2\/posts\/5060\/revisions"}],"wp:featuredmedia":[{"embeddable":true,"href":"https:\/\/www.braintumour.ca\/fr\/wp-json\/wp\/v2\/media\/5052"}],"wp:attachment":[{"href":"https:\/\/www.braintumour.ca\/fr\/wp-json\/wp\/v2\/media?parent=5060"}],"wp:term":[{"taxonomy":"category","embeddable":true,"href":"https:\/\/www.braintumour.ca\/fr\/wp-json\/wp\/v2\/categories?post=5060"},{"taxonomy":"post_tag","embeddable":true,"href":"https:\/\/www.braintumour.ca\/fr\/wp-json\/wp\/v2\/tags?post=5060"},{"taxonomy":"user_type","embeddable":true,"href":"https:\/\/www.braintumour.ca\/fr\/wp-json\/wp\/v2\/user_type?post=5060"},{"taxonomy":"locations","embeddable":true,"href":"https:\/\/www.braintumour.ca\/fr\/wp-json\/wp\/v2\/locations?post=5060"}],"curies":[{"name":"wp","href":"https:\/\/api.w.org\/{rel}","templated":true}]}}