{"id":5170,"date":"2020-07-14T16:50:51","date_gmt":"2020-07-14T20:50:51","guid":{"rendered":"https:\/\/www.braintumour.ca\/?p=5170"},"modified":"2020-07-16T19:23:31","modified_gmt":"2020-07-16T23:23:31","slug":"je-suis-une-survivante-une-guerriere","status":"publish","type":"post","link":"https:\/\/www.braintumour.ca\/fr\/temoignages\/marche-des-tumeurs-cerebrales\/je-suis-une-survivante-une-guerriere\/","title":{"rendered":"Je suis une survivante, une guerri\u00e8re!"},"content":{"rendered":"<p>C&rsquo;est la premi\u00e8re fois que je parle publiquement de la situation la plus difficile que j&rsquo;ai d\u00fb traverser.<\/p>\n<blockquote>\n<h5>Au Canada, 27 personnes par jour re\u00e7oivent un diagnostic de tumeur c\u00e9r\u00e9brale, j&rsquo;\u00e9tais l&rsquo;une de ces personnes&#8230;<\/h5>\n<\/blockquote>\n<p><img loading=\"lazy\" decoding=\"async\" class=\"alignleft wp-image-5177 size-medium\" src=\"https:\/\/www.braintumour.ca\/wp-content\/uploads\/2020\/07\/Screenshot_20200706-103222_Snapchat-1-e1594759735552-260x300.jpg\" alt=\"\" width=\"260\" height=\"300\" srcset=\"https:\/\/www.braintumour.ca\/wp-content\/uploads\/2020\/07\/Screenshot_20200706-103222_Snapchat-1-e1594759735552-260x300.jpg 260w, https:\/\/www.braintumour.ca\/wp-content\/uploads\/2020\/07\/Screenshot_20200706-103222_Snapchat-1-e1594759735552-889x1024.jpg 889w, https:\/\/www.braintumour.ca\/wp-content\/uploads\/2020\/07\/Screenshot_20200706-103222_Snapchat-1-e1594759735552-768x885.jpg 768w, https:\/\/www.braintumour.ca\/wp-content\/uploads\/2020\/07\/Screenshot_20200706-103222_Snapchat-1-e1594759735552-640x737.jpg 640w, https:\/\/www.braintumour.ca\/wp-content\/uploads\/2020\/07\/Screenshot_20200706-103222_Snapchat-1-e1594759735552-1024x1179.jpg 1024w, https:\/\/www.braintumour.ca\/wp-content\/uploads\/2020\/07\/Screenshot_20200706-103222_Snapchat-1-e1594759735552-938x1080.jpg 938w, https:\/\/www.braintumour.ca\/wp-content\/uploads\/2020\/07\/Screenshot_20200706-103222_Snapchat-1-e1594759735552.jpg 1080w\" sizes=\"auto, (max-width: 639px) 98vw, (max-width: 1199px) 64vw, 260px\" \/>Je n&rsquo;avais presqu&rsquo;aucun sympt\u00f4me, \u00e0 part peut-\u00eatre le fait que je restais parfois immobile pendant quelques secondes, mais cela ne me pr\u00e9occupait pas trop&#8230; Sauf que cela a commenc\u00e9 \u00e0 se produire de plus en plus souvent et j&rsquo;ai donc d\u00e9cid\u00e9 d&rsquo;en parler \u00e0 mon \u00e9poux. Il m&rsquo;a conseill\u00e9 de prendre un rendez-vous avec notre m\u00e9decin de famille. Quelques jours plus tard, ma coll\u00e8gue de travail m&rsquo;a vu durant une de mes crises. C&rsquo;\u00e9tait la premi\u00e8re fois que quelqu&rsquo;un me voyait pendant une crise. Effray\u00e9e, elle m&rsquo;a fortement recommand\u00e9 d&rsquo;aller voir un m\u00e9decin, car l&rsquo;expression sur mon visage lui rappelait l&rsquo;expression qu&rsquo;avait eu son p\u00e8re lorsqu&rsquo;il a eu un accident vasculaire. Cela m&rsquo;a effray\u00e9e aussi, alors d\u00e8s le lendemain, j&rsquo;ai appel\u00e9 mon m\u00e9decin de famille, qui m&rsquo;a donn\u00e9 un rendez-vous le plus t\u00f4t possible. Pendant mon rendez-vous chez le m\u00e9decin, j&rsquo;ai v\u00e9cu un \u00e9pisode de crise, il m&rsquo;a dit que je venais de faire une crise \u00e9pileptique. Il m&rsquo;a envoy\u00e9 faire un scan imm\u00e9diatement&#8230;<\/p>\n<p>En quelques jours, ma vie a \u00e9t\u00e9 boulevers\u00e9e&#8230; C&rsquo;\u00e9tait comme un cauchemar, je sentais comme si je tombais dans le vide &#8230; Je me posais un million de questions&#8230; Cette nuit-l\u00e0, je suis rentr\u00e9e \u00e0 la maison, confuse, en larmes. La seule chose \u00e0 laquelle je pensais c&rsquo;\u00e9tait mes enfants. Ils dormaient d\u00e9j\u00e0, je suis all\u00e9e jeter un coup d&rsquo;\u0153il dans leur chambre&#8230; C&rsquo;est \u00e0 ce moment pr\u00e9cis que je me suis dit: \u00ab\u00a0Je vais m&rsquo;en sortir parce qu&rsquo;ils sont ma vie et ils ont besoin de leur maman.\u00a0\u00bb<\/p>\n<p><img loading=\"lazy\" decoding=\"async\" class=\"size-medium wp-image-5175 alignright\" src=\"https:\/\/www.braintumour.ca\/wp-content\/uploads\/2020\/07\/20200627_162958-300x225.jpg\" alt=\"\" width=\"300\" height=\"225\" srcset=\"https:\/\/www.braintumour.ca\/wp-content\/uploads\/2020\/07\/20200627_162958-300x225.jpg 300w, https:\/\/www.braintumour.ca\/wp-content\/uploads\/2020\/07\/20200627_162958-1024x768.jpg 1024w, https:\/\/www.braintumour.ca\/wp-content\/uploads\/2020\/07\/20200627_162958-768x576.jpg 768w, https:\/\/www.braintumour.ca\/wp-content\/uploads\/2020\/07\/20200627_162958-1536x1152.jpg 1536w, https:\/\/www.braintumour.ca\/wp-content\/uploads\/2020\/07\/20200627_162958-2048x1536.jpg 2048w, https:\/\/www.braintumour.ca\/wp-content\/uploads\/2020\/07\/20200627_162958-640x480.jpg 640w, https:\/\/www.braintumour.ca\/wp-content\/uploads\/2020\/07\/20200627_162958-1200x900.jpg 1200w, https:\/\/www.braintumour.ca\/wp-content\/uploads\/2020\/07\/20200627_162958-1920x1440.jpg 1920w, https:\/\/www.braintumour.ca\/wp-content\/uploads\/2020\/07\/20200627_162958-1440x1080.jpg 1440w\" sizes=\"auto, (max-width: 639px) 98vw, (max-width: 1199px) 64vw, 300px\" \/>J&rsquo;ai eu une chirurgie c\u00e9r\u00e9brale, ma tumeur mesurait 6 cm. Mon neurochirurgien nous a dit que la chirurgie aller durer 4 heures et qu&rsquo;il allait retirer environ 60% de la tumeur \u00e0 cause de la position. Finalment, la chirurgie a dur\u00e9 10 heures et il a put enlever 90% de la masse. Pour \u00e9liminer le 10% restant, j&rsquo;ai d\u00fb faire des traitements de radioth\u00e9rapie et de chimioth\u00e9rapie. Malheureusement, j&rsquo;ai d\u00fb arr\u00eater la chimio, car le traitement s&rsquo;attaquait \u00e0 ma mo\u00eblle osseuse et mon syst\u00e8me immunitaire \u00e9tait tomb\u00e9 \u00e0 z\u00e9ro. Pendant plusieurs mois, j&rsquo;ai d\u00fb faire de nombreuses transfusions de plaquettes et de globules rouges.<\/p>\n<blockquote>\n<h5>Aujourd&rsquo;hui, je suis une SURVIVANTE, une GUERRI\u00c8RE et je dois continuer \u00e0 me battre, non seulement pour mes enfants, mais aussi pour mon mari, pour ma famille et pour mes amis!<\/h5>\n<\/blockquote>\n<p><img loading=\"lazy\" decoding=\"async\" class=\"size-medium wp-image-5171 alignleft\" src=\"https:\/\/www.braintumour.ca\/wp-content\/uploads\/2020\/07\/20191021_160408-261x300.jpg\" alt=\"\" width=\"261\" height=\"300\" srcset=\"https:\/\/www.braintumour.ca\/wp-content\/uploads\/2020\/07\/20191021_160408-261x300.jpg 261w, https:\/\/www.braintumour.ca\/wp-content\/uploads\/2020\/07\/20191021_160408-891x1024.jpg 891w, https:\/\/www.braintumour.ca\/wp-content\/uploads\/2020\/07\/20191021_160408-768x883.jpg 768w, https:\/\/www.braintumour.ca\/wp-content\/uploads\/2020\/07\/20191021_160408-1337x1536.jpg 1337w, https:\/\/www.braintumour.ca\/wp-content\/uploads\/2020\/07\/20191021_160408-1782x2048.jpg 1782w, https:\/\/www.braintumour.ca\/wp-content\/uploads\/2020\/07\/20191021_160408-640x735.jpg 640w, https:\/\/www.braintumour.ca\/wp-content\/uploads\/2020\/07\/20191021_160408-1024x1177.jpg 1024w, https:\/\/www.braintumour.ca\/wp-content\/uploads\/2020\/07\/20191021_160408-1200x1379.jpg 1200w, https:\/\/www.braintumour.ca\/wp-content\/uploads\/2020\/07\/20191021_160408-1920x2206.jpg 1920w, https:\/\/www.braintumour.ca\/wp-content\/uploads\/2020\/07\/20191021_160408-1253x1440.jpg 1253w, https:\/\/www.braintumour.ca\/wp-content\/uploads\/2020\/07\/20191021_160408-940x1080.jpg 940w\" sizes=\"auto, (max-width: 639px) 98vw, (max-width: 1199px) 64vw, 261px\" \/>Ils ne m&rsquo;ont jamais abandonn\u00e9, je ne me suis jamais sentie seule, merci mille fois pour tout cet amour! Mon neurochirurgien, mes neurologues, les infirmiers, etc&#8230; MERCI!<\/p>\n<p>Ma foi est puissante et mon Dieu est mon bouclier, il me prend par la main et \u00e0 ses c\u00f4t\u00e9s je continuerai \u00e0 me battre avec une grande force.<\/p>\n<p>Nous avons march\u00e9 ensemble lors de notre #MarcheTumeursC\u00e9r\u00e9bralesVirtuelle et gr\u00e2ce \u00e0 mon \u00e9quipe, les GUERREROS <em>(GUERRIERS<\/em>), nous avons pu faire un beau don \u00e0 la fondation, pour aider \u00e0 trouver un rem\u00e8de \u00e0 la maladie. <img loading=\"lazy\" decoding=\"async\" class=\"size-medium wp-image-5173 alignright\" src=\"https:\/\/www.braintumour.ca\/wp-content\/uploads\/2020\/07\/20200627_160839-225x300.jpg\" alt=\"\" width=\"225\" height=\"300\" srcset=\"https:\/\/www.braintumour.ca\/wp-content\/uploads\/2020\/07\/20200627_160839-225x300.jpg 225w, https:\/\/www.braintumour.ca\/wp-content\/uploads\/2020\/07\/20200627_160839-768x1024.jpg 768w, https:\/\/www.braintumour.ca\/wp-content\/uploads\/2020\/07\/20200627_160839-1152x1536.jpg 1152w, https:\/\/www.braintumour.ca\/wp-content\/uploads\/2020\/07\/20200627_160839-1536x2048.jpg 1536w, https:\/\/www.braintumour.ca\/wp-content\/uploads\/2020\/07\/20200627_160839-640x853.jpg 640w, https:\/\/www.braintumour.ca\/wp-content\/uploads\/2020\/07\/20200627_160839-1024x1365.jpg 1024w, https:\/\/www.braintumour.ca\/wp-content\/uploads\/2020\/07\/20200627_160839-1200x1600.jpg 1200w, https:\/\/www.braintumour.ca\/wp-content\/uploads\/2020\/07\/20200627_160839-scaled.jpg 1920w, https:\/\/www.braintumour.ca\/wp-content\/uploads\/2020\/07\/20200627_160839-1080x1440.jpg 1080w, https:\/\/www.braintumour.ca\/wp-content\/uploads\/2020\/07\/20200627_160839-810x1080.jpg 810w\" sizes=\"auto, (max-width: 639px) 98vw, (max-width: 1199px) 64vw, 225px\" \/>L&rsquo;ann\u00e9e prochaine, nous serons de retour, toujours avec la force des \u00ab\u00a0Guerreros\u00a0\u00bb!<\/p>\n<blockquote>\n<h5>La vie nous surprend parfois avec des situations que nous pensons ne pas pouvoir surmonter&#8230; Mais OUI, on peut!! ON PEUT !!!<\/h5>\n<\/blockquote>\n<p>Ne baissez jamais les bras et faites confiance \u00e0 notre Dieu, parce qu&rsquo;il ne nous abandonne jamais. Et r\u00e9jouissons-nous pour chaque lev\u00e9 de soleil&#8230;<\/p>\n<p>&nbsp;<\/p>\n<p style=\"text-align: right;\"><strong>Linette Medina<\/strong>, survivante de tumeurs c\u00e9r\u00e9brale<\/p>\n","protected":false},"excerpt":{"rendered":"<p>Aujourd&rsquo;hui, je suis une SURVIVANTE, une GUERRI\u00c8RE et je dois continuer \u00e0 me battre, non seulement pour mes enfants, mais aussi pour mon mari, pour ma famille et pour mes amis!<\/p>\n","protected":false},"author":6,"featured_media":5173,"comment_status":"closed","ping_status":"closed","sticky":false,"template":"","format":"standard","meta":{"_acf_changed":false,"footnotes":""},"categories":[146,149,178],"tags":[],"user_type":[133],"locations":[193,242,159,194,272,160,195,273,161,196,274,162,197,275,182,198,276,183,199,277,184,200,278,185,201,279,186,202,187,203,188,204,189,205,190,206,191,207,192,208],"class_list":["post-5170","post","type-post","status-publish","format-standard","has-post-thumbnail","hentry","category-marche-des-tumeurs-cerebrales","category-adulte","category-communaute","user_type-patient-fr","locations-niagara-on-fr","locations-saint-isodore-qc-fr","locations-sudbury-fr","locations-north-bay-fr","locations-barrie-on-fr","locations-montreal","locations-ottawa-fr","locations-kingston-on-fr","locations-canada-wide-fr","locations-sarnia-on-fr","locations-sault-ste-marie-on-fr","locations-moncton-nb-fr","locations-saskatoon-fr","locations-burlington-on-fr","locations-ajax-on-fr","locations-toronto-fr","locations-paradise-nl-fr","locations-hamilton-fr","locations-vancouver-fr","locations-banff-fr","locations-calgary-fr","locations-victoria-fr","locations-regina-sk-fr","locations-edmonton-fr","locations-whitehorse-fr","locations-richmond-bc-fr","locations-fredericton-fr","locations-yellowknife-fr","locations-guelph-fr","locations-winnipeg-fr","locations-halifax-fr","locations-brampton-fr","locations-kitchener-fr","locations-belleville-fr","locations-london-fr","locations-windsor-fr","locations-mississauga-fr","locations-quebec-city-fr","locations-new-glasgow-ns-fr","locations-st-johns-fr"],"acf":[],"yoast_head":"<!-- This site is optimized with the Yoast SEO Premium plugin v27.0 (Yoast SEO v27.0) - https:\/\/yoast.com\/product\/yoast-seo-premium-wordpress\/ -->\n<title>Je suis une survivante, une guerri\u00e8re! - Fondation canadienne des tumeurs c\u00e9r\u00e9brales<\/title>\n<meta name=\"robots\" content=\"index, follow, max-snippet:-1, max-image-preview:large, max-video-preview:-1\" \/>\n<link rel=\"canonical\" href=\"https:\/\/www.braintumour.ca\/fr\/temoignages\/marche-des-tumeurs-cerebrales\/je-suis-une-survivante-une-guerriere\/\" \/>\n<meta property=\"og:locale\" content=\"fr_CA\" \/>\n<meta property=\"og:type\" content=\"article\" \/>\n<meta property=\"og:title\" content=\"Je suis une survivante, une guerri\u00e8re!\" \/>\n<meta property=\"og:description\" content=\"Aujourd&#039;hui, je suis une SURVIVANTE, une GUERRI\u00c8RE et je dois continuer \u00e0 me battre, non seulement pour mes enfants, mais aussi pour mon mari, pour ma famille et pour mes amis!\" \/>\n<meta property=\"og:url\" content=\"https:\/\/www.braintumour.ca\/fr\/temoignages\/marche-des-tumeurs-cerebrales\/je-suis-une-survivante-une-guerriere\/\" \/>\n<meta property=\"og:site_name\" content=\"Fondation canadienne des tumeurs c\u00e9r\u00e9brales\" \/>\n<meta property=\"article:published_time\" content=\"2020-07-14T20:50:51+00:00\" \/>\n<meta property=\"article:modified_time\" content=\"2020-07-16T23:23:31+00:00\" \/>\n<meta property=\"og:image\" content=\"https:\/\/www.braintumour.ca\/wp-content\/uploads\/2020\/07\/20200627_160839-scaled.jpg\" \/>\n\t<meta property=\"og:image:width\" content=\"1920\" \/>\n\t<meta property=\"og:image:height\" content=\"2560\" \/>\n\t<meta property=\"og:image:type\" content=\"image\/jpeg\" \/>\n<meta name=\"author\" content=\"Romina Ferro\" \/>\n<meta name=\"twitter:card\" content=\"summary_large_image\" \/>\n<meta name=\"twitter:label1\" content=\"\u00c9crit par\" \/>\n\t<meta name=\"twitter:data1\" content=\"Romina Ferro\" \/>\n\t<meta name=\"twitter:label2\" content=\"Estimation du temps de lecture\" \/>\n\t<meta name=\"twitter:data2\" content=\"3 minutes\" \/>\n<script type=\"application\/ld+json\" class=\"yoast-schema-graph\">{\"@context\":\"https:\/\/schema.org\",\"@graph\":[{\"@type\":\"Article\",\"@id\":\"https:\/\/www.braintumour.ca\/fr\/temoignages\/marche-des-tumeurs-cerebrales\/je-suis-une-survivante-une-guerriere\/#article\",\"isPartOf\":{\"@id\":\"https:\/\/www.braintumour.ca\/fr\/temoignages\/marche-des-tumeurs-cerebrales\/je-suis-une-survivante-une-guerriere\/\"},\"author\":{\"name\":\"Romina Ferro\",\"@id\":\"https:\/\/www.braintumour.ca\/fr\/#\/schema\/person\/10eabcb138f6aaa06827819a83da46bd\"},\"headline\":\"Je suis une survivante, une guerri\u00e8re!\",\"datePublished\":\"2020-07-14T20:50:51+00:00\",\"dateModified\":\"2020-07-16T23:23:31+00:00\",\"mainEntityOfPage\":{\"@id\":\"https:\/\/www.braintumour.ca\/fr\/temoignages\/marche-des-tumeurs-cerebrales\/je-suis-une-survivante-une-guerriere\/\"},\"wordCount\":645,\"image\":{\"@id\":\"https:\/\/www.braintumour.ca\/fr\/temoignages\/marche-des-tumeurs-cerebrales\/je-suis-une-survivante-une-guerriere\/#primaryimage\"},\"thumbnailUrl\":\"https:\/\/www.braintumour.ca\/wp-content\/uploads\/2020\/07\/20200627_160839-scaled.jpg\",\"articleSection\":[\"Marche des tumeurs c\u00e9r\u00e9brales\",\"Adulte\",\"Communaut\u00e9\"],\"inLanguage\":\"fr-CA\"},{\"@type\":\"WebPage\",\"@id\":\"https:\/\/www.braintumour.ca\/fr\/temoignages\/marche-des-tumeurs-cerebrales\/je-suis-une-survivante-une-guerriere\/\",\"url\":\"https:\/\/www.braintumour.ca\/fr\/temoignages\/marche-des-tumeurs-cerebrales\/je-suis-une-survivante-une-guerriere\/\",\"name\":\"Je suis une survivante, une guerri\u00e8re! - Fondation canadienne des tumeurs c\u00e9r\u00e9brales\",\"isPartOf\":{\"@id\":\"https:\/\/www.braintumour.ca\/fr\/#website\"},\"primaryImageOfPage\":{\"@id\":\"https:\/\/www.braintumour.ca\/fr\/temoignages\/marche-des-tumeurs-cerebrales\/je-suis-une-survivante-une-guerriere\/#primaryimage\"},\"image\":{\"@id\":\"https:\/\/www.braintumour.ca\/fr\/temoignages\/marche-des-tumeurs-cerebrales\/je-suis-une-survivante-une-guerriere\/#primaryimage\"},\"thumbnailUrl\":\"https:\/\/www.braintumour.ca\/wp-content\/uploads\/2020\/07\/20200627_160839-scaled.jpg\",\"datePublished\":\"2020-07-14T20:50:51+00:00\",\"dateModified\":\"2020-07-16T23:23:31+00:00\",\"author\":{\"@id\":\"https:\/\/www.braintumour.ca\/fr\/#\/schema\/person\/10eabcb138f6aaa06827819a83da46bd\"},\"breadcrumb\":{\"@id\":\"https:\/\/www.braintumour.ca\/fr\/temoignages\/marche-des-tumeurs-cerebrales\/je-suis-une-survivante-une-guerriere\/#breadcrumb\"},\"inLanguage\":\"fr-CA\",\"potentialAction\":[{\"@type\":\"ReadAction\",\"target\":[\"https:\/\/www.braintumour.ca\/fr\/temoignages\/marche-des-tumeurs-cerebrales\/je-suis-une-survivante-une-guerriere\/\"]}]},{\"@type\":\"ImageObject\",\"inLanguage\":\"fr-CA\",\"@id\":\"https:\/\/www.braintumour.ca\/fr\/temoignages\/marche-des-tumeurs-cerebrales\/je-suis-une-survivante-une-guerriere\/#primaryimage\",\"url\":\"https:\/\/www.braintumour.ca\/wp-content\/uploads\/2020\/07\/20200627_160839-scaled.jpg\",\"contentUrl\":\"https:\/\/www.braintumour.ca\/wp-content\/uploads\/2020\/07\/20200627_160839-scaled.jpg\",\"width\":1920,\"height\":2560},{\"@type\":\"BreadcrumbList\",\"@id\":\"https:\/\/www.braintumour.ca\/fr\/temoignages\/marche-des-tumeurs-cerebrales\/je-suis-une-survivante-une-guerriere\/#breadcrumb\",\"itemListElement\":[{\"@type\":\"ListItem\",\"position\":1,\"name\":\"Home\",\"item\":\"https:\/\/www.braintumour.ca\/fr\/\"},{\"@type\":\"ListItem\",\"position\":2,\"name\":\"Je suis une survivante, une guerri\u00e8re!\"}]},{\"@type\":\"WebSite\",\"@id\":\"https:\/\/www.braintumour.ca\/fr\/#website\",\"url\":\"https:\/\/www.braintumour.ca\/fr\/\",\"name\":\"Fondation canadienne des tumeurs c\u00e9r\u00e9brales\",\"description\":\"Notre mission est de venir en aide \u00e0 toutes les personnes touch\u00e9es par une tumeur c\u00e9r\u00e9brale au Canada par le biais de nos programmes d\u2019information, de soutien, d\u2019\u00e9ducation et de recherche.\",\"potentialAction\":[{\"@type\":\"SearchAction\",\"target\":{\"@type\":\"EntryPoint\",\"urlTemplate\":\"https:\/\/www.braintumour.ca\/fr\/?s={search_term_string}\"},\"query-input\":{\"@type\":\"PropertyValueSpecification\",\"valueRequired\":true,\"valueName\":\"search_term_string\"}}],\"inLanguage\":\"fr-CA\"},{\"@type\":\"Person\",\"@id\":\"https:\/\/www.braintumour.ca\/fr\/#\/schema\/person\/10eabcb138f6aaa06827819a83da46bd\",\"name\":\"Romina Ferro\",\"image\":{\"@type\":\"ImageObject\",\"inLanguage\":\"fr-CA\",\"@id\":\"https:\/\/www.braintumour.ca\/fr\/#\/schema\/person\/image\/\",\"url\":\"https:\/\/secure.gravatar.com\/avatar\/6d65880e08e70ff0466fe68772e56b61c75b5615974a3a17ec562bad6e31f7b5?s=96&d=mm&r=g\",\"contentUrl\":\"https:\/\/secure.gravatar.com\/avatar\/6d65880e08e70ff0466fe68772e56b61c75b5615974a3a17ec562bad6e31f7b5?s=96&d=mm&r=g\",\"caption\":\"Romina Ferro\"}}]}<\/script>\n<!-- \/ Yoast SEO Premium plugin. -->","yoast_head_json":{"title":"Je suis une survivante, une guerri\u00e8re! - Fondation canadienne des tumeurs c\u00e9r\u00e9brales","robots":{"index":"index","follow":"follow","max-snippet":"max-snippet:-1","max-image-preview":"max-image-preview:large","max-video-preview":"max-video-preview:-1"},"canonical":"https:\/\/www.braintumour.ca\/fr\/temoignages\/marche-des-tumeurs-cerebrales\/je-suis-une-survivante-une-guerriere\/","og_locale":"fr_CA","og_type":"article","og_title":"Je suis une survivante, une guerri\u00e8re!","og_description":"Aujourd'hui, je suis une SURVIVANTE, une GUERRI\u00c8RE et je dois continuer \u00e0 me battre, non seulement pour mes enfants, mais aussi pour mon mari, pour ma famille et pour mes amis!","og_url":"https:\/\/www.braintumour.ca\/fr\/temoignages\/marche-des-tumeurs-cerebrales\/je-suis-une-survivante-une-guerriere\/","og_site_name":"Fondation canadienne des tumeurs c\u00e9r\u00e9brales","article_published_time":"2020-07-14T20:50:51+00:00","article_modified_time":"2020-07-16T23:23:31+00:00","og_image":[{"width":1920,"height":2560,"url":"https:\/\/www.braintumour.ca\/wp-content\/uploads\/2020\/07\/20200627_160839-scaled.jpg","type":"image\/jpeg"}],"author":"Romina Ferro","twitter_card":"summary_large_image","twitter_misc":{"\u00c9crit par":"Romina Ferro","Estimation du temps de lecture":"3 minutes"},"schema":{"@context":"https:\/\/schema.org","@graph":[{"@type":"Article","@id":"https:\/\/www.braintumour.ca\/fr\/temoignages\/marche-des-tumeurs-cerebrales\/je-suis-une-survivante-une-guerriere\/#article","isPartOf":{"@id":"https:\/\/www.braintumour.ca\/fr\/temoignages\/marche-des-tumeurs-cerebrales\/je-suis-une-survivante-une-guerriere\/"},"author":{"name":"Romina Ferro","@id":"https:\/\/www.braintumour.ca\/fr\/#\/schema\/person\/10eabcb138f6aaa06827819a83da46bd"},"headline":"Je suis une survivante, une guerri\u00e8re!","datePublished":"2020-07-14T20:50:51+00:00","dateModified":"2020-07-16T23:23:31+00:00","mainEntityOfPage":{"@id":"https:\/\/www.braintumour.ca\/fr\/temoignages\/marche-des-tumeurs-cerebrales\/je-suis-une-survivante-une-guerriere\/"},"wordCount":645,"image":{"@id":"https:\/\/www.braintumour.ca\/fr\/temoignages\/marche-des-tumeurs-cerebrales\/je-suis-une-survivante-une-guerriere\/#primaryimage"},"thumbnailUrl":"https:\/\/www.braintumour.ca\/wp-content\/uploads\/2020\/07\/20200627_160839-scaled.jpg","articleSection":["Marche des tumeurs c\u00e9r\u00e9brales","Adulte","Communaut\u00e9"],"inLanguage":"fr-CA"},{"@type":"WebPage","@id":"https:\/\/www.braintumour.ca\/fr\/temoignages\/marche-des-tumeurs-cerebrales\/je-suis-une-survivante-une-guerriere\/","url":"https:\/\/www.braintumour.ca\/fr\/temoignages\/marche-des-tumeurs-cerebrales\/je-suis-une-survivante-une-guerriere\/","name":"Je suis une survivante, une guerri\u00e8re! - Fondation canadienne des tumeurs c\u00e9r\u00e9brales","isPartOf":{"@id":"https:\/\/www.braintumour.ca\/fr\/#website"},"primaryImageOfPage":{"@id":"https:\/\/www.braintumour.ca\/fr\/temoignages\/marche-des-tumeurs-cerebrales\/je-suis-une-survivante-une-guerriere\/#primaryimage"},"image":{"@id":"https:\/\/www.braintumour.ca\/fr\/temoignages\/marche-des-tumeurs-cerebrales\/je-suis-une-survivante-une-guerriere\/#primaryimage"},"thumbnailUrl":"https:\/\/www.braintumour.ca\/wp-content\/uploads\/2020\/07\/20200627_160839-scaled.jpg","datePublished":"2020-07-14T20:50:51+00:00","dateModified":"2020-07-16T23:23:31+00:00","author":{"@id":"https:\/\/www.braintumour.ca\/fr\/#\/schema\/person\/10eabcb138f6aaa06827819a83da46bd"},"breadcrumb":{"@id":"https:\/\/www.braintumour.ca\/fr\/temoignages\/marche-des-tumeurs-cerebrales\/je-suis-une-survivante-une-guerriere\/#breadcrumb"},"inLanguage":"fr-CA","potentialAction":[{"@type":"ReadAction","target":["https:\/\/www.braintumour.ca\/fr\/temoignages\/marche-des-tumeurs-cerebrales\/je-suis-une-survivante-une-guerriere\/"]}]},{"@type":"ImageObject","inLanguage":"fr-CA","@id":"https:\/\/www.braintumour.ca\/fr\/temoignages\/marche-des-tumeurs-cerebrales\/je-suis-une-survivante-une-guerriere\/#primaryimage","url":"https:\/\/www.braintumour.ca\/wp-content\/uploads\/2020\/07\/20200627_160839-scaled.jpg","contentUrl":"https:\/\/www.braintumour.ca\/wp-content\/uploads\/2020\/07\/20200627_160839-scaled.jpg","width":1920,"height":2560},{"@type":"BreadcrumbList","@id":"https:\/\/www.braintumour.ca\/fr\/temoignages\/marche-des-tumeurs-cerebrales\/je-suis-une-survivante-une-guerriere\/#breadcrumb","itemListElement":[{"@type":"ListItem","position":1,"name":"Home","item":"https:\/\/www.braintumour.ca\/fr\/"},{"@type":"ListItem","position":2,"name":"Je suis une survivante, une guerri\u00e8re!"}]},{"@type":"WebSite","@id":"https:\/\/www.braintumour.ca\/fr\/#website","url":"https:\/\/www.braintumour.ca\/fr\/","name":"Fondation canadienne des tumeurs c\u00e9r\u00e9brales","description":"Notre mission est de venir en aide \u00e0 toutes les personnes touch\u00e9es par une tumeur c\u00e9r\u00e9brale au Canada par le biais de nos programmes d\u2019information, de soutien, d\u2019\u00e9ducation et de recherche.","potentialAction":[{"@type":"SearchAction","target":{"@type":"EntryPoint","urlTemplate":"https:\/\/www.braintumour.ca\/fr\/?s={search_term_string}"},"query-input":{"@type":"PropertyValueSpecification","valueRequired":true,"valueName":"search_term_string"}}],"inLanguage":"fr-CA"},{"@type":"Person","@id":"https:\/\/www.braintumour.ca\/fr\/#\/schema\/person\/10eabcb138f6aaa06827819a83da46bd","name":"Romina Ferro","image":{"@type":"ImageObject","inLanguage":"fr-CA","@id":"https:\/\/www.braintumour.ca\/fr\/#\/schema\/person\/image\/","url":"https:\/\/secure.gravatar.com\/avatar\/6d65880e08e70ff0466fe68772e56b61c75b5615974a3a17ec562bad6e31f7b5?s=96&d=mm&r=g","contentUrl":"https:\/\/secure.gravatar.com\/avatar\/6d65880e08e70ff0466fe68772e56b61c75b5615974a3a17ec562bad6e31f7b5?s=96&d=mm&r=g","caption":"Romina Ferro"}}]}},"_links":{"self":[{"href":"https:\/\/www.braintumour.ca\/fr\/wp-json\/wp\/v2\/posts\/5170","targetHints":{"allow":["GET"]}}],"collection":[{"href":"https:\/\/www.braintumour.ca\/fr\/wp-json\/wp\/v2\/posts"}],"about":[{"href":"https:\/\/www.braintumour.ca\/fr\/wp-json\/wp\/v2\/types\/post"}],"author":[{"embeddable":true,"href":"https:\/\/www.braintumour.ca\/fr\/wp-json\/wp\/v2\/users\/6"}],"replies":[{"embeddable":true,"href":"https:\/\/www.braintumour.ca\/fr\/wp-json\/wp\/v2\/comments?post=5170"}],"version-history":[{"count":0,"href":"https:\/\/www.braintumour.ca\/fr\/wp-json\/wp\/v2\/posts\/5170\/revisions"}],"wp:featuredmedia":[{"embeddable":true,"href":"https:\/\/www.braintumour.ca\/fr\/wp-json\/wp\/v2\/media\/5173"}],"wp:attachment":[{"href":"https:\/\/www.braintumour.ca\/fr\/wp-json\/wp\/v2\/media?parent=5170"}],"wp:term":[{"taxonomy":"category","embeddable":true,"href":"https:\/\/www.braintumour.ca\/fr\/wp-json\/wp\/v2\/categories?post=5170"},{"taxonomy":"post_tag","embeddable":true,"href":"https:\/\/www.braintumour.ca\/fr\/wp-json\/wp\/v2\/tags?post=5170"},{"taxonomy":"user_type","embeddable":true,"href":"https:\/\/www.braintumour.ca\/fr\/wp-json\/wp\/v2\/user_type?post=5170"},{"taxonomy":"locations","embeddable":true,"href":"https:\/\/www.braintumour.ca\/fr\/wp-json\/wp\/v2\/locations?post=5170"}],"curies":[{"name":"wp","href":"https:\/\/api.w.org\/{rel}","templated":true}]}}