{"id":5180,"date":"2020-07-08T14:06:54","date_gmt":"2020-07-08T18:06:54","guid":{"rendered":"https:\/\/www.braintumour.ca\/non-classifiee\/rising-to-the-challenge-of-changing-times-for-our-2020-walk\/"},"modified":"2020-07-14T17:38:35","modified_gmt":"2020-07-14T21:38:35","slug":"tout-un-succes-pour-notre-marche-des-tumeurs-cerebrales-virtuelle","status":"publish","type":"post","link":"https:\/\/www.braintumour.ca\/fr\/temoignages\/marche-des-tumeurs-cerebrales\/tout-un-succes-pour-notre-marche-des-tumeurs-cerebrales-virtuelle\/","title":{"rendered":"Tout un succ\u00e8s pour notre Marche des tumeurs c\u00e9r\u00e9brales virtuelle!"},"content":{"rendered":"<h5>Il nous \u00e9tait impossible de pr\u00e9voir les circonstances menant \u00e0 notre premi\u00e8re Marche des tumeurs c\u00e9r\u00e9brales virtuelle, mais le soutien que nous avons re\u00e7u de la part de plus de 3 600 marcheurs est plus que ce que nous aurions pu esp\u00e9rer!<\/h5>\n<p>Le 27 juin 2020, plus de <strong>3600 d&rsquo;entre vous<\/strong> vous \u00eates r\u00e9unis afin de comm\u00e9morer, c\u00e9l\u00e9brer et faire des pas pour que les personnes touch\u00e9es par une tumeur c\u00e9r\u00e9brale ne marchent pas seules. Vous avez partag\u00e9 vos photos et vid\u00e9os accompagn\u00e9es du mot-clic #MarcheTumeursC\u00e9r\u00e9bralesVirtuelle afin de sensibiliser, donner de l&rsquo;espoir et recueillir des fonds.\u00a0 Vous avez aid\u00e9 \u00e0 recueillir <strong>plus de 1.1 millions $<\/strong> et le montant continuera d&rsquo;augmenter au cours des prochaines semaines!<\/p>\n<p>Merci d&rsquo;avoir assist\u00e9 \u00e0 notre c\u00e9r\u00e9monie d&rsquo;ouverture virtuelle et d&rsquo;avoir partag\u00e9 vos moments de c\u00e9l\u00e9bration. Merci \u00e9galement \u00e0 notre h\u00f4te Alan Cross d&rsquo;avoir anim\u00e9 l&rsquo;\u00e9v\u00e9nement.<\/p>\n<p>Cette ann\u00e9e f\u00fbt une ann\u00e9e bien diff\u00e9rente, il n&rsquo;y a aucun doute. Malgr\u00e9 le fait que nous n&rsquo;ayons pas pu nous r\u00e9unir physiquement, nous sommes heureux d&rsquo;avoir pu voir vos visages souriants en ligne, alors que vous faisiez vos pas en famille ou entre amis! Merci d&rsquo;avoir partag\u00e9 vos photos et vid\u00e9os sur les r\u00e9seaux sociaux accompagn\u00e9es du mot-clic #MarcheTumeursC\u00e9r\u00e9bralesVirtuelle! <strong>Gr\u00e2ce \u00e0 vous, notre commanditaire de mot-clic Al&rsquo;s Flower Pouch de A.M.A. nous a fait un don de 5000$.<\/strong><\/p>\n<p><strong>Alors que cette ann\u00e9e, tout aurait pu mal tourner, nous avons fait de notre mieux afin de continuer \u00e0 vous soutenir&#8230; M\u00eame si cela signifie TOUT changer!<\/strong><\/p>\n<p>Vous avez donn\u00e9 l&rsquo;exemple, en nous montrant, ainsi qu&rsquo;\u00e0 l&rsquo;ensemble du pays, que les membres de notre communaut\u00e9 se soucient des uns et des autres, et que personne ne doit souffrir en silence.<\/p>\n<p>Merci Canada.<\/p>\n","protected":false},"excerpt":{"rendered":"<p>Il nous \u00e9tait impossible de pr\u00e9voir les circonstances menant \u00e0 notre premi\u00e8re Marche des tumeurs c\u00e9r\u00e9brales virtuelle, mais le soutien que nous avons re\u00e7u de la part de plus de 3 600 marcheurs est plus que ce que nous aurions pu esp\u00e9rer!<\/p>\n","protected":false},"author":4,"featured_media":5124,"comment_status":"closed","ping_status":"closed","sticky":false,"template":"","format":"standard","meta":{"_acf_changed":false,"footnotes":""},"categories":[138,146],"tags":[214,286],"user_type":[],"locations":[161],"class_list":["post-5180","post","type-post","status-publish","format-standard","has-post-thumbnail","hentry","category-blogue","category-marche-des-tumeurs-cerebrales","tag-brain-tumour-foundation-of-canada-fr","tag-virtual-brain-tumour-walk-fr","locations-canada-wide-fr"],"acf":[],"yoast_head":"<!-- This site is optimized with the Yoast SEO Premium plugin v27.0 (Yoast SEO v27.0) - https:\/\/yoast.com\/product\/yoast-seo-premium-wordpress\/ -->\n<title>Tout un succ\u00e8s pour notre Marche des tumeurs c\u00e9r\u00e9brales virtuelle! - Fondation canadienne des tumeurs c\u00e9r\u00e9brales<\/title>\n<meta name=\"description\" content=\"Il nous \u00e9tait impossible de pr\u00e9voir les circonstances menant \u00e0 notre premi\u00e8re Marche des tumeurs c\u00e9r\u00e9brales virtuelle, mais le soutien que nous avons re\u00e7u de la part de plus de 3 600 marcheurs est plus que ce que nous aurions pu esp\u00e9rer!\" \/>\n<meta name=\"robots\" content=\"index, follow, max-snippet:-1, max-image-preview:large, max-video-preview:-1\" \/>\n<link rel=\"canonical\" href=\"https:\/\/www.braintumour.ca\/fr\/temoignages\/marche-des-tumeurs-cerebrales\/tout-un-succes-pour-notre-marche-des-tumeurs-cerebrales-virtuelle\/\" \/>\n<meta property=\"og:locale\" content=\"fr_CA\" \/>\n<meta property=\"og:type\" content=\"article\" \/>\n<meta property=\"og:title\" content=\"Tout un succ\u00e8s pour notre Marche des tumeurs c\u00e9r\u00e9brales virtuelle!\" \/>\n<meta property=\"og:description\" content=\"Il nous \u00e9tait impossible de pr\u00e9voir les circonstances menant \u00e0 notre premi\u00e8re Marche des tumeurs c\u00e9r\u00e9brales virtuelle, mais le soutien que nous avons re\u00e7u de la part de plus de 3 600 marcheurs est plus que ce que nous aurions pu esp\u00e9rer!\" \/>\n<meta property=\"og:url\" content=\"https:\/\/www.braintumour.ca\/fr\/temoignages\/marche-des-tumeurs-cerebrales\/tout-un-succes-pour-notre-marche-des-tumeurs-cerebrales-virtuelle\/\" \/>\n<meta property=\"og:site_name\" content=\"Fondation canadienne des tumeurs c\u00e9r\u00e9brales\" \/>\n<meta property=\"article:published_time\" content=\"2020-07-08T18:06:54+00:00\" \/>\n<meta property=\"article:modified_time\" content=\"2020-07-14T21:38:35+00:00\" \/>\n<meta property=\"og:image\" content=\"https:\/\/www.braintumour.ca\/wp-content\/uploads\/2020\/06\/VBTW-COLLAGE.jpg\" \/>\n\t<meta property=\"og:image:width\" content=\"1800\" \/>\n\t<meta property=\"og:image:height\" content=\"1200\" \/>\n\t<meta property=\"og:image:type\" content=\"image\/jpeg\" \/>\n<meta name=\"author\" content=\"Matt Berry\" \/>\n<meta name=\"twitter:card\" content=\"summary_large_image\" \/>\n<meta name=\"twitter:label1\" content=\"\u00c9crit par\" \/>\n\t<meta name=\"twitter:data1\" content=\"Matt Berry\" \/>\n\t<meta name=\"twitter:label2\" content=\"Estimation du temps de lecture\" \/>\n\t<meta name=\"twitter:data2\" content=\"2 minutes\" \/>\n<script type=\"application\/ld+json\" class=\"yoast-schema-graph\">{\"@context\":\"https:\/\/schema.org\",\"@graph\":[{\"@type\":\"Article\",\"@id\":\"https:\/\/www.braintumour.ca\/fr\/temoignages\/marche-des-tumeurs-cerebrales\/tout-un-succes-pour-notre-marche-des-tumeurs-cerebrales-virtuelle\/#article\",\"isPartOf\":{\"@id\":\"https:\/\/www.braintumour.ca\/fr\/temoignages\/marche-des-tumeurs-cerebrales\/tout-un-succes-pour-notre-marche-des-tumeurs-cerebrales-virtuelle\/\"},\"author\":{\"name\":\"Matt Berry\",\"@id\":\"https:\/\/www.braintumour.ca\/fr\/#\/schema\/person\/7534b1b1d4da5d8e37af436b293eca3d\"},\"headline\":\"Tout un succ\u00e8s pour notre Marche des tumeurs c\u00e9r\u00e9brales virtuelle!\",\"datePublished\":\"2020-07-08T18:06:54+00:00\",\"dateModified\":\"2020-07-14T21:38:35+00:00\",\"mainEntityOfPage\":{\"@id\":\"https:\/\/www.braintumour.ca\/fr\/temoignages\/marche-des-tumeurs-cerebrales\/tout-un-succes-pour-notre-marche-des-tumeurs-cerebrales-virtuelle\/\"},\"wordCount\":334,\"image\":{\"@id\":\"https:\/\/www.braintumour.ca\/fr\/temoignages\/marche-des-tumeurs-cerebrales\/tout-un-succes-pour-notre-marche-des-tumeurs-cerebrales-virtuelle\/#primaryimage\"},\"thumbnailUrl\":\"https:\/\/www.braintumour.ca\/wp-content\/uploads\/2020\/06\/VBTW-COLLAGE.jpg\",\"keywords\":[\"brain tumour foundation of canada\",\"virtual brain tumour walk\"],\"articleSection\":[\"Nouvelles\",\"Marche des tumeurs c\u00e9r\u00e9brales\"],\"inLanguage\":\"fr-CA\"},{\"@type\":\"WebPage\",\"@id\":\"https:\/\/www.braintumour.ca\/fr\/temoignages\/marche-des-tumeurs-cerebrales\/tout-un-succes-pour-notre-marche-des-tumeurs-cerebrales-virtuelle\/\",\"url\":\"https:\/\/www.braintumour.ca\/fr\/temoignages\/marche-des-tumeurs-cerebrales\/tout-un-succes-pour-notre-marche-des-tumeurs-cerebrales-virtuelle\/\",\"name\":\"Tout un succ\u00e8s pour notre Marche des tumeurs c\u00e9r\u00e9brales virtuelle! - Fondation canadienne des tumeurs c\u00e9r\u00e9brales\",\"isPartOf\":{\"@id\":\"https:\/\/www.braintumour.ca\/fr\/#website\"},\"primaryImageOfPage\":{\"@id\":\"https:\/\/www.braintumour.ca\/fr\/temoignages\/marche-des-tumeurs-cerebrales\/tout-un-succes-pour-notre-marche-des-tumeurs-cerebrales-virtuelle\/#primaryimage\"},\"image\":{\"@id\":\"https:\/\/www.braintumour.ca\/fr\/temoignages\/marche-des-tumeurs-cerebrales\/tout-un-succes-pour-notre-marche-des-tumeurs-cerebrales-virtuelle\/#primaryimage\"},\"thumbnailUrl\":\"https:\/\/www.braintumour.ca\/wp-content\/uploads\/2020\/06\/VBTW-COLLAGE.jpg\",\"datePublished\":\"2020-07-08T18:06:54+00:00\",\"dateModified\":\"2020-07-14T21:38:35+00:00\",\"author\":{\"@id\":\"https:\/\/www.braintumour.ca\/fr\/#\/schema\/person\/7534b1b1d4da5d8e37af436b293eca3d\"},\"description\":\"Il nous \u00e9tait impossible de pr\u00e9voir les circonstances menant \u00e0 notre premi\u00e8re Marche des tumeurs c\u00e9r\u00e9brales virtuelle, mais le soutien que nous avons re\u00e7u de la part de plus de 3 600 marcheurs est plus que ce que nous aurions pu esp\u00e9rer!\",\"breadcrumb\":{\"@id\":\"https:\/\/www.braintumour.ca\/fr\/temoignages\/marche-des-tumeurs-cerebrales\/tout-un-succes-pour-notre-marche-des-tumeurs-cerebrales-virtuelle\/#breadcrumb\"},\"inLanguage\":\"fr-CA\",\"potentialAction\":[{\"@type\":\"ReadAction\",\"target\":[\"https:\/\/www.braintumour.ca\/fr\/temoignages\/marche-des-tumeurs-cerebrales\/tout-un-succes-pour-notre-marche-des-tumeurs-cerebrales-virtuelle\/\"]}]},{\"@type\":\"ImageObject\",\"inLanguage\":\"fr-CA\",\"@id\":\"https:\/\/www.braintumour.ca\/fr\/temoignages\/marche-des-tumeurs-cerebrales\/tout-un-succes-pour-notre-marche-des-tumeurs-cerebrales-virtuelle\/#primaryimage\",\"url\":\"https:\/\/www.braintumour.ca\/wp-content\/uploads\/2020\/06\/VBTW-COLLAGE.jpg\",\"contentUrl\":\"https:\/\/www.braintumour.ca\/wp-content\/uploads\/2020\/06\/VBTW-COLLAGE.jpg\",\"width\":1800,\"height\":1200},{\"@type\":\"BreadcrumbList\",\"@id\":\"https:\/\/www.braintumour.ca\/fr\/temoignages\/marche-des-tumeurs-cerebrales\/tout-un-succes-pour-notre-marche-des-tumeurs-cerebrales-virtuelle\/#breadcrumb\",\"itemListElement\":[{\"@type\":\"ListItem\",\"position\":1,\"name\":\"Home\",\"item\":\"https:\/\/www.braintumour.ca\/fr\/\"},{\"@type\":\"ListItem\",\"position\":2,\"name\":\"Tout un succ\u00e8s pour notre Marche des tumeurs c\u00e9r\u00e9brales virtuelle!\"}]},{\"@type\":\"WebSite\",\"@id\":\"https:\/\/www.braintumour.ca\/fr\/#website\",\"url\":\"https:\/\/www.braintumour.ca\/fr\/\",\"name\":\"Fondation canadienne des tumeurs c\u00e9r\u00e9brales\",\"description\":\"Notre mission est de venir en aide \u00e0 toutes les personnes touch\u00e9es par une tumeur c\u00e9r\u00e9brale au Canada par le biais de nos programmes d\u2019information, de soutien, d\u2019\u00e9ducation et de recherche.\",\"potentialAction\":[{\"@type\":\"SearchAction\",\"target\":{\"@type\":\"EntryPoint\",\"urlTemplate\":\"https:\/\/www.braintumour.ca\/fr\/?s={search_term_string}\"},\"query-input\":{\"@type\":\"PropertyValueSpecification\",\"valueRequired\":true,\"valueName\":\"search_term_string\"}}],\"inLanguage\":\"fr-CA\"},{\"@type\":\"Person\",\"@id\":\"https:\/\/www.braintumour.ca\/fr\/#\/schema\/person\/7534b1b1d4da5d8e37af436b293eca3d\",\"name\":\"Matt Berry\",\"image\":{\"@type\":\"ImageObject\",\"inLanguage\":\"fr-CA\",\"@id\":\"https:\/\/www.braintumour.ca\/fr\/#\/schema\/person\/image\/\",\"url\":\"https:\/\/secure.gravatar.com\/avatar\/882da3b67056b0c608086d3c77de46948b64244a4c249e81e0bf04a8095ce320?s=96&d=mm&r=g\",\"contentUrl\":\"https:\/\/secure.gravatar.com\/avatar\/882da3b67056b0c608086d3c77de46948b64244a4c249e81e0bf04a8095ce320?s=96&d=mm&r=g\",\"caption\":\"Matt Berry\"}}]}<\/script>\n<!-- \/ Yoast SEO Premium plugin. -->","yoast_head_json":{"title":"Tout un succ\u00e8s pour notre Marche des tumeurs c\u00e9r\u00e9brales virtuelle! - Fondation canadienne des tumeurs c\u00e9r\u00e9brales","description":"Il nous \u00e9tait impossible de pr\u00e9voir les circonstances menant \u00e0 notre premi\u00e8re Marche des tumeurs c\u00e9r\u00e9brales virtuelle, mais le soutien que nous avons re\u00e7u de la part de plus de 3 600 marcheurs est plus que ce que nous aurions pu esp\u00e9rer!","robots":{"index":"index","follow":"follow","max-snippet":"max-snippet:-1","max-image-preview":"max-image-preview:large","max-video-preview":"max-video-preview:-1"},"canonical":"https:\/\/www.braintumour.ca\/fr\/temoignages\/marche-des-tumeurs-cerebrales\/tout-un-succes-pour-notre-marche-des-tumeurs-cerebrales-virtuelle\/","og_locale":"fr_CA","og_type":"article","og_title":"Tout un succ\u00e8s pour notre Marche des tumeurs c\u00e9r\u00e9brales virtuelle!","og_description":"Il nous \u00e9tait impossible de pr\u00e9voir les circonstances menant \u00e0 notre premi\u00e8re Marche des tumeurs c\u00e9r\u00e9brales virtuelle, mais le soutien que nous avons re\u00e7u de la part de plus de 3 600 marcheurs est plus que ce que nous aurions pu esp\u00e9rer!","og_url":"https:\/\/www.braintumour.ca\/fr\/temoignages\/marche-des-tumeurs-cerebrales\/tout-un-succes-pour-notre-marche-des-tumeurs-cerebrales-virtuelle\/","og_site_name":"Fondation canadienne des tumeurs c\u00e9r\u00e9brales","article_published_time":"2020-07-08T18:06:54+00:00","article_modified_time":"2020-07-14T21:38:35+00:00","og_image":[{"width":1800,"height":1200,"url":"https:\/\/www.braintumour.ca\/wp-content\/uploads\/2020\/06\/VBTW-COLLAGE.jpg","type":"image\/jpeg"}],"author":"Matt Berry","twitter_card":"summary_large_image","twitter_misc":{"\u00c9crit par":"Matt Berry","Estimation du temps de lecture":"2 minutes"},"schema":{"@context":"https:\/\/schema.org","@graph":[{"@type":"Article","@id":"https:\/\/www.braintumour.ca\/fr\/temoignages\/marche-des-tumeurs-cerebrales\/tout-un-succes-pour-notre-marche-des-tumeurs-cerebrales-virtuelle\/#article","isPartOf":{"@id":"https:\/\/www.braintumour.ca\/fr\/temoignages\/marche-des-tumeurs-cerebrales\/tout-un-succes-pour-notre-marche-des-tumeurs-cerebrales-virtuelle\/"},"author":{"name":"Matt Berry","@id":"https:\/\/www.braintumour.ca\/fr\/#\/schema\/person\/7534b1b1d4da5d8e37af436b293eca3d"},"headline":"Tout un succ\u00e8s pour notre Marche des tumeurs c\u00e9r\u00e9brales virtuelle!","datePublished":"2020-07-08T18:06:54+00:00","dateModified":"2020-07-14T21:38:35+00:00","mainEntityOfPage":{"@id":"https:\/\/www.braintumour.ca\/fr\/temoignages\/marche-des-tumeurs-cerebrales\/tout-un-succes-pour-notre-marche-des-tumeurs-cerebrales-virtuelle\/"},"wordCount":334,"image":{"@id":"https:\/\/www.braintumour.ca\/fr\/temoignages\/marche-des-tumeurs-cerebrales\/tout-un-succes-pour-notre-marche-des-tumeurs-cerebrales-virtuelle\/#primaryimage"},"thumbnailUrl":"https:\/\/www.braintumour.ca\/wp-content\/uploads\/2020\/06\/VBTW-COLLAGE.jpg","keywords":["brain tumour foundation of canada","virtual brain tumour walk"],"articleSection":["Nouvelles","Marche des tumeurs c\u00e9r\u00e9brales"],"inLanguage":"fr-CA"},{"@type":"WebPage","@id":"https:\/\/www.braintumour.ca\/fr\/temoignages\/marche-des-tumeurs-cerebrales\/tout-un-succes-pour-notre-marche-des-tumeurs-cerebrales-virtuelle\/","url":"https:\/\/www.braintumour.ca\/fr\/temoignages\/marche-des-tumeurs-cerebrales\/tout-un-succes-pour-notre-marche-des-tumeurs-cerebrales-virtuelle\/","name":"Tout un succ\u00e8s pour notre Marche des tumeurs c\u00e9r\u00e9brales virtuelle! - Fondation canadienne des tumeurs c\u00e9r\u00e9brales","isPartOf":{"@id":"https:\/\/www.braintumour.ca\/fr\/#website"},"primaryImageOfPage":{"@id":"https:\/\/www.braintumour.ca\/fr\/temoignages\/marche-des-tumeurs-cerebrales\/tout-un-succes-pour-notre-marche-des-tumeurs-cerebrales-virtuelle\/#primaryimage"},"image":{"@id":"https:\/\/www.braintumour.ca\/fr\/temoignages\/marche-des-tumeurs-cerebrales\/tout-un-succes-pour-notre-marche-des-tumeurs-cerebrales-virtuelle\/#primaryimage"},"thumbnailUrl":"https:\/\/www.braintumour.ca\/wp-content\/uploads\/2020\/06\/VBTW-COLLAGE.jpg","datePublished":"2020-07-08T18:06:54+00:00","dateModified":"2020-07-14T21:38:35+00:00","author":{"@id":"https:\/\/www.braintumour.ca\/fr\/#\/schema\/person\/7534b1b1d4da5d8e37af436b293eca3d"},"description":"Il nous \u00e9tait impossible de pr\u00e9voir les circonstances menant \u00e0 notre premi\u00e8re Marche des tumeurs c\u00e9r\u00e9brales virtuelle, mais le soutien que nous avons re\u00e7u de la part de plus de 3 600 marcheurs est plus que ce que nous aurions pu esp\u00e9rer!","breadcrumb":{"@id":"https:\/\/www.braintumour.ca\/fr\/temoignages\/marche-des-tumeurs-cerebrales\/tout-un-succes-pour-notre-marche-des-tumeurs-cerebrales-virtuelle\/#breadcrumb"},"inLanguage":"fr-CA","potentialAction":[{"@type":"ReadAction","target":["https:\/\/www.braintumour.ca\/fr\/temoignages\/marche-des-tumeurs-cerebrales\/tout-un-succes-pour-notre-marche-des-tumeurs-cerebrales-virtuelle\/"]}]},{"@type":"ImageObject","inLanguage":"fr-CA","@id":"https:\/\/www.braintumour.ca\/fr\/temoignages\/marche-des-tumeurs-cerebrales\/tout-un-succes-pour-notre-marche-des-tumeurs-cerebrales-virtuelle\/#primaryimage","url":"https:\/\/www.braintumour.ca\/wp-content\/uploads\/2020\/06\/VBTW-COLLAGE.jpg","contentUrl":"https:\/\/www.braintumour.ca\/wp-content\/uploads\/2020\/06\/VBTW-COLLAGE.jpg","width":1800,"height":1200},{"@type":"BreadcrumbList","@id":"https:\/\/www.braintumour.ca\/fr\/temoignages\/marche-des-tumeurs-cerebrales\/tout-un-succes-pour-notre-marche-des-tumeurs-cerebrales-virtuelle\/#breadcrumb","itemListElement":[{"@type":"ListItem","position":1,"name":"Home","item":"https:\/\/www.braintumour.ca\/fr\/"},{"@type":"ListItem","position":2,"name":"Tout un succ\u00e8s pour notre Marche des tumeurs c\u00e9r\u00e9brales virtuelle!"}]},{"@type":"WebSite","@id":"https:\/\/www.braintumour.ca\/fr\/#website","url":"https:\/\/www.braintumour.ca\/fr\/","name":"Fondation canadienne des tumeurs c\u00e9r\u00e9brales","description":"Notre mission est de venir en aide \u00e0 toutes les personnes touch\u00e9es par une tumeur c\u00e9r\u00e9brale au Canada par le biais de nos programmes d\u2019information, de soutien, d\u2019\u00e9ducation et de recherche.","potentialAction":[{"@type":"SearchAction","target":{"@type":"EntryPoint","urlTemplate":"https:\/\/www.braintumour.ca\/fr\/?s={search_term_string}"},"query-input":{"@type":"PropertyValueSpecification","valueRequired":true,"valueName":"search_term_string"}}],"inLanguage":"fr-CA"},{"@type":"Person","@id":"https:\/\/www.braintumour.ca\/fr\/#\/schema\/person\/7534b1b1d4da5d8e37af436b293eca3d","name":"Matt Berry","image":{"@type":"ImageObject","inLanguage":"fr-CA","@id":"https:\/\/www.braintumour.ca\/fr\/#\/schema\/person\/image\/","url":"https:\/\/secure.gravatar.com\/avatar\/882da3b67056b0c608086d3c77de46948b64244a4c249e81e0bf04a8095ce320?s=96&d=mm&r=g","contentUrl":"https:\/\/secure.gravatar.com\/avatar\/882da3b67056b0c608086d3c77de46948b64244a4c249e81e0bf04a8095ce320?s=96&d=mm&r=g","caption":"Matt Berry"}}]}},"_links":{"self":[{"href":"https:\/\/www.braintumour.ca\/fr\/wp-json\/wp\/v2\/posts\/5180","targetHints":{"allow":["GET"]}}],"collection":[{"href":"https:\/\/www.braintumour.ca\/fr\/wp-json\/wp\/v2\/posts"}],"about":[{"href":"https:\/\/www.braintumour.ca\/fr\/wp-json\/wp\/v2\/types\/post"}],"author":[{"embeddable":true,"href":"https:\/\/www.braintumour.ca\/fr\/wp-json\/wp\/v2\/users\/4"}],"replies":[{"embeddable":true,"href":"https:\/\/www.braintumour.ca\/fr\/wp-json\/wp\/v2\/comments?post=5180"}],"version-history":[{"count":0,"href":"https:\/\/www.braintumour.ca\/fr\/wp-json\/wp\/v2\/posts\/5180\/revisions"}],"wp:featuredmedia":[{"embeddable":true,"href":"https:\/\/www.braintumour.ca\/fr\/wp-json\/wp\/v2\/media\/5124"}],"wp:attachment":[{"href":"https:\/\/www.braintumour.ca\/fr\/wp-json\/wp\/v2\/media?parent=5180"}],"wp:term":[{"taxonomy":"category","embeddable":true,"href":"https:\/\/www.braintumour.ca\/fr\/wp-json\/wp\/v2\/categories?post=5180"},{"taxonomy":"post_tag","embeddable":true,"href":"https:\/\/www.braintumour.ca\/fr\/wp-json\/wp\/v2\/tags?post=5180"},{"taxonomy":"user_type","embeddable":true,"href":"https:\/\/www.braintumour.ca\/fr\/wp-json\/wp\/v2\/user_type?post=5180"},{"taxonomy":"locations","embeddable":true,"href":"https:\/\/www.braintumour.ca\/fr\/wp-json\/wp\/v2\/locations?post=5180"}],"curies":[{"name":"wp","href":"https:\/\/api.w.org\/{rel}","templated":true}]}}