{"id":5424,"date":"2020-08-17T16:31:26","date_gmt":"2020-08-17T20:31:26","guid":{"rendered":"https:\/\/www.braintumour.ca\/non-classifiee\/rosstins-story\/"},"modified":"2020-08-25T18:21:22","modified_gmt":"2020-08-25T22:21:22","slug":"lhistoire-de-rosstin","status":"publish","type":"post","link":"https:\/\/www.braintumour.ca\/fr\/temoignages\/lhistoire-de-rosstin\/","title":{"rendered":"L&rsquo;histoire de Rosstin"},"content":{"rendered":"<h3>R\u00e9cipiendaire d\u2019une Bourse d\u2019\u00e9tudes pour jeunes patients et survivants 2020<\/h3>\n<h5><span lang=\"en-CA\"><b>Rosstin Saniei<\/b><\/span><span lang=\"en-CA\"> Thornhill, ON<\/span><\/h5>\n<h6><span lang=\"en-CA\">Dipl\u00f4m\u00e9 en biologie de l&rsquo;Universit\u00e9 York<br \/>\nDiagnostic de m\u00e9dulloblastome \u00e0 9 ans<\/span><\/h6>\n<h6><em><span lang=\"en-CA\">G\u00e9n\u00e9reusement financ\u00e9 par Deys Fabricating<\/span><\/em><\/h6>\n<p>Je suis tr\u00e8s honor\u00e9 d&rsquo;avoir \u00e9t\u00e9 s\u00e9lectionn\u00e9 comme r\u00e9cipiendaire de cette bourse de la Fondation canadienne des tumeurs c\u00e9r\u00e9brales. Je vous suis tr\u00e8s reconnaissant de soutenir mes \u00e9tudes et d&rsquo;all\u00e9ger les pr\u00e9occupations financi\u00e8res li\u00e9es \u00e0 mes \u00e9tudes. Je peux maintenant d\u00e9buter mes \u00e9tudes postsecondaires \u00e0 l&rsquo;automne en sachant que j&rsquo;ai les fonds n\u00e9cessaires pour payer mes \u00e9tudes. Encore une fois, merci de m&rsquo;avoir aid\u00e9 \u00e0 r\u00e9aliser mes r\u00eaves, je ne l&rsquo;oublierai jamais.<\/p>\n","protected":false},"excerpt":{"rendered":"<p>Je suis tr\u00e8s honor\u00e9 d&rsquo;avoir \u00e9t\u00e9 s\u00e9lectionn\u00e9 comme r\u00e9cipiendaire de cette bourse de la Fondation canadienne des tumeurs c\u00e9r\u00e9brales. Je vous suis tr\u00e8s reconnaissant de soutenir mes \u00e9tudes et d&rsquo;all\u00e9ger les pr\u00e9occupations financi\u00e8res li\u00e9es \u00e0 mes \u00e9tudes.<\/p>\n","protected":false},"author":4,"featured_media":5321,"comment_status":"closed","ping_status":"closed","sticky":false,"template":"","format":"standard","meta":{"_acf_changed":false,"footnotes":""},"categories":[148,330],"tags":[214,217,328,329],"user_type":[133],"locations":[161],"class_list":["post-5424","post","type-post","status-publish","format-standard","has-post-thumbnail","hentry","category-temoignages","category-bourses-d-etudes-patients","tag-brain-tumour-foundation-of-canada-fr","tag-fondation-canadienne-des-tumeurs-cerebrales","tag-youth-education-awards-fr","tag-bourse-detudes-pour-patients-et-survivants","user_type-patient-fr","locations-canada-wide-fr"],"acf":[],"yoast_head":"<!-- This site is optimized with the Yoast SEO Premium plugin v27.0 (Yoast SEO v27.0) - https:\/\/yoast.com\/product\/yoast-seo-premium-wordpress\/ -->\n<title>L&#039;histoire de Rosstin - Fondation canadienne des tumeurs c\u00e9r\u00e9brales<\/title>\n<meta name=\"description\" content=\"Je suis tr\u00e8s honor\u00e9 d&#039;avoir \u00e9t\u00e9 s\u00e9lectionn\u00e9 comme r\u00e9cipiendaire de cette bourse de la Fondation canadienne des tumeurs c\u00e9r\u00e9brales. Je vous suis tr\u00e8s reconnaissant de soutenir mes \u00e9tudes et d&#039;all\u00e9ger les pr\u00e9occupations financi\u00e8res li\u00e9es \u00e0 mes \u00e9tudes.\" \/>\n<meta name=\"robots\" content=\"index, follow, max-snippet:-1, max-image-preview:large, max-video-preview:-1\" \/>\n<link rel=\"canonical\" href=\"https:\/\/www.braintumour.ca\/fr\/temoignages\/lhistoire-de-rosstin\/\" \/>\n<meta property=\"og:locale\" content=\"fr_CA\" \/>\n<meta property=\"og:type\" content=\"article\" \/>\n<meta property=\"og:title\" content=\"L&#039;histoire de Rosstin\" \/>\n<meta property=\"og:description\" content=\"Je suis tr\u00e8s honor\u00e9 d&#039;avoir \u00e9t\u00e9 s\u00e9lectionn\u00e9 comme r\u00e9cipiendaire de cette bourse de la Fondation canadienne des tumeurs c\u00e9r\u00e9brales. Je vous suis tr\u00e8s reconnaissant de soutenir mes \u00e9tudes et d&#039;all\u00e9ger les pr\u00e9occupations financi\u00e8res li\u00e9es \u00e0 mes \u00e9tudes.\" \/>\n<meta property=\"og:url\" content=\"https:\/\/www.braintumour.ca\/fr\/temoignages\/lhistoire-de-rosstin\/\" \/>\n<meta property=\"og:site_name\" content=\"Fondation canadienne des tumeurs c\u00e9r\u00e9brales\" \/>\n<meta property=\"article:published_time\" content=\"2020-08-17T20:31:26+00:00\" \/>\n<meta property=\"article:modified_time\" content=\"2020-08-25T22:21:22+00:00\" \/>\n<meta property=\"og:image\" content=\"https:\/\/www.braintumour.ca\/wp-content\/uploads\/2020\/08\/149-642-3474_3bm3_100.jpg\" \/>\n\t<meta property=\"og:image:width\" content=\"2560\" \/>\n\t<meta property=\"og:image:height\" content=\"2048\" \/>\n\t<meta property=\"og:image:type\" content=\"image\/jpeg\" \/>\n<meta name=\"author\" content=\"Matt Berry\" \/>\n<meta name=\"twitter:card\" content=\"summary_large_image\" \/>\n<meta name=\"twitter:label1\" content=\"\u00c9crit par\" \/>\n\t<meta name=\"twitter:data1\" content=\"Matt Berry\" \/>\n\t<meta name=\"twitter:label2\" content=\"Estimation du temps de lecture\" \/>\n\t<meta name=\"twitter:data2\" content=\"1 minute\" \/>\n<script type=\"application\/ld+json\" class=\"yoast-schema-graph\">{\"@context\":\"https:\/\/schema.org\",\"@graph\":[{\"@type\":\"Article\",\"@id\":\"https:\/\/www.braintumour.ca\/fr\/temoignages\/lhistoire-de-rosstin\/#article\",\"isPartOf\":{\"@id\":\"https:\/\/www.braintumour.ca\/fr\/temoignages\/lhistoire-de-rosstin\/\"},\"author\":{\"name\":\"Matt Berry\",\"@id\":\"https:\/\/www.braintumour.ca\/fr\/#\/schema\/person\/7534b1b1d4da5d8e37af436b293eca3d\"},\"headline\":\"L&rsquo;histoire de Rosstin\",\"datePublished\":\"2020-08-17T20:31:26+00:00\",\"dateModified\":\"2020-08-25T22:21:22+00:00\",\"mainEntityOfPage\":{\"@id\":\"https:\/\/www.braintumour.ca\/fr\/temoignages\/lhistoire-de-rosstin\/\"},\"wordCount\":129,\"image\":{\"@id\":\"https:\/\/www.braintumour.ca\/fr\/temoignages\/lhistoire-de-rosstin\/#primaryimage\"},\"thumbnailUrl\":\"https:\/\/www.braintumour.ca\/wp-content\/uploads\/2020\/08\/149-642-3474_3bm3_100.jpg\",\"keywords\":[\"brain tumour foundation of canada\",\"Fondation canadienne des tumeurs c\u00e9r\u00e9brales\",\"youth education awards\",\"Bourse d'\u00e9tudes pour patients et survivants\"],\"articleSection\":[\"T\u00e9moignages\",\"Bourses d'\u00e9tudes pour patients et jeunes survivants\"],\"inLanguage\":\"fr-CA\"},{\"@type\":\"WebPage\",\"@id\":\"https:\/\/www.braintumour.ca\/fr\/temoignages\/lhistoire-de-rosstin\/\",\"url\":\"https:\/\/www.braintumour.ca\/fr\/temoignages\/lhistoire-de-rosstin\/\",\"name\":\"L'histoire de Rosstin - Fondation canadienne des tumeurs c\u00e9r\u00e9brales\",\"isPartOf\":{\"@id\":\"https:\/\/www.braintumour.ca\/fr\/#website\"},\"primaryImageOfPage\":{\"@id\":\"https:\/\/www.braintumour.ca\/fr\/temoignages\/lhistoire-de-rosstin\/#primaryimage\"},\"image\":{\"@id\":\"https:\/\/www.braintumour.ca\/fr\/temoignages\/lhistoire-de-rosstin\/#primaryimage\"},\"thumbnailUrl\":\"https:\/\/www.braintumour.ca\/wp-content\/uploads\/2020\/08\/149-642-3474_3bm3_100.jpg\",\"datePublished\":\"2020-08-17T20:31:26+00:00\",\"dateModified\":\"2020-08-25T22:21:22+00:00\",\"author\":{\"@id\":\"https:\/\/www.braintumour.ca\/fr\/#\/schema\/person\/7534b1b1d4da5d8e37af436b293eca3d\"},\"description\":\"Je suis tr\u00e8s honor\u00e9 d'avoir \u00e9t\u00e9 s\u00e9lectionn\u00e9 comme r\u00e9cipiendaire de cette bourse de la Fondation canadienne des tumeurs c\u00e9r\u00e9brales. Je vous suis tr\u00e8s reconnaissant de soutenir mes \u00e9tudes et d'all\u00e9ger les pr\u00e9occupations financi\u00e8res li\u00e9es \u00e0 mes \u00e9tudes.\",\"breadcrumb\":{\"@id\":\"https:\/\/www.braintumour.ca\/fr\/temoignages\/lhistoire-de-rosstin\/#breadcrumb\"},\"inLanguage\":\"fr-CA\",\"potentialAction\":[{\"@type\":\"ReadAction\",\"target\":[\"https:\/\/www.braintumour.ca\/fr\/temoignages\/lhistoire-de-rosstin\/\"]}]},{\"@type\":\"ImageObject\",\"inLanguage\":\"fr-CA\",\"@id\":\"https:\/\/www.braintumour.ca\/fr\/temoignages\/lhistoire-de-rosstin\/#primaryimage\",\"url\":\"https:\/\/www.braintumour.ca\/wp-content\/uploads\/2020\/08\/149-642-3474_3bm3_100.jpg\",\"contentUrl\":\"https:\/\/www.braintumour.ca\/wp-content\/uploads\/2020\/08\/149-642-3474_3bm3_100.jpg\",\"width\":2560,\"height\":2048,\"caption\":\"Rosstin\"},{\"@type\":\"BreadcrumbList\",\"@id\":\"https:\/\/www.braintumour.ca\/fr\/temoignages\/lhistoire-de-rosstin\/#breadcrumb\",\"itemListElement\":[{\"@type\":\"ListItem\",\"position\":1,\"name\":\"Home\",\"item\":\"https:\/\/www.braintumour.ca\/fr\/\"},{\"@type\":\"ListItem\",\"position\":2,\"name\":\"L&rsquo;histoire de Rosstin\"}]},{\"@type\":\"WebSite\",\"@id\":\"https:\/\/www.braintumour.ca\/fr\/#website\",\"url\":\"https:\/\/www.braintumour.ca\/fr\/\",\"name\":\"Fondation canadienne des tumeurs c\u00e9r\u00e9brales\",\"description\":\"Notre mission est de venir en aide \u00e0 toutes les personnes touch\u00e9es par une tumeur c\u00e9r\u00e9brale au Canada par le biais de nos programmes d\u2019information, de soutien, d\u2019\u00e9ducation et de recherche.\",\"potentialAction\":[{\"@type\":\"SearchAction\",\"target\":{\"@type\":\"EntryPoint\",\"urlTemplate\":\"https:\/\/www.braintumour.ca\/fr\/?s={search_term_string}\"},\"query-input\":{\"@type\":\"PropertyValueSpecification\",\"valueRequired\":true,\"valueName\":\"search_term_string\"}}],\"inLanguage\":\"fr-CA\"},{\"@type\":\"Person\",\"@id\":\"https:\/\/www.braintumour.ca\/fr\/#\/schema\/person\/7534b1b1d4da5d8e37af436b293eca3d\",\"name\":\"Matt Berry\",\"image\":{\"@type\":\"ImageObject\",\"inLanguage\":\"fr-CA\",\"@id\":\"https:\/\/www.braintumour.ca\/fr\/#\/schema\/person\/image\/\",\"url\":\"https:\/\/secure.gravatar.com\/avatar\/882da3b67056b0c608086d3c77de46948b64244a4c249e81e0bf04a8095ce320?s=96&d=mm&r=g\",\"contentUrl\":\"https:\/\/secure.gravatar.com\/avatar\/882da3b67056b0c608086d3c77de46948b64244a4c249e81e0bf04a8095ce320?s=96&d=mm&r=g\",\"caption\":\"Matt Berry\"}}]}<\/script>\n<!-- \/ Yoast SEO Premium plugin. -->","yoast_head_json":{"title":"L'histoire de Rosstin - Fondation canadienne des tumeurs c\u00e9r\u00e9brales","description":"Je suis tr\u00e8s honor\u00e9 d'avoir \u00e9t\u00e9 s\u00e9lectionn\u00e9 comme r\u00e9cipiendaire de cette bourse de la Fondation canadienne des tumeurs c\u00e9r\u00e9brales. Je vous suis tr\u00e8s reconnaissant de soutenir mes \u00e9tudes et d'all\u00e9ger les pr\u00e9occupations financi\u00e8res li\u00e9es \u00e0 mes \u00e9tudes.","robots":{"index":"index","follow":"follow","max-snippet":"max-snippet:-1","max-image-preview":"max-image-preview:large","max-video-preview":"max-video-preview:-1"},"canonical":"https:\/\/www.braintumour.ca\/fr\/temoignages\/lhistoire-de-rosstin\/","og_locale":"fr_CA","og_type":"article","og_title":"L'histoire de Rosstin","og_description":"Je suis tr\u00e8s honor\u00e9 d'avoir \u00e9t\u00e9 s\u00e9lectionn\u00e9 comme r\u00e9cipiendaire de cette bourse de la Fondation canadienne des tumeurs c\u00e9r\u00e9brales. Je vous suis tr\u00e8s reconnaissant de soutenir mes \u00e9tudes et d'all\u00e9ger les pr\u00e9occupations financi\u00e8res li\u00e9es \u00e0 mes \u00e9tudes.","og_url":"https:\/\/www.braintumour.ca\/fr\/temoignages\/lhistoire-de-rosstin\/","og_site_name":"Fondation canadienne des tumeurs c\u00e9r\u00e9brales","article_published_time":"2020-08-17T20:31:26+00:00","article_modified_time":"2020-08-25T22:21:22+00:00","og_image":[{"width":2560,"height":2048,"url":"https:\/\/www.braintumour.ca\/wp-content\/uploads\/2020\/08\/149-642-3474_3bm3_100.jpg","type":"image\/jpeg"}],"author":"Matt Berry","twitter_card":"summary_large_image","twitter_misc":{"\u00c9crit par":"Matt Berry","Estimation du temps de lecture":"1 minute"},"schema":{"@context":"https:\/\/schema.org","@graph":[{"@type":"Article","@id":"https:\/\/www.braintumour.ca\/fr\/temoignages\/lhistoire-de-rosstin\/#article","isPartOf":{"@id":"https:\/\/www.braintumour.ca\/fr\/temoignages\/lhistoire-de-rosstin\/"},"author":{"name":"Matt Berry","@id":"https:\/\/www.braintumour.ca\/fr\/#\/schema\/person\/7534b1b1d4da5d8e37af436b293eca3d"},"headline":"L&rsquo;histoire de Rosstin","datePublished":"2020-08-17T20:31:26+00:00","dateModified":"2020-08-25T22:21:22+00:00","mainEntityOfPage":{"@id":"https:\/\/www.braintumour.ca\/fr\/temoignages\/lhistoire-de-rosstin\/"},"wordCount":129,"image":{"@id":"https:\/\/www.braintumour.ca\/fr\/temoignages\/lhistoire-de-rosstin\/#primaryimage"},"thumbnailUrl":"https:\/\/www.braintumour.ca\/wp-content\/uploads\/2020\/08\/149-642-3474_3bm3_100.jpg","keywords":["brain tumour foundation of canada","Fondation canadienne des tumeurs c\u00e9r\u00e9brales","youth education awards","Bourse d'\u00e9tudes pour patients et survivants"],"articleSection":["T\u00e9moignages","Bourses d'\u00e9tudes pour patients et jeunes survivants"],"inLanguage":"fr-CA"},{"@type":"WebPage","@id":"https:\/\/www.braintumour.ca\/fr\/temoignages\/lhistoire-de-rosstin\/","url":"https:\/\/www.braintumour.ca\/fr\/temoignages\/lhistoire-de-rosstin\/","name":"L'histoire de Rosstin - Fondation canadienne des tumeurs c\u00e9r\u00e9brales","isPartOf":{"@id":"https:\/\/www.braintumour.ca\/fr\/#website"},"primaryImageOfPage":{"@id":"https:\/\/www.braintumour.ca\/fr\/temoignages\/lhistoire-de-rosstin\/#primaryimage"},"image":{"@id":"https:\/\/www.braintumour.ca\/fr\/temoignages\/lhistoire-de-rosstin\/#primaryimage"},"thumbnailUrl":"https:\/\/www.braintumour.ca\/wp-content\/uploads\/2020\/08\/149-642-3474_3bm3_100.jpg","datePublished":"2020-08-17T20:31:26+00:00","dateModified":"2020-08-25T22:21:22+00:00","author":{"@id":"https:\/\/www.braintumour.ca\/fr\/#\/schema\/person\/7534b1b1d4da5d8e37af436b293eca3d"},"description":"Je suis tr\u00e8s honor\u00e9 d'avoir \u00e9t\u00e9 s\u00e9lectionn\u00e9 comme r\u00e9cipiendaire de cette bourse de la Fondation canadienne des tumeurs c\u00e9r\u00e9brales. Je vous suis tr\u00e8s reconnaissant de soutenir mes \u00e9tudes et d'all\u00e9ger les pr\u00e9occupations financi\u00e8res li\u00e9es \u00e0 mes \u00e9tudes.","breadcrumb":{"@id":"https:\/\/www.braintumour.ca\/fr\/temoignages\/lhistoire-de-rosstin\/#breadcrumb"},"inLanguage":"fr-CA","potentialAction":[{"@type":"ReadAction","target":["https:\/\/www.braintumour.ca\/fr\/temoignages\/lhistoire-de-rosstin\/"]}]},{"@type":"ImageObject","inLanguage":"fr-CA","@id":"https:\/\/www.braintumour.ca\/fr\/temoignages\/lhistoire-de-rosstin\/#primaryimage","url":"https:\/\/www.braintumour.ca\/wp-content\/uploads\/2020\/08\/149-642-3474_3bm3_100.jpg","contentUrl":"https:\/\/www.braintumour.ca\/wp-content\/uploads\/2020\/08\/149-642-3474_3bm3_100.jpg","width":2560,"height":2048,"caption":"Rosstin"},{"@type":"BreadcrumbList","@id":"https:\/\/www.braintumour.ca\/fr\/temoignages\/lhistoire-de-rosstin\/#breadcrumb","itemListElement":[{"@type":"ListItem","position":1,"name":"Home","item":"https:\/\/www.braintumour.ca\/fr\/"},{"@type":"ListItem","position":2,"name":"L&rsquo;histoire de Rosstin"}]},{"@type":"WebSite","@id":"https:\/\/www.braintumour.ca\/fr\/#website","url":"https:\/\/www.braintumour.ca\/fr\/","name":"Fondation canadienne des tumeurs c\u00e9r\u00e9brales","description":"Notre mission est de venir en aide \u00e0 toutes les personnes touch\u00e9es par une tumeur c\u00e9r\u00e9brale au Canada par le biais de nos programmes d\u2019information, de soutien, d\u2019\u00e9ducation et de recherche.","potentialAction":[{"@type":"SearchAction","target":{"@type":"EntryPoint","urlTemplate":"https:\/\/www.braintumour.ca\/fr\/?s={search_term_string}"},"query-input":{"@type":"PropertyValueSpecification","valueRequired":true,"valueName":"search_term_string"}}],"inLanguage":"fr-CA"},{"@type":"Person","@id":"https:\/\/www.braintumour.ca\/fr\/#\/schema\/person\/7534b1b1d4da5d8e37af436b293eca3d","name":"Matt Berry","image":{"@type":"ImageObject","inLanguage":"fr-CA","@id":"https:\/\/www.braintumour.ca\/fr\/#\/schema\/person\/image\/","url":"https:\/\/secure.gravatar.com\/avatar\/882da3b67056b0c608086d3c77de46948b64244a4c249e81e0bf04a8095ce320?s=96&d=mm&r=g","contentUrl":"https:\/\/secure.gravatar.com\/avatar\/882da3b67056b0c608086d3c77de46948b64244a4c249e81e0bf04a8095ce320?s=96&d=mm&r=g","caption":"Matt Berry"}}]}},"_links":{"self":[{"href":"https:\/\/www.braintumour.ca\/fr\/wp-json\/wp\/v2\/posts\/5424","targetHints":{"allow":["GET"]}}],"collection":[{"href":"https:\/\/www.braintumour.ca\/fr\/wp-json\/wp\/v2\/posts"}],"about":[{"href":"https:\/\/www.braintumour.ca\/fr\/wp-json\/wp\/v2\/types\/post"}],"author":[{"embeddable":true,"href":"https:\/\/www.braintumour.ca\/fr\/wp-json\/wp\/v2\/users\/4"}],"replies":[{"embeddable":true,"href":"https:\/\/www.braintumour.ca\/fr\/wp-json\/wp\/v2\/comments?post=5424"}],"version-history":[{"count":0,"href":"https:\/\/www.braintumour.ca\/fr\/wp-json\/wp\/v2\/posts\/5424\/revisions"}],"wp:featuredmedia":[{"embeddable":true,"href":"https:\/\/www.braintumour.ca\/fr\/wp-json\/wp\/v2\/media\/5321"}],"wp:attachment":[{"href":"https:\/\/www.braintumour.ca\/fr\/wp-json\/wp\/v2\/media?parent=5424"}],"wp:term":[{"taxonomy":"category","embeddable":true,"href":"https:\/\/www.braintumour.ca\/fr\/wp-json\/wp\/v2\/categories?post=5424"},{"taxonomy":"post_tag","embeddable":true,"href":"https:\/\/www.braintumour.ca\/fr\/wp-json\/wp\/v2\/tags?post=5424"},{"taxonomy":"user_type","embeddable":true,"href":"https:\/\/www.braintumour.ca\/fr\/wp-json\/wp\/v2\/user_type?post=5424"},{"taxonomy":"locations","embeddable":true,"href":"https:\/\/www.braintumour.ca\/fr\/wp-json\/wp\/v2\/locations?post=5424"}],"curies":[{"name":"wp","href":"https:\/\/api.w.org\/{rel}","templated":true}]}}