{"id":5462,"date":"2020-08-07T10:41:37","date_gmt":"2020-08-07T14:41:37","guid":{"rendered":"https:\/\/www.braintumour.ca\/non-classifiee\/getting-past-the-anger-aarons-story\/"},"modified":"2020-08-26T15:06:19","modified_gmt":"2020-08-26T19:06:19","slug":"surmonter-ma-colere-le-temoignage-daaron-allen","status":"publish","type":"post","link":"https:\/\/www.braintumour.ca\/fr\/temoignages\/surmonter-ma-colere-le-temoignage-daaron-allen\/","title":{"rendered":"Surmonter ma col\u00e8re \u2013 Le t\u00e9moignage d\u2019Aaron Allen"},"content":{"rendered":"<blockquote><p><strong>Je m&rsquo;appelle Aaron Allen. Je suis un mari, un p\u00e8re de deux jeunes enfants et un auteur-compositeur-interpr\u00e8te de musique country.<\/strong><\/p><\/blockquote>\n<p>J&rsquo;ai toujours su que je voulais \u00eatre musicien. La musique m\u2019a sauv\u00e9 la vie plus d\u2019une fois.<\/p>\n<p>J&rsquo;avais 13 ans \u00e0 l&rsquo;\u00e9poque. Il y avait un probl\u00e8me avec ma m\u00e8re. J&rsquo;ai couru dans la cuisine et j&rsquo;ai vu ma m\u00e8re allong\u00e9e par terre. Elle \u00e9tait dans un \u00e9tat alt\u00e9r\u00e9 que je ne pouvais pas comprendre.<\/p>\n<p>Elle \u00e9tait extr\u00eamement confuse. Ses yeux \u00e9taient ouverts, mais il semblait que la personne qui me regardait \u00e9tait une \u00e9trang\u00e8re. Je me souviens encore du regard sur le visage de mon fr\u00e8re. C&rsquo;\u00e9tait de la peur, comme je n&rsquo;avais jamais vu auparavant. Je ne peux que supposer que mon expression \u00e9tait semblable \u00e0 la sienne.<\/p>\n<p><img loading=\"lazy\" decoding=\"async\" class=\"alignright wp-image-5235 size-fp-small\" src=\"https:\/\/www.braintumour.ca\/wp-content\/uploads\/2020\/06\/IMG_1851-640x853.jpg\" alt=\"\" width=\"640\" height=\"853\" srcset=\"https:\/\/www.braintumour.ca\/wp-content\/uploads\/2020\/06\/IMG_1851-640x853.jpg 640w, https:\/\/www.braintumour.ca\/wp-content\/uploads\/2020\/06\/IMG_1851-225x300.jpg 225w, https:\/\/www.braintumour.ca\/wp-content\/uploads\/2020\/06\/IMG_1851-768x1024.jpg 768w, https:\/\/www.braintumour.ca\/wp-content\/uploads\/2020\/06\/IMG_1851-1152x1536.jpg 1152w, https:\/\/www.braintumour.ca\/wp-content\/uploads\/2020\/06\/IMG_1851-1536x2048.jpg 1536w, https:\/\/www.braintumour.ca\/wp-content\/uploads\/2020\/06\/IMG_1851-1024x1365.jpg 1024w, https:\/\/www.braintumour.ca\/wp-content\/uploads\/2020\/06\/IMG_1851-1200x1600.jpg 1200w, https:\/\/www.braintumour.ca\/wp-content\/uploads\/2020\/06\/IMG_1851-scaled.jpg 1920w, https:\/\/www.braintumour.ca\/wp-content\/uploads\/2020\/06\/IMG_1851-1080x1440.jpg 1080w, https:\/\/www.braintumour.ca\/wp-content\/uploads\/2020\/06\/IMG_1851-810x1080.jpg 810w\" sizes=\"auto, (max-width: 639px) 98vw, (max-width: 1199px) 64vw, 640px\" \/>D\u2019apr\u00e8s mes souvenirs, mon fr\u00e8re, alors \u00e2g\u00e9 de 8 ans, et notre voisin ont appel\u00e9 l&rsquo;ambulance. Les ambulanciers sont arriv\u00e9s, puis ma m\u00e8re fut transport\u00e9e vers l&rsquo;h\u00f4pital.<\/p>\n<p>\u00c0 l&rsquo;h\u00f4pital, nous avons appris que ma m\u00e8re avait \u00e9t\u00e9 victime d&rsquo;une crise \u00e9pileptique. Elle avait une tumeur au cerveau. D&rsquo;autres tests ont \u00e9galement d\u00e9montr\u00e9 que ma m\u00e8re avait cette tumeur depuis l\u2019enfance. Elle a grandi en elle pendant toutes ces ann\u00e9es, s\u2019entrem\u00ealant \u00e0 des zones vitales du cerveau, ce qui rendait son \u00e9limination impossible. \u00c0 notre insu, les jours de ma m\u00e8re \u00e9taient compt\u00e9s.<\/p>\n<p>Notre chirurgien \u00e9tait un m\u00e9decin brillant du nom de Dr Del Maestro. Il avait annonc\u00e9 \u00e0 ma m\u00e8re qu\u2019elle avait un cancer en phase terminale. Malgr\u00e9 tout, je serai \u00e0 tout jamais reconnaissant envers cet homme. Au fil des ann\u00e9es, il a toujours \u00e9t\u00e9 d\u00e9licat, gentil et compatissant, et plusieurs fois il avait de l\u2019espoir alors que je n\u2019en avais pas du tout.<\/p>\n<blockquote><p><strong>\u201cMerci Dr Del Maestro\u201d.<\/strong><\/p><\/blockquote>\n<p>M\u00eame si nous savions que notre m\u00e8re d\u00e9c\u00e8derait de cette maladie, elle v\u00e9cut tout de m\u00eame 16 ans avant que ce tueur silencieux ne r\u00e9ussisse \u00e0 remporter son combat. Elle \u00e9tait forte et elle s&rsquo;est battue pendant toutes ces ann\u00e9es. Ces 16 ann\u00e9es ont tout de m\u00eame \u00e9t\u00e9 tr\u00e8s difficiles. Elle a d\u00fb subir une douzaine de chirurgies ou plus. C\u2019\u00e9tait trop pour un jeune adolescent comme moi.<\/p>\n<p>La tumeur se d\u00e9veloppait et les m\u00e9decins enl\u00e8veraient ce qu&rsquo;ils pouvaient. Ce n&rsquo;\u00e9tait pas pour arr\u00eater l&rsquo;in\u00e9vitable, seulement un effort pour lui faire gagner plus de temps. Apr\u00e8s chaque op\u00e9ration, elle rentrait chez elle et se r\u00e9tablissait, puis, il fallait tout recommencer.<\/p>\n<p>Je n\u2019ai pas bien pris la situation \u00e0 l\u2019\u00e9poque. J&rsquo;\u00e9tais en col\u00e8re contre la terre enti\u00e8re et je n&rsquo;avais aucun moyen de me d\u00e9barrasser de cette col\u00e8re. Tout \u00e9tait embouteill\u00e9 \u00e0 l&rsquo;int\u00e9rieur. J&rsquo;ai commenc\u00e9 \u00e0 avoir des ennuis. \u00c0 de nombreuses reprises, je me suis fait escorter \u00e0 la maison par des policiers. En plus de ma carri\u00e8re criminelle florissante, j\u2019\u00e9tais en train d\u2019abandonner mes \u00e9tudes secondaires. La seule chose dans la vie que j&rsquo;aimais vraiment, c&rsquo;\u00e9tait d&rsquo;\u00e9crire des chansons. Je m&rsquo;enfermais dans ma chambre, loin du monde et j&rsquo;\u00e9crivais des centaines de chansons les unes apr\u00e8s les autres. Des milliers de chansons.<\/p>\n<p>Mes probl\u00e8mes m&rsquo;ont finalement rattrap\u00e9. \u00c0 l&rsquo;\u00e2ge de 14 ans, je cumulais tellement d&rsquo;accusations criminelles que j&rsquo;ai d\u00fb choisir entre compl\u00e9ter quatre mois dans un centre de d\u00e9tention pour mineurs ou dans une institution pour jeunes avec divers probl\u00e8mes, dans mon cas, des probl\u00e8mes \u00e9motionnels.<\/p>\n<p>J&rsquo;ai choisi le C.P.R.I., une institution pour les jeunes situ\u00e9e ici \u00e0 London, en Ontario. Je mentionne le nom de ce centre parce que je suis tr\u00e8s reconnaissant envers cet endroit. Les quatre mois que j&rsquo;ai pass\u00e9s l\u00e0-bas m&rsquo;ont compl\u00e8tement transform\u00e9. C&rsquo;est \u00e0 ce moment que j&rsquo;ai d\u00e9cid\u00e9 de cesser mon comportement destructeur et d\u2019adopter un style de vie plus positif.<\/p>\n<p>Les ann\u00e9es ont pass\u00e9. Je n\u2019ai plus eu de probl\u00e8mes avec la police, mais j&rsquo;\u00e9tais toujours en col\u00e8re. Cela a conduit \u00e0 de nombreux conflits au sein de ma famille. Je savais que j&#8217;empirais les choses; il \u00e9tait temps pour moi de partir.<\/p>\n<p>Je n&rsquo;avais que 16, peut-\u00eatre 17 \u00e0 l&rsquo;\u00e9poque, mais je devais quitter la maison de mes parents, pour mon bien. Je regrette de ne pas avoir pris la rel\u00e8ve et d\u2019avoir laiss\u00e9 mon fr\u00e8re de 12 ans s&rsquo;occuper de notre m\u00e8re, mais j&rsquo;ai senti \u00e0 l&rsquo;\u00e9poque que c&rsquo;\u00e9tait ma seule option. J&rsquo;ai trouv\u00e9 un emploi dans une usine pour payer les factures et mes \u00e9tudes secondaires sont tomb\u00e9es \u00e0 l&rsquo;eau.<\/p>\n<p>Bien que j\u2019avais quitt\u00e9 la r\u00e9sidence familiale, j&rsquo;\u00e9tais toujours pr\u00e9sent lors des chirurgies de ma m\u00e8re. J\u2019ai vu son \u00e9tat se d\u00e9t\u00e9riorer au fil des ans. M\u00eame si ma m\u00e8re et moi ne nous entendions pas la plupart du temps, je l\u2019aimais beaucoup et voir son \u00e9tat se d\u00e9t\u00e9riorer me d\u00e9truisait.<\/p>\n<p>J&rsquo;avais 27 ans quand les choses ont vraiment mal tourn\u00e9. Ma m\u00e8re perdait l&rsquo;usage du c\u00f4t\u00e9 gauche de son corps. Avec l\u2019accord de ma femme, j\u2019ai quitt\u00e9 mon emploi et j\u2019ai consacr\u00e9 mon temps \u00e0 prendre soin de ma m\u00e8re. Nous avons pass\u00e9 de tr\u00e8s bons moments ensemble au cours des 7 mois qui ont suivi. Nous ne nous sommes pas chican\u00e9s. Nous avons rattrap\u00e9 le temps perdu, nous avons pardonn\u00e9 et nous avons laiss\u00e9 le pass\u00e9 dans le pass\u00e9.<\/p>\n<p>Elle est d\u00e9c\u00e9d\u00e9e deux jours avant son 47e anniversaire.<\/p>\n<p>\u00c0 ce moment, j\u2019ai eu l&rsquo;impression que pendant toutes ces ann\u00e9es pass\u00e9es, j&rsquo;avais seulement exist\u00e9. Il \u00e9tait temps pour moi de reprendre ma vie en main. J&rsquo;avais laiss\u00e9 le cancer de ma m\u00e8re me voler 16 ann\u00e9es et je n&rsquo;allais pas le laisser me voler une seconde de plus. Cela m&rsquo;avait toujours d\u00e9rang\u00e9 de ne pas avoir termin\u00e9 mes \u00e9tudes, j\u2019ai donc d\u00e9cid\u00e9 de compl\u00e9ter mes \u00e9tudes secondaires. Puis, j\u2019ai poursuivi mes \u00e9tudes afin d\u2019obtenir mon dipl\u00f4me universitaire.<\/p>\n<p>Je suis finalement devenu coiffeur, puis tatoueur et chef d&rsquo;entreprise. Ma passion avait toujours \u00e9t\u00e9 la musique et 2019 allait \u00eatre une ann\u00e9e m\u00e9morable pour moi en musique. J&rsquo;ai sorti deux singles dans le top 100 canadien \u00e0 la radio country et mon nouveau disque Highway Mile a obtenu plus de 2,5 millions d\u2019\u00e9coutes depuis sa sortie le 3 avril 2020. J&rsquo;ai r\u00e9cemment sign\u00e9 un contrat avec Arts &amp; Crafts Publishing. Je peux enfin gagner ma vie en tant qu&rsquo;auteur-compositeur.<\/p>\n<p>Mon r\u00eave est enfin devenu r\u00e9alit\u00e9. Les \u00e9v\u00e9nements et les exp\u00e9riences v\u00e9cues fa\u00e7onnent notre vie. Je ne serais pas l\u00e0 o\u00f9 j\u2019en suis aujourd&rsquo;hui sans tout ce que j\u2019ai v\u00e9cu. Je suis heureux. Je suis reconnaissant d\u2019\u00eatre en vie.<\/p>\n<p>&nbsp;<\/p>\n<p><em>Pour plus d\u2019information sur Aaron, visitez son <\/em><em><a href=\"https:\/\/www.aaronallenmusic.com\/\">site internet. <\/a><\/em><\/p>\n<p><em>Visionnez l\u2019enregistrement de son concert #Soutien\u00e0lamaison <\/em><em><a href=\"https:\/\/www.facebook.com\/aaron.allen.1044\/videos\/10156713783062100\/\">ici<\/a><\/em><em>.<\/em><\/p>\n<p>&nbsp;<\/p>\n","protected":false},"excerpt":{"rendered":"<p>Je m&rsquo;appelle Aaron Allen. Je suis un mari, un p\u00e8re de deux jeunes enfants et un auteur-compositeur-interpr\u00e8te de musique country.<\/p>\n<p>J&rsquo;ai toujours su que je voulais \u00eatre musicien. La musique m\u2019a sauv\u00e9 la vie plus d\u2019une fois.<\/p>\n","protected":false},"author":4,"featured_media":4532,"comment_status":"closed","ping_status":"closed","sticky":false,"template":"","format":"standard","meta":{"_acf_changed":false,"footnotes":""},"categories":[148,149],"tags":[217,266,335,336],"user_type":[133,132],"locations":[190],"class_list":["post-5462","post","type-post","status-publish","format-standard","has-post-thumbnail","hentry","category-temoignages","category-adulte","tag-fondation-canadienne-des-tumeurs-cerebrales","tag-tumeurs-cerebrales","tag-proche-aidant","tag-aaron-allen-musique","user_type-patient-fr","user_type-proche-aidant","locations-london-fr"],"acf":[],"yoast_head":"<!-- This site is optimized with the Yoast SEO Premium plugin v27.0 (Yoast SEO v27.0) - https:\/\/yoast.com\/product\/yoast-seo-premium-wordpress\/ -->\n<title>Surmonter ma col\u00e8re \u2013 Le t\u00e9moignage d\u2019Aaron Allen - Fondation canadienne des tumeurs c\u00e9r\u00e9brales<\/title>\n<meta name=\"description\" content=\"Je m&#039;appelle Aaron Allen. Je suis un mari, un p\u00e8re de deux jeunes enfants et un auteur-compositeur-interpr\u00e8te de musique country.J&#039;ai toujours su que je voulais \u00eatre musicien. La musique m\u2019a sauv\u00e9 la vie plus d\u2019une fois.\" \/>\n<meta name=\"robots\" content=\"index, follow, max-snippet:-1, max-image-preview:large, max-video-preview:-1\" \/>\n<link rel=\"canonical\" href=\"https:\/\/www.braintumour.ca\/fr\/temoignages\/surmonter-ma-colere-le-temoignage-daaron-allen\/\" \/>\n<meta property=\"og:locale\" content=\"fr_CA\" \/>\n<meta property=\"og:type\" content=\"article\" \/>\n<meta property=\"og:title\" content=\"Surmonter ma col\u00e8re \u2013 Le t\u00e9moignage d\u2019Aaron Allen\" \/>\n<meta property=\"og:description\" content=\"Je m&#039;appelle Aaron Allen. Je suis un mari, un p\u00e8re de deux jeunes enfants et un auteur-compositeur-interpr\u00e8te de musique country.J&#039;ai toujours su que je voulais \u00eatre musicien. La musique m\u2019a sauv\u00e9 la vie plus d\u2019une fois.\" \/>\n<meta property=\"og:url\" content=\"https:\/\/www.braintumour.ca\/fr\/temoignages\/surmonter-ma-colere-le-temoignage-daaron-allen\/\" \/>\n<meta property=\"og:site_name\" content=\"Fondation canadienne des tumeurs c\u00e9r\u00e9brales\" \/>\n<meta property=\"article:published_time\" content=\"2020-08-07T14:41:37+00:00\" \/>\n<meta property=\"article:modified_time\" content=\"2020-08-26T19:06:19+00:00\" \/>\n<meta property=\"og:image\" content=\"https:\/\/www.braintumour.ca\/wp-content\/uploads\/2020\/04\/Aaron-Allen-9-of-10-3-1024x703.jpg\" \/>\n\t<meta property=\"og:image:width\" content=\"1024\" \/>\n\t<meta property=\"og:image:height\" content=\"703\" \/>\n\t<meta property=\"og:image:type\" content=\"image\/jpeg\" \/>\n<meta name=\"author\" content=\"Matt Berry\" \/>\n<meta name=\"twitter:card\" content=\"summary_large_image\" \/>\n<meta name=\"twitter:label1\" content=\"\u00c9crit par\" \/>\n\t<meta name=\"twitter:data1\" content=\"Matt Berry\" \/>\n\t<meta name=\"twitter:label2\" content=\"Estimation du temps de lecture\" \/>\n\t<meta name=\"twitter:data2\" content=\"6 minutes\" \/>\n<script type=\"application\/ld+json\" class=\"yoast-schema-graph\">{\"@context\":\"https:\/\/schema.org\",\"@graph\":[{\"@type\":\"Article\",\"@id\":\"https:\/\/www.braintumour.ca\/fr\/temoignages\/surmonter-ma-colere-le-temoignage-daaron-allen\/#article\",\"isPartOf\":{\"@id\":\"https:\/\/www.braintumour.ca\/fr\/temoignages\/surmonter-ma-colere-le-temoignage-daaron-allen\/\"},\"author\":{\"name\":\"Matt Berry\",\"@id\":\"https:\/\/www.braintumour.ca\/fr\/#\/schema\/person\/7534b1b1d4da5d8e37af436b293eca3d\"},\"headline\":\"Surmonter ma col\u00e8re \u2013 Le t\u00e9moignage d\u2019Aaron Allen\",\"datePublished\":\"2020-08-07T14:41:37+00:00\",\"dateModified\":\"2020-08-26T19:06:19+00:00\",\"mainEntityOfPage\":{\"@id\":\"https:\/\/www.braintumour.ca\/fr\/temoignages\/surmonter-ma-colere-le-temoignage-daaron-allen\/\"},\"wordCount\":1250,\"image\":{\"@id\":\"https:\/\/www.braintumour.ca\/fr\/temoignages\/surmonter-ma-colere-le-temoignage-daaron-allen\/#primaryimage\"},\"thumbnailUrl\":\"https:\/\/www.braintumour.ca\/wp-content\/uploads\/2020\/04\/Aaron-Allen-9-of-10-3.jpg\",\"keywords\":[\"Fondation canadienne des tumeurs c\u00e9r\u00e9brales\",\"Tumeurs c\u00e9r\u00e9brales\",\"proche aidant\",\"aaron allen musique\"],\"articleSection\":[\"T\u00e9moignages\",\"Adulte\"],\"inLanguage\":\"fr-CA\"},{\"@type\":\"WebPage\",\"@id\":\"https:\/\/www.braintumour.ca\/fr\/temoignages\/surmonter-ma-colere-le-temoignage-daaron-allen\/\",\"url\":\"https:\/\/www.braintumour.ca\/fr\/temoignages\/surmonter-ma-colere-le-temoignage-daaron-allen\/\",\"name\":\"Surmonter ma col\u00e8re \u2013 Le t\u00e9moignage d\u2019Aaron Allen - Fondation canadienne des tumeurs c\u00e9r\u00e9brales\",\"isPartOf\":{\"@id\":\"https:\/\/www.braintumour.ca\/fr\/#website\"},\"primaryImageOfPage\":{\"@id\":\"https:\/\/www.braintumour.ca\/fr\/temoignages\/surmonter-ma-colere-le-temoignage-daaron-allen\/#primaryimage\"},\"image\":{\"@id\":\"https:\/\/www.braintumour.ca\/fr\/temoignages\/surmonter-ma-colere-le-temoignage-daaron-allen\/#primaryimage\"},\"thumbnailUrl\":\"https:\/\/www.braintumour.ca\/wp-content\/uploads\/2020\/04\/Aaron-Allen-9-of-10-3.jpg\",\"datePublished\":\"2020-08-07T14:41:37+00:00\",\"dateModified\":\"2020-08-26T19:06:19+00:00\",\"author\":{\"@id\":\"https:\/\/www.braintumour.ca\/fr\/#\/schema\/person\/7534b1b1d4da5d8e37af436b293eca3d\"},\"description\":\"Je m'appelle Aaron Allen. Je suis un mari, un p\u00e8re de deux jeunes enfants et un auteur-compositeur-interpr\u00e8te de musique country.J'ai toujours su que je voulais \u00eatre musicien. La musique m\u2019a sauv\u00e9 la vie plus d\u2019une fois.\",\"breadcrumb\":{\"@id\":\"https:\/\/www.braintumour.ca\/fr\/temoignages\/surmonter-ma-colere-le-temoignage-daaron-allen\/#breadcrumb\"},\"inLanguage\":\"fr-CA\",\"potentialAction\":[{\"@type\":\"ReadAction\",\"target\":[\"https:\/\/www.braintumour.ca\/fr\/temoignages\/surmonter-ma-colere-le-temoignage-daaron-allen\/\"]}]},{\"@type\":\"ImageObject\",\"inLanguage\":\"fr-CA\",\"@id\":\"https:\/\/www.braintumour.ca\/fr\/temoignages\/surmonter-ma-colere-le-temoignage-daaron-allen\/#primaryimage\",\"url\":\"https:\/\/www.braintumour.ca\/wp-content\/uploads\/2020\/04\/Aaron-Allen-9-of-10-3.jpg\",\"contentUrl\":\"https:\/\/www.braintumour.ca\/wp-content\/uploads\/2020\/04\/Aaron-Allen-9-of-10-3.jpg\",\"width\":2560,\"height\":1757,\"caption\":\"Aaron Allen\"},{\"@type\":\"BreadcrumbList\",\"@id\":\"https:\/\/www.braintumour.ca\/fr\/temoignages\/surmonter-ma-colere-le-temoignage-daaron-allen\/#breadcrumb\",\"itemListElement\":[{\"@type\":\"ListItem\",\"position\":1,\"name\":\"Home\",\"item\":\"https:\/\/www.braintumour.ca\/fr\/\"},{\"@type\":\"ListItem\",\"position\":2,\"name\":\"Surmonter ma col\u00e8re \u2013 Le t\u00e9moignage d\u2019Aaron Allen\"}]},{\"@type\":\"WebSite\",\"@id\":\"https:\/\/www.braintumour.ca\/fr\/#website\",\"url\":\"https:\/\/www.braintumour.ca\/fr\/\",\"name\":\"Fondation canadienne des tumeurs c\u00e9r\u00e9brales\",\"description\":\"Notre mission est de venir en aide \u00e0 toutes les personnes touch\u00e9es par une tumeur c\u00e9r\u00e9brale au Canada par le biais de nos programmes d\u2019information, de soutien, d\u2019\u00e9ducation et de recherche.\",\"potentialAction\":[{\"@type\":\"SearchAction\",\"target\":{\"@type\":\"EntryPoint\",\"urlTemplate\":\"https:\/\/www.braintumour.ca\/fr\/?s={search_term_string}\"},\"query-input\":{\"@type\":\"PropertyValueSpecification\",\"valueRequired\":true,\"valueName\":\"search_term_string\"}}],\"inLanguage\":\"fr-CA\"},{\"@type\":\"Person\",\"@id\":\"https:\/\/www.braintumour.ca\/fr\/#\/schema\/person\/7534b1b1d4da5d8e37af436b293eca3d\",\"name\":\"Matt Berry\",\"image\":{\"@type\":\"ImageObject\",\"inLanguage\":\"fr-CA\",\"@id\":\"https:\/\/www.braintumour.ca\/fr\/#\/schema\/person\/image\/\",\"url\":\"https:\/\/secure.gravatar.com\/avatar\/882da3b67056b0c608086d3c77de46948b64244a4c249e81e0bf04a8095ce320?s=96&d=mm&r=g\",\"contentUrl\":\"https:\/\/secure.gravatar.com\/avatar\/882da3b67056b0c608086d3c77de46948b64244a4c249e81e0bf04a8095ce320?s=96&d=mm&r=g\",\"caption\":\"Matt Berry\"}}]}<\/script>\n<!-- \/ Yoast SEO Premium plugin. -->","yoast_head_json":{"title":"Surmonter ma col\u00e8re \u2013 Le t\u00e9moignage d\u2019Aaron Allen - Fondation canadienne des tumeurs c\u00e9r\u00e9brales","description":"Je m'appelle Aaron Allen. Je suis un mari, un p\u00e8re de deux jeunes enfants et un auteur-compositeur-interpr\u00e8te de musique country.J'ai toujours su que je voulais \u00eatre musicien. La musique m\u2019a sauv\u00e9 la vie plus d\u2019une fois.","robots":{"index":"index","follow":"follow","max-snippet":"max-snippet:-1","max-image-preview":"max-image-preview:large","max-video-preview":"max-video-preview:-1"},"canonical":"https:\/\/www.braintumour.ca\/fr\/temoignages\/surmonter-ma-colere-le-temoignage-daaron-allen\/","og_locale":"fr_CA","og_type":"article","og_title":"Surmonter ma col\u00e8re \u2013 Le t\u00e9moignage d\u2019Aaron Allen","og_description":"Je m'appelle Aaron Allen. Je suis un mari, un p\u00e8re de deux jeunes enfants et un auteur-compositeur-interpr\u00e8te de musique country.J'ai toujours su que je voulais \u00eatre musicien. La musique m\u2019a sauv\u00e9 la vie plus d\u2019une fois.","og_url":"https:\/\/www.braintumour.ca\/fr\/temoignages\/surmonter-ma-colere-le-temoignage-daaron-allen\/","og_site_name":"Fondation canadienne des tumeurs c\u00e9r\u00e9brales","article_published_time":"2020-08-07T14:41:37+00:00","article_modified_time":"2020-08-26T19:06:19+00:00","og_image":[{"width":1024,"height":703,"url":"https:\/\/www.braintumour.ca\/wp-content\/uploads\/2020\/04\/Aaron-Allen-9-of-10-3-1024x703.jpg","type":"image\/jpeg"}],"author":"Matt Berry","twitter_card":"summary_large_image","twitter_misc":{"\u00c9crit par":"Matt Berry","Estimation du temps de lecture":"6 minutes"},"schema":{"@context":"https:\/\/schema.org","@graph":[{"@type":"Article","@id":"https:\/\/www.braintumour.ca\/fr\/temoignages\/surmonter-ma-colere-le-temoignage-daaron-allen\/#article","isPartOf":{"@id":"https:\/\/www.braintumour.ca\/fr\/temoignages\/surmonter-ma-colere-le-temoignage-daaron-allen\/"},"author":{"name":"Matt Berry","@id":"https:\/\/www.braintumour.ca\/fr\/#\/schema\/person\/7534b1b1d4da5d8e37af436b293eca3d"},"headline":"Surmonter ma col\u00e8re \u2013 Le t\u00e9moignage d\u2019Aaron Allen","datePublished":"2020-08-07T14:41:37+00:00","dateModified":"2020-08-26T19:06:19+00:00","mainEntityOfPage":{"@id":"https:\/\/www.braintumour.ca\/fr\/temoignages\/surmonter-ma-colere-le-temoignage-daaron-allen\/"},"wordCount":1250,"image":{"@id":"https:\/\/www.braintumour.ca\/fr\/temoignages\/surmonter-ma-colere-le-temoignage-daaron-allen\/#primaryimage"},"thumbnailUrl":"https:\/\/www.braintumour.ca\/wp-content\/uploads\/2020\/04\/Aaron-Allen-9-of-10-3.jpg","keywords":["Fondation canadienne des tumeurs c\u00e9r\u00e9brales","Tumeurs c\u00e9r\u00e9brales","proche aidant","aaron allen musique"],"articleSection":["T\u00e9moignages","Adulte"],"inLanguage":"fr-CA"},{"@type":"WebPage","@id":"https:\/\/www.braintumour.ca\/fr\/temoignages\/surmonter-ma-colere-le-temoignage-daaron-allen\/","url":"https:\/\/www.braintumour.ca\/fr\/temoignages\/surmonter-ma-colere-le-temoignage-daaron-allen\/","name":"Surmonter ma col\u00e8re \u2013 Le t\u00e9moignage d\u2019Aaron Allen - Fondation canadienne des tumeurs c\u00e9r\u00e9brales","isPartOf":{"@id":"https:\/\/www.braintumour.ca\/fr\/#website"},"primaryImageOfPage":{"@id":"https:\/\/www.braintumour.ca\/fr\/temoignages\/surmonter-ma-colere-le-temoignage-daaron-allen\/#primaryimage"},"image":{"@id":"https:\/\/www.braintumour.ca\/fr\/temoignages\/surmonter-ma-colere-le-temoignage-daaron-allen\/#primaryimage"},"thumbnailUrl":"https:\/\/www.braintumour.ca\/wp-content\/uploads\/2020\/04\/Aaron-Allen-9-of-10-3.jpg","datePublished":"2020-08-07T14:41:37+00:00","dateModified":"2020-08-26T19:06:19+00:00","author":{"@id":"https:\/\/www.braintumour.ca\/fr\/#\/schema\/person\/7534b1b1d4da5d8e37af436b293eca3d"},"description":"Je m'appelle Aaron Allen. Je suis un mari, un p\u00e8re de deux jeunes enfants et un auteur-compositeur-interpr\u00e8te de musique country.J'ai toujours su que je voulais \u00eatre musicien. La musique m\u2019a sauv\u00e9 la vie plus d\u2019une fois.","breadcrumb":{"@id":"https:\/\/www.braintumour.ca\/fr\/temoignages\/surmonter-ma-colere-le-temoignage-daaron-allen\/#breadcrumb"},"inLanguage":"fr-CA","potentialAction":[{"@type":"ReadAction","target":["https:\/\/www.braintumour.ca\/fr\/temoignages\/surmonter-ma-colere-le-temoignage-daaron-allen\/"]}]},{"@type":"ImageObject","inLanguage":"fr-CA","@id":"https:\/\/www.braintumour.ca\/fr\/temoignages\/surmonter-ma-colere-le-temoignage-daaron-allen\/#primaryimage","url":"https:\/\/www.braintumour.ca\/wp-content\/uploads\/2020\/04\/Aaron-Allen-9-of-10-3.jpg","contentUrl":"https:\/\/www.braintumour.ca\/wp-content\/uploads\/2020\/04\/Aaron-Allen-9-of-10-3.jpg","width":2560,"height":1757,"caption":"Aaron Allen"},{"@type":"BreadcrumbList","@id":"https:\/\/www.braintumour.ca\/fr\/temoignages\/surmonter-ma-colere-le-temoignage-daaron-allen\/#breadcrumb","itemListElement":[{"@type":"ListItem","position":1,"name":"Home","item":"https:\/\/www.braintumour.ca\/fr\/"},{"@type":"ListItem","position":2,"name":"Surmonter ma col\u00e8re \u2013 Le t\u00e9moignage d\u2019Aaron Allen"}]},{"@type":"WebSite","@id":"https:\/\/www.braintumour.ca\/fr\/#website","url":"https:\/\/www.braintumour.ca\/fr\/","name":"Fondation canadienne des tumeurs c\u00e9r\u00e9brales","description":"Notre mission est de venir en aide \u00e0 toutes les personnes touch\u00e9es par une tumeur c\u00e9r\u00e9brale au Canada par le biais de nos programmes d\u2019information, de soutien, d\u2019\u00e9ducation et de recherche.","potentialAction":[{"@type":"SearchAction","target":{"@type":"EntryPoint","urlTemplate":"https:\/\/www.braintumour.ca\/fr\/?s={search_term_string}"},"query-input":{"@type":"PropertyValueSpecification","valueRequired":true,"valueName":"search_term_string"}}],"inLanguage":"fr-CA"},{"@type":"Person","@id":"https:\/\/www.braintumour.ca\/fr\/#\/schema\/person\/7534b1b1d4da5d8e37af436b293eca3d","name":"Matt Berry","image":{"@type":"ImageObject","inLanguage":"fr-CA","@id":"https:\/\/www.braintumour.ca\/fr\/#\/schema\/person\/image\/","url":"https:\/\/secure.gravatar.com\/avatar\/882da3b67056b0c608086d3c77de46948b64244a4c249e81e0bf04a8095ce320?s=96&d=mm&r=g","contentUrl":"https:\/\/secure.gravatar.com\/avatar\/882da3b67056b0c608086d3c77de46948b64244a4c249e81e0bf04a8095ce320?s=96&d=mm&r=g","caption":"Matt Berry"}}]}},"_links":{"self":[{"href":"https:\/\/www.braintumour.ca\/fr\/wp-json\/wp\/v2\/posts\/5462","targetHints":{"allow":["GET"]}}],"collection":[{"href":"https:\/\/www.braintumour.ca\/fr\/wp-json\/wp\/v2\/posts"}],"about":[{"href":"https:\/\/www.braintumour.ca\/fr\/wp-json\/wp\/v2\/types\/post"}],"author":[{"embeddable":true,"href":"https:\/\/www.braintumour.ca\/fr\/wp-json\/wp\/v2\/users\/4"}],"replies":[{"embeddable":true,"href":"https:\/\/www.braintumour.ca\/fr\/wp-json\/wp\/v2\/comments?post=5462"}],"version-history":[{"count":0,"href":"https:\/\/www.braintumour.ca\/fr\/wp-json\/wp\/v2\/posts\/5462\/revisions"}],"wp:featuredmedia":[{"embeddable":true,"href":"https:\/\/www.braintumour.ca\/fr\/wp-json\/wp\/v2\/media\/4532"}],"wp:attachment":[{"href":"https:\/\/www.braintumour.ca\/fr\/wp-json\/wp\/v2\/media?parent=5462"}],"wp:term":[{"taxonomy":"category","embeddable":true,"href":"https:\/\/www.braintumour.ca\/fr\/wp-json\/wp\/v2\/categories?post=5462"},{"taxonomy":"post_tag","embeddable":true,"href":"https:\/\/www.braintumour.ca\/fr\/wp-json\/wp\/v2\/tags?post=5462"},{"taxonomy":"user_type","embeddable":true,"href":"https:\/\/www.braintumour.ca\/fr\/wp-json\/wp\/v2\/user_type?post=5462"},{"taxonomy":"locations","embeddable":true,"href":"https:\/\/www.braintumour.ca\/fr\/wp-json\/wp\/v2\/locations?post=5462"}],"curies":[{"name":"wp","href":"https:\/\/api.w.org\/{rel}","templated":true}]}}