{"id":5807,"date":"2020-10-26T14:21:24","date_gmt":"2020-10-26T18:21:24","guid":{"rendered":"https:\/\/www.braintumour.ca\/non-classifiee\/wrestling-with-the-brain-eater-gaetans-video\/"},"modified":"2020-10-26T15:16:44","modified_gmt":"2020-10-26T19:16:44","slug":"wrestling-with-the-brain-eater-gaetans-video","status":"publish","type":"post","link":"https:\/\/www.braintumour.ca\/fr\/temoignages\/wrestling-with-the-brain-eater-gaetans-video\/","title":{"rendered":"Lutter contre la \u00abMangeuse de cerveau\u00bb &#8211; Le t\u00e9moignage de Ga\u00e9tan"},"content":{"rendered":"<h4><strong>On peut faire face \u00e0 une tumeur c\u00e9r\u00e9brale, ou on peut lutter contre elle dans le \u00ab\u00a0ring\u00a0\u00bb!<\/strong><\/h4>\n<p><em><strong>\u00a0<\/strong><\/em><\/p>\n<div>\n<p><em>Ga\u00e9tan Benoit de Saskatchewan a r\u00e9cemment re\u00e7u un diagnostic de tumeur c\u00e9r\u00e9brale et a d\u00e9cid\u00e9 de lutter contre elle dans le \u00ab\u00a0ring\u00a0\u00bb lors de la Semaine de sensibilisation aux tumeurs c\u00e9r\u00e9brales du 24 octobre au 1<sup>e<\/sup> novembre 2020 (voir vid\u00e9o ci-dessous).<\/em><\/p>\n<p><strong><em>\u00a0<\/em><\/strong><\/p>\n<\/div>\n<p>&nbsp;<\/p>\n<p><iframe loading=\"lazy\" src=\"https:\/\/www.youtube.com\/embed\/yvQHWxXsbso\" width=\"560\" height=\"315\" frameborder=\"0\" allowfullscreen=\"allowfullscreen\"><\/iframe><br \/>\n&nbsp;<br \/>\n&nbsp;<\/p>\n<h5>J&rsquo;ai r\u00e9cemment re\u00e7u un diagnostic de tumeur c\u00e9r\u00e9brale inop\u00e9rable.<\/h5>\n<p>C&rsquo;\u00e9tait un terrible choc et je g\u00e8re toujours ce diagnostic, mais je suis \u00e9galement submerg\u00e9 de gratitude pour l&rsquo;amour et le soutien que j&rsquo;ai re\u00e7u. Je suis entour\u00e9 d\u2019\u00eatres chers, comme ma petite amie Katrine, ma famille et mes amis, et leur amour et leur positivit\u00e9 me donnent beaucoup de force. J\u2019ai d\u00e9j\u00e0 commenc\u00e9 mes traitements de radioth\u00e9rapie \/ chimioth\u00e9rapie, et jusqu\u2019\u00e0 pr\u00e9sent je me sens bien, je reste positif et je suis optimiste et plein d\u2019espoir pour les ann\u00e9es \u00e0 venir.<br \/>\n&nbsp;<\/p>\n<h5>Nouveau monde surr\u00e9aliste<\/h5>\n<p>C\u2019est une nouvelle d\u00e9vastatrice, et malheureusement trop de personnes sont touch\u00e9es par cette terrible maladie. En ces temps de COVID masqu\u00e9, j&rsquo;ai crois\u00e9 le regard d&rsquo;autres patients atteints de cancer du cerveau, j&rsquo;ai \u00e9chang\u00e9 des sourires cach\u00e9s et des hochements de t\u00eate, alors que nous attendons de nous diriger vers la salle de rayonnement.<\/p>\n<p>Comme beaucoup, j&rsquo;ai \u00e9t\u00e9 catapult\u00e9 dans un cauchemar surr\u00e9aliste et on m&rsquo;a donn\u00e9 une date d&rsquo;expiration. Je suis s\u00fbr que mon processus de deuil me m\u00e8nera \u00e0 travers le d\u00e9sespoir, l&rsquo;angoisse et la col\u00e8re, mais pour l&rsquo;instant, d&rsquo;une mani\u00e8re \u00e9trange, mon diagnostic a approfondi et amplifi\u00e9 mon exp\u00e9rience humaine de nombreuses mani\u00e8res et de fa\u00e7on positive.<\/p>\n<p>Les discussions th\u00e9oriques \u00e0 propos de sujets tel que <em>vivre dans le moment pr\u00e9sent<\/em> et <em>profiter de la vie<\/em> sont devenues tr\u00e8s r\u00e9elles face \u00e0 un tel diagnostic\u2026 J\u2019y fait face pr\u00e9sentement. Je suis en bonne sant\u00e9 maintenant et, comme je l&rsquo;ai mentionn\u00e9, je suis enthousiaste et optimiste pour les mois et les ann\u00e9es \u00e0 venir.<\/p>\n<p>&nbsp;<\/p>\n<h5>Pas la m\u00eame vieille histoire<\/h5>\n<p>Comme tous ceux qui sont confront\u00e9s \u00e0 cette maladie, j&rsquo;ai racont\u00e9 mon histoire \u00e0 plusieurs personnes. Premi\u00e8rement, \u00e0 mes proches, \u00e0 ma petite amie, \u00e0 ma famille imm\u00e9diate et \u00e0 mes amis les plus proches. Mais je suis rest\u00e9 \u00e0 l&rsquo;\u00e9cart des m\u00e9dias sociaux, je ne savais pas comment partager la nouvelle avec un public plus large. Je savais qu&rsquo;\u00e0 un moment, j&rsquo;allais devoir m&rsquo;adresser de front \u00e0 cet \u00e9l\u00e9phant dans la pi\u00e8ce, si je voulais continuer \u00e0 vivre ma vie, sans que tout ce que je partage ou publie ne soit \u00e9clips\u00e9 par mon cancer.<\/p>\n<p>&nbsp;<\/p>\n<h5>\u00catre cr\u00e9atif<\/h5>\n<p>Et ainsi, la petite roulette dans mon esprit de producteur de t\u00e9l\u00e9vision a commenc\u00e9 \u00e0 tourner, et l&rsquo;id\u00e9e d&rsquo;un combat de lutte comique entre moi et une grosse tumeur m\u00e9chante m&rsquo;est venue \u00e0 l&rsquo;esprit. En tant que Canadien fran\u00e7ais de la Saskatchewan, ou Fransaskois, une \u00abjambette\u00bb comme nous l&rsquo;appelons, \u00e9tait un peu une tradition familiale. Un combat durant lequel j&rsquo;humilie l\u2019horrible tumeur me semblait \u00eatre une mani\u00e8re amusante et appropri\u00e9e de renverser la situation et de prendre le dessus sur cette maladie qui avait pris le dessus sur ma vie et sur la vie d&rsquo;innombrables autres personnes.<\/p>\n<p>Avec la contribution g\u00e9n\u00e9reuse d&rsquo;amis qui travaillent dans l&rsquo;industrie cin\u00e9matographique, nous avons pu donner vie \u00e0 cette id\u00e9e comique.<\/p>\n<p>&nbsp;<\/p>\n<h5>Espoir et humour<\/h5>\n<p>Au d\u00e9but, je me sentais mal \u00e0 l&rsquo;aise de me mettre \u00e0 l&rsquo;avant-plan et de partager mon histoire de mani\u00e8re si \u00ab\u00a0l\u00e9g\u00e8re\u00a0\u00bb. Mais en tant que personne cr\u00e9ative, j&rsquo;ai souvent utilis\u00e9 l&rsquo;humour au cours de ma vie pour g\u00e9rer mes exp\u00e9riences. Donc, finalement, cela m&rsquo;a sembl\u00e9 \u00eatre une fa\u00e7on authentique et naturelle de partager mon histoire, \u00e0 ma mani\u00e8re.<\/p>\n<p>Nous avons \u00e9galement fait ce vid\u00e9o dans l&rsquo;espoir qu\u2019il puisse apporter un petit r\u00e9pit comique \u00e0 d&rsquo;autres personnes qui vivent une exp\u00e9rience similaire, qu&rsquo;il s&rsquo;agisse d&rsquo;un cancer du cerveau ou de tout autre cancer.<\/p>\n<div><\/div>\n","protected":false},"excerpt":{"rendered":"<p>Ga\u00e9tan Benoit de Saskatchewan a r\u00e9cemment re\u00e7u un diagnostic de tumeur c\u00e9r\u00e9brale et a d\u00e9cid\u00e9 de lutter contre elle dans le \u00ab\u00a0ring\u00a0\u00bb lors de la Semaine de sensibilisation aux tumeurs c\u00e9r\u00e9brales<\/p>\n","protected":false},"author":4,"featured_media":5805,"comment_status":"closed","ping_status":"closed","sticky":false,"template":"","format":"standard","meta":{"_acf_changed":false,"footnotes":""},"categories":[148,178],"tags":[217,266,368,369],"user_type":[],"locations":[160,161,207],"class_list":["post-5807","post","type-post","status-publish","format-standard","has-post-thumbnail","hentry","category-temoignages","category-communaute","tag-fondation-canadienne-des-tumeurs-cerebrales","tag-tumeurs-cerebrales","tag-cancer-du-cerveau","tag-humour","locations-montreal","locations-canada-wide-fr","locations-quebec-city-fr"],"acf":[],"yoast_head":"<!-- This site is optimized with the Yoast SEO Premium plugin v27.0 (Yoast SEO v27.0) - https:\/\/yoast.com\/product\/yoast-seo-premium-wordpress\/ -->\n<title>Lutter contre la \u00abMangeuse de cerveau\u00bb - Le t\u00e9moignage de Ga\u00e9tan - Fondation canadienne des tumeurs c\u00e9r\u00e9brales<\/title>\n<meta name=\"description\" content=\"Ga\u00e9tan Benoit de Saskatchewan a r\u00e9cemment re\u00e7u un diagnostic de tumeur c\u00e9r\u00e9brale et a d\u00e9cid\u00e9 de lutter contre elle dans le \u00ab\u00a0ring\u00a0\u00bb lors de la Semaine de sensibilisation aux tumeurs c\u00e9r\u00e9brales.\" \/>\n<meta name=\"robots\" content=\"index, follow, max-snippet:-1, max-image-preview:large, max-video-preview:-1\" \/>\n<link rel=\"canonical\" href=\"https:\/\/www.braintumour.ca\/fr\/temoignages\/wrestling-with-the-brain-eater-gaetans-video\/\" \/>\n<meta property=\"og:locale\" content=\"fr_CA\" \/>\n<meta property=\"og:type\" content=\"article\" \/>\n<meta property=\"og:title\" content=\"Lutter contre la \u00abMangeuse de cerveau\u00bb - Le t\u00e9moignage de Ga\u00e9tan\" \/>\n<meta property=\"og:description\" content=\"Ga\u00e9tan Benoit de Saskatchewan a r\u00e9cemment re\u00e7u un diagnostic de tumeur c\u00e9r\u00e9brale et a d\u00e9cid\u00e9 de lutter contre elle dans le \u00ab\u00a0ring\u00a0\u00bb lors de la Semaine de sensibilisation aux tumeurs c\u00e9r\u00e9brales.\" \/>\n<meta property=\"og:url\" content=\"https:\/\/www.braintumour.ca\/fr\/temoignages\/wrestling-with-the-brain-eater-gaetans-video\/\" \/>\n<meta property=\"og:site_name\" content=\"Fondation canadienne des tumeurs c\u00e9r\u00e9brales\" \/>\n<meta property=\"article:published_time\" content=\"2020-10-26T18:21:24+00:00\" \/>\n<meta property=\"article:modified_time\" content=\"2020-10-26T19:16:44+00:00\" \/>\n<meta property=\"og:image\" content=\"https:\/\/www.braintumour.ca\/wp-content\/uploads\/2020\/10\/GAETAN.jpg\" \/>\n\t<meta property=\"og:image:width\" content=\"1200\" \/>\n\t<meta property=\"og:image:height\" content=\"1465\" \/>\n\t<meta property=\"og:image:type\" content=\"image\/jpeg\" \/>\n<meta name=\"author\" content=\"Matt Berry\" \/>\n<meta name=\"twitter:card\" content=\"summary_large_image\" \/>\n<meta name=\"twitter:label1\" content=\"\u00c9crit par\" \/>\n\t<meta name=\"twitter:data1\" content=\"Matt Berry\" \/>\n\t<meta name=\"twitter:label2\" content=\"Estimation du temps de lecture\" \/>\n\t<meta name=\"twitter:data2\" content=\"3 minutes\" \/>\n<script type=\"application\/ld+json\" class=\"yoast-schema-graph\">{\"@context\":\"https:\/\/schema.org\",\"@graph\":[{\"@type\":\"Article\",\"@id\":\"https:\/\/www.braintumour.ca\/fr\/temoignages\/wrestling-with-the-brain-eater-gaetans-video\/#article\",\"isPartOf\":{\"@id\":\"https:\/\/www.braintumour.ca\/fr\/temoignages\/wrestling-with-the-brain-eater-gaetans-video\/\"},\"author\":{\"name\":\"Matt Berry\",\"@id\":\"https:\/\/www.braintumour.ca\/fr\/#\/schema\/person\/7534b1b1d4da5d8e37af436b293eca3d\"},\"headline\":\"Lutter contre la \u00abMangeuse de cerveau\u00bb &#8211; Le t\u00e9moignage de Ga\u00e9tan\",\"datePublished\":\"2020-10-26T18:21:24+00:00\",\"dateModified\":\"2020-10-26T19:16:44+00:00\",\"mainEntityOfPage\":{\"@id\":\"https:\/\/www.braintumour.ca\/fr\/temoignages\/wrestling-with-the-brain-eater-gaetans-video\/\"},\"wordCount\":746,\"image\":{\"@id\":\"https:\/\/www.braintumour.ca\/fr\/temoignages\/wrestling-with-the-brain-eater-gaetans-video\/#primaryimage\"},\"thumbnailUrl\":\"https:\/\/www.braintumour.ca\/wp-content\/uploads\/2020\/10\/GAETAN.jpg\",\"keywords\":[\"Fondation canadienne des tumeurs c\u00e9r\u00e9brales\",\"Tumeurs c\u00e9r\u00e9brales\",\"cancer du cerveau\",\"humour\"],\"articleSection\":[\"T\u00e9moignages\",\"Communaut\u00e9\"],\"inLanguage\":\"fr-CA\"},{\"@type\":\"WebPage\",\"@id\":\"https:\/\/www.braintumour.ca\/fr\/temoignages\/wrestling-with-the-brain-eater-gaetans-video\/\",\"url\":\"https:\/\/www.braintumour.ca\/fr\/temoignages\/wrestling-with-the-brain-eater-gaetans-video\/\",\"name\":\"Lutter contre la \u00abMangeuse de cerveau\u00bb - Le t\u00e9moignage de Ga\u00e9tan - Fondation canadienne des tumeurs c\u00e9r\u00e9brales\",\"isPartOf\":{\"@id\":\"https:\/\/www.braintumour.ca\/fr\/#website\"},\"primaryImageOfPage\":{\"@id\":\"https:\/\/www.braintumour.ca\/fr\/temoignages\/wrestling-with-the-brain-eater-gaetans-video\/#primaryimage\"},\"image\":{\"@id\":\"https:\/\/www.braintumour.ca\/fr\/temoignages\/wrestling-with-the-brain-eater-gaetans-video\/#primaryimage\"},\"thumbnailUrl\":\"https:\/\/www.braintumour.ca\/wp-content\/uploads\/2020\/10\/GAETAN.jpg\",\"datePublished\":\"2020-10-26T18:21:24+00:00\",\"dateModified\":\"2020-10-26T19:16:44+00:00\",\"author\":{\"@id\":\"https:\/\/www.braintumour.ca\/fr\/#\/schema\/person\/7534b1b1d4da5d8e37af436b293eca3d\"},\"description\":\"Ga\u00e9tan Benoit de Saskatchewan a r\u00e9cemment re\u00e7u un diagnostic de tumeur c\u00e9r\u00e9brale et a d\u00e9cid\u00e9 de lutter contre elle dans le \u00ab\u00a0ring\u00a0\u00bb lors de la Semaine de sensibilisation aux tumeurs c\u00e9r\u00e9brales.\",\"breadcrumb\":{\"@id\":\"https:\/\/www.braintumour.ca\/fr\/temoignages\/wrestling-with-the-brain-eater-gaetans-video\/#breadcrumb\"},\"inLanguage\":\"fr-CA\",\"potentialAction\":[{\"@type\":\"ReadAction\",\"target\":[\"https:\/\/www.braintumour.ca\/fr\/temoignages\/wrestling-with-the-brain-eater-gaetans-video\/\"]}]},{\"@type\":\"ImageObject\",\"inLanguage\":\"fr-CA\",\"@id\":\"https:\/\/www.braintumour.ca\/fr\/temoignages\/wrestling-with-the-brain-eater-gaetans-video\/#primaryimage\",\"url\":\"https:\/\/www.braintumour.ca\/wp-content\/uploads\/2020\/10\/GAETAN.jpg\",\"contentUrl\":\"https:\/\/www.braintumour.ca\/wp-content\/uploads\/2020\/10\/GAETAN.jpg\",\"width\":1200,\"height\":1465,\"caption\":\"Gaetan Benoit\"},{\"@type\":\"BreadcrumbList\",\"@id\":\"https:\/\/www.braintumour.ca\/fr\/temoignages\/wrestling-with-the-brain-eater-gaetans-video\/#breadcrumb\",\"itemListElement\":[{\"@type\":\"ListItem\",\"position\":1,\"name\":\"Home\",\"item\":\"https:\/\/www.braintumour.ca\/fr\/\"},{\"@type\":\"ListItem\",\"position\":2,\"name\":\"Lutter contre la \u00abMangeuse de cerveau\u00bb &#8211; Le t\u00e9moignage de Ga\u00e9tan\"}]},{\"@type\":\"WebSite\",\"@id\":\"https:\/\/www.braintumour.ca\/fr\/#website\",\"url\":\"https:\/\/www.braintumour.ca\/fr\/\",\"name\":\"Fondation canadienne des tumeurs c\u00e9r\u00e9brales\",\"description\":\"Notre mission est de venir en aide \u00e0 toutes les personnes touch\u00e9es par une tumeur c\u00e9r\u00e9brale au Canada par le biais de nos programmes d\u2019information, de soutien, d\u2019\u00e9ducation et de recherche.\",\"potentialAction\":[{\"@type\":\"SearchAction\",\"target\":{\"@type\":\"EntryPoint\",\"urlTemplate\":\"https:\/\/www.braintumour.ca\/fr\/?s={search_term_string}\"},\"query-input\":{\"@type\":\"PropertyValueSpecification\",\"valueRequired\":true,\"valueName\":\"search_term_string\"}}],\"inLanguage\":\"fr-CA\"},{\"@type\":\"Person\",\"@id\":\"https:\/\/www.braintumour.ca\/fr\/#\/schema\/person\/7534b1b1d4da5d8e37af436b293eca3d\",\"name\":\"Matt Berry\",\"image\":{\"@type\":\"ImageObject\",\"inLanguage\":\"fr-CA\",\"@id\":\"https:\/\/www.braintumour.ca\/fr\/#\/schema\/person\/image\/\",\"url\":\"https:\/\/secure.gravatar.com\/avatar\/882da3b67056b0c608086d3c77de46948b64244a4c249e81e0bf04a8095ce320?s=96&d=mm&r=g\",\"contentUrl\":\"https:\/\/secure.gravatar.com\/avatar\/882da3b67056b0c608086d3c77de46948b64244a4c249e81e0bf04a8095ce320?s=96&d=mm&r=g\",\"caption\":\"Matt Berry\"}}]}<\/script>\n<!-- \/ Yoast SEO Premium plugin. -->","yoast_head_json":{"title":"Lutter contre la \u00abMangeuse de cerveau\u00bb - Le t\u00e9moignage de Ga\u00e9tan - Fondation canadienne des tumeurs c\u00e9r\u00e9brales","description":"Ga\u00e9tan Benoit de Saskatchewan a r\u00e9cemment re\u00e7u un diagnostic de tumeur c\u00e9r\u00e9brale et a d\u00e9cid\u00e9 de lutter contre elle dans le \u00ab\u00a0ring\u00a0\u00bb lors de la Semaine de sensibilisation aux tumeurs c\u00e9r\u00e9brales.","robots":{"index":"index","follow":"follow","max-snippet":"max-snippet:-1","max-image-preview":"max-image-preview:large","max-video-preview":"max-video-preview:-1"},"canonical":"https:\/\/www.braintumour.ca\/fr\/temoignages\/wrestling-with-the-brain-eater-gaetans-video\/","og_locale":"fr_CA","og_type":"article","og_title":"Lutter contre la \u00abMangeuse de cerveau\u00bb - Le t\u00e9moignage de Ga\u00e9tan","og_description":"Ga\u00e9tan Benoit de Saskatchewan a r\u00e9cemment re\u00e7u un diagnostic de tumeur c\u00e9r\u00e9brale et a d\u00e9cid\u00e9 de lutter contre elle dans le \u00ab\u00a0ring\u00a0\u00bb lors de la Semaine de sensibilisation aux tumeurs c\u00e9r\u00e9brales.","og_url":"https:\/\/www.braintumour.ca\/fr\/temoignages\/wrestling-with-the-brain-eater-gaetans-video\/","og_site_name":"Fondation canadienne des tumeurs c\u00e9r\u00e9brales","article_published_time":"2020-10-26T18:21:24+00:00","article_modified_time":"2020-10-26T19:16:44+00:00","og_image":[{"width":1200,"height":1465,"url":"https:\/\/www.braintumour.ca\/wp-content\/uploads\/2020\/10\/GAETAN.jpg","type":"image\/jpeg"}],"author":"Matt Berry","twitter_card":"summary_large_image","twitter_misc":{"\u00c9crit par":"Matt Berry","Estimation du temps de lecture":"3 minutes"},"schema":{"@context":"https:\/\/schema.org","@graph":[{"@type":"Article","@id":"https:\/\/www.braintumour.ca\/fr\/temoignages\/wrestling-with-the-brain-eater-gaetans-video\/#article","isPartOf":{"@id":"https:\/\/www.braintumour.ca\/fr\/temoignages\/wrestling-with-the-brain-eater-gaetans-video\/"},"author":{"name":"Matt Berry","@id":"https:\/\/www.braintumour.ca\/fr\/#\/schema\/person\/7534b1b1d4da5d8e37af436b293eca3d"},"headline":"Lutter contre la \u00abMangeuse de cerveau\u00bb &#8211; Le t\u00e9moignage de Ga\u00e9tan","datePublished":"2020-10-26T18:21:24+00:00","dateModified":"2020-10-26T19:16:44+00:00","mainEntityOfPage":{"@id":"https:\/\/www.braintumour.ca\/fr\/temoignages\/wrestling-with-the-brain-eater-gaetans-video\/"},"wordCount":746,"image":{"@id":"https:\/\/www.braintumour.ca\/fr\/temoignages\/wrestling-with-the-brain-eater-gaetans-video\/#primaryimage"},"thumbnailUrl":"https:\/\/www.braintumour.ca\/wp-content\/uploads\/2020\/10\/GAETAN.jpg","keywords":["Fondation canadienne des tumeurs c\u00e9r\u00e9brales","Tumeurs c\u00e9r\u00e9brales","cancer du cerveau","humour"],"articleSection":["T\u00e9moignages","Communaut\u00e9"],"inLanguage":"fr-CA"},{"@type":"WebPage","@id":"https:\/\/www.braintumour.ca\/fr\/temoignages\/wrestling-with-the-brain-eater-gaetans-video\/","url":"https:\/\/www.braintumour.ca\/fr\/temoignages\/wrestling-with-the-brain-eater-gaetans-video\/","name":"Lutter contre la \u00abMangeuse de cerveau\u00bb - Le t\u00e9moignage de Ga\u00e9tan - Fondation canadienne des tumeurs c\u00e9r\u00e9brales","isPartOf":{"@id":"https:\/\/www.braintumour.ca\/fr\/#website"},"primaryImageOfPage":{"@id":"https:\/\/www.braintumour.ca\/fr\/temoignages\/wrestling-with-the-brain-eater-gaetans-video\/#primaryimage"},"image":{"@id":"https:\/\/www.braintumour.ca\/fr\/temoignages\/wrestling-with-the-brain-eater-gaetans-video\/#primaryimage"},"thumbnailUrl":"https:\/\/www.braintumour.ca\/wp-content\/uploads\/2020\/10\/GAETAN.jpg","datePublished":"2020-10-26T18:21:24+00:00","dateModified":"2020-10-26T19:16:44+00:00","author":{"@id":"https:\/\/www.braintumour.ca\/fr\/#\/schema\/person\/7534b1b1d4da5d8e37af436b293eca3d"},"description":"Ga\u00e9tan Benoit de Saskatchewan a r\u00e9cemment re\u00e7u un diagnostic de tumeur c\u00e9r\u00e9brale et a d\u00e9cid\u00e9 de lutter contre elle dans le \u00ab\u00a0ring\u00a0\u00bb lors de la Semaine de sensibilisation aux tumeurs c\u00e9r\u00e9brales.","breadcrumb":{"@id":"https:\/\/www.braintumour.ca\/fr\/temoignages\/wrestling-with-the-brain-eater-gaetans-video\/#breadcrumb"},"inLanguage":"fr-CA","potentialAction":[{"@type":"ReadAction","target":["https:\/\/www.braintumour.ca\/fr\/temoignages\/wrestling-with-the-brain-eater-gaetans-video\/"]}]},{"@type":"ImageObject","inLanguage":"fr-CA","@id":"https:\/\/www.braintumour.ca\/fr\/temoignages\/wrestling-with-the-brain-eater-gaetans-video\/#primaryimage","url":"https:\/\/www.braintumour.ca\/wp-content\/uploads\/2020\/10\/GAETAN.jpg","contentUrl":"https:\/\/www.braintumour.ca\/wp-content\/uploads\/2020\/10\/GAETAN.jpg","width":1200,"height":1465,"caption":"Gaetan Benoit"},{"@type":"BreadcrumbList","@id":"https:\/\/www.braintumour.ca\/fr\/temoignages\/wrestling-with-the-brain-eater-gaetans-video\/#breadcrumb","itemListElement":[{"@type":"ListItem","position":1,"name":"Home","item":"https:\/\/www.braintumour.ca\/fr\/"},{"@type":"ListItem","position":2,"name":"Lutter contre la \u00abMangeuse de cerveau\u00bb &#8211; Le t\u00e9moignage de Ga\u00e9tan"}]},{"@type":"WebSite","@id":"https:\/\/www.braintumour.ca\/fr\/#website","url":"https:\/\/www.braintumour.ca\/fr\/","name":"Fondation canadienne des tumeurs c\u00e9r\u00e9brales","description":"Notre mission est de venir en aide \u00e0 toutes les personnes touch\u00e9es par une tumeur c\u00e9r\u00e9brale au Canada par le biais de nos programmes d\u2019information, de soutien, d\u2019\u00e9ducation et de recherche.","potentialAction":[{"@type":"SearchAction","target":{"@type":"EntryPoint","urlTemplate":"https:\/\/www.braintumour.ca\/fr\/?s={search_term_string}"},"query-input":{"@type":"PropertyValueSpecification","valueRequired":true,"valueName":"search_term_string"}}],"inLanguage":"fr-CA"},{"@type":"Person","@id":"https:\/\/www.braintumour.ca\/fr\/#\/schema\/person\/7534b1b1d4da5d8e37af436b293eca3d","name":"Matt Berry","image":{"@type":"ImageObject","inLanguage":"fr-CA","@id":"https:\/\/www.braintumour.ca\/fr\/#\/schema\/person\/image\/","url":"https:\/\/secure.gravatar.com\/avatar\/882da3b67056b0c608086d3c77de46948b64244a4c249e81e0bf04a8095ce320?s=96&d=mm&r=g","contentUrl":"https:\/\/secure.gravatar.com\/avatar\/882da3b67056b0c608086d3c77de46948b64244a4c249e81e0bf04a8095ce320?s=96&d=mm&r=g","caption":"Matt Berry"}}]}},"_links":{"self":[{"href":"https:\/\/www.braintumour.ca\/fr\/wp-json\/wp\/v2\/posts\/5807","targetHints":{"allow":["GET"]}}],"collection":[{"href":"https:\/\/www.braintumour.ca\/fr\/wp-json\/wp\/v2\/posts"}],"about":[{"href":"https:\/\/www.braintumour.ca\/fr\/wp-json\/wp\/v2\/types\/post"}],"author":[{"embeddable":true,"href":"https:\/\/www.braintumour.ca\/fr\/wp-json\/wp\/v2\/users\/4"}],"replies":[{"embeddable":true,"href":"https:\/\/www.braintumour.ca\/fr\/wp-json\/wp\/v2\/comments?post=5807"}],"version-history":[{"count":0,"href":"https:\/\/www.braintumour.ca\/fr\/wp-json\/wp\/v2\/posts\/5807\/revisions"}],"wp:featuredmedia":[{"embeddable":true,"href":"https:\/\/www.braintumour.ca\/fr\/wp-json\/wp\/v2\/media\/5805"}],"wp:attachment":[{"href":"https:\/\/www.braintumour.ca\/fr\/wp-json\/wp\/v2\/media?parent=5807"}],"wp:term":[{"taxonomy":"category","embeddable":true,"href":"https:\/\/www.braintumour.ca\/fr\/wp-json\/wp\/v2\/categories?post=5807"},{"taxonomy":"post_tag","embeddable":true,"href":"https:\/\/www.braintumour.ca\/fr\/wp-json\/wp\/v2\/tags?post=5807"},{"taxonomy":"user_type","embeddable":true,"href":"https:\/\/www.braintumour.ca\/fr\/wp-json\/wp\/v2\/user_type?post=5807"},{"taxonomy":"locations","embeddable":true,"href":"https:\/\/www.braintumour.ca\/fr\/wp-json\/wp\/v2\/locations?post=5807"}],"curies":[{"name":"wp","href":"https:\/\/api.w.org\/{rel}","templated":true}]}}