{"id":5893,"date":"2020-10-05T10:21:49","date_gmt":"2020-10-05T14:21:49","guid":{"rendered":"https:\/\/www.braintumour.ca\/non-classifiee\/2020-cup-of-hope-winner-kyleighs-story\/"},"modified":"2020-11-11T17:05:24","modified_gmt":"2020-11-11T22:05:24","slug":"gagnante-du-trophee-de-lespoir-2020","status":"publish","type":"post","link":"https:\/\/www.braintumour.ca\/fr\/temoignages\/marche-des-tumeurs-cerebrales\/gagnante-du-trophee-de-lespoir-2020\/","title":{"rendered":"Gagnante du Troph\u00e9e de l&rsquo;espoir 2020 &#8211; L&rsquo;histoire de Kyleigh"},"content":{"rendered":"<h5><strong>Dans le Sault Ste. Marie, domicile de Kyleigh Provenzano, le tr\u00e8s convoit\u00e9 Troph\u00e9e de l\u2019espoir est rang\u00e9 tr\u00e8s haut sur une \u00e9tag\u00e8re, loin des petites mains de trois fillettes curieuses.<\/strong><\/h5>\n<p>Provenzano a fini premi\u00e8re au pays pour sa collecte de fonds lors de notre Marche des tumeurs c\u00e9r\u00e9brales virtuelle 2020, recueillant pr\u00e8s de 40 000 $ pour la Fondation canadienne des tumeurs c\u00e9r\u00e9brales. <span data-offset-key=\"2oi5e-0-0\"> Gr\u00e2ce \u00e0 son incroyable travail, Kyleigh a r\u00e9ussi \u00e0 cr\u00e9er un mouvement local!<\/span><\/p>\n<p>\u00c0 l&rsquo;origine, elle pr\u00e9voyait organiser une marche communautaire le 27 mai, pendant le Mois de la sensibilisation aux tumeurs c\u00e9r\u00e9brales. Comme plusieurs autres \u00e9v\u00e9nements (y compris les 22 marches en personne de la Fondation canadienne des tumeurs c\u00e9r\u00e9brales), la marche a d\u00fb \u00eatre annul\u00e9e en raison du COVID-19.<\/p>\n<p>Pour ne pas se d\u00e9courager, Kyleigh et le co-capitaine Shaylan Spurway Bubinas ont cr\u00e9\u00e9 la campagne #AlgomaGoesGrey, qui a r\u00e9ussi \u00e0 prosp\u00e9rer et \u00e0 unir les gens dans la r\u00e9gion d&rsquo;Algoma.<\/p>\n<p>Le troph\u00e9e est arriv\u00e9 par la poste le 28 septembre dernier et Kyleigh l&rsquo;a ouvert entour\u00e9e de ses trois filles &#8211; dont la plus jeune qui vient de commencer la garderie. Elle n&rsquo;avait pas expliqu\u00e9 ce que c&rsquo;\u00e9tait aux fillettes, \u00e0 part le fait que le troph\u00e9e \u00e9tait quelque chose pour lequel maman avait travaillait tr\u00e8s dur et dont elle \u00e9tait tr\u00e8s fi\u00e8re. Voir le Troph\u00e9e de l&rsquo;espoir a suscit\u00e9 toute une gamme d&rsquo;\u00e9motions chez Kyleigh.<\/p>\n<p>\u00abC&rsquo;\u00e9tait un m\u00e9lange de choses\u00bb, dit-elle en ouvrant le paquet contenant le troph\u00e9e. \u00abJ&rsquo;\u00e9tais excit\u00e9e et fi\u00e8re, mais je me sentais aussi un peu triste d&rsquo;une certaine mani\u00e8re. C&rsquo;est quelque chose dont il faut \u00eatre fier, mais c\u2019est \u00e9galement difficile \u00e0 faire.<\/p>\n<p>Kyleigh et son \u00e9quipe, les Brain Stormers, ont amass\u00e9 un total de 39 175 $ pour la Fondation canadienne des tumeurs c\u00e9r\u00e9brales, dont Kyleigh elle-m\u00eame a recueilli environ 34 000 $.<\/p>\n<h5><strong><img loading=\"lazy\" decoding=\"async\" class=\"alignright wp-image-5671 size-large\" src=\"https:\/\/www.braintumour.ca\/wp-content\/uploads\/2020\/09\/KYLEIGH4-768x1024.jpg\" alt=\"2020 virtual brain tumour walk cup of hope winner\" width=\"768\" height=\"1024\" srcset=\"https:\/\/www.braintumour.ca\/wp-content\/uploads\/2020\/09\/KYLEIGH4-768x1024.jpg 768w, https:\/\/www.braintumour.ca\/wp-content\/uploads\/2020\/09\/KYLEIGH4-225x300.jpg 225w, https:\/\/www.braintumour.ca\/wp-content\/uploads\/2020\/09\/KYLEIGH4-1152x1536.jpg 1152w, https:\/\/www.braintumour.ca\/wp-content\/uploads\/2020\/09\/KYLEIGH4-1536x2048.jpg 1536w, https:\/\/www.braintumour.ca\/wp-content\/uploads\/2020\/09\/KYLEIGH4-640x853.jpg 640w, https:\/\/www.braintumour.ca\/wp-content\/uploads\/2020\/09\/KYLEIGH4-1024x1365.jpg 1024w, https:\/\/www.braintumour.ca\/wp-content\/uploads\/2020\/09\/KYLEIGH4-1200x1600.jpg 1200w, https:\/\/www.braintumour.ca\/wp-content\/uploads\/2020\/09\/KYLEIGH4-scaled.jpg 1920w, https:\/\/www.braintumour.ca\/wp-content\/uploads\/2020\/09\/KYLEIGH4-1080x1440.jpg 1080w, https:\/\/www.braintumour.ca\/wp-content\/uploads\/2020\/09\/KYLEIGH4-810x1080.jpg 810w\" sizes=\"auto, (max-width: 639px) 98vw, (max-width: 1199px) 64vw, 768px\" \/>Par o\u00f9 commencer?<\/strong><\/h5>\n<p>Tout a commenc\u00e9 avec le d\u00e9sir de faire quelque chose pour la communaut\u00e9 des tumeurs c\u00e9r\u00e9brales. Kyleigh a contact\u00e9 une ancienne co\u00e9quipi\u00e8re de football qui travaille dans le domaine de l&rsquo;oncologie, lui demandant pour quelle organisation il serait le plus convenable d\u2019amasser des fonds.<\/p>\n<p>Le r\u00e9sultat de cette conversation a conduit Kyleigh \u00e0 la Fondation canadienne des tumeurs c\u00e9r\u00e9brales, et \u00e0 partir de l\u00e0, elle est all\u00e9e directement \u00e0 la page des \u00e9v\u00e9nements communautaires de notre site web et \u00aba suivi les instructions\u00bb. C&rsquo;\u00e9tait la premi\u00e8re campagne de financement qu&rsquo;elle avait organis\u00e9e, elle d\u00e9cida de l\u2019appeler #AlgomaGoesGrey.<\/p>\n<p>Pendant le Mois de la sensibilisation aux tumeurs c\u00e9r\u00e9brales en mai, toute la r\u00e9gion de Sault Ste Marie et d&rsquo;Algoma f\u00fbt inond\u00e9e de gris alors que la campagne de Kyleigh prenait vie. La campagne devait culminer avec une marche communautaire le 27 mai, mais les restrictions du COVID-19 ont emp\u00each\u00e9 la tenue de cet \u00e9v\u00e9nement.<\/p>\n<p>L&rsquo;\u00e9quipe des Brain Stormers au bord de l&rsquo;eau \u00e0 Sault Ste Marie.<\/p>\n<p>Au lieu de cela, l&rsquo;\u00e9quipe de Brain Stormers a particip\u00e9 \u00e0 la Marche des tumeurs c\u00e9r\u00e9brales virtuelle le 27 juin avec un petit groupe, accompagn\u00e9 de co\u00e9quipiers de toute la r\u00e9gion, de la province et du pays.<\/p>\n<p><img loading=\"lazy\" decoding=\"async\" class=\"wp-image-5665 size-large\" src=\"https:\/\/www.braintumour.ca\/wp-content\/uploads\/2020\/09\/KYLEIGH1-1024x768.jpeg\" alt=\"2020 Virtual Brain Tumour Walk team Brain Stormers\" width=\"1024\" height=\"768\" srcset=\"https:\/\/www.braintumour.ca\/wp-content\/uploads\/2020\/09\/KYLEIGH1-1024x768.jpeg 1024w, https:\/\/www.braintumour.ca\/wp-content\/uploads\/2020\/09\/KYLEIGH1-300x225.jpeg 300w, https:\/\/www.braintumour.ca\/wp-content\/uploads\/2020\/09\/KYLEIGH1-768x576.jpeg 768w, https:\/\/www.braintumour.ca\/wp-content\/uploads\/2020\/09\/KYLEIGH1-1536x1152.jpeg 1536w, https:\/\/www.braintumour.ca\/wp-content\/uploads\/2020\/09\/KYLEIGH1-2048x1536.jpeg 2048w, https:\/\/www.braintumour.ca\/wp-content\/uploads\/2020\/09\/KYLEIGH1-640x480.jpeg 640w, https:\/\/www.braintumour.ca\/wp-content\/uploads\/2020\/09\/KYLEIGH1-1200x900.jpeg 1200w, https:\/\/www.braintumour.ca\/wp-content\/uploads\/2020\/09\/KYLEIGH1-1920x1440.jpeg 1920w, https:\/\/www.braintumour.ca\/wp-content\/uploads\/2020\/09\/KYLEIGH1-1440x1080.jpeg 1440w\" sizes=\"auto, (max-width: 639px) 98vw, (max-width: 1199px) 64vw, 770px\" \/><\/p>\n<p>Malgr\u00e9 tous les succ\u00e8s remport\u00e9s par Kyleigh au cours du mois de mai, c&rsquo;\u00e9tait aussi incroyablement \u00e9prouvant. Ce n&rsquo;\u00e9tait pas seulement qu&rsquo;elle \u00e9tait en train de mener une \u00e9norme campagne de financement avec trois jeunes filles \u00e0 la maison. Ce qui rendait les choses si difficiles, c&rsquo;\u00e9tait de faire face \u00e0 la gravit\u00e9 de sa situation.<\/p>\n<p>\u00abIl y avait tellement de discussions sur la tumeur \u00bb, a-t-elle dit. \u00abToute la journ\u00e9e, tous les jours au t\u00e9l\u00e9phone, des lettres, sur Facebook\u2026 dans la communaut\u00e9. Cela nous a vraiment touch\u00e9 \u00e0 la maison &#8211; c&rsquo;est une maladie potentiellement mortelle dont je souffre.<\/p>\n<p>Tant d&rsquo;histoires partag\u00e9es, de familles qui \u00e9taient reconnaissantes envers Kyleigh pour son travail apr\u00e8s avoir perdu leurs proches. C&rsquo;\u00e9tait \u00e0 la fois encourageant et d\u00e9courageant.<\/p>\n<p>Mais, comme elle le dit, cela a \u00e9t\u00e9 difficile.<\/p>\n<h5><strong>Reconna\u00eetre les signes<\/strong><\/h5>\n<p>Kyleigh a initialement re\u00e7u un diagnostic de gliome de bas grade en octobre 2019. \u00c0 l&rsquo;\u00e9poque, ses filles \u00e9taient \u00e2g\u00e9es de trois ans, un an et quatre mois. Il y avait des signes que quelque chose n&rsquo;allait pas, mais elle les attribuait toujours \u00e0 autre chose.<\/p>\n<p>\u00abJ&rsquo;ai d\u00e9couvert qu&rsquo;avec mes sympt\u00f4mes, j&rsquo;aurais pu facilement faire le lien avec les tumeurs c\u00e9r\u00e9brales\u00bb, d\u00e9clare-t-elle.<\/p>\n<p>Il y avait des moments o\u00f9 Kyleigh perdait le fil de ses pens\u00e9es et avait du mal \u00e0 former des phrases. Cela ne durait que 30 \u00e0 40 secondes et elle l\u2019attribuait \u00e0 sa grossesse.<\/p>\n<p>\u00abNous avons eu trois enfants en l\u2019espace de 38 mois\u00bb, dit-elle. \u00abJe n&rsquo;y pensait \u00e0 l&rsquo;\u00e9poque. Je me disais\u00a0: \u00ab\u00a0tu as dormi une heure et demie la nuit derni\u00e8re \u2013 tu n\u2019as qu\u2019\u00e0 boire un caf\u00e9 et continuer ta journ\u00e9e.\u00a0\u00bb<\/p>\n<p>Alors qu&rsquo;elle \u00e9tait enceinte de son premier enfant, elle avait beaucoup de migraines et elle avait \u00e9t\u00e9 r\u00e9f\u00e9r\u00e9e \u00e0 un neurologue, qui lui avait recommanda de faire une IRM. Elle \u00e9tait si occup\u00e9e, qu\u2019elle mit cela de c\u00f4t\u00e9 pour un moment. Puis, alors qu&rsquo;elle \u00e9tait enceinte de sa troisi\u00e8me fille, \u00ables signes ont commenc\u00e9 \u00e0 appara\u00eetre\u00bb.<\/p>\n<p>Maux de t\u00eate mineurs, difficult\u00e9 de langage, l\u2019oubli complet d&rsquo;un discours de demoiselle d&rsquo;honneur lors du mariage de ses amis&#8230; Mais ensemble, cela indiquait que quelque chose de bien plus grave &#8211; un gliome \u00e9tait situ\u00e9 au centre du contr\u00f4le de la parole et du langage de son cerveau.<\/p>\n<p><img loading=\"lazy\" decoding=\"async\" class=\"aligncenter wp-image-5673 size-full\" src=\"https:\/\/www.braintumour.ca\/wp-content\/uploads\/2020\/09\/KYLEIGH5.jpg\" alt=\"2020 virtual brain tumour walk cup of hope winner\" width=\"960\" height=\"578\" srcset=\"https:\/\/www.braintumour.ca\/wp-content\/uploads\/2020\/09\/KYLEIGH5.jpg 960w, https:\/\/www.braintumour.ca\/wp-content\/uploads\/2020\/09\/KYLEIGH5-300x181.jpg 300w, https:\/\/www.braintumour.ca\/wp-content\/uploads\/2020\/09\/KYLEIGH5-768x462.jpg 768w, https:\/\/www.braintumour.ca\/wp-content\/uploads\/2020\/09\/KYLEIGH5-640x385.jpg 640w\" sizes=\"auto, (max-width: 639px) 98vw, (max-width: 1199px) 64vw, 770px\" \/><\/p>\n<p>En ce moment, elle reste aux aguets et attend, car la tumeur est dans un endroit trop dangereux pour \u00eatre \u00e9limin\u00e9e, avec 10 \u00e0 15% de chances d&rsquo;avoir un trouble permanent de la parole.<\/p>\n<p>Ces jours-ci, Kyleigh dit qu&rsquo;elle se sent plut\u00f4t bien. Les crises vont et viennent, mais elle les g\u00e8re avec des m\u00e9dicaments. Elle n\u2019est actuellement pas en mesure de conduire une voiture. Curieusement, dit-elle, le COVID-19 a rendu cela plus facile.<\/p>\n<p>Soudain, il n&rsquo;a plus \u00e9t\u00e9 n\u00e9cessaire de conduire les enfants aux entra\u00eenements, aux jeux et \u00e0 des r\u00e9citals. C&rsquo;\u00e9tait plus facile de ne pas faire les choses. En fait, dit-elle, cela \u00e9tait normal.<\/p>\n<h5><strong>Comment f\u00eater \u00e7a?<\/strong><\/h5>\n<p>Maintenant que le troph\u00e9e est arriv\u00e9, le plus dur est de savoir quand et comment l\u2019\u00e9quipe pourra \u00a0c\u00e9l\u00e9brer sa r\u00e9ussite. Au moment d&rsquo;\u00e9crire ces lignes, les restrictions COVID \u00e9taient toujours en place pour les rassemblements de plus de 10 personnes. Kyleigh a donc r\u00e9fl\u00e9chi \u00e0 une autre id\u00e9e\u2026 Inviter les membres de l\u2019\u00e9quipe \u00e0 venir prendre des photos individuellement avec le troph\u00e9e et cr\u00e9er un collage avec toutes les images.<\/p>\n<p>Une autre id\u00e9e serait d&rsquo;afficher le troph\u00e9e dans une vitrine \u00e0 l&rsquo;h\u00f4tel de ville o\u00f9 son mari, Christian, occupe le bureau du maire.<\/p>\n<p>\u00abC&rsquo;est un d\u00e9fi &#8211; g\u00e9n\u00e9ralement, lorsque vous c\u00e9l\u00e9brez des choses, vous rassemblez les gens\u00bb, dit-elle. Pour le moment, cependant, il est dans un endroit s\u00fbr \u00e0 la maison, loin des \u00abpetites filles tr\u00e8s curieuses qui aiment mettre leurs mains partout\u00bb.<\/p>\n<p>F\u00e9licitations \u00e0 Kyleigh et \u00e0 l&rsquo;\u00e9quipe des Brain Stormers pour leurs efforts de collecte de fonds incroyable lors de la Marche des tumeurs c\u00e9r\u00e9brales virtuelle 2020 et pour avoir sensibilis\u00e9 leur communaut\u00e9 \u00e0 la maladie. Des plans sont d\u00e9j\u00e0 en cours pour 2021 et, bien que Kyleigh ait d\u00e9clar\u00e9 qu&rsquo;elle ne viserait peut-\u00eatre pas la coupe l&rsquo;ann\u00e9e prochaine, la ville d\u2019Algoma sera d\u00e9finitivement grise \u00e0 nouveau!<\/p>\n","protected":false},"excerpt":{"rendered":"<p>Dans le Sault Ste. Marie, domicile de Kyleigh Provenzano, le tr\u00e8s convoit\u00e9 Troph\u00e9e de l\u2019espoir est rang\u00e9 tr\u00e8s haut sur une \u00e9tag\u00e8re, loin des petites mains de trois fillettes curieuses.<\/p>\n<p>Provenzano a fini premi\u00e8re au pays pour sa collecte de fonds lors de notre Marche des tumeurs c\u00e9r\u00e9brales virtuelle 2020, recueillant pr\u00e8s de 40 000 $ pour la Fondation canadienne des tumeurs c\u00e9r\u00e9brales et tou en cr\u00e9ant un mouvement local.<\/p>\n","protected":false},"author":4,"featured_media":5670,"comment_status":"closed","ping_status":"closed","sticky":false,"template":"","format":"standard","meta":{"_acf_changed":false,"footnotes":""},"categories":[146,148,178],"tags":[217,219,353,378],"user_type":[133,136],"locations":[274],"class_list":["post-5893","post","type-post","status-publish","format-standard","has-post-thumbnail","hentry","category-marche-des-tumeurs-cerebrales","category-temoignages","category-communaute","tag-fondation-canadienne-des-tumeurs-cerebrales","tag-trophee-de-lespoir","tag-gliome","tag-marche-des-tumeurs-cerebrales","user_type-patient-fr","user_type-donateur","locations-sault-ste-marie-on-fr"],"acf":[],"yoast_head":"<!-- This site is optimized with the Yoast SEO Premium plugin v27.0 (Yoast SEO v27.0) - https:\/\/yoast.com\/product\/yoast-seo-premium-wordpress\/ -->\n<title>Gagnante du Troph\u00e9e de l&#039;espoir 2020 - L&#039;histoire de Kyleigh - Fondation canadienne des tumeurs c\u00e9r\u00e9brales<\/title>\n<meta name=\"description\" content=\"Dans le Sault Ste. Marie, Kyleigh Provenzano a fini premi\u00e8re au pays pour sa collecte de fonds lors de notre Marche des tumeurs c\u00e9r\u00e9brales virtuelle 2020, recueillant pr\u00e8s de 40 000$ pour la Fondation canadienne des tumeurs c\u00e9r\u00e9brales et tout en cr\u00e9ant un mouvement local.\" \/>\n<meta name=\"robots\" content=\"index, follow, max-snippet:-1, max-image-preview:large, max-video-preview:-1\" \/>\n<link rel=\"canonical\" href=\"https:\/\/www.braintumour.ca\/fr\/temoignages\/marche-des-tumeurs-cerebrales\/gagnante-du-trophee-de-lespoir-2020\/\" \/>\n<meta property=\"og:locale\" content=\"fr_CA\" \/>\n<meta property=\"og:type\" content=\"article\" \/>\n<meta property=\"og:title\" content=\"Gagnante du Troph\u00e9e de l&#039;espoir 2020 - L&#039;histoire de Kyleigh\" \/>\n<meta property=\"og:description\" content=\"Dans le Sault Ste. Marie, Kyleigh Provenzano a fini premi\u00e8re au pays pour sa collecte de fonds lors de notre Marche des tumeurs c\u00e9r\u00e9brales virtuelle 2020, recueillant pr\u00e8s de 40 000$ pour la Fondation canadienne des tumeurs c\u00e9r\u00e9brales et tout en cr\u00e9ant un mouvement local.\" \/>\n<meta property=\"og:url\" content=\"https:\/\/www.braintumour.ca\/fr\/temoignages\/marche-des-tumeurs-cerebrales\/gagnante-du-trophee-de-lespoir-2020\/\" \/>\n<meta property=\"og:site_name\" content=\"Fondation canadienne des tumeurs c\u00e9r\u00e9brales\" \/>\n<meta property=\"article:published_time\" content=\"2020-10-05T14:21:49+00:00\" \/>\n<meta property=\"article:modified_time\" content=\"2020-11-11T22:05:24+00:00\" \/>\n<meta property=\"og:image\" content=\"https:\/\/www.braintumour.ca\/wp-content\/uploads\/2020\/09\/KYLEIGH3-scaled.jpg\" \/>\n\t<meta property=\"og:image:width\" content=\"2560\" \/>\n\t<meta property=\"og:image:height\" content=\"1920\" \/>\n\t<meta property=\"og:image:type\" content=\"image\/jpeg\" \/>\n<meta name=\"author\" content=\"Matt Berry\" \/>\n<meta name=\"twitter:card\" content=\"summary_large_image\" \/>\n<meta name=\"twitter:label1\" content=\"\u00c9crit par\" \/>\n\t<meta name=\"twitter:data1\" content=\"Matt Berry\" \/>\n\t<meta name=\"twitter:label2\" content=\"Estimation du temps de lecture\" \/>\n\t<meta name=\"twitter:data2\" content=\"6 minutes\" \/>\n<script type=\"application\/ld+json\" class=\"yoast-schema-graph\">{\"@context\":\"https:\/\/schema.org\",\"@graph\":[{\"@type\":\"Article\",\"@id\":\"https:\/\/www.braintumour.ca\/fr\/temoignages\/marche-des-tumeurs-cerebrales\/gagnante-du-trophee-de-lespoir-2020\/#article\",\"isPartOf\":{\"@id\":\"https:\/\/www.braintumour.ca\/fr\/temoignages\/marche-des-tumeurs-cerebrales\/gagnante-du-trophee-de-lespoir-2020\/\"},\"author\":{\"name\":\"Matt Berry\",\"@id\":\"https:\/\/www.braintumour.ca\/fr\/#\/schema\/person\/7534b1b1d4da5d8e37af436b293eca3d\"},\"headline\":\"Gagnante du Troph\u00e9e de l&rsquo;espoir 2020 &#8211; L&rsquo;histoire de Kyleigh\",\"datePublished\":\"2020-10-05T14:21:49+00:00\",\"dateModified\":\"2020-11-11T22:05:24+00:00\",\"mainEntityOfPage\":{\"@id\":\"https:\/\/www.braintumour.ca\/fr\/temoignages\/marche-des-tumeurs-cerebrales\/gagnante-du-trophee-de-lespoir-2020\/\"},\"wordCount\":1334,\"image\":{\"@id\":\"https:\/\/www.braintumour.ca\/fr\/temoignages\/marche-des-tumeurs-cerebrales\/gagnante-du-trophee-de-lespoir-2020\/#primaryimage\"},\"thumbnailUrl\":\"https:\/\/www.braintumour.ca\/wp-content\/uploads\/2020\/09\/KYLEIGH3-scaled.jpg\",\"keywords\":[\"Fondation canadienne des tumeurs c\u00e9r\u00e9brales\",\"troph\u00e9e de l'espoir\",\"gliome\",\"Marche des tumeurs c\u00e9r\u00e9brales\"],\"articleSection\":[\"Marche des tumeurs c\u00e9r\u00e9brales\",\"T\u00e9moignages\",\"Communaut\u00e9\"],\"inLanguage\":\"fr-CA\"},{\"@type\":\"WebPage\",\"@id\":\"https:\/\/www.braintumour.ca\/fr\/temoignages\/marche-des-tumeurs-cerebrales\/gagnante-du-trophee-de-lespoir-2020\/\",\"url\":\"https:\/\/www.braintumour.ca\/fr\/temoignages\/marche-des-tumeurs-cerebrales\/gagnante-du-trophee-de-lespoir-2020\/\",\"name\":\"Gagnante du Troph\u00e9e de l'espoir 2020 - L'histoire de Kyleigh - Fondation canadienne des tumeurs c\u00e9r\u00e9brales\",\"isPartOf\":{\"@id\":\"https:\/\/www.braintumour.ca\/fr\/#website\"},\"primaryImageOfPage\":{\"@id\":\"https:\/\/www.braintumour.ca\/fr\/temoignages\/marche-des-tumeurs-cerebrales\/gagnante-du-trophee-de-lespoir-2020\/#primaryimage\"},\"image\":{\"@id\":\"https:\/\/www.braintumour.ca\/fr\/temoignages\/marche-des-tumeurs-cerebrales\/gagnante-du-trophee-de-lespoir-2020\/#primaryimage\"},\"thumbnailUrl\":\"https:\/\/www.braintumour.ca\/wp-content\/uploads\/2020\/09\/KYLEIGH3-scaled.jpg\",\"datePublished\":\"2020-10-05T14:21:49+00:00\",\"dateModified\":\"2020-11-11T22:05:24+00:00\",\"author\":{\"@id\":\"https:\/\/www.braintumour.ca\/fr\/#\/schema\/person\/7534b1b1d4da5d8e37af436b293eca3d\"},\"description\":\"Dans le Sault Ste. Marie, Kyleigh Provenzano a fini premi\u00e8re au pays pour sa collecte de fonds lors de notre Marche des tumeurs c\u00e9r\u00e9brales virtuelle 2020, recueillant pr\u00e8s de 40 000$ pour la Fondation canadienne des tumeurs c\u00e9r\u00e9brales et tout en cr\u00e9ant un mouvement local.\",\"breadcrumb\":{\"@id\":\"https:\/\/www.braintumour.ca\/fr\/temoignages\/marche-des-tumeurs-cerebrales\/gagnante-du-trophee-de-lespoir-2020\/#breadcrumb\"},\"inLanguage\":\"fr-CA\",\"potentialAction\":[{\"@type\":\"ReadAction\",\"target\":[\"https:\/\/www.braintumour.ca\/fr\/temoignages\/marche-des-tumeurs-cerebrales\/gagnante-du-trophee-de-lespoir-2020\/\"]}]},{\"@type\":\"ImageObject\",\"inLanguage\":\"fr-CA\",\"@id\":\"https:\/\/www.braintumour.ca\/fr\/temoignages\/marche-des-tumeurs-cerebrales\/gagnante-du-trophee-de-lespoir-2020\/#primaryimage\",\"url\":\"https:\/\/www.braintumour.ca\/wp-content\/uploads\/2020\/09\/KYLEIGH3-scaled.jpg\",\"contentUrl\":\"https:\/\/www.braintumour.ca\/wp-content\/uploads\/2020\/09\/KYLEIGH3-scaled.jpg\",\"width\":2560,\"height\":1920,\"caption\":\"brain tumour foundation of canada cup of hope winner kyleigh provenzano\"},{\"@type\":\"BreadcrumbList\",\"@id\":\"https:\/\/www.braintumour.ca\/fr\/temoignages\/marche-des-tumeurs-cerebrales\/gagnante-du-trophee-de-lespoir-2020\/#breadcrumb\",\"itemListElement\":[{\"@type\":\"ListItem\",\"position\":1,\"name\":\"Home\",\"item\":\"https:\/\/www.braintumour.ca\/fr\/\"},{\"@type\":\"ListItem\",\"position\":2,\"name\":\"Gagnante du Troph\u00e9e de l&rsquo;espoir 2020 &#8211; L&rsquo;histoire de Kyleigh\"}]},{\"@type\":\"WebSite\",\"@id\":\"https:\/\/www.braintumour.ca\/fr\/#website\",\"url\":\"https:\/\/www.braintumour.ca\/fr\/\",\"name\":\"Fondation canadienne des tumeurs c\u00e9r\u00e9brales\",\"description\":\"Notre mission est de venir en aide \u00e0 toutes les personnes touch\u00e9es par une tumeur c\u00e9r\u00e9brale au Canada par le biais de nos programmes d\u2019information, de soutien, d\u2019\u00e9ducation et de recherche.\",\"potentialAction\":[{\"@type\":\"SearchAction\",\"target\":{\"@type\":\"EntryPoint\",\"urlTemplate\":\"https:\/\/www.braintumour.ca\/fr\/?s={search_term_string}\"},\"query-input\":{\"@type\":\"PropertyValueSpecification\",\"valueRequired\":true,\"valueName\":\"search_term_string\"}}],\"inLanguage\":\"fr-CA\"},{\"@type\":\"Person\",\"@id\":\"https:\/\/www.braintumour.ca\/fr\/#\/schema\/person\/7534b1b1d4da5d8e37af436b293eca3d\",\"name\":\"Matt Berry\",\"image\":{\"@type\":\"ImageObject\",\"inLanguage\":\"fr-CA\",\"@id\":\"https:\/\/www.braintumour.ca\/fr\/#\/schema\/person\/image\/\",\"url\":\"https:\/\/secure.gravatar.com\/avatar\/882da3b67056b0c608086d3c77de46948b64244a4c249e81e0bf04a8095ce320?s=96&d=mm&r=g\",\"contentUrl\":\"https:\/\/secure.gravatar.com\/avatar\/882da3b67056b0c608086d3c77de46948b64244a4c249e81e0bf04a8095ce320?s=96&d=mm&r=g\",\"caption\":\"Matt Berry\"}}]}<\/script>\n<!-- \/ Yoast SEO Premium plugin. -->","yoast_head_json":{"title":"Gagnante du Troph\u00e9e de l'espoir 2020 - L'histoire de Kyleigh - Fondation canadienne des tumeurs c\u00e9r\u00e9brales","description":"Dans le Sault Ste. Marie, Kyleigh Provenzano a fini premi\u00e8re au pays pour sa collecte de fonds lors de notre Marche des tumeurs c\u00e9r\u00e9brales virtuelle 2020, recueillant pr\u00e8s de 40 000$ pour la Fondation canadienne des tumeurs c\u00e9r\u00e9brales et tout en cr\u00e9ant un mouvement local.","robots":{"index":"index","follow":"follow","max-snippet":"max-snippet:-1","max-image-preview":"max-image-preview:large","max-video-preview":"max-video-preview:-1"},"canonical":"https:\/\/www.braintumour.ca\/fr\/temoignages\/marche-des-tumeurs-cerebrales\/gagnante-du-trophee-de-lespoir-2020\/","og_locale":"fr_CA","og_type":"article","og_title":"Gagnante du Troph\u00e9e de l'espoir 2020 - L'histoire de Kyleigh","og_description":"Dans le Sault Ste. Marie, Kyleigh Provenzano a fini premi\u00e8re au pays pour sa collecte de fonds lors de notre Marche des tumeurs c\u00e9r\u00e9brales virtuelle 2020, recueillant pr\u00e8s de 40 000$ pour la Fondation canadienne des tumeurs c\u00e9r\u00e9brales et tout en cr\u00e9ant un mouvement local.","og_url":"https:\/\/www.braintumour.ca\/fr\/temoignages\/marche-des-tumeurs-cerebrales\/gagnante-du-trophee-de-lespoir-2020\/","og_site_name":"Fondation canadienne des tumeurs c\u00e9r\u00e9brales","article_published_time":"2020-10-05T14:21:49+00:00","article_modified_time":"2020-11-11T22:05:24+00:00","og_image":[{"width":2560,"height":1920,"url":"https:\/\/www.braintumour.ca\/wp-content\/uploads\/2020\/09\/KYLEIGH3-scaled.jpg","type":"image\/jpeg"}],"author":"Matt Berry","twitter_card":"summary_large_image","twitter_misc":{"\u00c9crit par":"Matt Berry","Estimation du temps de lecture":"6 minutes"},"schema":{"@context":"https:\/\/schema.org","@graph":[{"@type":"Article","@id":"https:\/\/www.braintumour.ca\/fr\/temoignages\/marche-des-tumeurs-cerebrales\/gagnante-du-trophee-de-lespoir-2020\/#article","isPartOf":{"@id":"https:\/\/www.braintumour.ca\/fr\/temoignages\/marche-des-tumeurs-cerebrales\/gagnante-du-trophee-de-lespoir-2020\/"},"author":{"name":"Matt Berry","@id":"https:\/\/www.braintumour.ca\/fr\/#\/schema\/person\/7534b1b1d4da5d8e37af436b293eca3d"},"headline":"Gagnante du Troph\u00e9e de l&rsquo;espoir 2020 &#8211; L&rsquo;histoire de Kyleigh","datePublished":"2020-10-05T14:21:49+00:00","dateModified":"2020-11-11T22:05:24+00:00","mainEntityOfPage":{"@id":"https:\/\/www.braintumour.ca\/fr\/temoignages\/marche-des-tumeurs-cerebrales\/gagnante-du-trophee-de-lespoir-2020\/"},"wordCount":1334,"image":{"@id":"https:\/\/www.braintumour.ca\/fr\/temoignages\/marche-des-tumeurs-cerebrales\/gagnante-du-trophee-de-lespoir-2020\/#primaryimage"},"thumbnailUrl":"https:\/\/www.braintumour.ca\/wp-content\/uploads\/2020\/09\/KYLEIGH3-scaled.jpg","keywords":["Fondation canadienne des tumeurs c\u00e9r\u00e9brales","troph\u00e9e de l'espoir","gliome","Marche des tumeurs c\u00e9r\u00e9brales"],"articleSection":["Marche des tumeurs c\u00e9r\u00e9brales","T\u00e9moignages","Communaut\u00e9"],"inLanguage":"fr-CA"},{"@type":"WebPage","@id":"https:\/\/www.braintumour.ca\/fr\/temoignages\/marche-des-tumeurs-cerebrales\/gagnante-du-trophee-de-lespoir-2020\/","url":"https:\/\/www.braintumour.ca\/fr\/temoignages\/marche-des-tumeurs-cerebrales\/gagnante-du-trophee-de-lespoir-2020\/","name":"Gagnante du Troph\u00e9e de l'espoir 2020 - L'histoire de Kyleigh - Fondation canadienne des tumeurs c\u00e9r\u00e9brales","isPartOf":{"@id":"https:\/\/www.braintumour.ca\/fr\/#website"},"primaryImageOfPage":{"@id":"https:\/\/www.braintumour.ca\/fr\/temoignages\/marche-des-tumeurs-cerebrales\/gagnante-du-trophee-de-lespoir-2020\/#primaryimage"},"image":{"@id":"https:\/\/www.braintumour.ca\/fr\/temoignages\/marche-des-tumeurs-cerebrales\/gagnante-du-trophee-de-lespoir-2020\/#primaryimage"},"thumbnailUrl":"https:\/\/www.braintumour.ca\/wp-content\/uploads\/2020\/09\/KYLEIGH3-scaled.jpg","datePublished":"2020-10-05T14:21:49+00:00","dateModified":"2020-11-11T22:05:24+00:00","author":{"@id":"https:\/\/www.braintumour.ca\/fr\/#\/schema\/person\/7534b1b1d4da5d8e37af436b293eca3d"},"description":"Dans le Sault Ste. Marie, Kyleigh Provenzano a fini premi\u00e8re au pays pour sa collecte de fonds lors de notre Marche des tumeurs c\u00e9r\u00e9brales virtuelle 2020, recueillant pr\u00e8s de 40 000$ pour la Fondation canadienne des tumeurs c\u00e9r\u00e9brales et tout en cr\u00e9ant un mouvement local.","breadcrumb":{"@id":"https:\/\/www.braintumour.ca\/fr\/temoignages\/marche-des-tumeurs-cerebrales\/gagnante-du-trophee-de-lespoir-2020\/#breadcrumb"},"inLanguage":"fr-CA","potentialAction":[{"@type":"ReadAction","target":["https:\/\/www.braintumour.ca\/fr\/temoignages\/marche-des-tumeurs-cerebrales\/gagnante-du-trophee-de-lespoir-2020\/"]}]},{"@type":"ImageObject","inLanguage":"fr-CA","@id":"https:\/\/www.braintumour.ca\/fr\/temoignages\/marche-des-tumeurs-cerebrales\/gagnante-du-trophee-de-lespoir-2020\/#primaryimage","url":"https:\/\/www.braintumour.ca\/wp-content\/uploads\/2020\/09\/KYLEIGH3-scaled.jpg","contentUrl":"https:\/\/www.braintumour.ca\/wp-content\/uploads\/2020\/09\/KYLEIGH3-scaled.jpg","width":2560,"height":1920,"caption":"brain tumour foundation of canada cup of hope winner kyleigh provenzano"},{"@type":"BreadcrumbList","@id":"https:\/\/www.braintumour.ca\/fr\/temoignages\/marche-des-tumeurs-cerebrales\/gagnante-du-trophee-de-lespoir-2020\/#breadcrumb","itemListElement":[{"@type":"ListItem","position":1,"name":"Home","item":"https:\/\/www.braintumour.ca\/fr\/"},{"@type":"ListItem","position":2,"name":"Gagnante du Troph\u00e9e de l&rsquo;espoir 2020 &#8211; L&rsquo;histoire de Kyleigh"}]},{"@type":"WebSite","@id":"https:\/\/www.braintumour.ca\/fr\/#website","url":"https:\/\/www.braintumour.ca\/fr\/","name":"Fondation canadienne des tumeurs c\u00e9r\u00e9brales","description":"Notre mission est de venir en aide \u00e0 toutes les personnes touch\u00e9es par une tumeur c\u00e9r\u00e9brale au Canada par le biais de nos programmes d\u2019information, de soutien, d\u2019\u00e9ducation et de recherche.","potentialAction":[{"@type":"SearchAction","target":{"@type":"EntryPoint","urlTemplate":"https:\/\/www.braintumour.ca\/fr\/?s={search_term_string}"},"query-input":{"@type":"PropertyValueSpecification","valueRequired":true,"valueName":"search_term_string"}}],"inLanguage":"fr-CA"},{"@type":"Person","@id":"https:\/\/www.braintumour.ca\/fr\/#\/schema\/person\/7534b1b1d4da5d8e37af436b293eca3d","name":"Matt Berry","image":{"@type":"ImageObject","inLanguage":"fr-CA","@id":"https:\/\/www.braintumour.ca\/fr\/#\/schema\/person\/image\/","url":"https:\/\/secure.gravatar.com\/avatar\/882da3b67056b0c608086d3c77de46948b64244a4c249e81e0bf04a8095ce320?s=96&d=mm&r=g","contentUrl":"https:\/\/secure.gravatar.com\/avatar\/882da3b67056b0c608086d3c77de46948b64244a4c249e81e0bf04a8095ce320?s=96&d=mm&r=g","caption":"Matt Berry"}}]}},"_links":{"self":[{"href":"https:\/\/www.braintumour.ca\/fr\/wp-json\/wp\/v2\/posts\/5893","targetHints":{"allow":["GET"]}}],"collection":[{"href":"https:\/\/www.braintumour.ca\/fr\/wp-json\/wp\/v2\/posts"}],"about":[{"href":"https:\/\/www.braintumour.ca\/fr\/wp-json\/wp\/v2\/types\/post"}],"author":[{"embeddable":true,"href":"https:\/\/www.braintumour.ca\/fr\/wp-json\/wp\/v2\/users\/4"}],"replies":[{"embeddable":true,"href":"https:\/\/www.braintumour.ca\/fr\/wp-json\/wp\/v2\/comments?post=5893"}],"version-history":[{"count":0,"href":"https:\/\/www.braintumour.ca\/fr\/wp-json\/wp\/v2\/posts\/5893\/revisions"}],"wp:featuredmedia":[{"embeddable":true,"href":"https:\/\/www.braintumour.ca\/fr\/wp-json\/wp\/v2\/media\/5670"}],"wp:attachment":[{"href":"https:\/\/www.braintumour.ca\/fr\/wp-json\/wp\/v2\/media?parent=5893"}],"wp:term":[{"taxonomy":"category","embeddable":true,"href":"https:\/\/www.braintumour.ca\/fr\/wp-json\/wp\/v2\/categories?post=5893"},{"taxonomy":"post_tag","embeddable":true,"href":"https:\/\/www.braintumour.ca\/fr\/wp-json\/wp\/v2\/tags?post=5893"},{"taxonomy":"user_type","embeddable":true,"href":"https:\/\/www.braintumour.ca\/fr\/wp-json\/wp\/v2\/user_type?post=5893"},{"taxonomy":"locations","embeddable":true,"href":"https:\/\/www.braintumour.ca\/fr\/wp-json\/wp\/v2\/locations?post=5893"}],"curies":[{"name":"wp","href":"https:\/\/api.w.org\/{rel}","templated":true}]}}