{"id":5966,"date":"2020-11-16T09:10:05","date_gmt":"2020-11-16T14:10:05","guid":{"rendered":"https:\/\/www.braintumour.ca\/non-classifiee\/2020-outstanding-youth-volunteer-isabell-coffey-of-ottawa\/"},"modified":"2020-12-04T02:57:50","modified_gmt":"2020-12-04T07:57:50","slug":"jeune-benevole-dexception-isabella-coffey-dottawa","status":"publish","type":"post","link":"https:\/\/www.braintumour.ca\/fr\/temoignages\/benevoles\/jeune-benevole-dexception-isabella-coffey-dottawa\/","title":{"rendered":"Prix jeune b\u00e9n\u00e9vole d&rsquo;exception &#8211; Isabella Coffey d&rsquo;Ottawa"},"content":{"rendered":"<p>Qu&rsquo;il s&rsquo;agisse d&rsquo;inspirer de jeunes b\u00e9n\u00e9voles ou d&rsquo;aider les parents \u00e0 parler des tumeurs c\u00e9r\u00e9brales avec leurs enfants, Isabella Coffey d&rsquo;Ottawa est devenue une chef de file dans la communaut\u00e9 des tumeurs c\u00e9r\u00e9brales.<\/p>\n<p><strong>Le jeune adolescente de 14 ans est la r\u00e9cipiendaire du Prix national des jeunes b\u00e9n\u00e9voles d\u2019exception de la Fondation des tumeurs c\u00e9r\u00e9brales du Canada<\/strong>.<\/p>\n<p>En tant que fille d&rsquo;un survivant de tumeur c\u00e9r\u00e9brale, Isabella Coffey partage espoir et encouragement avec les membres de la communaut\u00e9 des tumeurs c\u00e9r\u00e9brales depuis l&rsquo;\u00e2ge de neuf ans, lorsqu&rsquo;elle s&rsquo;est impliqu\u00e9e pour la premi\u00e8re fois dans la Marche des tumeurs c\u00e9r\u00e9brales d&rsquo;Ottawa. Elle a d\u00e9but\u00e9 comme jeune b\u00e9n\u00e9vole avant de devenir membre \u00e0 part enti\u00e8re du comit\u00e9 d\u2019organisation de la marche.<\/p>\n<p><strong>Aider les familles<\/strong><\/p>\n<p>Isabella a \u00e9t\u00e9 une pr\u00e9sence rassurante au groupe de soutien de la Fondation des tumeurs c\u00e9r\u00e9brales du Canada \u00e0 Ottawa au cours des quatre derni\u00e8res ann\u00e9es. Ses contributions ont \u00e9t\u00e9 inestimables pour les parents anxieux, offrant le point de vue des jeunes sur le sujet des tumeurs c\u00e9r\u00e9brales. Son p\u00e8re, Pablo, est un survivant d&rsquo;une tumeur c\u00e9r\u00e9brale, et il attribue \u00e0 Isabella le succ\u00e8s de sa gu\u00e9rison et de l&rsquo;avoir motiv\u00e9 \u00e0 s&rsquo;impliquer dans la communaut\u00e9 des tumeurs c\u00e9r\u00e9brales. Sa force est une source d&rsquo;inspiration et de motivation.<\/p>\n<p><strong>S&rsquo;adapter aux temps changeants<\/strong><\/p>\n<p>Pendant la pand\u00e9mie, Isabella a mis ses comp\u00e9tences en m\u00e9dias sociaux au service de la Marche des tumeurs c\u00e9r\u00e9brales d&rsquo;Ottawa, faisant passer le mot sur toutes les plateformes et participant r\u00e9guli\u00e8rement aux r\u00e9unions Zoom avec le comit\u00e9. Ses prouesses technologiques dans la cr\u00e9ation de vid\u00e9os et d&rsquo;\u0153uvres d&rsquo;art ont aid\u00e9 \u00e0 attirer de nouveaux publics et \u00e0 sensibiliser aux tumeurs c\u00e9r\u00e9brales bien en dehors de la communaut\u00e9.<\/p>\n<p><strong>Inspirer les autres<\/strong><\/p>\n<p>Isabella a pris la parole en public \u00e0 un tr\u00e8s jeune \u00e2ge &#8211; \u00e0 la fois pour la Fondation canadienne des tumeurs c\u00e9r\u00e9brales et pour la Soci\u00e9t\u00e9 canadienne du cancer. Elle a inspir\u00e9 ses camarades \u00e9tudiants \u00e0 s&rsquo;impliquer dans la Marche des tumeurs c\u00e9r\u00e9brales et a recrut\u00e9 de nombreux jeunes b\u00e9n\u00e9voles d\u00e9vou\u00e9s.<\/p>\n<p>En peu de temps &#8211; et \u00e0 un si jeune \u00e2ge &#8211; elle a fait beaucoup pour la communaut\u00e9 des tumeurs c\u00e9r\u00e9brales, ouvrant son c\u0153ur, partageant sa voix et utilisant ses comp\u00e9tences cr\u00e9atives. En tant que fille d&rsquo;un survivant d&rsquo;une tumeur c\u00e9r\u00e9brale, Isabella est une source de soutien pour toutes les personnes touch\u00e9es par un diagnostic de tumeur c\u00e9r\u00e9brale.<\/p>\n<p>La Fondation canadienne des tumeurs c\u00e9r\u00e9brales est incroyablement fi\u00e8re d&rsquo;Isabella et du leadership et de la compassion dont elle fait preuve \u00e0 un si jeune \u00e2ge. Elle incarne l&rsquo;esprit du Prix de jeune b\u00e9n\u00e9vole d\u2019exception.<\/p>\n<p>Elle recevra son prix de fa\u00e7on virtuelle cette ann\u00e9e durant notre c\u00e9r\u00e9monie de <a href=\"https:\/\/www.braintumour.ca\/fr\/impliquez-vous\/benevolat\/\"><strong>C\u00e9l\u00e9bration virtuelle de nos b\u00e9n\u00e9voles<\/strong><\/a> le vendredi 20 novembre. Elle est l\u2019une des trois jeunes s\u00e9lectionn\u00e9es \u00e0 travers le pays pour recevoir cet honneur.<\/p>\n<p>Le Prix \u200b\u200bde Jeune b\u00e9n\u00e9vole d\u2019exception pour les jeunes a \u00e9t\u00e9 cr\u00e9\u00e9 en 2020 et sera d\u00e9cern\u00e9 chaque ann\u00e9e \u00e0 des jeunes qui incarnent l\u2019esprit du service communautaire. Les candidats auront consacr\u00e9 beaucoup de temps et d\u2019efforts pour aider la communaut\u00e9 des tumeurs c\u00e9r\u00e9brales et auront contribu\u00e9 \u00e0 avoir un impact positif sur la communaut\u00e9. Ces personnes auront fait preuve de leadership et de d\u00e9vouement.<\/p>\n<p>&nbsp;<\/p>\n<div class=\"responsive-embed widescreen\"><iframe loading=\"lazy\" title=\"Award Winner: Isabella Coffey (2020 Virtual Volunteer Celebration)\" width=\"500\" height=\"281\" src=\"https:\/\/www.youtube.com\/embed\/00CSOVmeQwE?feature=oembed\" frameborder=\"0\" allow=\"accelerometer; autoplay; clipboard-write; encrypted-media; gyroscope; picture-in-picture; web-share\" referrerpolicy=\"strict-origin-when-cross-origin\" allowfullscreen><\/iframe><\/div>\n","protected":false},"excerpt":{"rendered":"<p>Qu&rsquo;il s&rsquo;agisse d&rsquo;inspirer de jeunes b\u00e9n\u00e9voles ou d&rsquo;aider les parents \u00e0 parler des tumeurs c\u00e9r\u00e9brales avec leurs enfants, Isabella Coffey d&rsquo;Ottawa est devenue une chef de file dans la communaut\u00e9 des tumeurs c\u00e9r\u00e9brales. <\/p>\n","protected":false},"author":4,"featured_media":5927,"comment_status":"closed","ping_status":"closed","sticky":false,"template":"","format":"standard","meta":{"_acf_changed":false,"footnotes":""},"categories":[330,389],"tags":[217,392,403],"user_type":[137],"locations":[195],"class_list":["post-5966","post","type-post","status-publish","format-standard","has-post-thumbnail","hentry","category-bourses-d-etudes-patients","category-benevoles","tag-fondation-canadienne-des-tumeurs-cerebrales","tag-prix-pour-les-benevoles","tag-prix-des-jeunes-benevoles-dexception","user_type-benevole","locations-ottawa-fr"],"acf":[],"yoast_head":"<!-- This site is optimized with the Yoast SEO Premium plugin v27.0 (Yoast SEO v27.0) - https:\/\/yoast.com\/product\/yoast-seo-premium-wordpress\/ -->\n<title>Prix jeune b\u00e9n\u00e9vole d&#039;exception - Isabella Coffey d&#039;Ottawa - Fondation canadienne des tumeurs c\u00e9r\u00e9brales<\/title>\n<meta name=\"robots\" content=\"index, follow, max-snippet:-1, max-image-preview:large, max-video-preview:-1\" \/>\n<link rel=\"canonical\" href=\"https:\/\/www.braintumour.ca\/fr\/temoignages\/benevoles\/jeune-benevole-dexception-isabella-coffey-dottawa\/\" \/>\n<meta property=\"og:locale\" content=\"fr_CA\" \/>\n<meta property=\"og:type\" content=\"article\" \/>\n<meta property=\"og:title\" content=\"Prix jeune b\u00e9n\u00e9vole d&#039;exception - Isabella Coffey d&#039;Ottawa\" \/>\n<meta property=\"og:description\" content=\"Qu&#039;il s&#039;agisse d&#039;inspirer de jeunes b\u00e9n\u00e9voles ou d&#039;aider les parents \u00e0 parler des tumeurs c\u00e9r\u00e9brales avec leurs enfants, Isabella Coffey d&#039;Ottawa est devenue une chef de file dans la communaut\u00e9 des tumeurs c\u00e9r\u00e9brales.\" \/>\n<meta property=\"og:url\" content=\"https:\/\/www.braintumour.ca\/fr\/temoignages\/benevoles\/jeune-benevole-dexception-isabella-coffey-dottawa\/\" \/>\n<meta property=\"og:site_name\" content=\"Fondation canadienne des tumeurs c\u00e9r\u00e9brales\" \/>\n<meta property=\"article:published_time\" content=\"2020-11-16T14:10:05+00:00\" \/>\n<meta property=\"article:modified_time\" content=\"2020-12-04T07:57:50+00:00\" \/>\n<meta property=\"og:image\" content=\"https:\/\/www.braintumour.ca\/wp-content\/uploads\/2020\/11\/Isabella-Coffey.jpg\" \/>\n\t<meta property=\"og:image:width\" content=\"828\" \/>\n\t<meta property=\"og:image:height\" content=\"1792\" \/>\n\t<meta property=\"og:image:type\" content=\"image\/jpeg\" \/>\n<meta name=\"author\" content=\"Matt Berry\" \/>\n<meta name=\"twitter:card\" content=\"summary_large_image\" \/>\n<meta name=\"twitter:label1\" content=\"\u00c9crit par\" \/>\n\t<meta name=\"twitter:data1\" content=\"Matt Berry\" \/>\n\t<meta name=\"twitter:label2\" content=\"Estimation du temps de lecture\" \/>\n\t<meta name=\"twitter:data2\" content=\"3 minutes\" \/>\n<script type=\"application\/ld+json\" class=\"yoast-schema-graph\">{\"@context\":\"https:\/\/schema.org\",\"@graph\":[{\"@type\":\"Article\",\"@id\":\"https:\/\/www.braintumour.ca\/fr\/temoignages\/benevoles\/jeune-benevole-dexception-isabella-coffey-dottawa\/#article\",\"isPartOf\":{\"@id\":\"https:\/\/www.braintumour.ca\/fr\/temoignages\/benevoles\/jeune-benevole-dexception-isabella-coffey-dottawa\/\"},\"author\":{\"name\":\"Matt Berry\",\"@id\":\"https:\/\/www.braintumour.ca\/fr\/#\/schema\/person\/7534b1b1d4da5d8e37af436b293eca3d\"},\"headline\":\"Prix jeune b\u00e9n\u00e9vole d&rsquo;exception &#8211; Isabella Coffey d&rsquo;Ottawa\",\"datePublished\":\"2020-11-16T14:10:05+00:00\",\"dateModified\":\"2020-12-04T07:57:50+00:00\",\"mainEntityOfPage\":{\"@id\":\"https:\/\/www.braintumour.ca\/fr\/temoignages\/benevoles\/jeune-benevole-dexception-isabella-coffey-dottawa\/\"},\"wordCount\":659,\"image\":{\"@id\":\"https:\/\/www.braintumour.ca\/fr\/temoignages\/benevoles\/jeune-benevole-dexception-isabella-coffey-dottawa\/#primaryimage\"},\"thumbnailUrl\":\"https:\/\/www.braintumour.ca\/wp-content\/uploads\/2020\/11\/Isabella-Coffey.jpg\",\"keywords\":[\"Fondation canadienne des tumeurs c\u00e9r\u00e9brales\",\"prix pour les b\u00e9n\u00e9voles\",\"Prix des jeunes b\u00e9n\u00e9voles d\u2019exception\"],\"articleSection\":[\"Bourses d'\u00e9tudes pour patients et jeunes survivants\",\"B\u00e9n\u00e9voles\"],\"inLanguage\":\"fr-CA\"},{\"@type\":\"WebPage\",\"@id\":\"https:\/\/www.braintumour.ca\/fr\/temoignages\/benevoles\/jeune-benevole-dexception-isabella-coffey-dottawa\/\",\"url\":\"https:\/\/www.braintumour.ca\/fr\/temoignages\/benevoles\/jeune-benevole-dexception-isabella-coffey-dottawa\/\",\"name\":\"Prix jeune b\u00e9n\u00e9vole d'exception - Isabella Coffey d'Ottawa - Fondation canadienne des tumeurs c\u00e9r\u00e9brales\",\"isPartOf\":{\"@id\":\"https:\/\/www.braintumour.ca\/fr\/#website\"},\"primaryImageOfPage\":{\"@id\":\"https:\/\/www.braintumour.ca\/fr\/temoignages\/benevoles\/jeune-benevole-dexception-isabella-coffey-dottawa\/#primaryimage\"},\"image\":{\"@id\":\"https:\/\/www.braintumour.ca\/fr\/temoignages\/benevoles\/jeune-benevole-dexception-isabella-coffey-dottawa\/#primaryimage\"},\"thumbnailUrl\":\"https:\/\/www.braintumour.ca\/wp-content\/uploads\/2020\/11\/Isabella-Coffey.jpg\",\"datePublished\":\"2020-11-16T14:10:05+00:00\",\"dateModified\":\"2020-12-04T07:57:50+00:00\",\"author\":{\"@id\":\"https:\/\/www.braintumour.ca\/fr\/#\/schema\/person\/7534b1b1d4da5d8e37af436b293eca3d\"},\"breadcrumb\":{\"@id\":\"https:\/\/www.braintumour.ca\/fr\/temoignages\/benevoles\/jeune-benevole-dexception-isabella-coffey-dottawa\/#breadcrumb\"},\"inLanguage\":\"fr-CA\",\"potentialAction\":[{\"@type\":\"ReadAction\",\"target\":[\"https:\/\/www.braintumour.ca\/fr\/temoignages\/benevoles\/jeune-benevole-dexception-isabella-coffey-dottawa\/\"]}]},{\"@type\":\"ImageObject\",\"inLanguage\":\"fr-CA\",\"@id\":\"https:\/\/www.braintumour.ca\/fr\/temoignages\/benevoles\/jeune-benevole-dexception-isabella-coffey-dottawa\/#primaryimage\",\"url\":\"https:\/\/www.braintumour.ca\/wp-content\/uploads\/2020\/11\/Isabella-Coffey.jpg\",\"contentUrl\":\"https:\/\/www.braintumour.ca\/wp-content\/uploads\/2020\/11\/Isabella-Coffey.jpg\",\"width\":828,\"height\":1792},{\"@type\":\"BreadcrumbList\",\"@id\":\"https:\/\/www.braintumour.ca\/fr\/temoignages\/benevoles\/jeune-benevole-dexception-isabella-coffey-dottawa\/#breadcrumb\",\"itemListElement\":[{\"@type\":\"ListItem\",\"position\":1,\"name\":\"Home\",\"item\":\"https:\/\/www.braintumour.ca\/fr\/\"},{\"@type\":\"ListItem\",\"position\":2,\"name\":\"Prix jeune b\u00e9n\u00e9vole d&rsquo;exception &#8211; Isabella Coffey d&rsquo;Ottawa\"}]},{\"@type\":\"WebSite\",\"@id\":\"https:\/\/www.braintumour.ca\/fr\/#website\",\"url\":\"https:\/\/www.braintumour.ca\/fr\/\",\"name\":\"Fondation canadienne des tumeurs c\u00e9r\u00e9brales\",\"description\":\"Notre mission est de venir en aide \u00e0 toutes les personnes touch\u00e9es par une tumeur c\u00e9r\u00e9brale au Canada par le biais de nos programmes d\u2019information, de soutien, d\u2019\u00e9ducation et de recherche.\",\"potentialAction\":[{\"@type\":\"SearchAction\",\"target\":{\"@type\":\"EntryPoint\",\"urlTemplate\":\"https:\/\/www.braintumour.ca\/fr\/?s={search_term_string}\"},\"query-input\":{\"@type\":\"PropertyValueSpecification\",\"valueRequired\":true,\"valueName\":\"search_term_string\"}}],\"inLanguage\":\"fr-CA\"},{\"@type\":\"Person\",\"@id\":\"https:\/\/www.braintumour.ca\/fr\/#\/schema\/person\/7534b1b1d4da5d8e37af436b293eca3d\",\"name\":\"Matt Berry\",\"image\":{\"@type\":\"ImageObject\",\"inLanguage\":\"fr-CA\",\"@id\":\"https:\/\/www.braintumour.ca\/fr\/#\/schema\/person\/image\/\",\"url\":\"https:\/\/secure.gravatar.com\/avatar\/882da3b67056b0c608086d3c77de46948b64244a4c249e81e0bf04a8095ce320?s=96&d=mm&r=g\",\"contentUrl\":\"https:\/\/secure.gravatar.com\/avatar\/882da3b67056b0c608086d3c77de46948b64244a4c249e81e0bf04a8095ce320?s=96&d=mm&r=g\",\"caption\":\"Matt Berry\"}}]}<\/script>\n<!-- \/ Yoast SEO Premium plugin. -->","yoast_head_json":{"title":"Prix jeune b\u00e9n\u00e9vole d'exception - Isabella Coffey d'Ottawa - Fondation canadienne des tumeurs c\u00e9r\u00e9brales","robots":{"index":"index","follow":"follow","max-snippet":"max-snippet:-1","max-image-preview":"max-image-preview:large","max-video-preview":"max-video-preview:-1"},"canonical":"https:\/\/www.braintumour.ca\/fr\/temoignages\/benevoles\/jeune-benevole-dexception-isabella-coffey-dottawa\/","og_locale":"fr_CA","og_type":"article","og_title":"Prix jeune b\u00e9n\u00e9vole d'exception - Isabella Coffey d'Ottawa","og_description":"Qu'il s'agisse d'inspirer de jeunes b\u00e9n\u00e9voles ou d'aider les parents \u00e0 parler des tumeurs c\u00e9r\u00e9brales avec leurs enfants, Isabella Coffey d'Ottawa est devenue une chef de file dans la communaut\u00e9 des tumeurs c\u00e9r\u00e9brales.","og_url":"https:\/\/www.braintumour.ca\/fr\/temoignages\/benevoles\/jeune-benevole-dexception-isabella-coffey-dottawa\/","og_site_name":"Fondation canadienne des tumeurs c\u00e9r\u00e9brales","article_published_time":"2020-11-16T14:10:05+00:00","article_modified_time":"2020-12-04T07:57:50+00:00","og_image":[{"width":828,"height":1792,"url":"https:\/\/www.braintumour.ca\/wp-content\/uploads\/2020\/11\/Isabella-Coffey.jpg","type":"image\/jpeg"}],"author":"Matt Berry","twitter_card":"summary_large_image","twitter_misc":{"\u00c9crit par":"Matt Berry","Estimation du temps de lecture":"3 minutes"},"schema":{"@context":"https:\/\/schema.org","@graph":[{"@type":"Article","@id":"https:\/\/www.braintumour.ca\/fr\/temoignages\/benevoles\/jeune-benevole-dexception-isabella-coffey-dottawa\/#article","isPartOf":{"@id":"https:\/\/www.braintumour.ca\/fr\/temoignages\/benevoles\/jeune-benevole-dexception-isabella-coffey-dottawa\/"},"author":{"name":"Matt Berry","@id":"https:\/\/www.braintumour.ca\/fr\/#\/schema\/person\/7534b1b1d4da5d8e37af436b293eca3d"},"headline":"Prix jeune b\u00e9n\u00e9vole d&rsquo;exception &#8211; Isabella Coffey d&rsquo;Ottawa","datePublished":"2020-11-16T14:10:05+00:00","dateModified":"2020-12-04T07:57:50+00:00","mainEntityOfPage":{"@id":"https:\/\/www.braintumour.ca\/fr\/temoignages\/benevoles\/jeune-benevole-dexception-isabella-coffey-dottawa\/"},"wordCount":659,"image":{"@id":"https:\/\/www.braintumour.ca\/fr\/temoignages\/benevoles\/jeune-benevole-dexception-isabella-coffey-dottawa\/#primaryimage"},"thumbnailUrl":"https:\/\/www.braintumour.ca\/wp-content\/uploads\/2020\/11\/Isabella-Coffey.jpg","keywords":["Fondation canadienne des tumeurs c\u00e9r\u00e9brales","prix pour les b\u00e9n\u00e9voles","Prix des jeunes b\u00e9n\u00e9voles d\u2019exception"],"articleSection":["Bourses d'\u00e9tudes pour patients et jeunes survivants","B\u00e9n\u00e9voles"],"inLanguage":"fr-CA"},{"@type":"WebPage","@id":"https:\/\/www.braintumour.ca\/fr\/temoignages\/benevoles\/jeune-benevole-dexception-isabella-coffey-dottawa\/","url":"https:\/\/www.braintumour.ca\/fr\/temoignages\/benevoles\/jeune-benevole-dexception-isabella-coffey-dottawa\/","name":"Prix jeune b\u00e9n\u00e9vole d'exception - Isabella Coffey d'Ottawa - Fondation canadienne des tumeurs c\u00e9r\u00e9brales","isPartOf":{"@id":"https:\/\/www.braintumour.ca\/fr\/#website"},"primaryImageOfPage":{"@id":"https:\/\/www.braintumour.ca\/fr\/temoignages\/benevoles\/jeune-benevole-dexception-isabella-coffey-dottawa\/#primaryimage"},"image":{"@id":"https:\/\/www.braintumour.ca\/fr\/temoignages\/benevoles\/jeune-benevole-dexception-isabella-coffey-dottawa\/#primaryimage"},"thumbnailUrl":"https:\/\/www.braintumour.ca\/wp-content\/uploads\/2020\/11\/Isabella-Coffey.jpg","datePublished":"2020-11-16T14:10:05+00:00","dateModified":"2020-12-04T07:57:50+00:00","author":{"@id":"https:\/\/www.braintumour.ca\/fr\/#\/schema\/person\/7534b1b1d4da5d8e37af436b293eca3d"},"breadcrumb":{"@id":"https:\/\/www.braintumour.ca\/fr\/temoignages\/benevoles\/jeune-benevole-dexception-isabella-coffey-dottawa\/#breadcrumb"},"inLanguage":"fr-CA","potentialAction":[{"@type":"ReadAction","target":["https:\/\/www.braintumour.ca\/fr\/temoignages\/benevoles\/jeune-benevole-dexception-isabella-coffey-dottawa\/"]}]},{"@type":"ImageObject","inLanguage":"fr-CA","@id":"https:\/\/www.braintumour.ca\/fr\/temoignages\/benevoles\/jeune-benevole-dexception-isabella-coffey-dottawa\/#primaryimage","url":"https:\/\/www.braintumour.ca\/wp-content\/uploads\/2020\/11\/Isabella-Coffey.jpg","contentUrl":"https:\/\/www.braintumour.ca\/wp-content\/uploads\/2020\/11\/Isabella-Coffey.jpg","width":828,"height":1792},{"@type":"BreadcrumbList","@id":"https:\/\/www.braintumour.ca\/fr\/temoignages\/benevoles\/jeune-benevole-dexception-isabella-coffey-dottawa\/#breadcrumb","itemListElement":[{"@type":"ListItem","position":1,"name":"Home","item":"https:\/\/www.braintumour.ca\/fr\/"},{"@type":"ListItem","position":2,"name":"Prix jeune b\u00e9n\u00e9vole d&rsquo;exception &#8211; Isabella Coffey d&rsquo;Ottawa"}]},{"@type":"WebSite","@id":"https:\/\/www.braintumour.ca\/fr\/#website","url":"https:\/\/www.braintumour.ca\/fr\/","name":"Fondation canadienne des tumeurs c\u00e9r\u00e9brales","description":"Notre mission est de venir en aide \u00e0 toutes les personnes touch\u00e9es par une tumeur c\u00e9r\u00e9brale au Canada par le biais de nos programmes d\u2019information, de soutien, d\u2019\u00e9ducation et de recherche.","potentialAction":[{"@type":"SearchAction","target":{"@type":"EntryPoint","urlTemplate":"https:\/\/www.braintumour.ca\/fr\/?s={search_term_string}"},"query-input":{"@type":"PropertyValueSpecification","valueRequired":true,"valueName":"search_term_string"}}],"inLanguage":"fr-CA"},{"@type":"Person","@id":"https:\/\/www.braintumour.ca\/fr\/#\/schema\/person\/7534b1b1d4da5d8e37af436b293eca3d","name":"Matt Berry","image":{"@type":"ImageObject","inLanguage":"fr-CA","@id":"https:\/\/www.braintumour.ca\/fr\/#\/schema\/person\/image\/","url":"https:\/\/secure.gravatar.com\/avatar\/882da3b67056b0c608086d3c77de46948b64244a4c249e81e0bf04a8095ce320?s=96&d=mm&r=g","contentUrl":"https:\/\/secure.gravatar.com\/avatar\/882da3b67056b0c608086d3c77de46948b64244a4c249e81e0bf04a8095ce320?s=96&d=mm&r=g","caption":"Matt Berry"}}]}},"_links":{"self":[{"href":"https:\/\/www.braintumour.ca\/fr\/wp-json\/wp\/v2\/posts\/5966","targetHints":{"allow":["GET"]}}],"collection":[{"href":"https:\/\/www.braintumour.ca\/fr\/wp-json\/wp\/v2\/posts"}],"about":[{"href":"https:\/\/www.braintumour.ca\/fr\/wp-json\/wp\/v2\/types\/post"}],"author":[{"embeddable":true,"href":"https:\/\/www.braintumour.ca\/fr\/wp-json\/wp\/v2\/users\/4"}],"replies":[{"embeddable":true,"href":"https:\/\/www.braintumour.ca\/fr\/wp-json\/wp\/v2\/comments?post=5966"}],"version-history":[{"count":0,"href":"https:\/\/www.braintumour.ca\/fr\/wp-json\/wp\/v2\/posts\/5966\/revisions"}],"wp:featuredmedia":[{"embeddable":true,"href":"https:\/\/www.braintumour.ca\/fr\/wp-json\/wp\/v2\/media\/5927"}],"wp:attachment":[{"href":"https:\/\/www.braintumour.ca\/fr\/wp-json\/wp\/v2\/media?parent=5966"}],"wp:term":[{"taxonomy":"category","embeddable":true,"href":"https:\/\/www.braintumour.ca\/fr\/wp-json\/wp\/v2\/categories?post=5966"},{"taxonomy":"post_tag","embeddable":true,"href":"https:\/\/www.braintumour.ca\/fr\/wp-json\/wp\/v2\/tags?post=5966"},{"taxonomy":"user_type","embeddable":true,"href":"https:\/\/www.braintumour.ca\/fr\/wp-json\/wp\/v2\/user_type?post=5966"},{"taxonomy":"locations","embeddable":true,"href":"https:\/\/www.braintumour.ca\/fr\/wp-json\/wp\/v2\/locations?post=5966"}],"curies":[{"name":"wp","href":"https:\/\/api.w.org\/{rel}","templated":true}]}}