{"id":6379,"date":"2021-01-12T13:21:58","date_gmt":"2021-01-12T18:21:58","guid":{"rendered":"https:\/\/www.braintumour.ca\/non-classifiee\/hope-and-determination-battling-glioblastoma-rochelles-story\/"},"modified":"2021-08-30T14:58:01","modified_gmt":"2021-08-30T18:58:01","slug":"espoir-et-determination-contre-le-glioblastome-lhistoire-de-rochelle","status":"publish","type":"post","link":"https:\/\/www.braintumour.ca\/fr\/temoignages\/espoir-et-determination-contre-le-glioblastome-lhistoire-de-rochelle\/","title":{"rendered":"Espoir et d\u00e9termination contre le glioblastome &#8211; L&rsquo;histoire de Rochelle"},"content":{"rendered":"<h4><strong>La vie de Rochelle a \u00e9t\u00e9 compl\u00e8tement boulevers\u00e9e la journ\u00e9e du Vendredi Saint 2019 lorsqu&rsquo;elle a eu une crise \u00e9pileptique au volant.<\/strong><\/h4>\n<p>Elle s&rsquo;est senti \u00e9tourdie et confuse, et sa vision s&rsquo;est embrouill\u00e9e. La derni\u00e8re chose dont elle se souvient est d\u2019avoir d\u00e9vi\u00e9 sur la rampe de l\u2019autoroute, puis elle s\u2019est r\u00e9veill\u00e9e \u00e0 l&rsquo;h\u00f4pital. Apr\u00e8s quelques examens, l\u2019\u00e9quipe soignante lui ont conseill\u00e9 de faire un suivi avec son m\u00e9decin.<\/p>\n<p>Lors de son rendez-vous de suivi, Rochelle a appris qu&rsquo;elle avait un glioblastome multiforme stade 4 &#8211; un cancer du cerveau agressif et incurable. La crise \u00e9pileptique qu\u2019elle a eu au volant de sa voiture \u00e9tait caus\u00e9e par la tumeur.<\/p>\n<p><strong>N\u00e9e pour danser<\/strong><\/p>\n<p>Rochelle est directrice artistique de Dance With France Studio (16 ans) et fondatrice \/ directrice d\u2019Artists Elite Int\u2019l \u00e0 Calgary, en Alberta. Elle a \u00e9t\u00e9 un membre tr\u00e8s actif de la communaut\u00e9 de la danse au Canada tout au long de sa vie.<\/p>\n<p>N&rsquo;\u00e9tant pas du genre \u00e0 abandonner facilement, Rochelle a continu\u00e9 \u00e0 enseigner la danse apr\u00e8s avoir re\u00e7u son diagnostic, d\u00e9termin\u00e9e \u00e0 faire en sorte que le spectacle de fin d&rsquo;ann\u00e9e sur lequel ses \u00e9l\u00e8ves avaient travaill\u00e9 si dur se d\u00e9roule comme pr\u00e9vu.<\/p>\n<p>En fait, Rochelle a dans\u00e9 lors du spectacle du 22 juin 2019 et n&rsquo;a laiss\u00e9 personne (en dehors de sa famille imm\u00e9diate) savoir qu&rsquo;elle devait subir une chirurgie c\u00e9r\u00e9brale d&rsquo;urgence trois jours plus tard. Sa capacit\u00e9 \u00e0 pers\u00e9v\u00e9rer et \u00e0 respecter ses engagements envers ses \u00e9l\u00e8ves est incroyable et t\u00e9moigne de son incroyable caract\u00e8re et de sa personnalit\u00e9 si sp\u00e9ciale.<\/p>\n<p>&nbsp;<\/p>\n<p><strong>Op\u00e9ration et traitement<\/strong><\/p>\n<p><img loading=\"lazy\" decoding=\"async\" class=\"size-medium wp-image-6310 alignleft\" src=\"https:\/\/www.braintumour.ca\/wp-content\/uploads\/2021\/01\/9E062CAB-6F32-4FC1-A1D3-5785994EA88F-300x300.jpg\" alt=\"Rochelle - surgery\" width=\"300\" height=\"300\" srcset=\"https:\/\/www.braintumour.ca\/wp-content\/uploads\/2021\/01\/9E062CAB-6F32-4FC1-A1D3-5785994EA88F-300x300.jpg 300w, https:\/\/www.braintumour.ca\/wp-content\/uploads\/2021\/01\/9E062CAB-6F32-4FC1-A1D3-5785994EA88F-1024x1024.jpg 1024w, https:\/\/www.braintumour.ca\/wp-content\/uploads\/2021\/01\/9E062CAB-6F32-4FC1-A1D3-5785994EA88F-150x150.jpg 150w, https:\/\/www.braintumour.ca\/wp-content\/uploads\/2021\/01\/9E062CAB-6F32-4FC1-A1D3-5785994EA88F-768x768.jpg 768w, https:\/\/www.braintumour.ca\/wp-content\/uploads\/2021\/01\/9E062CAB-6F32-4FC1-A1D3-5785994EA88F-1536x1536.jpg 1536w, https:\/\/www.braintumour.ca\/wp-content\/uploads\/2021\/01\/9E062CAB-6F32-4FC1-A1D3-5785994EA88F.jpg 2048w, https:\/\/www.braintumour.ca\/wp-content\/uploads\/2021\/01\/9E062CAB-6F32-4FC1-A1D3-5785994EA88F-640x640.jpg 640w, https:\/\/www.braintumour.ca\/wp-content\/uploads\/2021\/01\/9E062CAB-6F32-4FC1-A1D3-5785994EA88F-1200x1200.jpg 1200w, https:\/\/www.braintumour.ca\/wp-content\/uploads\/2021\/01\/9E062CAB-6F32-4FC1-A1D3-5785994EA88F-1920x1920.jpg 1920w, https:\/\/www.braintumour.ca\/wp-content\/uploads\/2021\/01\/9E062CAB-6F32-4FC1-A1D3-5785994EA88F-1440x1440.jpg 1440w, https:\/\/www.braintumour.ca\/wp-content\/uploads\/2021\/01\/9E062CAB-6F32-4FC1-A1D3-5785994EA88F-1080x1080.jpg 1080w\" sizes=\"auto, (max-width: 639px) 98vw, (max-width: 1199px) 64vw, 300px\" \/>Rochelle se fait op\u00e9rer le 25 juin 2019, suivi de six semaines de traitement combin\u00e9 de radioth\u00e9rapie et de chimioth\u00e9rapie. L&rsquo;op\u00e9ration conna\u00eet un succ\u00e8s limit\u00e9 et la r\u00e9cup\u00e9ration est tr\u00e8s difficile. Les traitements de chimioth\u00e9rapie sont en cours et se poursuivront, tout comme ses IRM bimensuelles. Alors que les traitements font des ravages sur la sant\u00e9 de Rochelle, son esprit reste tr\u00e8s fort. Elle est r\u00e9solue \u00e0 continuer \u00e0 lutter contre son cancer au quotidien, avec une gr\u00e2ce et une dignit\u00e9 vraiment inspirante. Il est clair que malgr\u00e9 le sombre pronostic, Rochelle n&rsquo;abandonne pas.<\/p>\n<p>&nbsp;<\/p>\n<p><strong>Danser pour la cause<\/strong><\/p>\n<p>En f\u00e9vrier 2020, Rochelle a voulu redonner et rassembler \u00e0 nouveau la communaut\u00e9 de la danse afin de r\u00e9aliser une autre collecte de fonds, cette fois en soutien \u00e0 la recherche sur le glioblastome. L&rsquo;\u00e9v\u00e9nement \u00e9tait inspir\u00e9 du \u00abMonde de la danse\u00bb, un spectacles excitant pr\u00e9sent\u00e9 au public de Calgary, dont les b\u00e9n\u00e9fices ont \u00e9t\u00e9 remis \u00e0 la Fondation canadienne des tumeurs c\u00e9r\u00e9brales.<\/p>\n<p>Les billets pour l\u2019\u00e9v\u00e9nement Dance Of Thrones 2 &#8211; qui a \u00e9t\u00e9 produit par Artists Elite Int\u2019l &#8211; ont \u00e9t\u00e9 \u00e9puis\u00e9s imm\u00e9diatement, c&rsquo;est pourquoi Rochelle a pris la d\u00e9cision de r\u00e9aliser un deuxi\u00e8me spectacle. Durant l\u2019\u00e9v\u00e9nement, il y a eu une magnifique vente aux ench\u00e8res silencieuse, et de nombreux danseurs de toute la communaut\u00e9 albertaine sont venus soutenir Rochelle et sa cause.<\/p>\n<p>Ses amis danseurs et sa famille l&rsquo;ont surprise en venant d&rsquo;aussi loin que Los Angeles, Toronto et Vancouver pour assister au spectacle. Pour terminer le spectacle, Rochelle est m\u00eame mont\u00e9e sur sc\u00e8ne pour danser et se produire avec certains de ses amis de longue date.<\/p>\n<p><img loading=\"lazy\" decoding=\"async\" class=\"size-medium wp-image-6320 alignright\" src=\"https:\/\/www.braintumour.ca\/wp-content\/uploads\/2021\/01\/IMG-6985-300x274.jpg\" alt=\"Rochelle - recital\" width=\"300\" height=\"274\" srcset=\"https:\/\/www.braintumour.ca\/wp-content\/uploads\/2021\/01\/IMG-6985-300x274.jpg 300w, https:\/\/www.braintumour.ca\/wp-content\/uploads\/2021\/01\/IMG-6985-768x701.jpg 768w, https:\/\/www.braintumour.ca\/wp-content\/uploads\/2021\/01\/IMG-6985-640x584.jpg 640w, https:\/\/www.braintumour.ca\/wp-content\/uploads\/2021\/01\/IMG-6985.jpg 827w\" sizes=\"auto, (max-width: 639px) 98vw, (max-width: 1199px) 64vw, 300px\" \/>C&rsquo;\u00e9tait un \u00e9v\u00e9nement merveilleux avec tant de souvenirs qu\u2019elle n\u2019oubliera pas de sit\u00f4t.<\/p>\n<p>Dance Of Thrones 2, The Ultimate Dance Competition, a eu lieu le samedi 29 f\u00e9vrier 2020 au Vertigo\u2019s Playhouse Theatre au centre-ville de Calgary avec deux spectacles &#8211; dont les b\u00e9n\u00e9fices ont \u00e9t\u00e9 vers\u00e9s \u00e0 la Fondation canadienne des tumeurs c\u00e9r\u00e9brales pour la recherche sur le glioblastome.<\/p>\n<p>Cet \u00e9v\u00e9nement a permis de recueillir 14 200$ et Rochelle est tr\u00e8s fi\u00e8re et reconnaissante envers toutes les personnes qui ont aid\u00e9, fait un don et contribu\u00e9 \u00e0 l\u2019\u00e9v\u00e9nement.<\/p>\n<p>Le 27 juin 2020, Rochelle et son \u00e9quipe \u00ab Rochelle\u2019s Army \u00bb ont particip\u00e9 \u00e0 la Marche des tumeurs c\u00e9r\u00e9brales virtuelle de Calgary. Ils ont recueilli plus de 5900$ pour la Fondation canadienne des tumeurs c\u00e9r\u00e9brales. Plus de 100 participants ont march\u00e9 ensemble et de fa\u00e7on virtuelle, dont plusieurs voyageant de loin afin de participer \u00e0 cette journ\u00e9e.<\/p>\n<p>Une marche a \u00e9galement \u00e9t\u00e9 organis\u00e9e \u00e0 Daysland, Alberta en son honneur. Nous avons eu droit divertissements incroyables de Craig Silver Music, Julainne Laine et aussi de l\u2019amie de longue date de Rochelle, Catherine Gell, qui a \u00e9crit et interpr\u00e9t\u00e9 \u00ab\u00a0Ring The Bell\u00a0\u00bb avec ses amis Alah, Jessiah et Sandra.<\/p>\n<p>Cette chanson, qui a \u00e9t\u00e9 d\u00e9di\u00e9e \u00e0 Rochelle, sera bient\u00f4t disponible pour achat en ligne et tous les b\u00e9n\u00e9fices seront destin\u00e9s \u00e0 la recherche sur le glioblastome. C&rsquo;est une autre fa\u00e7on de recueillir des fonds et de sensibiliser la population \u00e0 cette maladie.<\/p>\n<p>&nbsp;<\/p>\n<p><strong>Gr\u00e2ce et t\u00e9nacit\u00e9<\/strong><\/p>\n<p><img loading=\"lazy\" decoding=\"async\" class=\"size-medium wp-image-6316 alignleft\" src=\"https:\/\/www.braintumour.ca\/wp-content\/uploads\/2021\/01\/IMG-6562-205x300.jpg\" alt=\"Rochelle - portrait\" width=\"205\" height=\"300\" srcset=\"https:\/\/www.braintumour.ca\/wp-content\/uploads\/2021\/01\/IMG-6562-205x300.jpg 205w, https:\/\/www.braintumour.ca\/wp-content\/uploads\/2021\/01\/IMG-6562-699x1024.jpg 699w, https:\/\/www.braintumour.ca\/wp-content\/uploads\/2021\/01\/IMG-6562-768x1126.jpg 768w, https:\/\/www.braintumour.ca\/wp-content\/uploads\/2021\/01\/IMG-6562-640x938.jpg 640w, https:\/\/www.braintumour.ca\/wp-content\/uploads\/2021\/01\/IMG-6562-737x1080.jpg 737w, https:\/\/www.braintumour.ca\/wp-content\/uploads\/2021\/01\/IMG-6562.jpg 827w\" sizes=\"auto, (max-width: 639px) 98vw, (max-width: 1199px) 64vw, 205px\" \/>\u00c0 ce jour, Rochelle continue de mener son combat avec d\u00e9termination, force, gr\u00e2ce et positivit\u00e9. Elle donne un merveilleux exemple \u00e0 toute la communaut\u00e9 de continuer \u00e0 se battre et ne jamais abandonner.<\/p>\n<p>Rochelle a enseign\u00e9 la danse \u00e0 des milliers d&rsquo;enfants et d&rsquo;adultes au fil des ans. Elle a produit d&rsquo;innombrables spectacles de danse et met tout son c\u0153ur et toute son \u00e2me dans ses productions, d\u00e9montrant toujours une passion pour la danse et les arts de la sc\u00e8ne.<\/p>\n<p>La positivit\u00e9 et la force dont elle a fait preuve au cours des derniers mois ont fait d&rsquo;elle une v\u00e9ritable h\u00e9ro\u00efne pour tous ses danseurs, sa famille et la communaut\u00e9 de la danse. \u00ab Vivez pleinement la vie \u00bb, dit-elle.<\/p>\n<p>En d\u00e9cembre 2020, Rochelle a commenc\u00e9 sa 15e s\u00e9rie de chimioth\u00e9rapie et elle passe des IRM \u00e0 tous les deux mois.<\/p>\n<p>&nbsp;<\/p>\n<p>Pour assister aux cours de danse virtuels de Rochelle, envoyez un courriel \u00e0:<\/p>\n<p><a href=\"mailto:info@dancewithfrance.ca\">info@dancewithfrance.ca<\/a> ou <a href=\"mailto:Artistseliteint@outlook.com\">Artistseliteint@outlook.com<\/a><\/p>\n<p>Pour en apprendre plus sur l\u2019\u00e9quipe de Rochelle \u00ab <em>Rochelle&rsquo;s Army \u00bb, veuillez visiter la page suivante:<\/em><br \/>\n<a href=\"https:\/\/www.facebook.com\/rochellesarmy\/\"><em>https:\/\/www.facebook.com\/rochellesarmy\/<\/em><\/a><br \/>\n<em>Instagram : rochellesarmy<\/em><\/p>\n<p>&nbsp;<\/p>\n<p><strong><em>\u00c9crit par sa soeur Micheline Rae<\/em><\/strong><\/p>\n<p>&nbsp;<\/p>\n<blockquote><p><em><strong>La Fondation canadienne des tumeurs c\u00e9r\u00e9brales est tr\u00e8s attrist\u00e9e d&rsquo;annoncer le d\u00e9c\u00e8s de Rochelle le lundi 23 ao\u00fbt 2021. Rochelle \u00e9tait une femme extraordinaire. Nous adressons nos pri\u00e8res et nos sinc\u00e8res condol\u00e9ances \u00e0 toute sa famille et \u00e0 ses amis.<\/strong><\/em><\/p><\/blockquote>\n","protected":false},"excerpt":{"rendered":"<p>La vie de Rochelle a \u00e9t\u00e9 compl\u00e8tement boulevers\u00e9e la journ\u00e9e du Vendredi Saint 2019 lorsqu&rsquo;elle a eu une crise \u00e9pileptique au volant.<\/p>\n","protected":false},"author":4,"featured_media":6319,"comment_status":"closed","ping_status":"closed","sticky":false,"template":"","format":"standard","meta":{"_acf_changed":false,"footnotes":""},"categories":[148,149,178,179],"tags":[214,217,234,427],"user_type":[133],"locations":[161,184],"class_list":["post-6379","post","type-post","status-publish","format-standard","has-post-thumbnail","hentry","category-temoignages","category-adulte","category-communaute","category-courage-fr","tag-brain-tumour-foundation-of-canada-fr","tag-fondation-canadienne-des-tumeurs-cerebrales","tag-glioblastome","tag-glioblastoma-fr","user_type-patient-fr","locations-canada-wide-fr","locations-calgary-fr"],"acf":[],"yoast_head":"<!-- This site is optimized with the Yoast SEO Premium plugin v27.0 (Yoast SEO v27.0) - https:\/\/yoast.com\/product\/yoast-seo-premium-wordpress\/ -->\n<title>Espoir et d\u00e9termination contre le glioblastome - L&#039;histoire de Rochelle - Fondation canadienne des tumeurs c\u00e9r\u00e9brales<\/title>\n<meta name=\"robots\" content=\"index, follow, max-snippet:-1, max-image-preview:large, max-video-preview:-1\" \/>\n<link rel=\"canonical\" href=\"https:\/\/www.braintumour.ca\/fr\/temoignages\/espoir-et-determination-contre-le-glioblastome-lhistoire-de-rochelle\/\" \/>\n<meta property=\"og:locale\" content=\"fr_CA\" \/>\n<meta property=\"og:type\" content=\"article\" \/>\n<meta property=\"og:title\" content=\"Espoir et d\u00e9termination contre le glioblastome - L&#039;histoire de Rochelle\" \/>\n<meta property=\"og:description\" content=\"La vie de Rochelle a \u00e9t\u00e9 compl\u00e8tement boulevers\u00e9e la journ\u00e9e du Vendredi Saint 2019 lorsqu&#039;elle a eu une crise \u00e9pileptique au volant.\" \/>\n<meta property=\"og:url\" content=\"https:\/\/www.braintumour.ca\/fr\/temoignages\/espoir-et-determination-contre-le-glioblastome-lhistoire-de-rochelle\/\" \/>\n<meta property=\"og:site_name\" content=\"Fondation canadienne des tumeurs c\u00e9r\u00e9brales\" \/>\n<meta property=\"article:published_time\" content=\"2021-01-12T18:21:58+00:00\" \/>\n<meta property=\"article:modified_time\" content=\"2021-08-30T18:58:01+00:00\" \/>\n<meta property=\"og:image\" content=\"https:\/\/www.braintumour.ca\/wp-content\/uploads\/2021\/01\/IMG-6567.jpg\" \/>\n\t<meta property=\"og:image:width\" content=\"827\" \/>\n\t<meta property=\"og:image:height\" content=\"624\" \/>\n\t<meta property=\"og:image:type\" content=\"image\/jpeg\" \/>\n<meta name=\"author\" content=\"Matt Berry\" \/>\n<meta name=\"twitter:card\" content=\"summary_large_image\" \/>\n<meta name=\"twitter:label1\" content=\"\u00c9crit par\" \/>\n\t<meta name=\"twitter:data1\" content=\"Matt Berry\" \/>\n\t<meta name=\"twitter:label2\" content=\"Estimation du temps de lecture\" \/>\n\t<meta name=\"twitter:data2\" content=\"5 minutes\" \/>\n<script type=\"application\/ld+json\" class=\"yoast-schema-graph\">{\"@context\":\"https:\/\/schema.org\",\"@graph\":[{\"@type\":\"Article\",\"@id\":\"https:\/\/www.braintumour.ca\/fr\/temoignages\/espoir-et-determination-contre-le-glioblastome-lhistoire-de-rochelle\/#article\",\"isPartOf\":{\"@id\":\"https:\/\/www.braintumour.ca\/fr\/temoignages\/espoir-et-determination-contre-le-glioblastome-lhistoire-de-rochelle\/\"},\"author\":{\"name\":\"Matt Berry\",\"@id\":\"https:\/\/www.braintumour.ca\/fr\/#\/schema\/person\/7534b1b1d4da5d8e37af436b293eca3d\"},\"headline\":\"Espoir et d\u00e9termination contre le glioblastome &#8211; L&rsquo;histoire de Rochelle\",\"datePublished\":\"2021-01-12T18:21:58+00:00\",\"dateModified\":\"2021-08-30T18:58:01+00:00\",\"mainEntityOfPage\":{\"@id\":\"https:\/\/www.braintumour.ca\/fr\/temoignages\/espoir-et-determination-contre-le-glioblastome-lhistoire-de-rochelle\/\"},\"wordCount\":1119,\"image\":{\"@id\":\"https:\/\/www.braintumour.ca\/fr\/temoignages\/espoir-et-determination-contre-le-glioblastome-lhistoire-de-rochelle\/#primaryimage\"},\"thumbnailUrl\":\"https:\/\/www.braintumour.ca\/wp-content\/uploads\/2021\/01\/IMG-6567.jpg\",\"keywords\":[\"brain tumour foundation of canada\",\"Fondation canadienne des tumeurs c\u00e9r\u00e9brales\",\"glioblastome\",\"glioblastoma\"],\"articleSection\":[\"T\u00e9moignages\",\"Adulte\",\"Communaut\u00e9\",\"Courage\"],\"inLanguage\":\"fr-CA\"},{\"@type\":\"WebPage\",\"@id\":\"https:\/\/www.braintumour.ca\/fr\/temoignages\/espoir-et-determination-contre-le-glioblastome-lhistoire-de-rochelle\/\",\"url\":\"https:\/\/www.braintumour.ca\/fr\/temoignages\/espoir-et-determination-contre-le-glioblastome-lhistoire-de-rochelle\/\",\"name\":\"Espoir et d\u00e9termination contre le glioblastome - L'histoire de Rochelle - Fondation canadienne des tumeurs c\u00e9r\u00e9brales\",\"isPartOf\":{\"@id\":\"https:\/\/www.braintumour.ca\/fr\/#website\"},\"primaryImageOfPage\":{\"@id\":\"https:\/\/www.braintumour.ca\/fr\/temoignages\/espoir-et-determination-contre-le-glioblastome-lhistoire-de-rochelle\/#primaryimage\"},\"image\":{\"@id\":\"https:\/\/www.braintumour.ca\/fr\/temoignages\/espoir-et-determination-contre-le-glioblastome-lhistoire-de-rochelle\/#primaryimage\"},\"thumbnailUrl\":\"https:\/\/www.braintumour.ca\/wp-content\/uploads\/2021\/01\/IMG-6567.jpg\",\"datePublished\":\"2021-01-12T18:21:58+00:00\",\"dateModified\":\"2021-08-30T18:58:01+00:00\",\"author\":{\"@id\":\"https:\/\/www.braintumour.ca\/fr\/#\/schema\/person\/7534b1b1d4da5d8e37af436b293eca3d\"},\"breadcrumb\":{\"@id\":\"https:\/\/www.braintumour.ca\/fr\/temoignages\/espoir-et-determination-contre-le-glioblastome-lhistoire-de-rochelle\/#breadcrumb\"},\"inLanguage\":\"fr-CA\",\"potentialAction\":[{\"@type\":\"ReadAction\",\"target\":[\"https:\/\/www.braintumour.ca\/fr\/temoignages\/espoir-et-determination-contre-le-glioblastome-lhistoire-de-rochelle\/\"]}]},{\"@type\":\"ImageObject\",\"inLanguage\":\"fr-CA\",\"@id\":\"https:\/\/www.braintumour.ca\/fr\/temoignages\/espoir-et-determination-contre-le-glioblastome-lhistoire-de-rochelle\/#primaryimage\",\"url\":\"https:\/\/www.braintumour.ca\/wp-content\/uploads\/2021\/01\/IMG-6567.jpg\",\"contentUrl\":\"https:\/\/www.braintumour.ca\/wp-content\/uploads\/2021\/01\/IMG-6567.jpg\",\"width\":827,\"height\":624,\"caption\":\"Rochelle - cover pic\"},{\"@type\":\"BreadcrumbList\",\"@id\":\"https:\/\/www.braintumour.ca\/fr\/temoignages\/espoir-et-determination-contre-le-glioblastome-lhistoire-de-rochelle\/#breadcrumb\",\"itemListElement\":[{\"@type\":\"ListItem\",\"position\":1,\"name\":\"Home\",\"item\":\"https:\/\/www.braintumour.ca\/fr\/\"},{\"@type\":\"ListItem\",\"position\":2,\"name\":\"Espoir et d\u00e9termination contre le glioblastome &#8211; L&rsquo;histoire de Rochelle\"}]},{\"@type\":\"WebSite\",\"@id\":\"https:\/\/www.braintumour.ca\/fr\/#website\",\"url\":\"https:\/\/www.braintumour.ca\/fr\/\",\"name\":\"Fondation canadienne des tumeurs c\u00e9r\u00e9brales\",\"description\":\"Notre mission est de venir en aide \u00e0 toutes les personnes touch\u00e9es par une tumeur c\u00e9r\u00e9brale au Canada par le biais de nos programmes d\u2019information, de soutien, d\u2019\u00e9ducation et de recherche.\",\"potentialAction\":[{\"@type\":\"SearchAction\",\"target\":{\"@type\":\"EntryPoint\",\"urlTemplate\":\"https:\/\/www.braintumour.ca\/fr\/?s={search_term_string}\"},\"query-input\":{\"@type\":\"PropertyValueSpecification\",\"valueRequired\":true,\"valueName\":\"search_term_string\"}}],\"inLanguage\":\"fr-CA\"},{\"@type\":\"Person\",\"@id\":\"https:\/\/www.braintumour.ca\/fr\/#\/schema\/person\/7534b1b1d4da5d8e37af436b293eca3d\",\"name\":\"Matt Berry\",\"image\":{\"@type\":\"ImageObject\",\"inLanguage\":\"fr-CA\",\"@id\":\"https:\/\/www.braintumour.ca\/fr\/#\/schema\/person\/image\/\",\"url\":\"https:\/\/secure.gravatar.com\/avatar\/882da3b67056b0c608086d3c77de46948b64244a4c249e81e0bf04a8095ce320?s=96&d=mm&r=g\",\"contentUrl\":\"https:\/\/secure.gravatar.com\/avatar\/882da3b67056b0c608086d3c77de46948b64244a4c249e81e0bf04a8095ce320?s=96&d=mm&r=g\",\"caption\":\"Matt Berry\"}}]}<\/script>\n<!-- \/ Yoast SEO Premium plugin. -->","yoast_head_json":{"title":"Espoir et d\u00e9termination contre le glioblastome - L'histoire de Rochelle - Fondation canadienne des tumeurs c\u00e9r\u00e9brales","robots":{"index":"index","follow":"follow","max-snippet":"max-snippet:-1","max-image-preview":"max-image-preview:large","max-video-preview":"max-video-preview:-1"},"canonical":"https:\/\/www.braintumour.ca\/fr\/temoignages\/espoir-et-determination-contre-le-glioblastome-lhistoire-de-rochelle\/","og_locale":"fr_CA","og_type":"article","og_title":"Espoir et d\u00e9termination contre le glioblastome - L'histoire de Rochelle","og_description":"La vie de Rochelle a \u00e9t\u00e9 compl\u00e8tement boulevers\u00e9e la journ\u00e9e du Vendredi Saint 2019 lorsqu'elle a eu une crise \u00e9pileptique au volant.","og_url":"https:\/\/www.braintumour.ca\/fr\/temoignages\/espoir-et-determination-contre-le-glioblastome-lhistoire-de-rochelle\/","og_site_name":"Fondation canadienne des tumeurs c\u00e9r\u00e9brales","article_published_time":"2021-01-12T18:21:58+00:00","article_modified_time":"2021-08-30T18:58:01+00:00","og_image":[{"width":827,"height":624,"url":"https:\/\/www.braintumour.ca\/wp-content\/uploads\/2021\/01\/IMG-6567.jpg","type":"image\/jpeg"}],"author":"Matt Berry","twitter_card":"summary_large_image","twitter_misc":{"\u00c9crit par":"Matt Berry","Estimation du temps de lecture":"5 minutes"},"schema":{"@context":"https:\/\/schema.org","@graph":[{"@type":"Article","@id":"https:\/\/www.braintumour.ca\/fr\/temoignages\/espoir-et-determination-contre-le-glioblastome-lhistoire-de-rochelle\/#article","isPartOf":{"@id":"https:\/\/www.braintumour.ca\/fr\/temoignages\/espoir-et-determination-contre-le-glioblastome-lhistoire-de-rochelle\/"},"author":{"name":"Matt Berry","@id":"https:\/\/www.braintumour.ca\/fr\/#\/schema\/person\/7534b1b1d4da5d8e37af436b293eca3d"},"headline":"Espoir et d\u00e9termination contre le glioblastome &#8211; L&rsquo;histoire de Rochelle","datePublished":"2021-01-12T18:21:58+00:00","dateModified":"2021-08-30T18:58:01+00:00","mainEntityOfPage":{"@id":"https:\/\/www.braintumour.ca\/fr\/temoignages\/espoir-et-determination-contre-le-glioblastome-lhistoire-de-rochelle\/"},"wordCount":1119,"image":{"@id":"https:\/\/www.braintumour.ca\/fr\/temoignages\/espoir-et-determination-contre-le-glioblastome-lhistoire-de-rochelle\/#primaryimage"},"thumbnailUrl":"https:\/\/www.braintumour.ca\/wp-content\/uploads\/2021\/01\/IMG-6567.jpg","keywords":["brain tumour foundation of canada","Fondation canadienne des tumeurs c\u00e9r\u00e9brales","glioblastome","glioblastoma"],"articleSection":["T\u00e9moignages","Adulte","Communaut\u00e9","Courage"],"inLanguage":"fr-CA"},{"@type":"WebPage","@id":"https:\/\/www.braintumour.ca\/fr\/temoignages\/espoir-et-determination-contre-le-glioblastome-lhistoire-de-rochelle\/","url":"https:\/\/www.braintumour.ca\/fr\/temoignages\/espoir-et-determination-contre-le-glioblastome-lhistoire-de-rochelle\/","name":"Espoir et d\u00e9termination contre le glioblastome - L'histoire de Rochelle - Fondation canadienne des tumeurs c\u00e9r\u00e9brales","isPartOf":{"@id":"https:\/\/www.braintumour.ca\/fr\/#website"},"primaryImageOfPage":{"@id":"https:\/\/www.braintumour.ca\/fr\/temoignages\/espoir-et-determination-contre-le-glioblastome-lhistoire-de-rochelle\/#primaryimage"},"image":{"@id":"https:\/\/www.braintumour.ca\/fr\/temoignages\/espoir-et-determination-contre-le-glioblastome-lhistoire-de-rochelle\/#primaryimage"},"thumbnailUrl":"https:\/\/www.braintumour.ca\/wp-content\/uploads\/2021\/01\/IMG-6567.jpg","datePublished":"2021-01-12T18:21:58+00:00","dateModified":"2021-08-30T18:58:01+00:00","author":{"@id":"https:\/\/www.braintumour.ca\/fr\/#\/schema\/person\/7534b1b1d4da5d8e37af436b293eca3d"},"breadcrumb":{"@id":"https:\/\/www.braintumour.ca\/fr\/temoignages\/espoir-et-determination-contre-le-glioblastome-lhistoire-de-rochelle\/#breadcrumb"},"inLanguage":"fr-CA","potentialAction":[{"@type":"ReadAction","target":["https:\/\/www.braintumour.ca\/fr\/temoignages\/espoir-et-determination-contre-le-glioblastome-lhistoire-de-rochelle\/"]}]},{"@type":"ImageObject","inLanguage":"fr-CA","@id":"https:\/\/www.braintumour.ca\/fr\/temoignages\/espoir-et-determination-contre-le-glioblastome-lhistoire-de-rochelle\/#primaryimage","url":"https:\/\/www.braintumour.ca\/wp-content\/uploads\/2021\/01\/IMG-6567.jpg","contentUrl":"https:\/\/www.braintumour.ca\/wp-content\/uploads\/2021\/01\/IMG-6567.jpg","width":827,"height":624,"caption":"Rochelle - cover pic"},{"@type":"BreadcrumbList","@id":"https:\/\/www.braintumour.ca\/fr\/temoignages\/espoir-et-determination-contre-le-glioblastome-lhistoire-de-rochelle\/#breadcrumb","itemListElement":[{"@type":"ListItem","position":1,"name":"Home","item":"https:\/\/www.braintumour.ca\/fr\/"},{"@type":"ListItem","position":2,"name":"Espoir et d\u00e9termination contre le glioblastome &#8211; L&rsquo;histoire de Rochelle"}]},{"@type":"WebSite","@id":"https:\/\/www.braintumour.ca\/fr\/#website","url":"https:\/\/www.braintumour.ca\/fr\/","name":"Fondation canadienne des tumeurs c\u00e9r\u00e9brales","description":"Notre mission est de venir en aide \u00e0 toutes les personnes touch\u00e9es par une tumeur c\u00e9r\u00e9brale au Canada par le biais de nos programmes d\u2019information, de soutien, d\u2019\u00e9ducation et de recherche.","potentialAction":[{"@type":"SearchAction","target":{"@type":"EntryPoint","urlTemplate":"https:\/\/www.braintumour.ca\/fr\/?s={search_term_string}"},"query-input":{"@type":"PropertyValueSpecification","valueRequired":true,"valueName":"search_term_string"}}],"inLanguage":"fr-CA"},{"@type":"Person","@id":"https:\/\/www.braintumour.ca\/fr\/#\/schema\/person\/7534b1b1d4da5d8e37af436b293eca3d","name":"Matt Berry","image":{"@type":"ImageObject","inLanguage":"fr-CA","@id":"https:\/\/www.braintumour.ca\/fr\/#\/schema\/person\/image\/","url":"https:\/\/secure.gravatar.com\/avatar\/882da3b67056b0c608086d3c77de46948b64244a4c249e81e0bf04a8095ce320?s=96&d=mm&r=g","contentUrl":"https:\/\/secure.gravatar.com\/avatar\/882da3b67056b0c608086d3c77de46948b64244a4c249e81e0bf04a8095ce320?s=96&d=mm&r=g","caption":"Matt Berry"}}]}},"_links":{"self":[{"href":"https:\/\/www.braintumour.ca\/fr\/wp-json\/wp\/v2\/posts\/6379","targetHints":{"allow":["GET"]}}],"collection":[{"href":"https:\/\/www.braintumour.ca\/fr\/wp-json\/wp\/v2\/posts"}],"about":[{"href":"https:\/\/www.braintumour.ca\/fr\/wp-json\/wp\/v2\/types\/post"}],"author":[{"embeddable":true,"href":"https:\/\/www.braintumour.ca\/fr\/wp-json\/wp\/v2\/users\/4"}],"replies":[{"embeddable":true,"href":"https:\/\/www.braintumour.ca\/fr\/wp-json\/wp\/v2\/comments?post=6379"}],"version-history":[{"count":0,"href":"https:\/\/www.braintumour.ca\/fr\/wp-json\/wp\/v2\/posts\/6379\/revisions"}],"wp:featuredmedia":[{"embeddable":true,"href":"https:\/\/www.braintumour.ca\/fr\/wp-json\/wp\/v2\/media\/6319"}],"wp:attachment":[{"href":"https:\/\/www.braintumour.ca\/fr\/wp-json\/wp\/v2\/media?parent=6379"}],"wp:term":[{"taxonomy":"category","embeddable":true,"href":"https:\/\/www.braintumour.ca\/fr\/wp-json\/wp\/v2\/categories?post=6379"},{"taxonomy":"post_tag","embeddable":true,"href":"https:\/\/www.braintumour.ca\/fr\/wp-json\/wp\/v2\/tags?post=6379"},{"taxonomy":"user_type","embeddable":true,"href":"https:\/\/www.braintumour.ca\/fr\/wp-json\/wp\/v2\/user_type?post=6379"},{"taxonomy":"locations","embeddable":true,"href":"https:\/\/www.braintumour.ca\/fr\/wp-json\/wp\/v2\/locations?post=6379"}],"curies":[{"name":"wp","href":"https:\/\/api.w.org\/{rel}","templated":true}]}}