{"id":6447,"date":"2021-02-03T10:58:23","date_gmt":"2021-02-03T15:58:23","guid":{"rendered":"https:\/\/www.braintumour.ca\/?p=6447"},"modified":"2021-02-17T09:55:37","modified_gmt":"2021-02-17T14:55:37","slug":"courage-et-resilience-le-temoignage-de-celine","status":"publish","type":"post","link":"https:\/\/www.braintumour.ca\/fr\/temoignages\/courage-et-resilience-le-temoignage-de-celine\/","title":{"rendered":"Courage et r\u00e9silience &#8211; Le t\u00e9moignage de C\u00e9line"},"content":{"rendered":"<p>Je m&rsquo;appelle C\u00e9line, j\u2019ai 29 ans et je suis infirmi\u00e8re dans la ville de Sherbrooke depuis bient\u00f4t 7 ans. D\u00e9but 2019, alors enceinte de notre premier b\u00e9b\u00e9, nous apprenons qu&rsquo;une tumeur progresse dans ma moelle \u00e9pini\u00e8re entre C1 et C5. Une magnifique \u00e9quipe comp\u00e9tente et rassurante nous prend alors en charge et nous suit tout au long de ma grossesse jug\u00e9e \u00ab\u00a0\u00e0 risque\u00a0\u00bb. Il est difficile de nous repr\u00e9senter ce qui nous attend \u00e0 ce moment-l\u00e0, mais notre force est de toujours rester positif et surtout de vivre un jour \u00e0 la fois.<\/p>\n<p>Au printemps, des sympt\u00f4mes neurologiques et de la douleur apparaissent et progressent. Je vis chaque deuil de cette maternit\u00e9 telle que je l&rsquo;avais r\u00eav\u00e9e Je concentre alors mes efforts sur le simple fait d&rsquo;amener mon b\u00e9b\u00e9 au plus pr\u00e8s du terme. Certaines journ\u00e9es sont plus difficiles que d\u2019autres en grande partie \u00e0 cause de la douleur mais je ne compte pas la laisser m\u2019emp\u00eacher de cr\u00e9er de beaux souvenirs et je pr\u00e9pare son arriv\u00e9e comme n\u2019importe quelle future maman. La grossesse donne peu de possibilit\u00e9 de m\u2019administrer des m\u00e9dicaments pour me soulager. Je suis suivie de tr\u00e8s pr\u00e8s par une multitude de professionnels, toutes sp\u00e9cialit\u00e9s confondues, qui font \u00e9quipe ensemble pour nous offrir le meilleur. Je ne les remercierais jamais assez car ils ont rendu ces \u00e9preuves beaucoup plus faciles \u00e0 accepter et \u00e0 traverser.<\/p>\n<p><img loading=\"lazy\" decoding=\"async\" class=\"size-medium wp-image-6452 alignleft\" src=\"https:\/\/www.braintumour.ca\/wp-content\/uploads\/2021\/02\/la-rencontre-avec-mon-fils-169x300.jpg\" alt=\"\" width=\"169\" height=\"300\" srcset=\"https:\/\/www.braintumour.ca\/wp-content\/uploads\/2021\/02\/la-rencontre-avec-mon-fils-169x300.jpg 169w, https:\/\/www.braintumour.ca\/wp-content\/uploads\/2021\/02\/la-rencontre-avec-mon-fils.jpg 515w\" sizes=\"auto, (max-width: 639px) 98vw, (max-width: 1199px) 64vw, 169px\" \/>Le 30 juillet, apr\u00e8s qu&rsquo;en l&rsquo;espace d&rsquo;une fin de semaine, je perde la proprioception de main droite, je me rends \u00e0 mon rendez-vous de suivi. L&rsquo;\u00e9quipe de grossesse \u00e0 risque d\u00e9cide alors de proc\u00e9der \u00e0 une c\u00e9sarienne. J&rsquo;accepte de comprendre que j&rsquo;ai donn\u00e9 le maximum pour mon b\u00e9b\u00e9 mais qu&rsquo;il est temps de penser \u00e0 moi si je veux \u00eatre l\u00e0 pour lui ensuite. La douleur m&rsquo;affaiblit, m\u00eame si j&rsquo;essaie de me prouver l&rsquo;inverse, j&rsquo;ai de la mis\u00e8re \u00e0 m&rsquo;alimenter et \u00e0 dormir. Accoucher me permettra ainsi de pouvoir recevoir de plus grosses doses de corticost\u00e9ro\u00efdes pour me prot\u00e9ger de l&rsquo;\u0153d\u00e8me\u00a0caus\u00e9 par la tumeur et me donner la chance de me faire op\u00e9rer avec le moins de s\u00e9quelles possible.<\/p>\n<p>Le 2 ao\u00fbt 2019, \u00e0 33 semaines, nait notre fils Paul, poussant un cri de combattant \u00e0 la seconde o\u00f9 il a pris son premier souffle. \u00c0 ce moment-l\u00e0, rien de ce qu&rsquo;on pouvait m&rsquo;annoncer allait me faire douter ou abandonner. Les allers retours en n\u00e9onatalogie commencent, j&rsquo;y berce mon b\u00e9b\u00e9 autant que possible \u00e0 travers les rendez vous pr\u00e9-op\u00e9ratoire. On me demande de pr\u00e9parer mon testament, de v\u00e9rifier mes assurances vies et mes directives anticip\u00e9es. C&rsquo;est probablement la chose qui m&rsquo;a \u00e9t\u00e9 le plus difficile \u00e0 faire \u00e0 cette \u00e9tape. Cela n&rsquo;avait tellement pas de sens.<\/p>\n<p><img loading=\"lazy\" decoding=\"async\" class=\"size-medium wp-image-6458 alignright\" src=\"https:\/\/www.braintumour.ca\/wp-content\/uploads\/2021\/02\/Avec-mon-be\u0301be\u0301-apre\u0300s-ma-premie\u0300re-opration-225x300.jpeg\" alt=\"\" width=\"225\" height=\"300\" srcset=\"https:\/\/www.braintumour.ca\/wp-content\/uploads\/2021\/02\/Avec-mon-be\u0301be\u0301-apre\u0300s-ma-premie\u0300re-opration-225x300.jpeg 225w, https:\/\/www.braintumour.ca\/wp-content\/uploads\/2021\/02\/Avec-mon-be\u0301be\u0301-apre\u0300s-ma-premie\u0300re-opration-768x1024.jpeg 768w, https:\/\/www.braintumour.ca\/wp-content\/uploads\/2021\/02\/Avec-mon-be\u0301be\u0301-apre\u0300s-ma-premie\u0300re-opration-640x853.jpeg 640w, https:\/\/www.braintumour.ca\/wp-content\/uploads\/2021\/02\/Avec-mon-be\u0301be\u0301-apre\u0300s-ma-premie\u0300re-opration-810x1080.jpeg 810w, https:\/\/www.braintumour.ca\/wp-content\/uploads\/2021\/02\/Avec-mon-be\u0301be\u0301-apre\u0300s-ma-premie\u0300re-opration.jpeg 960w\" sizes=\"auto, (max-width: 639px) 98vw, (max-width: 1199px) 64vw, 225px\" \/>Les neurochirurgiens m&rsquo;op\u00e8rent 19 jours plus tard dans le but de d\u00e9comprimer la moelle \u00e9pini\u00e8re. Ils doutent de pouvoir retirer la l\u00e9sion puisqu&rsquo;elle est tr\u00e8s infiltr\u00e9e et qu&rsquo;il est difficile de faire la diff\u00e9rence avec le tissu sain, les dommages pouvant \u00eatre irr\u00e9versibles, voire mortels. Malgr\u00e9 tout, j&rsquo;y vais avec une grande s\u00e9r\u00e9nit\u00e9 et leur offrant ma confiance toute enti\u00e8re.<\/p>\n<p>Bien s\u00fbr que le matin de mon d\u00e9part, j&rsquo;ai berc\u00e9 mon b\u00e9b\u00e9, sur mes deux jambes, en me demandant si c&rsquo;\u00e9tait la derni\u00e8re fois que j&rsquo;en avais la chance. Mais je savais que c&rsquo;\u00e9tait ma seule option pour vivre. J&rsquo;ai eu raison d&rsquo;y croire puisque je me suis r\u00e9veill\u00e9e, bougeant mes deux bras et mes deux jambes avec 90% de la tumeur RETIR\u00c9E! Une premi\u00e8re bataille de remport\u00e9e de cette guerre contre un ennemi encore inconnu. On nous avait pr\u00e9dit un astrocytome anaplasique mais malheureusement la b\u00eate a \u00e9t\u00e9 plus f\u00e9roce:<\/p>\n<p>GLIOBLASTOME MULTIFORME (GBM)<\/p>\n<p>Une tumeur c\u00e9r\u00e9brale de grade 4. J&rsquo;aurais certainement eu plus de chance de gagner \u00e0 la loterie puisque l&rsquo;\u00e9quipe de neurochirurgie n&rsquo;avait, \u00e0 ce jour, aucun cas connu dont la localisation se trouve dans la moelle \u00e9pini\u00e8re.<\/p>\n<p>C\u2019est ainsi que je suis r\u00e9f\u00e9r\u00e9e \u00e0 Dr David Fortin qui m\u2019explique que je recevrais le m\u00eame traitement que si la tumeur \u00e9tait log\u00e9e dans le cerveau. A l\u2019automne, je compl\u00e8te alors un cycle d\u2019un mois de radioth\u00e9rapie combin\u00e9 \u00e0 une chimioth\u00e9rapie puis 6 autres cycles de chimioth\u00e9rapie que je termine en avril.<\/p>\n<p><img loading=\"lazy\" decoding=\"async\" class=\"size-medium wp-image-6450 alignleft\" src=\"https:\/\/www.braintumour.ca\/wp-content\/uploads\/2021\/02\/premiere-operation-225x300.jpg\" alt=\"\" width=\"225\" height=\"300\" srcset=\"https:\/\/www.braintumour.ca\/wp-content\/uploads\/2021\/02\/premiere-operation-225x300.jpg 225w, https:\/\/www.braintumour.ca\/wp-content\/uploads\/2021\/02\/premiere-operation-768x1024.jpg 768w, https:\/\/www.braintumour.ca\/wp-content\/uploads\/2021\/02\/premiere-operation-1152x1536.jpg 1152w, https:\/\/www.braintumour.ca\/wp-content\/uploads\/2021\/02\/premiere-operation-1536x2048.jpg 1536w, https:\/\/www.braintumour.ca\/wp-content\/uploads\/2021\/02\/premiere-operation-640x853.jpg 640w, https:\/\/www.braintumour.ca\/wp-content\/uploads\/2021\/02\/premiere-operation-1024x1365.jpg 1024w, https:\/\/www.braintumour.ca\/wp-content\/uploads\/2021\/02\/premiere-operation-1200x1600.jpg 1200w, https:\/\/www.braintumour.ca\/wp-content\/uploads\/2021\/02\/premiere-operation-scaled.jpg 1920w, https:\/\/www.braintumour.ca\/wp-content\/uploads\/2021\/02\/premiere-operation-1080x1440.jpg 1080w, https:\/\/www.braintumour.ca\/wp-content\/uploads\/2021\/02\/premiere-operation-810x1080.jpg 810w\" sizes=\"auto, (max-width: 639px) 98vw, (max-width: 1199px) 64vw, 225px\" \/>Et comme si ce n\u2019\u00e9tait pas suffisant, la vie m\u2019envoie un autre d\u00e9fi. En effet, parall\u00e8lement \u00e0 cela, je d\u00e9veloppe une cyphose importante et rapide de ma colonne cervicale m\u2019obligeant \u00e0 porter un collier rigide durant 5 mois. Une op\u00e9ration est n\u00e9cessaire pour redresser et fixer mes vert\u00e8bres \u00e0 cet endroit. Un autre coup dur qui aurait bien pu me d\u00e9courager et me faire douter mais je r\u00eave encore de me relever pour mon fils et \u00eatre la maman qu\u2019il m\u00e9rite d\u2019avoir.<\/p>\n<p>Je ne peux pas aller le r\u00e9cup\u00e9rer dans son lit et le consoler lorsqu\u2019il pleure. Je n\u2019arrive pas \u00e0 l\u2019habiller de tout ces beaux v\u00eatements que j\u2019avais pris soin de pr\u00e9parer en attendant sa naissance. Je ne peux lui donner son bain seule, ni l\u2019emmener prendre une marche. Alors je me console en me disant que ce qui compte c\u2019est ma pr\u00e9sence tout simplement. Nous passons nos journ\u00e9es coll\u00e9s et \u00e0 mesure qu\u2019il grandit, je le regarde \u00e9voluer et jouer pr\u00e8s de moi. Il est si serein et joyeux que je ne peux pas baisser les bras sur le plus beau cadeau que la vie m\u2019ait fait.<\/p>\n<p>Je travaille sur ma dext\u00e9rit\u00e9 en pratiquant des passions qui me tiennent \u00e0 c\u0153ur comme la peinture, la couture ou m\u00eame simplement cuisiner. J\u2019apprends \u00e0 \u00e9crire de la main gauche, \u00e0 tenir des ustensiles ou un verre, \u00e0 nouer mes cheveux, faire mes lacets\u2026 Bref, toutes sortes de choses qui \u00e9taient si naturelles avant. Et je pense qu\u2019\u00e0 force de pers\u00e9v\u00e9rance, d\u2019encouragement de mes proches et aussi des professionnels qui travaillent avec moi, j\u2019ai surpass\u00e9 bien des attentes.<\/p>\n<p>Tout cela n\u2019aurait pas \u00e9t\u00e9 possible sans l\u2019aide que nous avons re\u00e7u. Une v\u00e9ritable cha\u00eene de solidarit\u00e9 s\u2019est cr\u00e9\u00e9e pour nous apporter du soutien, du r\u00e9confort ou parfois simplement une pr\u00e9sence, de la part de la famille et de nos amis d\u2019ici et d\u2019ailleurs. Une vie enti\u00e8re ne suffirait pas pour les remercier d\u2019avoir pris part \u00e0 notre combat et nous avoir apport\u00e9 autant de chaleur et de bienveillance.<\/p>\n<p><img loading=\"lazy\" decoding=\"async\" class=\"wp-image-6456 alignright\" src=\"https:\/\/www.braintumour.ca\/wp-content\/uploads\/2021\/02\/de-retour-sur-les-sentiers-de-montagnes-un-an-apre\u0300s-300x225.jpeg\" alt=\"\" width=\"328\" height=\"246\" srcset=\"https:\/\/www.braintumour.ca\/wp-content\/uploads\/2021\/02\/de-retour-sur-les-sentiers-de-montagnes-un-an-apre\u0300s-300x225.jpeg 300w, https:\/\/www.braintumour.ca\/wp-content\/uploads\/2021\/02\/de-retour-sur-les-sentiers-de-montagnes-un-an-apre\u0300s-1024x768.jpeg 1024w, https:\/\/www.braintumour.ca\/wp-content\/uploads\/2021\/02\/de-retour-sur-les-sentiers-de-montagnes-un-an-apre\u0300s-768x576.jpeg 768w, https:\/\/www.braintumour.ca\/wp-content\/uploads\/2021\/02\/de-retour-sur-les-sentiers-de-montagnes-un-an-apre\u0300s-1536x1152.jpeg 1536w, https:\/\/www.braintumour.ca\/wp-content\/uploads\/2021\/02\/de-retour-sur-les-sentiers-de-montagnes-un-an-apre\u0300s-2048x1536.jpeg 2048w, https:\/\/www.braintumour.ca\/wp-content\/uploads\/2021\/02\/de-retour-sur-les-sentiers-de-montagnes-un-an-apre\u0300s-640x480.jpeg 640w, https:\/\/www.braintumour.ca\/wp-content\/uploads\/2021\/02\/de-retour-sur-les-sentiers-de-montagnes-un-an-apre\u0300s-1200x900.jpeg 1200w, https:\/\/www.braintumour.ca\/wp-content\/uploads\/2021\/02\/de-retour-sur-les-sentiers-de-montagnes-un-an-apre\u0300s-1920x1440.jpeg 1920w, https:\/\/www.braintumour.ca\/wp-content\/uploads\/2021\/02\/de-retour-sur-les-sentiers-de-montagnes-un-an-apre\u0300s-1440x1080.jpeg 1440w\" sizes=\"auto, (max-width: 639px) 98vw, (max-width: 1199px) 64vw, 328px\" \/><\/p>\n<p>Aujourd\u2019hui, 18 mois se sont \u00e9coul\u00e9s depuis le diagnostic et la b\u00eate est stable. J\u2019apprends \u00e0 dompter la douleur pour lui donner le moins de place possible au quotidien, qu\u2019elle soit plus petite que mes ambitions m\u00eame si je sais qu\u2019elle est permanente. J\u2019ai retrouv\u00e9 mon permis de conduire r\u00e9cemment, je suis en r\u00e9int\u00e9gration progressive au travail mais avant tout et surtout, je m\u2019occupe de mon fils autant que je le souhaite. Je sais que je ne peux pas rattraper les moments que j\u2019aurais aim\u00e9 vivre \u00e0 sa naissance mais je peux maintenant lui prendre la main et lui montrer le chemin.<\/p>\n<p>Il a \u00e9t\u00e9 compliqu\u00e9 de reprendre un rythme apr\u00e8s les traitements. On ne parle pas assez du v\u00e9cu apr\u00e8s les soins. Pour ma part, je m\u2019\u00e9tais isol\u00e9e socialement inconsciemment et la r\u00e9alit\u00e9 m\u2019a vite rattrap\u00e9e quand j\u2019ai voulu reprendre un peu plus le contr\u00f4le de ma vie et de mon corps. C\u2019\u00e9tait comme si pendant tout ce temps, j\u2019avais regard\u00e9 le monde tourner sans moi. Je me sentais comme un \u00e9trang\u00e8re et \u00e9norm\u00e9ment en d\u00e9calage. C\u2019est d\u2019autant plus difficile quand j\u2019ai cach\u00e9 ces \u00e9preuves tr\u00e8s longtemps \u00e0 mon r\u00e9seau social, par peur un peu, par honte aussi. Ce combat m\u2019a appris qu\u2019accepter de l\u2019aide, ce\u00a0 n\u2019\u00e9tait pas pour autant \u00eatre faible. Et de l\u2019aide, on en a re\u00e7u, ici ou \u00e0 distance. On en a re\u00e7u tellement qu\u2019aujourd\u2019hui j\u2019ai le c\u0153ur qui se serre en y repensant.<\/p>\n<p>Une ann\u00e9e remplie de petits et de plus gros deuils. Certains ont laiss\u00e9 des cicatrices bien plus douloureuses que cette tumeur. Une ann\u00e9e pour apprendre \u00e0 accepter que beaucoup de choses ont chang\u00e9 et qu\u2019il faudra s\u2019y faire. Une ann\u00e9e pour me faire comprendre que c\u2019est correct d\u2019en parler, parce qu\u2019un combat n\u2019est possible que lorsqu\u2019il est connu.<\/p>\n<p>Ce serait mentir de dire que je pense que la vie n\u2019a plus rien \u00e0 m\u2019offrir. Je suis persuad\u00e9e que je suis encore l\u00e0 pour une raison, mon fils en est la preuve, et je pense que j\u2019ai encore des choses \u00e0 partager, beaucoup d\u2019amour \u00e0 r\u00e9pandre et des r\u00eaves \u00e0 r\u00e9aliser. Il est impossible de savoir de quoi sera fait demain, ou bien dans 6 mois ou dans 5 ans, mais c\u2019est le m\u00eame lot pour tout le monde alors pourquoi devrais-je mettre des barri\u00e8res? Je me disais souvent que cette tumeur n\u2019avait pas choisi la bonne personne mais finalement maintenant mon combat c\u2019est que plus personne n&rsquo;ait \u00e0 subir l\u2019\u00e9preuve d\u2019un tel diagnostic. Marcher une ann\u00e9e de plus pour la Fondation c\u2019est marcher une ann\u00e9e de plus tout simplement, et avec l\u2019espoir un jour de trouver ce traitement qui n\u2019existe pas encore.<\/p>\n<p>J\u2019en profite pour remercier mes proches qui ont \u00e9t\u00e9 l\u00e0, mon conjoint, ma famille, amis &amp; coll\u00e8gues qui se reconnaitront, puis tout ces professionnels qui ont \u00e9t\u00e9 sur notre chemin: les neurochirurgiens Dr Pimenta et Dr Blanchard, Dr Fortin neuro-oncologue, Dr Caron en m\u00e9decine interne, Dr Bertelle er Dr Mass\u00e9 en n\u00e9onatologie, Dr Ebacher radiooncologue, Dr Beaulac, l\u2019\u00e9quipe d\u2019obst\u00e9trique, M\u00e9lanie nutritionniste, Simon ergoth\u00e9rapeute, M\u00e9lanie physioth\u00e9rapeute, Edith infirmi\u00e8re pivot, techniciennes en radiologie, r\u00e9sidents, infirmi\u00e8res et infirmi\u00e8res auxiliaires, inhaloth\u00e9rapeutes (merci Danielle), pr\u00e9pos\u00e9es, agentes administratives, travailleuses sociales, b\u00e9n\u00e9voles\u2026 Vous avez tous fait une diff\u00e9rence.<\/p>\n<p>&nbsp;<\/p>\n<p>C\u00e9line Bricout<\/p>\n<p>&nbsp;<\/p>\n<p><strong>Encouragez mon \u00e9quipe \u00e0 la Marche des tumeurs c\u00e9r\u00e9brales 2021:<\/strong><\/p>\n<p><a href=\"https:\/\/btfc.akaraisin.com\/ui\/BTW2021FR\/p\/aindienne\">https:\/\/btfc.akaraisin.com\/ui\/BTW2021FR\/p\/aindienne<\/a><\/p>\n","protected":false},"excerpt":{"rendered":"<p>Je m&rsquo;appelle C\u00e9line, j\u2019ai 29 ans et je suis infirmi\u00e8re dans la ville de Sherbrooke depuis bient\u00f4t 7 ans. D\u00e9but 2019, alors enceinte de notre premier b\u00e9b\u00e9, nous apprenons qu&rsquo;une tumeur progresse dans ma moelle \u00e9pini\u00e8re entre C1 et C5.<\/p>\n","protected":false},"author":6,"featured_media":6454,"comment_status":"closed","ping_status":"closed","sticky":false,"template":"","format":"standard","meta":{"_acf_changed":false,"footnotes":""},"categories":[148,149,179],"tags":[234,429,430],"user_type":[],"locations":[160,161],"class_list":["post-6447","post","type-post","status-publish","format-standard","has-post-thumbnail","hentry","category-temoignages","category-adulte","category-courage-fr","tag-glioblastome","tag-courage","tag-resilience","locations-montreal","locations-canada-wide-fr"],"acf":[],"yoast_head":"<!-- This site is optimized with the Yoast SEO Premium plugin v27.0 (Yoast SEO v27.0) - https:\/\/yoast.com\/product\/yoast-seo-premium-wordpress\/ -->\n<title>Courage et r\u00e9silience - Le t\u00e9moignage de C\u00e9line - Fondation canadienne des tumeurs c\u00e9r\u00e9brales<\/title>\n<meta name=\"robots\" content=\"index, follow, max-snippet:-1, max-image-preview:large, max-video-preview:-1\" \/>\n<link rel=\"canonical\" href=\"https:\/\/www.braintumour.ca\/fr\/temoignages\/courage-et-resilience-le-temoignage-de-celine\/\" \/>\n<meta property=\"og:locale\" content=\"fr_CA\" \/>\n<meta property=\"og:type\" content=\"article\" \/>\n<meta property=\"og:title\" content=\"Courage et r\u00e9silience - Le t\u00e9moignage de C\u00e9line\" \/>\n<meta property=\"og:description\" content=\"Je m&#039;appelle C\u00e9line, j\u2019ai 29 ans et je suis infirmi\u00e8re dans la ville de Sherbrooke depuis bient\u00f4t 7 ans. D\u00e9but 2019, alors enceinte de notre premier b\u00e9b\u00e9, nous apprenons qu&#039;une tumeur progresse dans ma moelle \u00e9pini\u00e8re entre C1 et C5.\" \/>\n<meta property=\"og:url\" content=\"https:\/\/www.braintumour.ca\/fr\/temoignages\/courage-et-resilience-le-temoignage-de-celine\/\" \/>\n<meta property=\"og:site_name\" content=\"Fondation canadienne des tumeurs c\u00e9r\u00e9brales\" \/>\n<meta property=\"article:published_time\" content=\"2021-02-03T15:58:23+00:00\" \/>\n<meta property=\"article:modified_time\" content=\"2021-02-17T14:55:37+00:00\" \/>\n<meta property=\"og:image\" content=\"https:\/\/www.braintumour.ca\/wp-content\/uploads\/2021\/02\/seance-improvise\u0301e-dans-le-jardin-de-lhopital-la-veille-daccoucher-scaled.jpg\" \/>\n\t<meta property=\"og:image:width\" content=\"1707\" \/>\n\t<meta property=\"og:image:height\" content=\"2560\" \/>\n\t<meta property=\"og:image:type\" content=\"image\/jpeg\" \/>\n<meta name=\"author\" content=\"Romina Ferro\" \/>\n<meta name=\"twitter:card\" content=\"summary_large_image\" \/>\n<meta name=\"twitter:label1\" content=\"\u00c9crit par\" \/>\n\t<meta name=\"twitter:data1\" content=\"Romina Ferro\" \/>\n\t<meta name=\"twitter:label2\" content=\"Estimation du temps de lecture\" \/>\n\t<meta name=\"twitter:data2\" content=\"8 minutes\" \/>\n<script type=\"application\/ld+json\" class=\"yoast-schema-graph\">{\"@context\":\"https:\/\/schema.org\",\"@graph\":[{\"@type\":\"Article\",\"@id\":\"https:\/\/www.braintumour.ca\/fr\/temoignages\/courage-et-resilience-le-temoignage-de-celine\/#article\",\"isPartOf\":{\"@id\":\"https:\/\/www.braintumour.ca\/fr\/temoignages\/courage-et-resilience-le-temoignage-de-celine\/\"},\"author\":{\"name\":\"Romina Ferro\",\"@id\":\"https:\/\/www.braintumour.ca\/fr\/#\/schema\/person\/10eabcb138f6aaa06827819a83da46bd\"},\"headline\":\"Courage et r\u00e9silience &#8211; Le t\u00e9moignage de C\u00e9line\",\"datePublished\":\"2021-02-03T15:58:23+00:00\",\"dateModified\":\"2021-02-17T14:55:37+00:00\",\"mainEntityOfPage\":{\"@id\":\"https:\/\/www.braintumour.ca\/fr\/temoignages\/courage-et-resilience-le-temoignage-de-celine\/\"},\"wordCount\":1807,\"image\":{\"@id\":\"https:\/\/www.braintumour.ca\/fr\/temoignages\/courage-et-resilience-le-temoignage-de-celine\/#primaryimage\"},\"thumbnailUrl\":\"https:\/\/www.braintumour.ca\/wp-content\/uploads\/2021\/02\/seance-improvise\u0301e-dans-le-jardin-de-lhopital-la-veille-daccoucher-scaled.jpg\",\"keywords\":[\"glioblastome\",\"courage\",\"r\u00e9silience\"],\"articleSection\":[\"T\u00e9moignages\",\"Adulte\",\"Courage\"],\"inLanguage\":\"fr-CA\"},{\"@type\":\"WebPage\",\"@id\":\"https:\/\/www.braintumour.ca\/fr\/temoignages\/courage-et-resilience-le-temoignage-de-celine\/\",\"url\":\"https:\/\/www.braintumour.ca\/fr\/temoignages\/courage-et-resilience-le-temoignage-de-celine\/\",\"name\":\"Courage et r\u00e9silience - Le t\u00e9moignage de C\u00e9line - Fondation canadienne des tumeurs c\u00e9r\u00e9brales\",\"isPartOf\":{\"@id\":\"https:\/\/www.braintumour.ca\/fr\/#website\"},\"primaryImageOfPage\":{\"@id\":\"https:\/\/www.braintumour.ca\/fr\/temoignages\/courage-et-resilience-le-temoignage-de-celine\/#primaryimage\"},\"image\":{\"@id\":\"https:\/\/www.braintumour.ca\/fr\/temoignages\/courage-et-resilience-le-temoignage-de-celine\/#primaryimage\"},\"thumbnailUrl\":\"https:\/\/www.braintumour.ca\/wp-content\/uploads\/2021\/02\/seance-improvise\u0301e-dans-le-jardin-de-lhopital-la-veille-daccoucher-scaled.jpg\",\"datePublished\":\"2021-02-03T15:58:23+00:00\",\"dateModified\":\"2021-02-17T14:55:37+00:00\",\"author\":{\"@id\":\"https:\/\/www.braintumour.ca\/fr\/#\/schema\/person\/10eabcb138f6aaa06827819a83da46bd\"},\"breadcrumb\":{\"@id\":\"https:\/\/www.braintumour.ca\/fr\/temoignages\/courage-et-resilience-le-temoignage-de-celine\/#breadcrumb\"},\"inLanguage\":\"fr-CA\",\"potentialAction\":[{\"@type\":\"ReadAction\",\"target\":[\"https:\/\/www.braintumour.ca\/fr\/temoignages\/courage-et-resilience-le-temoignage-de-celine\/\"]}]},{\"@type\":\"ImageObject\",\"inLanguage\":\"fr-CA\",\"@id\":\"https:\/\/www.braintumour.ca\/fr\/temoignages\/courage-et-resilience-le-temoignage-de-celine\/#primaryimage\",\"url\":\"https:\/\/www.braintumour.ca\/wp-content\/uploads\/2021\/02\/seance-improvise\u0301e-dans-le-jardin-de-lhopital-la-veille-daccoucher-scaled.jpg\",\"contentUrl\":\"https:\/\/www.braintumour.ca\/wp-content\/uploads\/2021\/02\/seance-improvise\u0301e-dans-le-jardin-de-lhopital-la-veille-daccoucher-scaled.jpg\",\"width\":1707,\"height\":2560},{\"@type\":\"BreadcrumbList\",\"@id\":\"https:\/\/www.braintumour.ca\/fr\/temoignages\/courage-et-resilience-le-temoignage-de-celine\/#breadcrumb\",\"itemListElement\":[{\"@type\":\"ListItem\",\"position\":1,\"name\":\"Home\",\"item\":\"https:\/\/www.braintumour.ca\/fr\/\"},{\"@type\":\"ListItem\",\"position\":2,\"name\":\"Courage et r\u00e9silience &#8211; Le t\u00e9moignage de C\u00e9line\"}]},{\"@type\":\"WebSite\",\"@id\":\"https:\/\/www.braintumour.ca\/fr\/#website\",\"url\":\"https:\/\/www.braintumour.ca\/fr\/\",\"name\":\"Fondation canadienne des tumeurs c\u00e9r\u00e9brales\",\"description\":\"Notre mission est de venir en aide \u00e0 toutes les personnes touch\u00e9es par une tumeur c\u00e9r\u00e9brale au Canada par le biais de nos programmes d\u2019information, de soutien, d\u2019\u00e9ducation et de recherche.\",\"potentialAction\":[{\"@type\":\"SearchAction\",\"target\":{\"@type\":\"EntryPoint\",\"urlTemplate\":\"https:\/\/www.braintumour.ca\/fr\/?s={search_term_string}\"},\"query-input\":{\"@type\":\"PropertyValueSpecification\",\"valueRequired\":true,\"valueName\":\"search_term_string\"}}],\"inLanguage\":\"fr-CA\"},{\"@type\":\"Person\",\"@id\":\"https:\/\/www.braintumour.ca\/fr\/#\/schema\/person\/10eabcb138f6aaa06827819a83da46bd\",\"name\":\"Romina Ferro\",\"image\":{\"@type\":\"ImageObject\",\"inLanguage\":\"fr-CA\",\"@id\":\"https:\/\/www.braintumour.ca\/fr\/#\/schema\/person\/image\/\",\"url\":\"https:\/\/secure.gravatar.com\/avatar\/6d65880e08e70ff0466fe68772e56b61c75b5615974a3a17ec562bad6e31f7b5?s=96&d=mm&r=g\",\"contentUrl\":\"https:\/\/secure.gravatar.com\/avatar\/6d65880e08e70ff0466fe68772e56b61c75b5615974a3a17ec562bad6e31f7b5?s=96&d=mm&r=g\",\"caption\":\"Romina Ferro\"}}]}<\/script>\n<!-- \/ Yoast SEO Premium plugin. -->","yoast_head_json":{"title":"Courage et r\u00e9silience - Le t\u00e9moignage de C\u00e9line - Fondation canadienne des tumeurs c\u00e9r\u00e9brales","robots":{"index":"index","follow":"follow","max-snippet":"max-snippet:-1","max-image-preview":"max-image-preview:large","max-video-preview":"max-video-preview:-1"},"canonical":"https:\/\/www.braintumour.ca\/fr\/temoignages\/courage-et-resilience-le-temoignage-de-celine\/","og_locale":"fr_CA","og_type":"article","og_title":"Courage et r\u00e9silience - Le t\u00e9moignage de C\u00e9line","og_description":"Je m'appelle C\u00e9line, j\u2019ai 29 ans et je suis infirmi\u00e8re dans la ville de Sherbrooke depuis bient\u00f4t 7 ans. D\u00e9but 2019, alors enceinte de notre premier b\u00e9b\u00e9, nous apprenons qu'une tumeur progresse dans ma moelle \u00e9pini\u00e8re entre C1 et C5.","og_url":"https:\/\/www.braintumour.ca\/fr\/temoignages\/courage-et-resilience-le-temoignage-de-celine\/","og_site_name":"Fondation canadienne des tumeurs c\u00e9r\u00e9brales","article_published_time":"2021-02-03T15:58:23+00:00","article_modified_time":"2021-02-17T14:55:37+00:00","og_image":[{"width":1707,"height":2560,"url":"https:\/\/www.braintumour.ca\/wp-content\/uploads\/2021\/02\/seance-improvise\u0301e-dans-le-jardin-de-lhopital-la-veille-daccoucher-scaled.jpg","type":"image\/jpeg"}],"author":"Romina Ferro","twitter_card":"summary_large_image","twitter_misc":{"\u00c9crit par":"Romina Ferro","Estimation du temps de lecture":"8 minutes"},"schema":{"@context":"https:\/\/schema.org","@graph":[{"@type":"Article","@id":"https:\/\/www.braintumour.ca\/fr\/temoignages\/courage-et-resilience-le-temoignage-de-celine\/#article","isPartOf":{"@id":"https:\/\/www.braintumour.ca\/fr\/temoignages\/courage-et-resilience-le-temoignage-de-celine\/"},"author":{"name":"Romina Ferro","@id":"https:\/\/www.braintumour.ca\/fr\/#\/schema\/person\/10eabcb138f6aaa06827819a83da46bd"},"headline":"Courage et r\u00e9silience &#8211; Le t\u00e9moignage de C\u00e9line","datePublished":"2021-02-03T15:58:23+00:00","dateModified":"2021-02-17T14:55:37+00:00","mainEntityOfPage":{"@id":"https:\/\/www.braintumour.ca\/fr\/temoignages\/courage-et-resilience-le-temoignage-de-celine\/"},"wordCount":1807,"image":{"@id":"https:\/\/www.braintumour.ca\/fr\/temoignages\/courage-et-resilience-le-temoignage-de-celine\/#primaryimage"},"thumbnailUrl":"https:\/\/www.braintumour.ca\/wp-content\/uploads\/2021\/02\/seance-improvise\u0301e-dans-le-jardin-de-lhopital-la-veille-daccoucher-scaled.jpg","keywords":["glioblastome","courage","r\u00e9silience"],"articleSection":["T\u00e9moignages","Adulte","Courage"],"inLanguage":"fr-CA"},{"@type":"WebPage","@id":"https:\/\/www.braintumour.ca\/fr\/temoignages\/courage-et-resilience-le-temoignage-de-celine\/","url":"https:\/\/www.braintumour.ca\/fr\/temoignages\/courage-et-resilience-le-temoignage-de-celine\/","name":"Courage et r\u00e9silience - Le t\u00e9moignage de C\u00e9line - Fondation canadienne des tumeurs c\u00e9r\u00e9brales","isPartOf":{"@id":"https:\/\/www.braintumour.ca\/fr\/#website"},"primaryImageOfPage":{"@id":"https:\/\/www.braintumour.ca\/fr\/temoignages\/courage-et-resilience-le-temoignage-de-celine\/#primaryimage"},"image":{"@id":"https:\/\/www.braintumour.ca\/fr\/temoignages\/courage-et-resilience-le-temoignage-de-celine\/#primaryimage"},"thumbnailUrl":"https:\/\/www.braintumour.ca\/wp-content\/uploads\/2021\/02\/seance-improvise\u0301e-dans-le-jardin-de-lhopital-la-veille-daccoucher-scaled.jpg","datePublished":"2021-02-03T15:58:23+00:00","dateModified":"2021-02-17T14:55:37+00:00","author":{"@id":"https:\/\/www.braintumour.ca\/fr\/#\/schema\/person\/10eabcb138f6aaa06827819a83da46bd"},"breadcrumb":{"@id":"https:\/\/www.braintumour.ca\/fr\/temoignages\/courage-et-resilience-le-temoignage-de-celine\/#breadcrumb"},"inLanguage":"fr-CA","potentialAction":[{"@type":"ReadAction","target":["https:\/\/www.braintumour.ca\/fr\/temoignages\/courage-et-resilience-le-temoignage-de-celine\/"]}]},{"@type":"ImageObject","inLanguage":"fr-CA","@id":"https:\/\/www.braintumour.ca\/fr\/temoignages\/courage-et-resilience-le-temoignage-de-celine\/#primaryimage","url":"https:\/\/www.braintumour.ca\/wp-content\/uploads\/2021\/02\/seance-improvise\u0301e-dans-le-jardin-de-lhopital-la-veille-daccoucher-scaled.jpg","contentUrl":"https:\/\/www.braintumour.ca\/wp-content\/uploads\/2021\/02\/seance-improvise\u0301e-dans-le-jardin-de-lhopital-la-veille-daccoucher-scaled.jpg","width":1707,"height":2560},{"@type":"BreadcrumbList","@id":"https:\/\/www.braintumour.ca\/fr\/temoignages\/courage-et-resilience-le-temoignage-de-celine\/#breadcrumb","itemListElement":[{"@type":"ListItem","position":1,"name":"Home","item":"https:\/\/www.braintumour.ca\/fr\/"},{"@type":"ListItem","position":2,"name":"Courage et r\u00e9silience &#8211; Le t\u00e9moignage de C\u00e9line"}]},{"@type":"WebSite","@id":"https:\/\/www.braintumour.ca\/fr\/#website","url":"https:\/\/www.braintumour.ca\/fr\/","name":"Fondation canadienne des tumeurs c\u00e9r\u00e9brales","description":"Notre mission est de venir en aide \u00e0 toutes les personnes touch\u00e9es par une tumeur c\u00e9r\u00e9brale au Canada par le biais de nos programmes d\u2019information, de soutien, d\u2019\u00e9ducation et de recherche.","potentialAction":[{"@type":"SearchAction","target":{"@type":"EntryPoint","urlTemplate":"https:\/\/www.braintumour.ca\/fr\/?s={search_term_string}"},"query-input":{"@type":"PropertyValueSpecification","valueRequired":true,"valueName":"search_term_string"}}],"inLanguage":"fr-CA"},{"@type":"Person","@id":"https:\/\/www.braintumour.ca\/fr\/#\/schema\/person\/10eabcb138f6aaa06827819a83da46bd","name":"Romina Ferro","image":{"@type":"ImageObject","inLanguage":"fr-CA","@id":"https:\/\/www.braintumour.ca\/fr\/#\/schema\/person\/image\/","url":"https:\/\/secure.gravatar.com\/avatar\/6d65880e08e70ff0466fe68772e56b61c75b5615974a3a17ec562bad6e31f7b5?s=96&d=mm&r=g","contentUrl":"https:\/\/secure.gravatar.com\/avatar\/6d65880e08e70ff0466fe68772e56b61c75b5615974a3a17ec562bad6e31f7b5?s=96&d=mm&r=g","caption":"Romina Ferro"}}]}},"_links":{"self":[{"href":"https:\/\/www.braintumour.ca\/fr\/wp-json\/wp\/v2\/posts\/6447","targetHints":{"allow":["GET"]}}],"collection":[{"href":"https:\/\/www.braintumour.ca\/fr\/wp-json\/wp\/v2\/posts"}],"about":[{"href":"https:\/\/www.braintumour.ca\/fr\/wp-json\/wp\/v2\/types\/post"}],"author":[{"embeddable":true,"href":"https:\/\/www.braintumour.ca\/fr\/wp-json\/wp\/v2\/users\/6"}],"replies":[{"embeddable":true,"href":"https:\/\/www.braintumour.ca\/fr\/wp-json\/wp\/v2\/comments?post=6447"}],"version-history":[{"count":0,"href":"https:\/\/www.braintumour.ca\/fr\/wp-json\/wp\/v2\/posts\/6447\/revisions"}],"wp:featuredmedia":[{"embeddable":true,"href":"https:\/\/www.braintumour.ca\/fr\/wp-json\/wp\/v2\/media\/6454"}],"wp:attachment":[{"href":"https:\/\/www.braintumour.ca\/fr\/wp-json\/wp\/v2\/media?parent=6447"}],"wp:term":[{"taxonomy":"category","embeddable":true,"href":"https:\/\/www.braintumour.ca\/fr\/wp-json\/wp\/v2\/categories?post=6447"},{"taxonomy":"post_tag","embeddable":true,"href":"https:\/\/www.braintumour.ca\/fr\/wp-json\/wp\/v2\/tags?post=6447"},{"taxonomy":"user_type","embeddable":true,"href":"https:\/\/www.braintumour.ca\/fr\/wp-json\/wp\/v2\/user_type?post=6447"},{"taxonomy":"locations","embeddable":true,"href":"https:\/\/www.braintumour.ca\/fr\/wp-json\/wp\/v2\/locations?post=6447"}],"curies":[{"name":"wp","href":"https:\/\/api.w.org\/{rel}","templated":true}]}}