{"id":7531,"date":"2021-06-24T10:15:28","date_gmt":"2021-06-24T14:15:28","guid":{"rendered":"https:\/\/www.braintumour.ca\/non-classifiee\/get-moving-get-registered-for-the-brain-tumour-walk\/"},"modified":"2021-06-29T01:16:17","modified_gmt":"2021-06-29T05:16:17","slug":"bougez-avec-nous-inscrivez-vous-a-la-marche-des-tumeurs-cerebrales","status":"publish","type":"post","link":"https:\/\/www.braintumour.ca\/fr\/blogue\/bougez-avec-nous-inscrivez-vous-a-la-marche-des-tumeurs-cerebrales\/","title":{"rendered":"Bougez avec nous! Inscrivez-vous \u00e0 la Marche des tumeurs c\u00e9r\u00e9brales"},"content":{"rendered":"<p>\u00c0 l&rsquo;approche de la <a href=\"http:\/\/www.marchetumeurscerebrales.ca\">Marche des tumeurs c\u00e9r\u00e9brales<\/a>, il semble opportun de souligner l&rsquo;importance de bouger pour la sant\u00e9 globale avant notre \u00e9v\u00e9nement du 27 juin.<\/p>\n<p>Saviez-vous qu&rsquo;environ un adulte sur quatre reste assis plus de huit heures par jour ? Bien que cela devienne de plus en plus courant dans notre monde virtuel, vivre une vie compl\u00e8tement s\u00e9dentaire peut avoir un impact n\u00e9gatif sur votre vie.<\/p>\n<p>Augmenter votre activit\u00e9 physique globale \u00e0 tout \u00e2ge peut contribuer \u00e0 r\u00e9duire les facteurs de risque pour les probl\u00e8mes de sant\u00e9.<\/p>\n<p>Voici quelques raisons de bouger.<\/p>\n<p><strong>1. Am\u00e9liorez votre m\u00e9moire et vos capacit\u00e9s de r\u00e9flexion :<\/strong><\/p>\n<p>Pendant que vous faites de l&rsquo;exercice, votre corps cr\u00e9e des hormones appel\u00e9es endorphines. Ces hormones favorisent la concentration et l&rsquo;acuit\u00e9 mentale. L&rsquo;activit\u00e9 physique est \u00e9galement connue pour stimuler la croissance de nouvelles cellules c\u00e9r\u00e9brales.<\/p>\n<p><strong>2. Am\u00e9liorez votre sommeil :<\/strong><\/p>\n<p>L&rsquo;une des meilleures fa\u00e7ons d&rsquo;obtenir une bonne nuit de sommeil est d&rsquo;\u00eatre actif tout au long de la journ\u00e9e. La pratique d&rsquo;une activit\u00e9 physique, quelle qu&rsquo;elle soit, pendant la journ\u00e9e peut r\u00e9initialiser votre cycle veille-sommeil, ce qui permet de s&rsquo;endormir plus tard et de passer une nuit r\u00e9paratrice.<\/p>\n<p><strong>3. Am\u00e9liorez votre humeur :<\/strong><\/p>\n<p>La marche est l&rsquo;un des meilleurs rem\u00e8des pour le corps et l&rsquo;esprit. En marchant, votre corps lib\u00e8re beaucoup d&rsquo;endorphines qui soulagent la douleur et renforcent le syst\u00e8me immunitaire.<\/p>\n<p>Globalement, augmenter son niveau d&rsquo;activit\u00e9 \u00e0 tout \u00e2ge peut avoir de nombreux avantages.<\/p>\n<p><strong>Pourquoi ne pas le faire pour une bonne cause ?<\/strong><\/p>\n<p><img loading=\"lazy\" decoding=\"async\" class=\"alignright wp-image-7516 size-fp-small\" src=\"https:\/\/www.braintumour.ca\/wp-content\/uploads\/2021\/06\/DIP_4265-640x427.jpg\" alt=\"\" width=\"640\" height=\"427\" srcset=\"https:\/\/www.braintumour.ca\/wp-content\/uploads\/2021\/06\/DIP_4265-640x427.jpg 640w, https:\/\/www.braintumour.ca\/wp-content\/uploads\/2021\/06\/DIP_4265-300x200.jpg 300w, https:\/\/www.braintumour.ca\/wp-content\/uploads\/2021\/06\/DIP_4265-1024x684.jpg 1024w, https:\/\/www.braintumour.ca\/wp-content\/uploads\/2021\/06\/DIP_4265-768x513.jpg 768w, https:\/\/www.braintumour.ca\/wp-content\/uploads\/2021\/06\/DIP_4265-1536x1025.jpg 1536w, https:\/\/www.braintumour.ca\/wp-content\/uploads\/2021\/06\/DIP_4265-2048x1367.jpg 2048w, https:\/\/www.braintumour.ca\/wp-content\/uploads\/2021\/06\/DIP_4265-1200x801.jpg 1200w, https:\/\/www.braintumour.ca\/wp-content\/uploads\/2021\/06\/DIP_4265-1920x1282.jpg 1920w, https:\/\/www.braintumour.ca\/wp-content\/uploads\/2021\/06\/DIP_4265-1440x961.jpg 1440w, https:\/\/www.braintumour.ca\/wp-content\/uploads\/2021\/06\/DIP_4265-1618x1080.jpg 1618w\" sizes=\"auto, (max-width: 639px) 98vw, (max-width: 1199px) 64vw, 640px\" \/>Le 27 juin 2021, la Fondation canadienne des tumeurs c\u00e9r\u00e9brales organise une Marche des tumeurs c\u00e9r\u00e9brales afin d&rsquo;aider \u00e0 recueillir des fonds et \u00e0 sensibiliser le public aux tumeurs c\u00e9r\u00e9brales. Ces \u00e9v\u00e9nements de la marche font partie d&rsquo;un mouvement pancanadien, et nous croyons que les personnes touch\u00e9es par les tumeurs c\u00e9r\u00e9brales ne devraient jamais marcher seules.<\/p>\n<p>L&rsquo;argent recueilli dans le cadre de la Marche des tumeurs c\u00e9r\u00e9brales aide \u00e0 financer la recherche essentielle sur les tumeurs c\u00e9r\u00e9brales, les services de soutien, l&rsquo;information et la d\u00e9fense des droits des droits des patients et des survivant afin de leur permettre de vivre plus longtemps, mieux et avec espoir.<\/p>\n<p>Nous marchons pour c\u00e9l\u00e9brer les survivants, pour honorer et se souvenir de nos \u00eatres chers, pour sensibiliser le public et pour trouver un jour un rem\u00e8de aux tumeurs c\u00e9r\u00e9brales.<\/p>\n<p>Inscrivez-vous \u00e0 <a href=\"http:\/\/www.marchetumeurscerebrales.ca\">www.marchetumeurscerebrales.ca<\/a> d\u00e8s aujourd&rsquo;hui!(#MarcheTumeursC\u00e9r\u00e9brales pour dire #AdieuTumeursC\u00e9r\u00e9brales)<\/p>\n","protected":false},"excerpt":{"rendered":"<p>\u00c0 l&rsquo;approche de la Marche des tumeurs c\u00e9r\u00e9brales, il semble opportun de souligner l&rsquo;importance de bouger pour la sant\u00e9 globale [&hellip;]<\/p>\n","protected":false},"author":4,"featured_media":7514,"comment_status":"closed","ping_status":"closed","sticky":false,"template":"","format":"standard","meta":{"_acf_changed":false,"footnotes":""},"categories":[138,146],"tags":[214,217,225,378],"user_type":[],"locations":[161],"class_list":["post-7531","post","type-post","status-publish","format-standard","has-post-thumbnail","hentry","category-blogue","category-marche-des-tumeurs-cerebrales","tag-brain-tumour-foundation-of-canada-fr","tag-fondation-canadienne-des-tumeurs-cerebrales","tag-brain-tumour-walk-fr","tag-marche-des-tumeurs-cerebrales","locations-canada-wide-fr"],"acf":[],"yoast_head":"<!-- This site is optimized with the Yoast SEO Premium plugin v27.0 (Yoast SEO v27.0) - https:\/\/yoast.com\/product\/yoast-seo-premium-wordpress\/ -->\n<title>Bougez avec nous! Inscrivez-vous \u00e0 la Marche des tumeurs c\u00e9r\u00e9brales - Fondation canadienne des tumeurs c\u00e9r\u00e9brales<\/title>\n<meta name=\"robots\" content=\"index, follow, max-snippet:-1, max-image-preview:large, max-video-preview:-1\" \/>\n<link rel=\"canonical\" href=\"https:\/\/www.braintumour.ca\/fr\/blogue\/bougez-avec-nous-inscrivez-vous-a-la-marche-des-tumeurs-cerebrales\/\" \/>\n<meta property=\"og:locale\" content=\"fr_CA\" \/>\n<meta property=\"og:type\" content=\"article\" \/>\n<meta property=\"og:title\" content=\"Bougez avec nous! Inscrivez-vous \u00e0 la Marche des tumeurs c\u00e9r\u00e9brales\" \/>\n<meta property=\"og:description\" content=\"\u00c0 l&rsquo;approche de la Marche des tumeurs c\u00e9r\u00e9brales, il semble opportun de souligner l&rsquo;importance de bouger pour la sant\u00e9 globale [&hellip;]\" \/>\n<meta property=\"og:url\" content=\"https:\/\/www.braintumour.ca\/fr\/blogue\/bougez-avec-nous-inscrivez-vous-a-la-marche-des-tumeurs-cerebrales\/\" \/>\n<meta property=\"og:site_name\" content=\"Fondation canadienne des tumeurs c\u00e9r\u00e9brales\" \/>\n<meta property=\"article:published_time\" content=\"2021-06-24T14:15:28+00:00\" \/>\n<meta property=\"article:modified_time\" content=\"2021-06-29T05:16:17+00:00\" \/>\n<meta property=\"og:image\" content=\"https:\/\/www.braintumour.ca\/wp-content\/uploads\/2021\/06\/DIP_4278-scaled.jpg\" \/>\n\t<meta property=\"og:image:width\" content=\"2560\" \/>\n\t<meta property=\"og:image:height\" content=\"1709\" \/>\n\t<meta property=\"og:image:type\" content=\"image\/jpeg\" \/>\n<meta name=\"author\" content=\"Matt Berry\" \/>\n<meta name=\"twitter:card\" content=\"summary_large_image\" \/>\n<meta name=\"twitter:label1\" content=\"\u00c9crit par\" \/>\n\t<meta name=\"twitter:data1\" content=\"Matt Berry\" \/>\n\t<meta name=\"twitter:label2\" content=\"Estimation du temps de lecture\" \/>\n\t<meta name=\"twitter:data2\" content=\"2 minutes\" \/>\n<script type=\"application\/ld+json\" class=\"yoast-schema-graph\">{\"@context\":\"https:\/\/schema.org\",\"@graph\":[{\"@type\":\"Article\",\"@id\":\"https:\/\/www.braintumour.ca\/fr\/blogue\/bougez-avec-nous-inscrivez-vous-a-la-marche-des-tumeurs-cerebrales\/#article\",\"isPartOf\":{\"@id\":\"https:\/\/www.braintumour.ca\/fr\/blogue\/bougez-avec-nous-inscrivez-vous-a-la-marche-des-tumeurs-cerebrales\/\"},\"author\":{\"name\":\"Matt Berry\",\"@id\":\"https:\/\/www.braintumour.ca\/fr\/#\/schema\/person\/7534b1b1d4da5d8e37af436b293eca3d\"},\"headline\":\"Bougez avec nous! Inscrivez-vous \u00e0 la Marche des tumeurs c\u00e9r\u00e9brales\",\"datePublished\":\"2021-06-24T14:15:28+00:00\",\"dateModified\":\"2021-06-29T05:16:17+00:00\",\"mainEntityOfPage\":{\"@id\":\"https:\/\/www.braintumour.ca\/fr\/blogue\/bougez-avec-nous-inscrivez-vous-a-la-marche-des-tumeurs-cerebrales\/\"},\"wordCount\":456,\"image\":{\"@id\":\"https:\/\/www.braintumour.ca\/fr\/blogue\/bougez-avec-nous-inscrivez-vous-a-la-marche-des-tumeurs-cerebrales\/#primaryimage\"},\"thumbnailUrl\":\"https:\/\/www.braintumour.ca\/wp-content\/uploads\/2021\/06\/DIP_4278-scaled.jpg\",\"keywords\":[\"brain tumour foundation of canada\",\"Fondation canadienne des tumeurs c\u00e9r\u00e9brales\",\"brain tumour walk\",\"Marche des tumeurs c\u00e9r\u00e9brales\"],\"articleSection\":[\"Nouvelles\",\"Marche des tumeurs c\u00e9r\u00e9brales\"],\"inLanguage\":\"fr-CA\"},{\"@type\":\"WebPage\",\"@id\":\"https:\/\/www.braintumour.ca\/fr\/blogue\/bougez-avec-nous-inscrivez-vous-a-la-marche-des-tumeurs-cerebrales\/\",\"url\":\"https:\/\/www.braintumour.ca\/fr\/blogue\/bougez-avec-nous-inscrivez-vous-a-la-marche-des-tumeurs-cerebrales\/\",\"name\":\"Bougez avec nous! Inscrivez-vous \u00e0 la Marche des tumeurs c\u00e9r\u00e9brales - Fondation canadienne des tumeurs c\u00e9r\u00e9brales\",\"isPartOf\":{\"@id\":\"https:\/\/www.braintumour.ca\/fr\/#website\"},\"primaryImageOfPage\":{\"@id\":\"https:\/\/www.braintumour.ca\/fr\/blogue\/bougez-avec-nous-inscrivez-vous-a-la-marche-des-tumeurs-cerebrales\/#primaryimage\"},\"image\":{\"@id\":\"https:\/\/www.braintumour.ca\/fr\/blogue\/bougez-avec-nous-inscrivez-vous-a-la-marche-des-tumeurs-cerebrales\/#primaryimage\"},\"thumbnailUrl\":\"https:\/\/www.braintumour.ca\/wp-content\/uploads\/2021\/06\/DIP_4278-scaled.jpg\",\"datePublished\":\"2021-06-24T14:15:28+00:00\",\"dateModified\":\"2021-06-29T05:16:17+00:00\",\"author\":{\"@id\":\"https:\/\/www.braintumour.ca\/fr\/#\/schema\/person\/7534b1b1d4da5d8e37af436b293eca3d\"},\"breadcrumb\":{\"@id\":\"https:\/\/www.braintumour.ca\/fr\/blogue\/bougez-avec-nous-inscrivez-vous-a-la-marche-des-tumeurs-cerebrales\/#breadcrumb\"},\"inLanguage\":\"fr-CA\",\"potentialAction\":[{\"@type\":\"ReadAction\",\"target\":[\"https:\/\/www.braintumour.ca\/fr\/blogue\/bougez-avec-nous-inscrivez-vous-a-la-marche-des-tumeurs-cerebrales\/\"]}]},{\"@type\":\"ImageObject\",\"inLanguage\":\"fr-CA\",\"@id\":\"https:\/\/www.braintumour.ca\/fr\/blogue\/bougez-avec-nous-inscrivez-vous-a-la-marche-des-tumeurs-cerebrales\/#primaryimage\",\"url\":\"https:\/\/www.braintumour.ca\/wp-content\/uploads\/2021\/06\/DIP_4278-scaled.jpg\",\"contentUrl\":\"https:\/\/www.braintumour.ca\/wp-content\/uploads\/2021\/06\/DIP_4278-scaled.jpg\",\"width\":2560,\"height\":1709},{\"@type\":\"BreadcrumbList\",\"@id\":\"https:\/\/www.braintumour.ca\/fr\/blogue\/bougez-avec-nous-inscrivez-vous-a-la-marche-des-tumeurs-cerebrales\/#breadcrumb\",\"itemListElement\":[{\"@type\":\"ListItem\",\"position\":1,\"name\":\"Home\",\"item\":\"https:\/\/www.braintumour.ca\/fr\/\"},{\"@type\":\"ListItem\",\"position\":2,\"name\":\"Bougez avec nous! Inscrivez-vous \u00e0 la Marche des tumeurs c\u00e9r\u00e9brales\"}]},{\"@type\":\"WebSite\",\"@id\":\"https:\/\/www.braintumour.ca\/fr\/#website\",\"url\":\"https:\/\/www.braintumour.ca\/fr\/\",\"name\":\"Fondation canadienne des tumeurs c\u00e9r\u00e9brales\",\"description\":\"Notre mission est de venir en aide \u00e0 toutes les personnes touch\u00e9es par une tumeur c\u00e9r\u00e9brale au Canada par le biais de nos programmes d\u2019information, de soutien, d\u2019\u00e9ducation et de recherche.\",\"potentialAction\":[{\"@type\":\"SearchAction\",\"target\":{\"@type\":\"EntryPoint\",\"urlTemplate\":\"https:\/\/www.braintumour.ca\/fr\/?s={search_term_string}\"},\"query-input\":{\"@type\":\"PropertyValueSpecification\",\"valueRequired\":true,\"valueName\":\"search_term_string\"}}],\"inLanguage\":\"fr-CA\"},{\"@type\":\"Person\",\"@id\":\"https:\/\/www.braintumour.ca\/fr\/#\/schema\/person\/7534b1b1d4da5d8e37af436b293eca3d\",\"name\":\"Matt Berry\",\"image\":{\"@type\":\"ImageObject\",\"inLanguage\":\"fr-CA\",\"@id\":\"https:\/\/www.braintumour.ca\/fr\/#\/schema\/person\/image\/\",\"url\":\"https:\/\/secure.gravatar.com\/avatar\/882da3b67056b0c608086d3c77de46948b64244a4c249e81e0bf04a8095ce320?s=96&d=mm&r=g\",\"contentUrl\":\"https:\/\/secure.gravatar.com\/avatar\/882da3b67056b0c608086d3c77de46948b64244a4c249e81e0bf04a8095ce320?s=96&d=mm&r=g\",\"caption\":\"Matt Berry\"}}]}<\/script>\n<!-- \/ Yoast SEO Premium plugin. -->","yoast_head_json":{"title":"Bougez avec nous! Inscrivez-vous \u00e0 la Marche des tumeurs c\u00e9r\u00e9brales - Fondation canadienne des tumeurs c\u00e9r\u00e9brales","robots":{"index":"index","follow":"follow","max-snippet":"max-snippet:-1","max-image-preview":"max-image-preview:large","max-video-preview":"max-video-preview:-1"},"canonical":"https:\/\/www.braintumour.ca\/fr\/blogue\/bougez-avec-nous-inscrivez-vous-a-la-marche-des-tumeurs-cerebrales\/","og_locale":"fr_CA","og_type":"article","og_title":"Bougez avec nous! Inscrivez-vous \u00e0 la Marche des tumeurs c\u00e9r\u00e9brales","og_description":"\u00c0 l&rsquo;approche de la Marche des tumeurs c\u00e9r\u00e9brales, il semble opportun de souligner l&rsquo;importance de bouger pour la sant\u00e9 globale [&hellip;]","og_url":"https:\/\/www.braintumour.ca\/fr\/blogue\/bougez-avec-nous-inscrivez-vous-a-la-marche-des-tumeurs-cerebrales\/","og_site_name":"Fondation canadienne des tumeurs c\u00e9r\u00e9brales","article_published_time":"2021-06-24T14:15:28+00:00","article_modified_time":"2021-06-29T05:16:17+00:00","og_image":[{"width":2560,"height":1709,"url":"https:\/\/www.braintumour.ca\/wp-content\/uploads\/2021\/06\/DIP_4278-scaled.jpg","type":"image\/jpeg"}],"author":"Matt Berry","twitter_card":"summary_large_image","twitter_misc":{"\u00c9crit par":"Matt Berry","Estimation du temps de lecture":"2 minutes"},"schema":{"@context":"https:\/\/schema.org","@graph":[{"@type":"Article","@id":"https:\/\/www.braintumour.ca\/fr\/blogue\/bougez-avec-nous-inscrivez-vous-a-la-marche-des-tumeurs-cerebrales\/#article","isPartOf":{"@id":"https:\/\/www.braintumour.ca\/fr\/blogue\/bougez-avec-nous-inscrivez-vous-a-la-marche-des-tumeurs-cerebrales\/"},"author":{"name":"Matt Berry","@id":"https:\/\/www.braintumour.ca\/fr\/#\/schema\/person\/7534b1b1d4da5d8e37af436b293eca3d"},"headline":"Bougez avec nous! Inscrivez-vous \u00e0 la Marche des tumeurs c\u00e9r\u00e9brales","datePublished":"2021-06-24T14:15:28+00:00","dateModified":"2021-06-29T05:16:17+00:00","mainEntityOfPage":{"@id":"https:\/\/www.braintumour.ca\/fr\/blogue\/bougez-avec-nous-inscrivez-vous-a-la-marche-des-tumeurs-cerebrales\/"},"wordCount":456,"image":{"@id":"https:\/\/www.braintumour.ca\/fr\/blogue\/bougez-avec-nous-inscrivez-vous-a-la-marche-des-tumeurs-cerebrales\/#primaryimage"},"thumbnailUrl":"https:\/\/www.braintumour.ca\/wp-content\/uploads\/2021\/06\/DIP_4278-scaled.jpg","keywords":["brain tumour foundation of canada","Fondation canadienne des tumeurs c\u00e9r\u00e9brales","brain tumour walk","Marche des tumeurs c\u00e9r\u00e9brales"],"articleSection":["Nouvelles","Marche des tumeurs c\u00e9r\u00e9brales"],"inLanguage":"fr-CA"},{"@type":"WebPage","@id":"https:\/\/www.braintumour.ca\/fr\/blogue\/bougez-avec-nous-inscrivez-vous-a-la-marche-des-tumeurs-cerebrales\/","url":"https:\/\/www.braintumour.ca\/fr\/blogue\/bougez-avec-nous-inscrivez-vous-a-la-marche-des-tumeurs-cerebrales\/","name":"Bougez avec nous! Inscrivez-vous \u00e0 la Marche des tumeurs c\u00e9r\u00e9brales - Fondation canadienne des tumeurs c\u00e9r\u00e9brales","isPartOf":{"@id":"https:\/\/www.braintumour.ca\/fr\/#website"},"primaryImageOfPage":{"@id":"https:\/\/www.braintumour.ca\/fr\/blogue\/bougez-avec-nous-inscrivez-vous-a-la-marche-des-tumeurs-cerebrales\/#primaryimage"},"image":{"@id":"https:\/\/www.braintumour.ca\/fr\/blogue\/bougez-avec-nous-inscrivez-vous-a-la-marche-des-tumeurs-cerebrales\/#primaryimage"},"thumbnailUrl":"https:\/\/www.braintumour.ca\/wp-content\/uploads\/2021\/06\/DIP_4278-scaled.jpg","datePublished":"2021-06-24T14:15:28+00:00","dateModified":"2021-06-29T05:16:17+00:00","author":{"@id":"https:\/\/www.braintumour.ca\/fr\/#\/schema\/person\/7534b1b1d4da5d8e37af436b293eca3d"},"breadcrumb":{"@id":"https:\/\/www.braintumour.ca\/fr\/blogue\/bougez-avec-nous-inscrivez-vous-a-la-marche-des-tumeurs-cerebrales\/#breadcrumb"},"inLanguage":"fr-CA","potentialAction":[{"@type":"ReadAction","target":["https:\/\/www.braintumour.ca\/fr\/blogue\/bougez-avec-nous-inscrivez-vous-a-la-marche-des-tumeurs-cerebrales\/"]}]},{"@type":"ImageObject","inLanguage":"fr-CA","@id":"https:\/\/www.braintumour.ca\/fr\/blogue\/bougez-avec-nous-inscrivez-vous-a-la-marche-des-tumeurs-cerebrales\/#primaryimage","url":"https:\/\/www.braintumour.ca\/wp-content\/uploads\/2021\/06\/DIP_4278-scaled.jpg","contentUrl":"https:\/\/www.braintumour.ca\/wp-content\/uploads\/2021\/06\/DIP_4278-scaled.jpg","width":2560,"height":1709},{"@type":"BreadcrumbList","@id":"https:\/\/www.braintumour.ca\/fr\/blogue\/bougez-avec-nous-inscrivez-vous-a-la-marche-des-tumeurs-cerebrales\/#breadcrumb","itemListElement":[{"@type":"ListItem","position":1,"name":"Home","item":"https:\/\/www.braintumour.ca\/fr\/"},{"@type":"ListItem","position":2,"name":"Bougez avec nous! Inscrivez-vous \u00e0 la Marche des tumeurs c\u00e9r\u00e9brales"}]},{"@type":"WebSite","@id":"https:\/\/www.braintumour.ca\/fr\/#website","url":"https:\/\/www.braintumour.ca\/fr\/","name":"Fondation canadienne des tumeurs c\u00e9r\u00e9brales","description":"Notre mission est de venir en aide \u00e0 toutes les personnes touch\u00e9es par une tumeur c\u00e9r\u00e9brale au Canada par le biais de nos programmes d\u2019information, de soutien, d\u2019\u00e9ducation et de recherche.","potentialAction":[{"@type":"SearchAction","target":{"@type":"EntryPoint","urlTemplate":"https:\/\/www.braintumour.ca\/fr\/?s={search_term_string}"},"query-input":{"@type":"PropertyValueSpecification","valueRequired":true,"valueName":"search_term_string"}}],"inLanguage":"fr-CA"},{"@type":"Person","@id":"https:\/\/www.braintumour.ca\/fr\/#\/schema\/person\/7534b1b1d4da5d8e37af436b293eca3d","name":"Matt Berry","image":{"@type":"ImageObject","inLanguage":"fr-CA","@id":"https:\/\/www.braintumour.ca\/fr\/#\/schema\/person\/image\/","url":"https:\/\/secure.gravatar.com\/avatar\/882da3b67056b0c608086d3c77de46948b64244a4c249e81e0bf04a8095ce320?s=96&d=mm&r=g","contentUrl":"https:\/\/secure.gravatar.com\/avatar\/882da3b67056b0c608086d3c77de46948b64244a4c249e81e0bf04a8095ce320?s=96&d=mm&r=g","caption":"Matt Berry"}}]}},"_links":{"self":[{"href":"https:\/\/www.braintumour.ca\/fr\/wp-json\/wp\/v2\/posts\/7531","targetHints":{"allow":["GET"]}}],"collection":[{"href":"https:\/\/www.braintumour.ca\/fr\/wp-json\/wp\/v2\/posts"}],"about":[{"href":"https:\/\/www.braintumour.ca\/fr\/wp-json\/wp\/v2\/types\/post"}],"author":[{"embeddable":true,"href":"https:\/\/www.braintumour.ca\/fr\/wp-json\/wp\/v2\/users\/4"}],"replies":[{"embeddable":true,"href":"https:\/\/www.braintumour.ca\/fr\/wp-json\/wp\/v2\/comments?post=7531"}],"version-history":[{"count":0,"href":"https:\/\/www.braintumour.ca\/fr\/wp-json\/wp\/v2\/posts\/7531\/revisions"}],"wp:featuredmedia":[{"embeddable":true,"href":"https:\/\/www.braintumour.ca\/fr\/wp-json\/wp\/v2\/media\/7514"}],"wp:attachment":[{"href":"https:\/\/www.braintumour.ca\/fr\/wp-json\/wp\/v2\/media?parent=7531"}],"wp:term":[{"taxonomy":"category","embeddable":true,"href":"https:\/\/www.braintumour.ca\/fr\/wp-json\/wp\/v2\/categories?post=7531"},{"taxonomy":"post_tag","embeddable":true,"href":"https:\/\/www.braintumour.ca\/fr\/wp-json\/wp\/v2\/tags?post=7531"},{"taxonomy":"user_type","embeddable":true,"href":"https:\/\/www.braintumour.ca\/fr\/wp-json\/wp\/v2\/user_type?post=7531"},{"taxonomy":"locations","embeddable":true,"href":"https:\/\/www.braintumour.ca\/fr\/wp-json\/wp\/v2\/locations?post=7531"}],"curies":[{"name":"wp","href":"https:\/\/api.w.org\/{rel}","templated":true}]}}