{"id":8063,"date":"2021-09-30T07:39:41","date_gmt":"2021-09-30T11:39:41","guid":{"rendered":"https:\/\/www.braintumour.ca\/?p=8063"},"modified":"2021-09-30T07:50:16","modified_gmt":"2021-09-30T11:50:16","slug":"annonce-de-notre-conseil-dadministration","status":"publish","type":"post","link":"https:\/\/www.braintumour.ca\/fr\/blogue\/annonce-de-notre-conseil-dadministration\/","title":{"rendered":"Annonce de notre conseil d&rsquo;administration"},"content":{"rendered":"<p><img loading=\"lazy\" decoding=\"async\" class=\"wp-image-8061 alignright\" src=\"https:\/\/www.braintumour.ca\/wp-content\/uploads\/2021\/09\/download-640x480.png\" alt=\"Susan Marshall\" width=\"414\" height=\"310\" srcset=\"https:\/\/www.braintumour.ca\/wp-content\/uploads\/2021\/09\/download-640x480.png 640w, https:\/\/www.braintumour.ca\/wp-content\/uploads\/2021\/09\/download-300x225.png 300w, https:\/\/www.braintumour.ca\/wp-content\/uploads\/2021\/09\/download-1024x768.png 1024w, https:\/\/www.braintumour.ca\/wp-content\/uploads\/2021\/09\/download-768x576.png 768w, https:\/\/www.braintumour.ca\/wp-content\/uploads\/2021\/09\/download-1200x900.png 1200w, https:\/\/www.braintumour.ca\/wp-content\/uploads\/2021\/09\/download.png 1280w\" sizes=\"auto, (max-width: 639px) 98vw, (max-width: 1199px) 64vw, 414px\" \/>Le conseil d&rsquo;administration souhaite annoncer que Susan Marshall, directrice g\u00e9n\u00e9rale de la Fondation canadienne des tumeurs c\u00e9r\u00e9brales, a annonc\u00e9 son intention de prendre sa retraite \u00e0 compter du 30 novembre 2021, apr\u00e8s plus de 17 ans \u00e0 la t\u00eate de l&rsquo;organisation. Susan avait d\u00e9but\u00e9 en 2002, puis avait pris sa retraite en 2013, avant de revenir en 2015. La contribution de Susan \u00e0 la communaut\u00e9 des tumeurs c\u00e9r\u00e9brales a \u00e9t\u00e9 marquante et inspirante. Gr\u00e2ce \u00e0 son leadership, la Fondation s&rsquo;est d\u00e9velopp\u00e9e et a apport\u00e9 de l&rsquo;espoir aux familles touch\u00e9es par la maladie au Canada, en Am\u00e9rique du Nord et dans le monde.<br \/>\nLe conseil d&rsquo;administration tient \u00e0 remercier Susan pour son incroyable leadership et sa passion pour la communaut\u00e9 que nous desservons. Nous lui souhaitons le meilleur dans ses projets futurs.<\/p>\n<p>Ce changement signifie que la Fondation canadienne des tumeurs c\u00e9r\u00e9brales est maintenant \u00e0 la recherche d&rsquo;un(e) nouveau(elle) directeur(trice) pour diriger la Fondation, alors que nous entamerons en 2022 notre 40e anniversaire.<\/p>\n<p>Le conseil d&rsquo;administration est initie actuellement la recherche d&rsquo;un(e) nouveau(elle) directeur(trice) et vous tiendra au courant de ses progr\u00e8s.<\/p>\n<p>Cordialement,<\/p>\n<p>Phyllis Retty<br \/>\nPr\u00e9sidente du conseil d&rsquo;administration<br \/>\nFondation canadienne des tumeurs c\u00e9r\u00e9brales<\/p>\n","protected":false},"excerpt":{"rendered":"<p>Le conseil d&rsquo;administration souhaite annoncer que Susan Marshall, directrice g\u00e9n\u00e9rale de la Fondation canadienne des tumeurs c\u00e9r\u00e9brales, a annonc\u00e9 son [&hellip;]<\/p>\n","protected":false},"author":4,"featured_media":8072,"comment_status":"closed","ping_status":"closed","sticky":false,"template":"","format":"standard","meta":{"_acf_changed":false,"footnotes":""},"categories":[138,139],"tags":[214],"user_type":[],"locations":[161],"class_list":["post-8063","post","type-post","status-publish","format-standard","has-post-thumbnail","hentry","category-blogue","category-general","tag-brain-tumour-foundation-of-canada-fr","locations-canada-wide-fr"],"acf":[],"yoast_head":"<!-- This site is optimized with the Yoast SEO Premium plugin v27.0 (Yoast SEO v27.0) - https:\/\/yoast.com\/product\/yoast-seo-premium-wordpress\/ -->\n<title>Annonce de notre conseil d&#039;administration - Fondation canadienne des tumeurs c\u00e9r\u00e9brales<\/title>\n<meta name=\"description\" content=\"The Board of Directors would like to announce that Susan Marshall, CEO of the Brain Tumour Foundation of Canada, has announced her intention to retire after a total of 17 years in her role.\" \/>\n<meta name=\"robots\" content=\"index, follow, max-snippet:-1, max-image-preview:large, max-video-preview:-1\" \/>\n<link rel=\"canonical\" href=\"https:\/\/www.braintumour.ca\/fr\/blogue\/annonce-de-notre-conseil-dadministration\/\" \/>\n<meta property=\"og:locale\" content=\"fr_CA\" \/>\n<meta property=\"og:type\" content=\"article\" \/>\n<meta property=\"og:title\" content=\"Annonce de notre conseil d&#039;administration\" \/>\n<meta property=\"og:description\" content=\"The Board of Directors would like to announce that Susan Marshall, CEO of the Brain Tumour Foundation of Canada, has announced her intention to retire after a total of 17 years in her role.\" \/>\n<meta property=\"og:url\" content=\"https:\/\/www.braintumour.ca\/fr\/blogue\/annonce-de-notre-conseil-dadministration\/\" \/>\n<meta property=\"og:site_name\" content=\"Fondation canadienne des tumeurs c\u00e9r\u00e9brales\" \/>\n<meta property=\"article:published_time\" content=\"2021-09-30T11:39:41+00:00\" \/>\n<meta property=\"article:modified_time\" content=\"2021-09-30T11:50:16+00:00\" \/>\n<meta property=\"og:image\" content=\"https:\/\/www.braintumour.ca\/wp-content\/uploads\/2021\/09\/BTFC-Hi-Res-CMYK-Blue-Orange-Logo-Square-PRIMARY-FR.jpg\" \/>\n\t<meta property=\"og:image:width\" content=\"2550\" \/>\n\t<meta property=\"og:image:height\" content=\"2550\" \/>\n\t<meta property=\"og:image:type\" content=\"image\/jpeg\" \/>\n<meta name=\"author\" content=\"Matt Berry\" \/>\n<meta name=\"twitter:card\" content=\"summary_large_image\" \/>\n<meta name=\"twitter:label1\" content=\"\u00c9crit par\" \/>\n\t<meta name=\"twitter:data1\" content=\"Matt Berry\" \/>\n\t<meta name=\"twitter:label2\" content=\"Estimation du temps de lecture\" \/>\n\t<meta name=\"twitter:data2\" content=\"2 minutes\" \/>\n<script type=\"application\/ld+json\" class=\"yoast-schema-graph\">{\"@context\":\"https:\/\/schema.org\",\"@graph\":[{\"@type\":\"Article\",\"@id\":\"https:\/\/www.braintumour.ca\/fr\/blogue\/annonce-de-notre-conseil-dadministration\/#article\",\"isPartOf\":{\"@id\":\"https:\/\/www.braintumour.ca\/fr\/blogue\/annonce-de-notre-conseil-dadministration\/\"},\"author\":{\"name\":\"Matt Berry\",\"@id\":\"https:\/\/www.braintumour.ca\/fr\/#\/schema\/person\/7534b1b1d4da5d8e37af436b293eca3d\"},\"headline\":\"Annonce de notre conseil d&rsquo;administration\",\"datePublished\":\"2021-09-30T11:39:41+00:00\",\"dateModified\":\"2021-09-30T11:50:16+00:00\",\"mainEntityOfPage\":{\"@id\":\"https:\/\/www.braintumour.ca\/fr\/blogue\/annonce-de-notre-conseil-dadministration\/\"},\"wordCount\":221,\"image\":{\"@id\":\"https:\/\/www.braintumour.ca\/fr\/blogue\/annonce-de-notre-conseil-dadministration\/#primaryimage\"},\"thumbnailUrl\":\"https:\/\/www.braintumour.ca\/wp-content\/uploads\/2021\/09\/BTFC-Hi-Res-CMYK-Blue-Orange-Logo-Square-PRIMARY-FR.jpg\",\"keywords\":[\"brain tumour foundation of canada\"],\"articleSection\":[\"Nouvelles\",\"G\u00e9n\u00e9ral\"],\"inLanguage\":\"fr-CA\"},{\"@type\":\"WebPage\",\"@id\":\"https:\/\/www.braintumour.ca\/fr\/blogue\/annonce-de-notre-conseil-dadministration\/\",\"url\":\"https:\/\/www.braintumour.ca\/fr\/blogue\/annonce-de-notre-conseil-dadministration\/\",\"name\":\"Annonce de notre conseil d'administration - Fondation canadienne des tumeurs c\u00e9r\u00e9brales\",\"isPartOf\":{\"@id\":\"https:\/\/www.braintumour.ca\/fr\/#website\"},\"primaryImageOfPage\":{\"@id\":\"https:\/\/www.braintumour.ca\/fr\/blogue\/annonce-de-notre-conseil-dadministration\/#primaryimage\"},\"image\":{\"@id\":\"https:\/\/www.braintumour.ca\/fr\/blogue\/annonce-de-notre-conseil-dadministration\/#primaryimage\"},\"thumbnailUrl\":\"https:\/\/www.braintumour.ca\/wp-content\/uploads\/2021\/09\/BTFC-Hi-Res-CMYK-Blue-Orange-Logo-Square-PRIMARY-FR.jpg\",\"datePublished\":\"2021-09-30T11:39:41+00:00\",\"dateModified\":\"2021-09-30T11:50:16+00:00\",\"author\":{\"@id\":\"https:\/\/www.braintumour.ca\/fr\/#\/schema\/person\/7534b1b1d4da5d8e37af436b293eca3d\"},\"description\":\"The Board of Directors would like to announce that Susan Marshall, CEO of the Brain Tumour Foundation of Canada, has announced her intention to retire after a total of 17 years in her role.\",\"breadcrumb\":{\"@id\":\"https:\/\/www.braintumour.ca\/fr\/blogue\/annonce-de-notre-conseil-dadministration\/#breadcrumb\"},\"inLanguage\":\"fr-CA\",\"potentialAction\":[{\"@type\":\"ReadAction\",\"target\":[\"https:\/\/www.braintumour.ca\/fr\/blogue\/annonce-de-notre-conseil-dadministration\/\"]}]},{\"@type\":\"ImageObject\",\"inLanguage\":\"fr-CA\",\"@id\":\"https:\/\/www.braintumour.ca\/fr\/blogue\/annonce-de-notre-conseil-dadministration\/#primaryimage\",\"url\":\"https:\/\/www.braintumour.ca\/wp-content\/uploads\/2021\/09\/BTFC-Hi-Res-CMYK-Blue-Orange-Logo-Square-PRIMARY-FR.jpg\",\"contentUrl\":\"https:\/\/www.braintumour.ca\/wp-content\/uploads\/2021\/09\/BTFC-Hi-Res-CMYK-Blue-Orange-Logo-Square-PRIMARY-FR.jpg\",\"width\":2550,\"height\":2550},{\"@type\":\"BreadcrumbList\",\"@id\":\"https:\/\/www.braintumour.ca\/fr\/blogue\/annonce-de-notre-conseil-dadministration\/#breadcrumb\",\"itemListElement\":[{\"@type\":\"ListItem\",\"position\":1,\"name\":\"Home\",\"item\":\"https:\/\/www.braintumour.ca\/fr\/\"},{\"@type\":\"ListItem\",\"position\":2,\"name\":\"Annonce de notre conseil d&rsquo;administration\"}]},{\"@type\":\"WebSite\",\"@id\":\"https:\/\/www.braintumour.ca\/fr\/#website\",\"url\":\"https:\/\/www.braintumour.ca\/fr\/\",\"name\":\"Fondation canadienne des tumeurs c\u00e9r\u00e9brales\",\"description\":\"Notre mission est de venir en aide \u00e0 toutes les personnes touch\u00e9es par une tumeur c\u00e9r\u00e9brale au Canada par le biais de nos programmes d\u2019information, de soutien, d\u2019\u00e9ducation et de recherche.\",\"potentialAction\":[{\"@type\":\"SearchAction\",\"target\":{\"@type\":\"EntryPoint\",\"urlTemplate\":\"https:\/\/www.braintumour.ca\/fr\/?s={search_term_string}\"},\"query-input\":{\"@type\":\"PropertyValueSpecification\",\"valueRequired\":true,\"valueName\":\"search_term_string\"}}],\"inLanguage\":\"fr-CA\"},{\"@type\":\"Person\",\"@id\":\"https:\/\/www.braintumour.ca\/fr\/#\/schema\/person\/7534b1b1d4da5d8e37af436b293eca3d\",\"name\":\"Matt Berry\",\"image\":{\"@type\":\"ImageObject\",\"inLanguage\":\"fr-CA\",\"@id\":\"https:\/\/www.braintumour.ca\/fr\/#\/schema\/person\/image\/\",\"url\":\"https:\/\/secure.gravatar.com\/avatar\/882da3b67056b0c608086d3c77de46948b64244a4c249e81e0bf04a8095ce320?s=96&d=mm&r=g\",\"contentUrl\":\"https:\/\/secure.gravatar.com\/avatar\/882da3b67056b0c608086d3c77de46948b64244a4c249e81e0bf04a8095ce320?s=96&d=mm&r=g\",\"caption\":\"Matt Berry\"}}]}<\/script>\n<!-- \/ Yoast SEO Premium plugin. -->","yoast_head_json":{"title":"Annonce de notre conseil d'administration - Fondation canadienne des tumeurs c\u00e9r\u00e9brales","description":"The Board of Directors would like to announce that Susan Marshall, CEO of the Brain Tumour Foundation of Canada, has announced her intention to retire after a total of 17 years in her role.","robots":{"index":"index","follow":"follow","max-snippet":"max-snippet:-1","max-image-preview":"max-image-preview:large","max-video-preview":"max-video-preview:-1"},"canonical":"https:\/\/www.braintumour.ca\/fr\/blogue\/annonce-de-notre-conseil-dadministration\/","og_locale":"fr_CA","og_type":"article","og_title":"Annonce de notre conseil d'administration","og_description":"The Board of Directors would like to announce that Susan Marshall, CEO of the Brain Tumour Foundation of Canada, has announced her intention to retire after a total of 17 years in her role.","og_url":"https:\/\/www.braintumour.ca\/fr\/blogue\/annonce-de-notre-conseil-dadministration\/","og_site_name":"Fondation canadienne des tumeurs c\u00e9r\u00e9brales","article_published_time":"2021-09-30T11:39:41+00:00","article_modified_time":"2021-09-30T11:50:16+00:00","og_image":[{"width":2550,"height":2550,"url":"https:\/\/www.braintumour.ca\/wp-content\/uploads\/2021\/09\/BTFC-Hi-Res-CMYK-Blue-Orange-Logo-Square-PRIMARY-FR.jpg","type":"image\/jpeg"}],"author":"Matt Berry","twitter_card":"summary_large_image","twitter_misc":{"\u00c9crit par":"Matt Berry","Estimation du temps de lecture":"2 minutes"},"schema":{"@context":"https:\/\/schema.org","@graph":[{"@type":"Article","@id":"https:\/\/www.braintumour.ca\/fr\/blogue\/annonce-de-notre-conseil-dadministration\/#article","isPartOf":{"@id":"https:\/\/www.braintumour.ca\/fr\/blogue\/annonce-de-notre-conseil-dadministration\/"},"author":{"name":"Matt Berry","@id":"https:\/\/www.braintumour.ca\/fr\/#\/schema\/person\/7534b1b1d4da5d8e37af436b293eca3d"},"headline":"Annonce de notre conseil d&rsquo;administration","datePublished":"2021-09-30T11:39:41+00:00","dateModified":"2021-09-30T11:50:16+00:00","mainEntityOfPage":{"@id":"https:\/\/www.braintumour.ca\/fr\/blogue\/annonce-de-notre-conseil-dadministration\/"},"wordCount":221,"image":{"@id":"https:\/\/www.braintumour.ca\/fr\/blogue\/annonce-de-notre-conseil-dadministration\/#primaryimage"},"thumbnailUrl":"https:\/\/www.braintumour.ca\/wp-content\/uploads\/2021\/09\/BTFC-Hi-Res-CMYK-Blue-Orange-Logo-Square-PRIMARY-FR.jpg","keywords":["brain tumour foundation of canada"],"articleSection":["Nouvelles","G\u00e9n\u00e9ral"],"inLanguage":"fr-CA"},{"@type":"WebPage","@id":"https:\/\/www.braintumour.ca\/fr\/blogue\/annonce-de-notre-conseil-dadministration\/","url":"https:\/\/www.braintumour.ca\/fr\/blogue\/annonce-de-notre-conseil-dadministration\/","name":"Annonce de notre conseil d'administration - Fondation canadienne des tumeurs c\u00e9r\u00e9brales","isPartOf":{"@id":"https:\/\/www.braintumour.ca\/fr\/#website"},"primaryImageOfPage":{"@id":"https:\/\/www.braintumour.ca\/fr\/blogue\/annonce-de-notre-conseil-dadministration\/#primaryimage"},"image":{"@id":"https:\/\/www.braintumour.ca\/fr\/blogue\/annonce-de-notre-conseil-dadministration\/#primaryimage"},"thumbnailUrl":"https:\/\/www.braintumour.ca\/wp-content\/uploads\/2021\/09\/BTFC-Hi-Res-CMYK-Blue-Orange-Logo-Square-PRIMARY-FR.jpg","datePublished":"2021-09-30T11:39:41+00:00","dateModified":"2021-09-30T11:50:16+00:00","author":{"@id":"https:\/\/www.braintumour.ca\/fr\/#\/schema\/person\/7534b1b1d4da5d8e37af436b293eca3d"},"description":"The Board of Directors would like to announce that Susan Marshall, CEO of the Brain Tumour Foundation of Canada, has announced her intention to retire after a total of 17 years in her role.","breadcrumb":{"@id":"https:\/\/www.braintumour.ca\/fr\/blogue\/annonce-de-notre-conseil-dadministration\/#breadcrumb"},"inLanguage":"fr-CA","potentialAction":[{"@type":"ReadAction","target":["https:\/\/www.braintumour.ca\/fr\/blogue\/annonce-de-notre-conseil-dadministration\/"]}]},{"@type":"ImageObject","inLanguage":"fr-CA","@id":"https:\/\/www.braintumour.ca\/fr\/blogue\/annonce-de-notre-conseil-dadministration\/#primaryimage","url":"https:\/\/www.braintumour.ca\/wp-content\/uploads\/2021\/09\/BTFC-Hi-Res-CMYK-Blue-Orange-Logo-Square-PRIMARY-FR.jpg","contentUrl":"https:\/\/www.braintumour.ca\/wp-content\/uploads\/2021\/09\/BTFC-Hi-Res-CMYK-Blue-Orange-Logo-Square-PRIMARY-FR.jpg","width":2550,"height":2550},{"@type":"BreadcrumbList","@id":"https:\/\/www.braintumour.ca\/fr\/blogue\/annonce-de-notre-conseil-dadministration\/#breadcrumb","itemListElement":[{"@type":"ListItem","position":1,"name":"Home","item":"https:\/\/www.braintumour.ca\/fr\/"},{"@type":"ListItem","position":2,"name":"Annonce de notre conseil d&rsquo;administration"}]},{"@type":"WebSite","@id":"https:\/\/www.braintumour.ca\/fr\/#website","url":"https:\/\/www.braintumour.ca\/fr\/","name":"Fondation canadienne des tumeurs c\u00e9r\u00e9brales","description":"Notre mission est de venir en aide \u00e0 toutes les personnes touch\u00e9es par une tumeur c\u00e9r\u00e9brale au Canada par le biais de nos programmes d\u2019information, de soutien, d\u2019\u00e9ducation et de recherche.","potentialAction":[{"@type":"SearchAction","target":{"@type":"EntryPoint","urlTemplate":"https:\/\/www.braintumour.ca\/fr\/?s={search_term_string}"},"query-input":{"@type":"PropertyValueSpecification","valueRequired":true,"valueName":"search_term_string"}}],"inLanguage":"fr-CA"},{"@type":"Person","@id":"https:\/\/www.braintumour.ca\/fr\/#\/schema\/person\/7534b1b1d4da5d8e37af436b293eca3d","name":"Matt Berry","image":{"@type":"ImageObject","inLanguage":"fr-CA","@id":"https:\/\/www.braintumour.ca\/fr\/#\/schema\/person\/image\/","url":"https:\/\/secure.gravatar.com\/avatar\/882da3b67056b0c608086d3c77de46948b64244a4c249e81e0bf04a8095ce320?s=96&d=mm&r=g","contentUrl":"https:\/\/secure.gravatar.com\/avatar\/882da3b67056b0c608086d3c77de46948b64244a4c249e81e0bf04a8095ce320?s=96&d=mm&r=g","caption":"Matt Berry"}}]}},"_links":{"self":[{"href":"https:\/\/www.braintumour.ca\/fr\/wp-json\/wp\/v2\/posts\/8063","targetHints":{"allow":["GET"]}}],"collection":[{"href":"https:\/\/www.braintumour.ca\/fr\/wp-json\/wp\/v2\/posts"}],"about":[{"href":"https:\/\/www.braintumour.ca\/fr\/wp-json\/wp\/v2\/types\/post"}],"author":[{"embeddable":true,"href":"https:\/\/www.braintumour.ca\/fr\/wp-json\/wp\/v2\/users\/4"}],"replies":[{"embeddable":true,"href":"https:\/\/www.braintumour.ca\/fr\/wp-json\/wp\/v2\/comments?post=8063"}],"version-history":[{"count":0,"href":"https:\/\/www.braintumour.ca\/fr\/wp-json\/wp\/v2\/posts\/8063\/revisions"}],"wp:featuredmedia":[{"embeddable":true,"href":"https:\/\/www.braintumour.ca\/fr\/wp-json\/wp\/v2\/media\/8072"}],"wp:attachment":[{"href":"https:\/\/www.braintumour.ca\/fr\/wp-json\/wp\/v2\/media?parent=8063"}],"wp:term":[{"taxonomy":"category","embeddable":true,"href":"https:\/\/www.braintumour.ca\/fr\/wp-json\/wp\/v2\/categories?post=8063"},{"taxonomy":"post_tag","embeddable":true,"href":"https:\/\/www.braintumour.ca\/fr\/wp-json\/wp\/v2\/tags?post=8063"},{"taxonomy":"user_type","embeddable":true,"href":"https:\/\/www.braintumour.ca\/fr\/wp-json\/wp\/v2\/user_type?post=8063"},{"taxonomy":"locations","embeddable":true,"href":"https:\/\/www.braintumour.ca\/fr\/wp-json\/wp\/v2\/locations?post=8063"}],"curies":[{"name":"wp","href":"https:\/\/api.w.org\/{rel}","templated":true}]}}