{"id":9008,"date":"2022-04-25T17:16:55","date_gmt":"2022-04-25T21:16:55","guid":{"rendered":"https:\/\/www.braintumour.ca\/non-classifiee\/2021-volunteer-of-distinction-award-alicia-grace\/"},"modified":"2025-05-13T09:02:42","modified_gmt":"2025-05-13T13:02:42","slug":"prix-de-distinction-benevole-alicia-grace","status":"publish","type":"post","link":"https:\/\/www.braintumour.ca\/fr\/temoignages\/benevoles\/prix-de-distinction-benevole-alicia-grace\/","title":{"rendered":"Prix B\u00e9n\u00e9vole de distinction 2021 &#8211; Alicia Grace Chenier"},"content":{"rendered":"<p><strong><img loading=\"lazy\" decoding=\"async\" class=\"alignright wp-image-9000 size-medium\" src=\"https:\/\/www.braintumour.ca\/wp-content\/uploads\/2022\/04\/alicia-290x300.jpg\" alt=\"\" width=\"290\" height=\"300\" srcset=\"https:\/\/www.braintumour.ca\/wp-content\/uploads\/2022\/04\/alicia-290x300.jpg 290w, https:\/\/www.braintumour.ca\/wp-content\/uploads\/2022\/04\/alicia-768x794.jpg 768w, https:\/\/www.braintumour.ca\/wp-content\/uploads\/2022\/04\/alicia-640x662.jpg 640w, https:\/\/www.braintumour.ca\/wp-content\/uploads\/2022\/04\/alicia.jpg 843w\" sizes=\"auto, (max-width: 639px) 98vw, (max-width: 1199px) 64vw, 290px\" \/><\/strong><\/p>\n<p><strong>Emplacement\u00a0 <\/strong><\/p>\n<p>Sudbury, Ontario<\/p>\n<p><strong>R\u00f4le <\/strong><\/p>\n<p>Comit\u00e9 <a href=\"https:\/\/www.braintumour.ca\/fr\/superenfants\/\">SUPERENFANTS<\/a><\/p>\n<p><strong>Comment avez-vous commenc\u00e9 \u00e0 faire du b\u00e9n\u00e9volat pour la Fondation canadienne des tumeurs c\u00e9r\u00e9brales ?\u00a0 <\/strong><\/p>\n<p>Alicia a commenc\u00e9 \u00e0 s&rsquo;impliquer aupr\u00e8s de la Fondation en 2019 et a particip\u00e9 \u00e0 sa premi\u00e8re marche en personne \u00e0 Sudbury cette ann\u00e9e-l\u00e0. En 2020, elle a rencontr\u00e9 Danielle, une autre laur\u00e9ate du Prix de distinction b\u00e9n\u00e9vole, qui l&rsquo;a pr\u00e9sent\u00e9e \u00e0 Janic, membre du personnel de la Fondation. C&rsquo;est l\u00e0 qu&rsquo;elle a appris l&rsquo;existence de notre <a href=\"https:\/\/www.braintumour.ca\/fr\/superenfants\/\">programme SUPERENFANTS<\/a> et a imm\u00e9diatement su que c&rsquo;\u00e9tait une initiative \u00e0 dans laquelle elle voulait s\u2019impliquer. En tant qu&rsquo;\u00e9ducatrice de la petite enfance, Alicia, qui en est \u00e0 sa quatri\u00e8me et derni\u00e8re ann\u00e9e d\u2019\u00e9tudes, a compris l&rsquo;importance de la sensibilisation aux tumeurs c\u00e9r\u00e9brales dans les \u00e9coles. Ayant elle-m\u00eame surv\u00e9cu \u00e0 une tumeur c\u00e9r\u00e9brale, Alicia conna\u00eet bien l&rsquo;importance d&rsquo;\u00e9duquer les enseignants et les \u00e9tudiants dans les \u00e9coles sur les impacts qu&rsquo;un diagnostic peut avoir sur l&rsquo;accessibilit\u00e9 et l&rsquo;apprentissage.<\/p>\n<p><strong>Quel est votre plus beau souvenir de b\u00e9n\u00e9volat avec nous ?\u00a0 <\/strong><\/p>\n<p>Le meilleur souvenir d&rsquo;Alicia est d&rsquo;avoir pu partager son histoire sur le site de la Fondation. Elle savait que cela pouvait avoir un impact sur d\u2019autres survivants de tumeurs c\u00e9r\u00e9brales et elle avait raison. Depuis qu&rsquo;elle a partag\u00e9 son histoire avec nous et sur ses m\u00e9dias sociaux, des gens de partout dans le monde ont pris contact avec elle et l\u2019ont remerci\u00e9.\u00a0 \u00ab\u00a0Si les gens souhaitent aider ou avoir un impact, le b\u00e9n\u00e9volat ou la sensibilisation, m\u00eame pour quelques heures par mois, peut faire la diff\u00e9rence.\u00a0\u00bb<\/p>\n<p><strong>Cette ann\u00e9e, le th\u00e8me de la semaine du volontariat est L&#8217;empathie en action. Que signifie l&#8217;empathie pour vous ?\u00a0 <\/strong><\/p>\n<p>\u00ab\u00a0Pour moi, l&#8217;empathie signifie d\u2019\u00eatre l\u00e0 pour quelqu&rsquo;un et de faire preuve de gentillesse quoi qu&rsquo;il arrive. \u00c0 la suite de mon diagnostic, j\u2019ai rencontr\u00e9 plusieurs personnes qui ont d\u00e9montr\u00e9 le contraire de la sympathie\u00a0: ces gens se sentaient mal pour moi ou me prenaient en piti\u00e9. L&#8217;empathie signifie d\u2019\u00eatre vraiment l\u00e0 pour les gens, quoi qu&rsquo;il arrive et en toutes circonstances.\u00a0\u00bb<\/p>\n<p><strong>Quel est le meilleur conseil que vous ayez donn\u00e9, ou que quelqu&rsquo;un vous ait donn\u00e9 ? <\/strong><\/p>\n<p>Le meilleur conseil d&rsquo;Alicia provient d&rsquo;une source unique. Grande fan de musique, Alicia trouve sa force dans quatre mots simples de la com\u00e9die musicale Rent qui dit :\u00a0 \u00ab\u00a0No day but today\u00a0\u00bb (Il n\u2019existe pas d\u2019autres journ\u00e9es comme aujourd\u2019hui). \u00ab\u00a0Vous avez votre avenir devant vous et le pass\u00e9 n\u2019est plus, mais tout ce que nous pouvons faire, c&rsquo;est vivre notre vie aujourd&rsquo;hui,\u00a0\u00bb dit Alicia.<\/p>\n","protected":false},"excerpt":{"rendered":"<p>Alicia a commenc\u00e9 \u00e0 s&rsquo;impliquer aupr\u00e8s de la Fondation en 2019 et a particip\u00e9 \u00e0 sa premi\u00e8re marche en personne \u00e0 Sudbury cette ann\u00e9e-l\u00e0. En 2020, elle a rencontr\u00e9 Danielle, une autre laur\u00e9ate du Prix de distinction b\u00e9n\u00e9vole, qui l&rsquo;a pr\u00e9sent\u00e9e \u00e0 Janic, membre du personnel de la Fondation.<\/p>\n","protected":false},"author":6,"featured_media":9006,"comment_status":"closed","ping_status":"closed","sticky":false,"template":"","format":"standard","meta":{"_acf_changed":false,"footnotes":""},"categories":[138,389],"tags":[214,217,261,263,390,391,392,393],"user_type":[137],"locations":[161],"class_list":["post-9008","post","type-post","status-publish","format-standard","has-post-thumbnail","hentry","category-blogue","category-benevoles","tag-brain-tumour-foundation-of-canada-fr","tag-fondation-canadienne-des-tumeurs-cerebrales","tag-national-volunteer-week-fr","tag-semaine-de-laction-benevole","tag-volunteer-awards-fr","tag-volunteer-of-distinction-fr","tag-prix-pour-les-benevoles","tag-benevole-de-distinction","user_type-benevole","locations-canada-wide-fr"],"acf":[],"yoast_head":"<!-- This site is optimized with the Yoast SEO Premium plugin v27.0 (Yoast SEO v27.0) - https:\/\/yoast.com\/product\/yoast-seo-premium-wordpress\/ -->\n<title>Prix B\u00e9n\u00e9vole de distinction 2021 - Alicia Grace Chenier - Fondation canadienne des tumeurs c\u00e9r\u00e9brales<\/title>\n<meta name=\"robots\" content=\"index, follow, max-snippet:-1, max-image-preview:large, max-video-preview:-1\" \/>\n<link rel=\"canonical\" href=\"https:\/\/www.braintumour.ca\/fr\/temoignages\/benevoles\/prix-de-distinction-benevole-alicia-grace\/\" \/>\n<meta property=\"og:locale\" content=\"fr_CA\" \/>\n<meta property=\"og:type\" content=\"article\" \/>\n<meta property=\"og:title\" content=\"Prix B\u00e9n\u00e9vole de distinction 2021 - Alicia Grace Chenier\" \/>\n<meta property=\"og:description\" content=\"Alicia a commenc\u00e9 \u00e0 s&#039;impliquer aupr\u00e8s de la Fondation en 2019 et a particip\u00e9 \u00e0 sa premi\u00e8re marche en personne \u00e0 Sudbury cette ann\u00e9e-l\u00e0. En 2020, elle a rencontr\u00e9 Danielle, une autre laur\u00e9ate du Prix de distinction b\u00e9n\u00e9vole, qui l&#039;a pr\u00e9sent\u00e9e \u00e0 Janic, membre du personnel de la Fondation.\" \/>\n<meta property=\"og:url\" content=\"https:\/\/www.braintumour.ca\/fr\/temoignages\/benevoles\/prix-de-distinction-benevole-alicia-grace\/\" \/>\n<meta property=\"og:site_name\" content=\"Fondation canadienne des tumeurs c\u00e9r\u00e9brales\" \/>\n<meta property=\"article:published_time\" content=\"2022-04-25T21:16:55+00:00\" \/>\n<meta property=\"article:modified_time\" content=\"2025-05-13T13:02:42+00:00\" \/>\n<meta property=\"og:image\" content=\"https:\/\/www.braintumour.ca\/wp-content\/uploads\/2022\/04\/alicia2.jpg\" \/>\n\t<meta property=\"og:image:width\" content=\"821\" \/>\n\t<meta property=\"og:image:height\" content=\"899\" \/>\n\t<meta property=\"og:image:type\" content=\"image\/jpeg\" \/>\n<meta name=\"author\" content=\"Romina Ferro\" \/>\n<meta name=\"twitter:card\" content=\"summary_large_image\" \/>\n<meta name=\"twitter:label1\" content=\"\u00c9crit par\" \/>\n\t<meta name=\"twitter:data1\" content=\"Romina Ferro\" \/>\n\t<meta name=\"twitter:label2\" content=\"Estimation du temps de lecture\" \/>\n\t<meta name=\"twitter:data2\" content=\"3 minutes\" \/>\n<script type=\"application\/ld+json\" class=\"yoast-schema-graph\">{\"@context\":\"https:\/\/schema.org\",\"@graph\":[{\"@type\":\"Article\",\"@id\":\"https:\/\/www.braintumour.ca\/fr\/temoignages\/benevoles\/prix-de-distinction-benevole-alicia-grace\/#article\",\"isPartOf\":{\"@id\":\"https:\/\/www.braintumour.ca\/fr\/temoignages\/benevoles\/prix-de-distinction-benevole-alicia-grace\/\"},\"author\":{\"name\":\"Romina Ferro\",\"@id\":\"https:\/\/www.braintumour.ca\/fr\/#\/schema\/person\/10eabcb138f6aaa06827819a83da46bd\"},\"headline\":\"Prix B\u00e9n\u00e9vole de distinction 2021 &#8211; Alicia Grace Chenier\",\"datePublished\":\"2022-04-25T21:16:55+00:00\",\"dateModified\":\"2025-05-13T13:02:42+00:00\",\"mainEntityOfPage\":{\"@id\":\"https:\/\/www.braintumour.ca\/fr\/temoignages\/benevoles\/prix-de-distinction-benevole-alicia-grace\/\"},\"wordCount\":484,\"image\":{\"@id\":\"https:\/\/www.braintumour.ca\/fr\/temoignages\/benevoles\/prix-de-distinction-benevole-alicia-grace\/#primaryimage\"},\"thumbnailUrl\":\"https:\/\/www.braintumour.ca\/wp-content\/uploads\/2022\/04\/alicia2.jpg\",\"keywords\":[\"brain tumour foundation of canada\",\"Fondation canadienne des tumeurs c\u00e9r\u00e9brales\",\"national volunteer week\",\"semaine de l'Action b\u00e9n\u00e9vole\",\"Volunteer Awards\",\"volunteer of distinction\",\"prix pour les b\u00e9n\u00e9voles\",\"B\u00e9n\u00e9vole de distinction\"],\"articleSection\":[\"Nouvelles\",\"B\u00e9n\u00e9voles\"],\"inLanguage\":\"fr-CA\"},{\"@type\":\"WebPage\",\"@id\":\"https:\/\/www.braintumour.ca\/fr\/temoignages\/benevoles\/prix-de-distinction-benevole-alicia-grace\/\",\"url\":\"https:\/\/www.braintumour.ca\/fr\/temoignages\/benevoles\/prix-de-distinction-benevole-alicia-grace\/\",\"name\":\"Prix B\u00e9n\u00e9vole de distinction 2021 - Alicia Grace Chenier - Fondation canadienne des tumeurs c\u00e9r\u00e9brales\",\"isPartOf\":{\"@id\":\"https:\/\/www.braintumour.ca\/fr\/#website\"},\"primaryImageOfPage\":{\"@id\":\"https:\/\/www.braintumour.ca\/fr\/temoignages\/benevoles\/prix-de-distinction-benevole-alicia-grace\/#primaryimage\"},\"image\":{\"@id\":\"https:\/\/www.braintumour.ca\/fr\/temoignages\/benevoles\/prix-de-distinction-benevole-alicia-grace\/#primaryimage\"},\"thumbnailUrl\":\"https:\/\/www.braintumour.ca\/wp-content\/uploads\/2022\/04\/alicia2.jpg\",\"datePublished\":\"2022-04-25T21:16:55+00:00\",\"dateModified\":\"2025-05-13T13:02:42+00:00\",\"author\":{\"@id\":\"https:\/\/www.braintumour.ca\/fr\/#\/schema\/person\/10eabcb138f6aaa06827819a83da46bd\"},\"breadcrumb\":{\"@id\":\"https:\/\/www.braintumour.ca\/fr\/temoignages\/benevoles\/prix-de-distinction-benevole-alicia-grace\/#breadcrumb\"},\"inLanguage\":\"fr-CA\",\"potentialAction\":[{\"@type\":\"ReadAction\",\"target\":[\"https:\/\/www.braintumour.ca\/fr\/temoignages\/benevoles\/prix-de-distinction-benevole-alicia-grace\/\"]}]},{\"@type\":\"ImageObject\",\"inLanguage\":\"fr-CA\",\"@id\":\"https:\/\/www.braintumour.ca\/fr\/temoignages\/benevoles\/prix-de-distinction-benevole-alicia-grace\/#primaryimage\",\"url\":\"https:\/\/www.braintumour.ca\/wp-content\/uploads\/2022\/04\/alicia2.jpg\",\"contentUrl\":\"https:\/\/www.braintumour.ca\/wp-content\/uploads\/2022\/04\/alicia2.jpg\",\"width\":821,\"height\":899},{\"@type\":\"BreadcrumbList\",\"@id\":\"https:\/\/www.braintumour.ca\/fr\/temoignages\/benevoles\/prix-de-distinction-benevole-alicia-grace\/#breadcrumb\",\"itemListElement\":[{\"@type\":\"ListItem\",\"position\":1,\"name\":\"Home\",\"item\":\"https:\/\/www.braintumour.ca\/fr\/\"},{\"@type\":\"ListItem\",\"position\":2,\"name\":\"Prix B\u00e9n\u00e9vole de distinction 2021 &#8211; Alicia Grace Chenier\"}]},{\"@type\":\"WebSite\",\"@id\":\"https:\/\/www.braintumour.ca\/fr\/#website\",\"url\":\"https:\/\/www.braintumour.ca\/fr\/\",\"name\":\"Fondation canadienne des tumeurs c\u00e9r\u00e9brales\",\"description\":\"Notre mission est de venir en aide \u00e0 toutes les personnes touch\u00e9es par une tumeur c\u00e9r\u00e9brale au Canada par le biais de nos programmes d\u2019information, de soutien, d\u2019\u00e9ducation et de recherche.\",\"potentialAction\":[{\"@type\":\"SearchAction\",\"target\":{\"@type\":\"EntryPoint\",\"urlTemplate\":\"https:\/\/www.braintumour.ca\/fr\/?s={search_term_string}\"},\"query-input\":{\"@type\":\"PropertyValueSpecification\",\"valueRequired\":true,\"valueName\":\"search_term_string\"}}],\"inLanguage\":\"fr-CA\"},{\"@type\":\"Person\",\"@id\":\"https:\/\/www.braintumour.ca\/fr\/#\/schema\/person\/10eabcb138f6aaa06827819a83da46bd\",\"name\":\"Romina Ferro\",\"image\":{\"@type\":\"ImageObject\",\"inLanguage\":\"fr-CA\",\"@id\":\"https:\/\/www.braintumour.ca\/fr\/#\/schema\/person\/image\/\",\"url\":\"https:\/\/secure.gravatar.com\/avatar\/6d65880e08e70ff0466fe68772e56b61c75b5615974a3a17ec562bad6e31f7b5?s=96&d=mm&r=g\",\"contentUrl\":\"https:\/\/secure.gravatar.com\/avatar\/6d65880e08e70ff0466fe68772e56b61c75b5615974a3a17ec562bad6e31f7b5?s=96&d=mm&r=g\",\"caption\":\"Romina Ferro\"}}]}<\/script>\n<!-- \/ Yoast SEO Premium plugin. -->","yoast_head_json":{"title":"Prix B\u00e9n\u00e9vole de distinction 2021 - Alicia Grace Chenier - Fondation canadienne des tumeurs c\u00e9r\u00e9brales","robots":{"index":"index","follow":"follow","max-snippet":"max-snippet:-1","max-image-preview":"max-image-preview:large","max-video-preview":"max-video-preview:-1"},"canonical":"https:\/\/www.braintumour.ca\/fr\/temoignages\/benevoles\/prix-de-distinction-benevole-alicia-grace\/","og_locale":"fr_CA","og_type":"article","og_title":"Prix B\u00e9n\u00e9vole de distinction 2021 - Alicia Grace Chenier","og_description":"Alicia a commenc\u00e9 \u00e0 s'impliquer aupr\u00e8s de la Fondation en 2019 et a particip\u00e9 \u00e0 sa premi\u00e8re marche en personne \u00e0 Sudbury cette ann\u00e9e-l\u00e0. En 2020, elle a rencontr\u00e9 Danielle, une autre laur\u00e9ate du Prix de distinction b\u00e9n\u00e9vole, qui l'a pr\u00e9sent\u00e9e \u00e0 Janic, membre du personnel de la Fondation.","og_url":"https:\/\/www.braintumour.ca\/fr\/temoignages\/benevoles\/prix-de-distinction-benevole-alicia-grace\/","og_site_name":"Fondation canadienne des tumeurs c\u00e9r\u00e9brales","article_published_time":"2022-04-25T21:16:55+00:00","article_modified_time":"2025-05-13T13:02:42+00:00","og_image":[{"width":821,"height":899,"url":"https:\/\/www.braintumour.ca\/wp-content\/uploads\/2022\/04\/alicia2.jpg","type":"image\/jpeg"}],"author":"Romina Ferro","twitter_card":"summary_large_image","twitter_misc":{"\u00c9crit par":"Romina Ferro","Estimation du temps de lecture":"3 minutes"},"schema":{"@context":"https:\/\/schema.org","@graph":[{"@type":"Article","@id":"https:\/\/www.braintumour.ca\/fr\/temoignages\/benevoles\/prix-de-distinction-benevole-alicia-grace\/#article","isPartOf":{"@id":"https:\/\/www.braintumour.ca\/fr\/temoignages\/benevoles\/prix-de-distinction-benevole-alicia-grace\/"},"author":{"name":"Romina Ferro","@id":"https:\/\/www.braintumour.ca\/fr\/#\/schema\/person\/10eabcb138f6aaa06827819a83da46bd"},"headline":"Prix B\u00e9n\u00e9vole de distinction 2021 &#8211; Alicia Grace Chenier","datePublished":"2022-04-25T21:16:55+00:00","dateModified":"2025-05-13T13:02:42+00:00","mainEntityOfPage":{"@id":"https:\/\/www.braintumour.ca\/fr\/temoignages\/benevoles\/prix-de-distinction-benevole-alicia-grace\/"},"wordCount":484,"image":{"@id":"https:\/\/www.braintumour.ca\/fr\/temoignages\/benevoles\/prix-de-distinction-benevole-alicia-grace\/#primaryimage"},"thumbnailUrl":"https:\/\/www.braintumour.ca\/wp-content\/uploads\/2022\/04\/alicia2.jpg","keywords":["brain tumour foundation of canada","Fondation canadienne des tumeurs c\u00e9r\u00e9brales","national volunteer week","semaine de l'Action b\u00e9n\u00e9vole","Volunteer Awards","volunteer of distinction","prix pour les b\u00e9n\u00e9voles","B\u00e9n\u00e9vole de distinction"],"articleSection":["Nouvelles","B\u00e9n\u00e9voles"],"inLanguage":"fr-CA"},{"@type":"WebPage","@id":"https:\/\/www.braintumour.ca\/fr\/temoignages\/benevoles\/prix-de-distinction-benevole-alicia-grace\/","url":"https:\/\/www.braintumour.ca\/fr\/temoignages\/benevoles\/prix-de-distinction-benevole-alicia-grace\/","name":"Prix B\u00e9n\u00e9vole de distinction 2021 - Alicia Grace Chenier - Fondation canadienne des tumeurs c\u00e9r\u00e9brales","isPartOf":{"@id":"https:\/\/www.braintumour.ca\/fr\/#website"},"primaryImageOfPage":{"@id":"https:\/\/www.braintumour.ca\/fr\/temoignages\/benevoles\/prix-de-distinction-benevole-alicia-grace\/#primaryimage"},"image":{"@id":"https:\/\/www.braintumour.ca\/fr\/temoignages\/benevoles\/prix-de-distinction-benevole-alicia-grace\/#primaryimage"},"thumbnailUrl":"https:\/\/www.braintumour.ca\/wp-content\/uploads\/2022\/04\/alicia2.jpg","datePublished":"2022-04-25T21:16:55+00:00","dateModified":"2025-05-13T13:02:42+00:00","author":{"@id":"https:\/\/www.braintumour.ca\/fr\/#\/schema\/person\/10eabcb138f6aaa06827819a83da46bd"},"breadcrumb":{"@id":"https:\/\/www.braintumour.ca\/fr\/temoignages\/benevoles\/prix-de-distinction-benevole-alicia-grace\/#breadcrumb"},"inLanguage":"fr-CA","potentialAction":[{"@type":"ReadAction","target":["https:\/\/www.braintumour.ca\/fr\/temoignages\/benevoles\/prix-de-distinction-benevole-alicia-grace\/"]}]},{"@type":"ImageObject","inLanguage":"fr-CA","@id":"https:\/\/www.braintumour.ca\/fr\/temoignages\/benevoles\/prix-de-distinction-benevole-alicia-grace\/#primaryimage","url":"https:\/\/www.braintumour.ca\/wp-content\/uploads\/2022\/04\/alicia2.jpg","contentUrl":"https:\/\/www.braintumour.ca\/wp-content\/uploads\/2022\/04\/alicia2.jpg","width":821,"height":899},{"@type":"BreadcrumbList","@id":"https:\/\/www.braintumour.ca\/fr\/temoignages\/benevoles\/prix-de-distinction-benevole-alicia-grace\/#breadcrumb","itemListElement":[{"@type":"ListItem","position":1,"name":"Home","item":"https:\/\/www.braintumour.ca\/fr\/"},{"@type":"ListItem","position":2,"name":"Prix B\u00e9n\u00e9vole de distinction 2021 &#8211; Alicia Grace Chenier"}]},{"@type":"WebSite","@id":"https:\/\/www.braintumour.ca\/fr\/#website","url":"https:\/\/www.braintumour.ca\/fr\/","name":"Fondation canadienne des tumeurs c\u00e9r\u00e9brales","description":"Notre mission est de venir en aide \u00e0 toutes les personnes touch\u00e9es par une tumeur c\u00e9r\u00e9brale au Canada par le biais de nos programmes d\u2019information, de soutien, d\u2019\u00e9ducation et de recherche.","potentialAction":[{"@type":"SearchAction","target":{"@type":"EntryPoint","urlTemplate":"https:\/\/www.braintumour.ca\/fr\/?s={search_term_string}"},"query-input":{"@type":"PropertyValueSpecification","valueRequired":true,"valueName":"search_term_string"}}],"inLanguage":"fr-CA"},{"@type":"Person","@id":"https:\/\/www.braintumour.ca\/fr\/#\/schema\/person\/10eabcb138f6aaa06827819a83da46bd","name":"Romina Ferro","image":{"@type":"ImageObject","inLanguage":"fr-CA","@id":"https:\/\/www.braintumour.ca\/fr\/#\/schema\/person\/image\/","url":"https:\/\/secure.gravatar.com\/avatar\/6d65880e08e70ff0466fe68772e56b61c75b5615974a3a17ec562bad6e31f7b5?s=96&d=mm&r=g","contentUrl":"https:\/\/secure.gravatar.com\/avatar\/6d65880e08e70ff0466fe68772e56b61c75b5615974a3a17ec562bad6e31f7b5?s=96&d=mm&r=g","caption":"Romina Ferro"}}]}},"_links":{"self":[{"href":"https:\/\/www.braintumour.ca\/fr\/wp-json\/wp\/v2\/posts\/9008","targetHints":{"allow":["GET"]}}],"collection":[{"href":"https:\/\/www.braintumour.ca\/fr\/wp-json\/wp\/v2\/posts"}],"about":[{"href":"https:\/\/www.braintumour.ca\/fr\/wp-json\/wp\/v2\/types\/post"}],"author":[{"embeddable":true,"href":"https:\/\/www.braintumour.ca\/fr\/wp-json\/wp\/v2\/users\/6"}],"replies":[{"embeddable":true,"href":"https:\/\/www.braintumour.ca\/fr\/wp-json\/wp\/v2\/comments?post=9008"}],"version-history":[{"count":0,"href":"https:\/\/www.braintumour.ca\/fr\/wp-json\/wp\/v2\/posts\/9008\/revisions"}],"wp:featuredmedia":[{"embeddable":true,"href":"https:\/\/www.braintumour.ca\/fr\/wp-json\/wp\/v2\/media\/9006"}],"wp:attachment":[{"href":"https:\/\/www.braintumour.ca\/fr\/wp-json\/wp\/v2\/media?parent=9008"}],"wp:term":[{"taxonomy":"category","embeddable":true,"href":"https:\/\/www.braintumour.ca\/fr\/wp-json\/wp\/v2\/categories?post=9008"},{"taxonomy":"post_tag","embeddable":true,"href":"https:\/\/www.braintumour.ca\/fr\/wp-json\/wp\/v2\/tags?post=9008"},{"taxonomy":"user_type","embeddable":true,"href":"https:\/\/www.braintumour.ca\/fr\/wp-json\/wp\/v2\/user_type?post=9008"},{"taxonomy":"locations","embeddable":true,"href":"https:\/\/www.braintumour.ca\/fr\/wp-json\/wp\/v2\/locations?post=9008"}],"curies":[{"name":"wp","href":"https:\/\/api.w.org\/{rel}","templated":true}]}}