{"id":9032,"date":"2022-04-26T09:33:02","date_gmt":"2022-04-26T13:33:02","guid":{"rendered":"https:\/\/www.braintumour.ca\/non-classifiee\/2021-volunteer-of-distinction-award-danielle-froio-king\/"},"modified":"2022-04-26T10:28:10","modified_gmt":"2022-04-26T14:28:10","slug":"prix-david-kelly-danielle-froio-king","status":"publish","type":"post","link":"https:\/\/www.braintumour.ca\/fr\/temoignages\/prix-david-kelly-danielle-froio-king\/","title":{"rendered":"Prix David Kelly \u2013 Danielle Froio\/King"},"content":{"rendered":"<p><strong><img loading=\"lazy\" decoding=\"async\" class=\"alignright wp-image-9017 size-medium\" src=\"https:\/\/www.braintumour.ca\/wp-content\/uploads\/2022\/04\/Screenshot-2022-04-26-at-09-29-12-BrainTumourFoundationOfCanada-@braintumourfdn-on-Instagram-\u2022-1-109-photos-and-videos-300x278.png\" alt=\"\" width=\"300\" height=\"278\" srcset=\"https:\/\/www.braintumour.ca\/wp-content\/uploads\/2022\/04\/Screenshot-2022-04-26-at-09-29-12-BrainTumourFoundationOfCanada-@braintumourfdn-on-Instagram-\u2022-1-109-photos-and-videos-300x278.png 300w, https:\/\/www.braintumour.ca\/wp-content\/uploads\/2022\/04\/Screenshot-2022-04-26-at-09-29-12-BrainTumourFoundationOfCanada-@braintumourfdn-on-Instagram-\u2022-1-109-photos-and-videos-768x711.png 768w, https:\/\/www.braintumour.ca\/wp-content\/uploads\/2022\/04\/Screenshot-2022-04-26-at-09-29-12-BrainTumourFoundationOfCanada-@braintumourfdn-on-Instagram-\u2022-1-109-photos-and-videos-640x593.png 640w, https:\/\/www.braintumour.ca\/wp-content\/uploads\/2022\/04\/Screenshot-2022-04-26-at-09-29-12-BrainTumourFoundationOfCanada-@braintumourfdn-on-Instagram-\u2022-1-109-photos-and-videos.png 799w\" sizes=\"auto, (max-width: 639px) 98vw, (max-width: 1199px) 64vw, 300px\" \/>Emplacement <\/strong><\/p>\n<p>East Gwillimbury, Ontario<\/p>\n<p><strong>R\u00f4le <\/strong><\/p>\n<p>Comit\u00e9 SUPERENFANTS<\/p>\n<p><strong>Comment avez-vous commenc\u00e9 \u00e0 faire du b\u00e9n\u00e9volat aupr\u00e8s de la Fondation canadienne des tumeurs c\u00e9r\u00e9brales ? <\/strong><\/p>\n<p>\u00ab\u00a0\u00c9tant moi-m\u00eame atteinte d&rsquo;une tumeur c\u00e9r\u00e9brale, j&rsquo;ai d&rsquo;abord partag\u00e9 mon histoire personnelle d&rsquo;ESPOIR avec la fondation en 2015, apr\u00e8s ma premi\u00e8re op\u00e9ration au cerveau. Mon neurochirurgien m&rsquo;a encourag\u00e9e \u00e0 partager mon histoire dans l&rsquo;espoir qu&rsquo;elle puisse aider ne serait-ce qu&rsquo;UNE seule personne. Je peux lui dire fi\u00e8rement aujourd&rsquo;hui ; 10 ans et 3 op\u00e9rations au cerveau plus tard, que mon histoire a non seulement aid\u00e9 beaucoup de personnes \u00e0 trouver un traitement ou un diagnostic de mani\u00e8re plus pr\u00e9coce, mais aussi \u00e0 ne plus se sentir seules. Je suis devenue un membre actif de la communaut\u00e9 des tumeurs c\u00e9r\u00e9brales par le biais de diverses collectes de fonds, du <a href=\"https:\/\/www.braintumour.ca\/fr\/superenfants\/\">programme SUPERENFANTS<\/a> et de webinaires. J&rsquo;ai ainsi eu l&rsquo;occasion de rencontrer de nombreuses personnes extraordinaires et, gr\u00e2ce \u00e0 cela, je continuerai \u00e0 sensibiliser les gens qui, comme moi et nos familles, luttent contre les tumeurs c\u00e9r\u00e9brales. C&rsquo;est non seulement un honneur absolu d&rsquo;\u00eatre la laur\u00e9ate du prix David Kelly de cette ann\u00e9e, mais c&rsquo;est encore plus significatif de recevoir un prix en suivant de pr\u00e8s les traces de mon p\u00e8re.\u00a0\u00bb<\/p>\n<p>Le p\u00e8re de Danielle est un joueur de hockey de la LNH \u00e0 la retraite, qui a donn\u00e9 l&rsquo;exemple de la d\u00e9finition du don de soi. Il s&rsquo;est vu d\u00e9cerner le troph\u00e9e comm\u00e9moratif King Clancy, un prix qui est remis chaque ann\u00e9e au joueur de la LNH qui incarne le mieux les qualit\u00e9s de leadership sur la glace et en dehors de celle-ci et qui a apport\u00e9 une contribution humanitaire importante \u00e0 sa communaut\u00e9.<\/p>\n<p><strong>Quel est votre plus beau souvenir de b\u00e9n\u00e9volat avec nous ? <\/strong><\/p>\n<p>\u00ab\u00a0Chaque ann\u00e9e, depuis ma premi\u00e8re op\u00e9ration, ma famille, mes amis les plus proches et moi-m\u00eame participons \u00e0 la <a href=\"http:\/\/www.marchetumeurscerebrales.ca\">Marche des tumeurs c\u00e9r\u00e9brale<\/a>s. Mon meilleur souvenir est celui de notre \u00ab Marche Covid \u00bb de 2020, au cours de laquelle j&rsquo;ai remis \u00e0 la fondation un ch\u00e8que de 40 600 dollars provenant des fonds recueillis dans le cadre d&rsquo;une initiative de collecte de fonds que j&rsquo;ai lanc\u00e9e, <a href=\"https:\/\/www.braintumour.ca\/fr\/impliquez-vous\/sensibilisation\/mois-de-sensibilisation\/\">#GRISENMAI<\/a>. Ma ch\u00e8re amie Anastasia (Angel Jewelry by Anastasia) et moi-m\u00eame avons vendu plus de 800 bracelets et recueilli un GRAND TOTAL de 40 600 $ pour la Fondation canadienne des tumeurs c\u00e9r\u00e9brales. Tous les fonds ont \u00e9t\u00e9 vers\u00e9s \u00e0 la Fondation \u00e0 des fins de recherche. \u00bb<\/p>\n<p><strong>Cette ann\u00e9e, le th\u00e8me de la semaine du b\u00e9n\u00e9volat est l&#8217;empathie en action. Que signifie l&#8217;empathie pour vous ? <\/strong><\/p>\n<p>\u00ab\u00a0En tant qu&rsquo;enseignante, m\u00e8re, \u00e9pouse, fille, s\u0153ur et patiente atteinte d&rsquo;une tumeur c\u00e9r\u00e9brale, l&rsquo;EMPATHIE est un mot tr\u00e8s fort. Non seulement je m&rsquo;efforce de faire preuve d&#8217;empathie envers les autres, mais je fais de mon mieux pour l&rsquo;inculquer \u00e0 mes \u00e9l\u00e8ves et maintenant \u00e0 ma fille. Nous n&rsquo;avons peut-\u00eatre pas toujours la capacit\u00e9 de ressentir ou de voir une situation du point de vue d&rsquo;une autre personne, mais je crois que la partie la plus importante de l&#8217;empathie est simplement la gentillesse. J&rsquo;adore la citation qui dit Sois gentil, car toutes les personnes que tu rencontres m\u00e8nent un combat difficile.\u00a0\u00bb<\/p>\n<p><strong>Quel est le meilleur conseil que vous ayez donn\u00e9, ou que quelqu&rsquo;un vous ait donn\u00e9 ?<\/strong><\/p>\n<p>\u00ab\u00a0Mon assistante sociale (qui, j&rsquo;ajouterais, a SAUV\u00c9 ma vie de bien des fa\u00e7ons) me rappelle toujours l&rsquo;exemple des masques \u00e0 oxyg\u00e8ne dans un avion. Il faut toujours mettre son propre masque avant d&rsquo;aider les autres autour de soi. Ce message a r\u00e9sonn\u00e9 en moi \u00e0 bien des \u00e9gards, surtout maintenant que je suis une nouvelle maman et que je continue \u00e0 me battre contre mes propres probl\u00e8mes. Je ne suis pas \u00ab\u00a0bonne\u00a0\u00bb pour les gens qui m&rsquo;entourent si je ne suis pas \u00ab\u00a0bonne\u00a0\u00bb moi-m\u00eame ! Prendre du temps pour moi et accepter qu&rsquo;il soit normal de dire NON parfois est quelque chose que j&rsquo;ai appris, que je continue d&rsquo;apprendre et que je conseille maintenant aux personnes qui se trouvent dans des situations similaires.\u00a0\u00bb<\/p>\n","protected":false},"excerpt":{"rendered":"<p>\u00c9tant moi-m\u00eame atteinte d&rsquo;une tumeur c\u00e9r\u00e9brale, j&rsquo;ai d&rsquo;abord partag\u00e9 mon histoire personnelle d&rsquo;ESPOIR avec la fondation en 2015, apr\u00e8s ma premi\u00e8re op\u00e9ration au cerveau. Mon neurochirurgien m&rsquo;a encourag\u00e9e \u00e0 partager mon histoire dans l&rsquo;espoir qu&rsquo;elle puisse aider ne serait-ce qu&rsquo;UNE seule personne.<\/p>\n","protected":false},"author":6,"featured_media":9017,"comment_status":"closed","ping_status":"closed","sticky":false,"template":"","format":"standard","meta":{"_acf_changed":false,"footnotes":""},"categories":[148,389],"tags":[217,261,263,390,392,398,399,504],"user_type":[133],"locations":[161],"class_list":["post-9032","post","type-post","status-publish","format-standard","has-post-thumbnail","hentry","category-temoignages","category-benevoles","tag-fondation-canadienne-des-tumeurs-cerebrales","tag-national-volunteer-week-fr","tag-semaine-de-laction-benevole","tag-volunteer-awards-fr","tag-prix-pour-les-benevoles","tag-david-kelly-award-fr","tag-prix-david-kelly","tag-brain-tumour-foundaiton-of-canada-fr","user_type-patient-fr","locations-canada-wide-fr"],"acf":[],"yoast_head":"<!-- This site is optimized with the Yoast SEO Premium plugin v27.0 (Yoast SEO v27.0) - https:\/\/yoast.com\/product\/yoast-seo-premium-wordpress\/ -->\n<title>Prix David Kelly \u2013 Danielle Froio\/King - Fondation canadienne des tumeurs c\u00e9r\u00e9brales<\/title>\n<meta name=\"robots\" content=\"index, follow, max-snippet:-1, max-image-preview:large, max-video-preview:-1\" \/>\n<link rel=\"canonical\" href=\"https:\/\/www.braintumour.ca\/fr\/temoignages\/prix-david-kelly-danielle-froio-king\/\" \/>\n<meta property=\"og:locale\" content=\"fr_CA\" \/>\n<meta property=\"og:type\" content=\"article\" \/>\n<meta property=\"og:title\" content=\"Prix David Kelly \u2013 Danielle Froio\/King\" \/>\n<meta property=\"og:description\" content=\"\u00c9tant moi-m\u00eame atteinte d&#039;une tumeur c\u00e9r\u00e9brale, j&#039;ai d&#039;abord partag\u00e9 mon histoire personnelle d&#039;ESPOIR avec la fondation en 2015, apr\u00e8s ma premi\u00e8re op\u00e9ration au cerveau. Mon neurochirurgien m&#039;a encourag\u00e9e \u00e0 partager mon histoire dans l&#039;espoir qu&#039;elle puisse aider ne serait-ce qu&#039;UNE seule personne.\" \/>\n<meta property=\"og:url\" content=\"https:\/\/www.braintumour.ca\/fr\/temoignages\/prix-david-kelly-danielle-froio-king\/\" \/>\n<meta property=\"og:site_name\" content=\"Fondation canadienne des tumeurs c\u00e9r\u00e9brales\" \/>\n<meta property=\"article:published_time\" content=\"2022-04-26T13:33:02+00:00\" \/>\n<meta property=\"article:modified_time\" content=\"2022-04-26T14:28:10+00:00\" \/>\n<meta property=\"og:image\" content=\"https:\/\/www.braintumour.ca\/wp-content\/uploads\/2022\/04\/Screenshot-2022-04-26-at-09-29-12-BrainTumourFoundationOfCanada-@braintumourfdn-on-Instagram-\u2022-1-109-photos-and-videos.png\" \/>\n\t<meta property=\"og:image:width\" content=\"799\" \/>\n\t<meta property=\"og:image:height\" content=\"740\" \/>\n\t<meta property=\"og:image:type\" content=\"image\/png\" \/>\n<meta name=\"author\" content=\"Romina Ferro\" \/>\n<meta name=\"twitter:card\" content=\"summary_large_image\" \/>\n<meta name=\"twitter:label1\" content=\"\u00c9crit par\" \/>\n\t<meta name=\"twitter:data1\" content=\"Romina Ferro\" \/>\n\t<meta name=\"twitter:label2\" content=\"Estimation du temps de lecture\" \/>\n\t<meta name=\"twitter:data2\" content=\"3 minutes\" \/>\n<script type=\"application\/ld+json\" class=\"yoast-schema-graph\">{\"@context\":\"https:\/\/schema.org\",\"@graph\":[{\"@type\":\"Article\",\"@id\":\"https:\/\/www.braintumour.ca\/fr\/temoignages\/prix-david-kelly-danielle-froio-king\/#article\",\"isPartOf\":{\"@id\":\"https:\/\/www.braintumour.ca\/fr\/temoignages\/prix-david-kelly-danielle-froio-king\/\"},\"author\":{\"name\":\"Romina Ferro\",\"@id\":\"https:\/\/www.braintumour.ca\/fr\/#\/schema\/person\/10eabcb138f6aaa06827819a83da46bd\"},\"headline\":\"Prix David Kelly \u2013 Danielle Froio\/King\",\"datePublished\":\"2022-04-26T13:33:02+00:00\",\"dateModified\":\"2022-04-26T14:28:10+00:00\",\"mainEntityOfPage\":{\"@id\":\"https:\/\/www.braintumour.ca\/fr\/temoignages\/prix-david-kelly-danielle-froio-king\/\"},\"wordCount\":732,\"image\":{\"@id\":\"https:\/\/www.braintumour.ca\/fr\/temoignages\/prix-david-kelly-danielle-froio-king\/#primaryimage\"},\"thumbnailUrl\":\"https:\/\/www.braintumour.ca\/wp-content\/uploads\/2022\/04\/Screenshot-2022-04-26-at-09-29-12-BrainTumourFoundationOfCanada-@braintumourfdn-on-Instagram-\u2022-1-109-photos-and-videos.png\",\"keywords\":[\"Fondation canadienne des tumeurs c\u00e9r\u00e9brales\",\"national volunteer week\",\"semaine de l'Action b\u00e9n\u00e9vole\",\"Volunteer Awards\",\"prix pour les b\u00e9n\u00e9voles\",\"David Kelly Award\",\"Prix David Kelly\",\"brain tumour foundaiton of canada\"],\"articleSection\":[\"T\u00e9moignages\",\"B\u00e9n\u00e9voles\"],\"inLanguage\":\"fr-CA\"},{\"@type\":\"WebPage\",\"@id\":\"https:\/\/www.braintumour.ca\/fr\/temoignages\/prix-david-kelly-danielle-froio-king\/\",\"url\":\"https:\/\/www.braintumour.ca\/fr\/temoignages\/prix-david-kelly-danielle-froio-king\/\",\"name\":\"Prix David Kelly \u2013 Danielle Froio\/King - Fondation canadienne des tumeurs c\u00e9r\u00e9brales\",\"isPartOf\":{\"@id\":\"https:\/\/www.braintumour.ca\/fr\/#website\"},\"primaryImageOfPage\":{\"@id\":\"https:\/\/www.braintumour.ca\/fr\/temoignages\/prix-david-kelly-danielle-froio-king\/#primaryimage\"},\"image\":{\"@id\":\"https:\/\/www.braintumour.ca\/fr\/temoignages\/prix-david-kelly-danielle-froio-king\/#primaryimage\"},\"thumbnailUrl\":\"https:\/\/www.braintumour.ca\/wp-content\/uploads\/2022\/04\/Screenshot-2022-04-26-at-09-29-12-BrainTumourFoundationOfCanada-@braintumourfdn-on-Instagram-\u2022-1-109-photos-and-videos.png\",\"datePublished\":\"2022-04-26T13:33:02+00:00\",\"dateModified\":\"2022-04-26T14:28:10+00:00\",\"author\":{\"@id\":\"https:\/\/www.braintumour.ca\/fr\/#\/schema\/person\/10eabcb138f6aaa06827819a83da46bd\"},\"breadcrumb\":{\"@id\":\"https:\/\/www.braintumour.ca\/fr\/temoignages\/prix-david-kelly-danielle-froio-king\/#breadcrumb\"},\"inLanguage\":\"fr-CA\",\"potentialAction\":[{\"@type\":\"ReadAction\",\"target\":[\"https:\/\/www.braintumour.ca\/fr\/temoignages\/prix-david-kelly-danielle-froio-king\/\"]}]},{\"@type\":\"ImageObject\",\"inLanguage\":\"fr-CA\",\"@id\":\"https:\/\/www.braintumour.ca\/fr\/temoignages\/prix-david-kelly-danielle-froio-king\/#primaryimage\",\"url\":\"https:\/\/www.braintumour.ca\/wp-content\/uploads\/2022\/04\/Screenshot-2022-04-26-at-09-29-12-BrainTumourFoundationOfCanada-@braintumourfdn-on-Instagram-\u2022-1-109-photos-and-videos.png\",\"contentUrl\":\"https:\/\/www.braintumour.ca\/wp-content\/uploads\/2022\/04\/Screenshot-2022-04-26-at-09-29-12-BrainTumourFoundationOfCanada-@braintumourfdn-on-Instagram-\u2022-1-109-photos-and-videos.png\",\"width\":799,\"height\":740},{\"@type\":\"BreadcrumbList\",\"@id\":\"https:\/\/www.braintumour.ca\/fr\/temoignages\/prix-david-kelly-danielle-froio-king\/#breadcrumb\",\"itemListElement\":[{\"@type\":\"ListItem\",\"position\":1,\"name\":\"Home\",\"item\":\"https:\/\/www.braintumour.ca\/fr\/\"},{\"@type\":\"ListItem\",\"position\":2,\"name\":\"Prix David Kelly \u2013 Danielle Froio\/King\"}]},{\"@type\":\"WebSite\",\"@id\":\"https:\/\/www.braintumour.ca\/fr\/#website\",\"url\":\"https:\/\/www.braintumour.ca\/fr\/\",\"name\":\"Fondation canadienne des tumeurs c\u00e9r\u00e9brales\",\"description\":\"Notre mission est de venir en aide \u00e0 toutes les personnes touch\u00e9es par une tumeur c\u00e9r\u00e9brale au Canada par le biais de nos programmes d\u2019information, de soutien, d\u2019\u00e9ducation et de recherche.\",\"potentialAction\":[{\"@type\":\"SearchAction\",\"target\":{\"@type\":\"EntryPoint\",\"urlTemplate\":\"https:\/\/www.braintumour.ca\/fr\/?s={search_term_string}\"},\"query-input\":{\"@type\":\"PropertyValueSpecification\",\"valueRequired\":true,\"valueName\":\"search_term_string\"}}],\"inLanguage\":\"fr-CA\"},{\"@type\":\"Person\",\"@id\":\"https:\/\/www.braintumour.ca\/fr\/#\/schema\/person\/10eabcb138f6aaa06827819a83da46bd\",\"name\":\"Romina Ferro\",\"image\":{\"@type\":\"ImageObject\",\"inLanguage\":\"fr-CA\",\"@id\":\"https:\/\/www.braintumour.ca\/fr\/#\/schema\/person\/image\/\",\"url\":\"https:\/\/secure.gravatar.com\/avatar\/6d65880e08e70ff0466fe68772e56b61c75b5615974a3a17ec562bad6e31f7b5?s=96&d=mm&r=g\",\"contentUrl\":\"https:\/\/secure.gravatar.com\/avatar\/6d65880e08e70ff0466fe68772e56b61c75b5615974a3a17ec562bad6e31f7b5?s=96&d=mm&r=g\",\"caption\":\"Romina Ferro\"}}]}<\/script>\n<!-- \/ Yoast SEO Premium plugin. -->","yoast_head_json":{"title":"Prix David Kelly \u2013 Danielle Froio\/King - Fondation canadienne des tumeurs c\u00e9r\u00e9brales","robots":{"index":"index","follow":"follow","max-snippet":"max-snippet:-1","max-image-preview":"max-image-preview:large","max-video-preview":"max-video-preview:-1"},"canonical":"https:\/\/www.braintumour.ca\/fr\/temoignages\/prix-david-kelly-danielle-froio-king\/","og_locale":"fr_CA","og_type":"article","og_title":"Prix David Kelly \u2013 Danielle Froio\/King","og_description":"\u00c9tant moi-m\u00eame atteinte d'une tumeur c\u00e9r\u00e9brale, j'ai d'abord partag\u00e9 mon histoire personnelle d'ESPOIR avec la fondation en 2015, apr\u00e8s ma premi\u00e8re op\u00e9ration au cerveau. Mon neurochirurgien m'a encourag\u00e9e \u00e0 partager mon histoire dans l'espoir qu'elle puisse aider ne serait-ce qu'UNE seule personne.","og_url":"https:\/\/www.braintumour.ca\/fr\/temoignages\/prix-david-kelly-danielle-froio-king\/","og_site_name":"Fondation canadienne des tumeurs c\u00e9r\u00e9brales","article_published_time":"2022-04-26T13:33:02+00:00","article_modified_time":"2022-04-26T14:28:10+00:00","og_image":[{"width":799,"height":740,"url":"https:\/\/www.braintumour.ca\/wp-content\/uploads\/2022\/04\/Screenshot-2022-04-26-at-09-29-12-BrainTumourFoundationOfCanada-@braintumourfdn-on-Instagram-\u2022-1-109-photos-and-videos.png","type":"image\/png"}],"author":"Romina Ferro","twitter_card":"summary_large_image","twitter_misc":{"\u00c9crit par":"Romina Ferro","Estimation du temps de lecture":"3 minutes"},"schema":{"@context":"https:\/\/schema.org","@graph":[{"@type":"Article","@id":"https:\/\/www.braintumour.ca\/fr\/temoignages\/prix-david-kelly-danielle-froio-king\/#article","isPartOf":{"@id":"https:\/\/www.braintumour.ca\/fr\/temoignages\/prix-david-kelly-danielle-froio-king\/"},"author":{"name":"Romina Ferro","@id":"https:\/\/www.braintumour.ca\/fr\/#\/schema\/person\/10eabcb138f6aaa06827819a83da46bd"},"headline":"Prix David Kelly \u2013 Danielle Froio\/King","datePublished":"2022-04-26T13:33:02+00:00","dateModified":"2022-04-26T14:28:10+00:00","mainEntityOfPage":{"@id":"https:\/\/www.braintumour.ca\/fr\/temoignages\/prix-david-kelly-danielle-froio-king\/"},"wordCount":732,"image":{"@id":"https:\/\/www.braintumour.ca\/fr\/temoignages\/prix-david-kelly-danielle-froio-king\/#primaryimage"},"thumbnailUrl":"https:\/\/www.braintumour.ca\/wp-content\/uploads\/2022\/04\/Screenshot-2022-04-26-at-09-29-12-BrainTumourFoundationOfCanada-@braintumourfdn-on-Instagram-\u2022-1-109-photos-and-videos.png","keywords":["Fondation canadienne des tumeurs c\u00e9r\u00e9brales","national volunteer week","semaine de l'Action b\u00e9n\u00e9vole","Volunteer Awards","prix pour les b\u00e9n\u00e9voles","David Kelly Award","Prix David Kelly","brain tumour foundaiton of canada"],"articleSection":["T\u00e9moignages","B\u00e9n\u00e9voles"],"inLanguage":"fr-CA"},{"@type":"WebPage","@id":"https:\/\/www.braintumour.ca\/fr\/temoignages\/prix-david-kelly-danielle-froio-king\/","url":"https:\/\/www.braintumour.ca\/fr\/temoignages\/prix-david-kelly-danielle-froio-king\/","name":"Prix David Kelly \u2013 Danielle Froio\/King - Fondation canadienne des tumeurs c\u00e9r\u00e9brales","isPartOf":{"@id":"https:\/\/www.braintumour.ca\/fr\/#website"},"primaryImageOfPage":{"@id":"https:\/\/www.braintumour.ca\/fr\/temoignages\/prix-david-kelly-danielle-froio-king\/#primaryimage"},"image":{"@id":"https:\/\/www.braintumour.ca\/fr\/temoignages\/prix-david-kelly-danielle-froio-king\/#primaryimage"},"thumbnailUrl":"https:\/\/www.braintumour.ca\/wp-content\/uploads\/2022\/04\/Screenshot-2022-04-26-at-09-29-12-BrainTumourFoundationOfCanada-@braintumourfdn-on-Instagram-\u2022-1-109-photos-and-videos.png","datePublished":"2022-04-26T13:33:02+00:00","dateModified":"2022-04-26T14:28:10+00:00","author":{"@id":"https:\/\/www.braintumour.ca\/fr\/#\/schema\/person\/10eabcb138f6aaa06827819a83da46bd"},"breadcrumb":{"@id":"https:\/\/www.braintumour.ca\/fr\/temoignages\/prix-david-kelly-danielle-froio-king\/#breadcrumb"},"inLanguage":"fr-CA","potentialAction":[{"@type":"ReadAction","target":["https:\/\/www.braintumour.ca\/fr\/temoignages\/prix-david-kelly-danielle-froio-king\/"]}]},{"@type":"ImageObject","inLanguage":"fr-CA","@id":"https:\/\/www.braintumour.ca\/fr\/temoignages\/prix-david-kelly-danielle-froio-king\/#primaryimage","url":"https:\/\/www.braintumour.ca\/wp-content\/uploads\/2022\/04\/Screenshot-2022-04-26-at-09-29-12-BrainTumourFoundationOfCanada-@braintumourfdn-on-Instagram-\u2022-1-109-photos-and-videos.png","contentUrl":"https:\/\/www.braintumour.ca\/wp-content\/uploads\/2022\/04\/Screenshot-2022-04-26-at-09-29-12-BrainTumourFoundationOfCanada-@braintumourfdn-on-Instagram-\u2022-1-109-photos-and-videos.png","width":799,"height":740},{"@type":"BreadcrumbList","@id":"https:\/\/www.braintumour.ca\/fr\/temoignages\/prix-david-kelly-danielle-froio-king\/#breadcrumb","itemListElement":[{"@type":"ListItem","position":1,"name":"Home","item":"https:\/\/www.braintumour.ca\/fr\/"},{"@type":"ListItem","position":2,"name":"Prix David Kelly \u2013 Danielle Froio\/King"}]},{"@type":"WebSite","@id":"https:\/\/www.braintumour.ca\/fr\/#website","url":"https:\/\/www.braintumour.ca\/fr\/","name":"Fondation canadienne des tumeurs c\u00e9r\u00e9brales","description":"Notre mission est de venir en aide \u00e0 toutes les personnes touch\u00e9es par une tumeur c\u00e9r\u00e9brale au Canada par le biais de nos programmes d\u2019information, de soutien, d\u2019\u00e9ducation et de recherche.","potentialAction":[{"@type":"SearchAction","target":{"@type":"EntryPoint","urlTemplate":"https:\/\/www.braintumour.ca\/fr\/?s={search_term_string}"},"query-input":{"@type":"PropertyValueSpecification","valueRequired":true,"valueName":"search_term_string"}}],"inLanguage":"fr-CA"},{"@type":"Person","@id":"https:\/\/www.braintumour.ca\/fr\/#\/schema\/person\/10eabcb138f6aaa06827819a83da46bd","name":"Romina Ferro","image":{"@type":"ImageObject","inLanguage":"fr-CA","@id":"https:\/\/www.braintumour.ca\/fr\/#\/schema\/person\/image\/","url":"https:\/\/secure.gravatar.com\/avatar\/6d65880e08e70ff0466fe68772e56b61c75b5615974a3a17ec562bad6e31f7b5?s=96&d=mm&r=g","contentUrl":"https:\/\/secure.gravatar.com\/avatar\/6d65880e08e70ff0466fe68772e56b61c75b5615974a3a17ec562bad6e31f7b5?s=96&d=mm&r=g","caption":"Romina Ferro"}}]}},"_links":{"self":[{"href":"https:\/\/www.braintumour.ca\/fr\/wp-json\/wp\/v2\/posts\/9032","targetHints":{"allow":["GET"]}}],"collection":[{"href":"https:\/\/www.braintumour.ca\/fr\/wp-json\/wp\/v2\/posts"}],"about":[{"href":"https:\/\/www.braintumour.ca\/fr\/wp-json\/wp\/v2\/types\/post"}],"author":[{"embeddable":true,"href":"https:\/\/www.braintumour.ca\/fr\/wp-json\/wp\/v2\/users\/6"}],"replies":[{"embeddable":true,"href":"https:\/\/www.braintumour.ca\/fr\/wp-json\/wp\/v2\/comments?post=9032"}],"version-history":[{"count":0,"href":"https:\/\/www.braintumour.ca\/fr\/wp-json\/wp\/v2\/posts\/9032\/revisions"}],"wp:featuredmedia":[{"embeddable":true,"href":"https:\/\/www.braintumour.ca\/fr\/wp-json\/wp\/v2\/media\/9017"}],"wp:attachment":[{"href":"https:\/\/www.braintumour.ca\/fr\/wp-json\/wp\/v2\/media?parent=9032"}],"wp:term":[{"taxonomy":"category","embeddable":true,"href":"https:\/\/www.braintumour.ca\/fr\/wp-json\/wp\/v2\/categories?post=9032"},{"taxonomy":"post_tag","embeddable":true,"href":"https:\/\/www.braintumour.ca\/fr\/wp-json\/wp\/v2\/tags?post=9032"},{"taxonomy":"user_type","embeddable":true,"href":"https:\/\/www.braintumour.ca\/fr\/wp-json\/wp\/v2\/user_type?post=9032"},{"taxonomy":"locations","embeddable":true,"href":"https:\/\/www.braintumour.ca\/fr\/wp-json\/wp\/v2\/locations?post=9032"}],"curies":[{"name":"wp","href":"https:\/\/api.w.org\/{rel}","templated":true}]}}