{"id":9090,"date":"2022-04-27T10:15:46","date_gmt":"2022-04-27T14:15:46","guid":{"rendered":"https:\/\/www.braintumour.ca\/non-classifiee\/dave-dentremont-team-dentremont-in-fredericton\/"},"modified":"2022-04-27T10:40:10","modified_gmt":"2022-04-27T14:40:10","slug":"dave-dentremont-team-dentremont-in-fredericton","status":"publish","type":"post","link":"https:\/\/www.braintumour.ca\/fr\/blogue\/dave-dentremont-team-dentremont-in-fredericton\/","title":{"rendered":"Dave D\u2019Entremont: \u00c9quipe D&rsquo;Entremont \u2013 Fredericton"},"content":{"rendered":"<p>En novembre 2001, Dave D&rsquo;Entremont a re\u00e7u un diagnostic de neurocytome central.<\/p>\n<p>Apr\u00e8s sa p\u00e9riode de gu\u00e9rison, il a d\u00e9cid\u00e9 de redonner \u00e0 la communaut\u00e9 des tumeurs c\u00e9r\u00e9brales. En 2004, Dave a organis\u00e9 la premi\u00e8re Marche des tumeurs c\u00e9r\u00e9brales de Fredericton, au Nouveau-Brunswick, un \u00e9v\u00e9nement destin\u00e9 aux survivants, \u00e0 leurs familles, leurs amis, leurs coll\u00e8gues de travail et \u00e0 quiconque souhaite t\u00e9moigner leur soutien.<\/p>\n<p>\u00ab Les choses se sont tr\u00e8s bien pass\u00e9es pour moi, tant sur le plan m\u00e9dical que mental \u00bb, raconte Dave.<img loading=\"lazy\" decoding=\"async\" class=\"alignright wp-image-7538\" style=\"padding-top: 15px;\" src=\"https:\/\/www.braintumour.ca\/wp-content\/uploads\/2022\/04\/Fredericton-Dave.jpg\" alt=\"Dave D'Entremont\" width=\"400\" height=\"250\" \/><\/p>\n<p>Cette ann\u00e9e, Dave et l&rsquo;\u00c9quipe D&rsquo;Entremont coordonnent et planifient leur participation \u00e0 leur 19e marche. \u00ab Nous sommes l\u00e0 pour ceux qui luttent actuellement contre une tumeur c\u00e9r\u00e9brale, ou en l&rsquo;honneur de ceux qui ont perdu leur combat \u00bb, explique-t-il. L&rsquo;\u00e9v\u00e9nement de cette ann\u00e9e sera virtuel, mais le week-end de l&rsquo;\u00e9v\u00e9nement, quelques participants marcheront ensemble au Centre forestier Hugh John Fleming, qui est le lieu de rassemblement principal.<\/p>\n<p>En 2023, la Marche des tumeurs c\u00e9r\u00e9brales de Fredericton c\u00e9l\u00e8brera son 20e anniversaire. Dave et son \u00e9quipe anticipent d\u00e9j\u00e0 leur prochaine marche en personne, qui aura lieu cette ann\u00e9e-l\u00e0.<\/p>\n<p>\u00ab Apr\u00e8s avoir appris que j&rsquo;avais une tumeur c\u00e9r\u00e9brale, l&rsquo;espoir \u00e9tait la force dont j&rsquo;avais besoin pour tenir le coup. L&rsquo;espoir, c&rsquo;est la conviction que l&rsquo;on peut y arriver, m\u00eame si les chances sont contre nous, car on dit souvent que quelqu&rsquo;un a de la chance ou de la malchance. Vous vous battez pour vivre afin de pouvoir voir grandir vos enfants et r\u00e9ussir dans la vie \u00bb, souligne Dave.<\/p>\n<p>\u00ab Le hasard ne favorise que les esprits pr\u00e9par\u00e9s. \u00bb &#8211; Louis Pasteur. Pour se motiver et s&rsquo;inspirer, Dave s&rsquo;appuie sur cette citation.<\/p>\n<p>Au nom de la Fondation canadienne des tumeurs c\u00e9r\u00e9brales et de la communaut\u00e9 des tumeurs c\u00e9r\u00e9brales:<\/p>\n<p>Merci Dave D&rsquo;Entremont!<\/p>\n<p><strong>Apprenez-en plus sur la Marche des tumeurs c\u00e9r\u00e9brales et inscrivez-vous \u00e0 l\u2019\u00e9v\u00e9nement au <a href=\"http:\/\/www.marchetumeurscerebrales.ca\" target=\"_blank\" rel=\"noopener\">www.marchetumeurscerebrales.ca<\/a>!<\/strong><\/p>\n","protected":false},"excerpt":{"rendered":"<p>En novembre 2001, Dave D&rsquo;Entremont a re\u00e7u un diagnostic de neurocytome central. Apr\u00e8s sa p\u00e9riode de gu\u00e9rison, il a d\u00e9cid\u00e9 [&hellip;]<\/p>\n","protected":false},"author":4,"featured_media":8977,"comment_status":"closed","ping_status":"closed","sticky":false,"template":"","format":"standard","meta":{"_acf_changed":false,"footnotes":""},"categories":[138,146],"tags":[214,310],"user_type":[],"locations":[186],"class_list":["post-9090","post","type-post","status-publish","format-standard","has-post-thumbnail","hentry","category-blogue","category-marche-des-tumeurs-cerebrales","tag-brain-tumour-foundation-of-canada-fr","tag-marchetumeurscerebrales-fr","locations-fredericton-fr"],"acf":[],"yoast_head":"<!-- This site is optimized with the Yoast SEO Premium plugin v27.0 (Yoast SEO v27.0) - https:\/\/yoast.com\/product\/yoast-seo-premium-wordpress\/ -->\n<title>Dave D\u2019Entremont: \u00c9quipe D&#039;Entremont \u2013 Fredericton - Fondation canadienne des tumeurs c\u00e9r\u00e9brales<\/title>\n<meta name=\"robots\" content=\"index, follow, max-snippet:-1, max-image-preview:large, max-video-preview:-1\" \/>\n<link rel=\"canonical\" href=\"https:\/\/www.braintumour.ca\/fr\/blogue\/dave-dentremont-team-dentremont-in-fredericton\/\" \/>\n<meta property=\"og:locale\" content=\"fr_CA\" \/>\n<meta property=\"og:type\" content=\"article\" \/>\n<meta property=\"og:title\" content=\"Dave D\u2019Entremont: \u00c9quipe D&#039;Entremont \u2013 Fredericton\" \/>\n<meta property=\"og:description\" content=\"En novembre 2001, Dave D&rsquo;Entremont a re\u00e7u un diagnostic de neurocytome central. Apr\u00e8s sa p\u00e9riode de gu\u00e9rison, il a d\u00e9cid\u00e9 [&hellip;]\" \/>\n<meta property=\"og:url\" content=\"https:\/\/www.braintumour.ca\/fr\/blogue\/dave-dentremont-team-dentremont-in-fredericton\/\" \/>\n<meta property=\"og:site_name\" content=\"Fondation canadienne des tumeurs c\u00e9r\u00e9brales\" \/>\n<meta property=\"article:published_time\" content=\"2022-04-27T14:15:46+00:00\" \/>\n<meta property=\"article:modified_time\" content=\"2022-04-27T14:40:10+00:00\" \/>\n<meta property=\"og:image\" content=\"https:\/\/www.braintumour.ca\/wp-content\/uploads\/2022\/04\/Dave-Fredericton.jpg\" \/>\n\t<meta property=\"og:image:width\" content=\"1242\" \/>\n\t<meta property=\"og:image:height\" content=\"930\" \/>\n\t<meta property=\"og:image:type\" content=\"image\/jpeg\" \/>\n<meta name=\"author\" content=\"Matt Berry\" \/>\n<meta name=\"twitter:card\" content=\"summary_large_image\" \/>\n<meta name=\"twitter:label1\" content=\"\u00c9crit par\" \/>\n\t<meta name=\"twitter:data1\" content=\"Matt Berry\" \/>\n\t<meta name=\"twitter:label2\" content=\"Estimation du temps de lecture\" \/>\n\t<meta name=\"twitter:data2\" content=\"2 minutes\" \/>\n<script type=\"application\/ld+json\" class=\"yoast-schema-graph\">{\"@context\":\"https:\/\/schema.org\",\"@graph\":[{\"@type\":\"Article\",\"@id\":\"https:\/\/www.braintumour.ca\/fr\/blogue\/dave-dentremont-team-dentremont-in-fredericton\/#article\",\"isPartOf\":{\"@id\":\"https:\/\/www.braintumour.ca\/fr\/blogue\/dave-dentremont-team-dentremont-in-fredericton\/\"},\"author\":{\"name\":\"Matt Berry\",\"@id\":\"https:\/\/www.braintumour.ca\/fr\/#\/schema\/person\/7534b1b1d4da5d8e37af436b293eca3d\"},\"headline\":\"Dave D\u2019Entremont: \u00c9quipe D&rsquo;Entremont \u2013 Fredericton\",\"datePublished\":\"2022-04-27T14:15:46+00:00\",\"dateModified\":\"2022-04-27T14:40:10+00:00\",\"mainEntityOfPage\":{\"@id\":\"https:\/\/www.braintumour.ca\/fr\/blogue\/dave-dentremont-team-dentremont-in-fredericton\/\"},\"wordCount\":359,\"image\":{\"@id\":\"https:\/\/www.braintumour.ca\/fr\/blogue\/dave-dentremont-team-dentremont-in-fredericton\/#primaryimage\"},\"thumbnailUrl\":\"https:\/\/www.braintumour.ca\/wp-content\/uploads\/2022\/04\/Dave-Fredericton.jpg\",\"keywords\":[\"brain tumour foundation of canada\",\"#MarcheTumeursC\u00e9r\u00e9brales\"],\"articleSection\":[\"Nouvelles\",\"Marche des tumeurs c\u00e9r\u00e9brales\"],\"inLanguage\":\"fr-CA\"},{\"@type\":\"WebPage\",\"@id\":\"https:\/\/www.braintumour.ca\/fr\/blogue\/dave-dentremont-team-dentremont-in-fredericton\/\",\"url\":\"https:\/\/www.braintumour.ca\/fr\/blogue\/dave-dentremont-team-dentremont-in-fredericton\/\",\"name\":\"Dave D\u2019Entremont: \u00c9quipe D'Entremont \u2013 Fredericton - Fondation canadienne des tumeurs c\u00e9r\u00e9brales\",\"isPartOf\":{\"@id\":\"https:\/\/www.braintumour.ca\/fr\/#website\"},\"primaryImageOfPage\":{\"@id\":\"https:\/\/www.braintumour.ca\/fr\/blogue\/dave-dentremont-team-dentremont-in-fredericton\/#primaryimage\"},\"image\":{\"@id\":\"https:\/\/www.braintumour.ca\/fr\/blogue\/dave-dentremont-team-dentremont-in-fredericton\/#primaryimage\"},\"thumbnailUrl\":\"https:\/\/www.braintumour.ca\/wp-content\/uploads\/2022\/04\/Dave-Fredericton.jpg\",\"datePublished\":\"2022-04-27T14:15:46+00:00\",\"dateModified\":\"2022-04-27T14:40:10+00:00\",\"author\":{\"@id\":\"https:\/\/www.braintumour.ca\/fr\/#\/schema\/person\/7534b1b1d4da5d8e37af436b293eca3d\"},\"breadcrumb\":{\"@id\":\"https:\/\/www.braintumour.ca\/fr\/blogue\/dave-dentremont-team-dentremont-in-fredericton\/#breadcrumb\"},\"inLanguage\":\"fr-CA\",\"potentialAction\":[{\"@type\":\"ReadAction\",\"target\":[\"https:\/\/www.braintumour.ca\/fr\/blogue\/dave-dentremont-team-dentremont-in-fredericton\/\"]}]},{\"@type\":\"ImageObject\",\"inLanguage\":\"fr-CA\",\"@id\":\"https:\/\/www.braintumour.ca\/fr\/blogue\/dave-dentremont-team-dentremont-in-fredericton\/#primaryimage\",\"url\":\"https:\/\/www.braintumour.ca\/wp-content\/uploads\/2022\/04\/Dave-Fredericton.jpg\",\"contentUrl\":\"https:\/\/www.braintumour.ca\/wp-content\/uploads\/2022\/04\/Dave-Fredericton.jpg\",\"width\":1242,\"height\":930},{\"@type\":\"BreadcrumbList\",\"@id\":\"https:\/\/www.braintumour.ca\/fr\/blogue\/dave-dentremont-team-dentremont-in-fredericton\/#breadcrumb\",\"itemListElement\":[{\"@type\":\"ListItem\",\"position\":1,\"name\":\"Home\",\"item\":\"https:\/\/www.braintumour.ca\/fr\/\"},{\"@type\":\"ListItem\",\"position\":2,\"name\":\"Dave D\u2019Entremont: \u00c9quipe D&rsquo;Entremont \u2013 Fredericton\"}]},{\"@type\":\"WebSite\",\"@id\":\"https:\/\/www.braintumour.ca\/fr\/#website\",\"url\":\"https:\/\/www.braintumour.ca\/fr\/\",\"name\":\"Fondation canadienne des tumeurs c\u00e9r\u00e9brales\",\"description\":\"Notre mission est de venir en aide \u00e0 toutes les personnes touch\u00e9es par une tumeur c\u00e9r\u00e9brale au Canada par le biais de nos programmes d\u2019information, de soutien, d\u2019\u00e9ducation et de recherche.\",\"potentialAction\":[{\"@type\":\"SearchAction\",\"target\":{\"@type\":\"EntryPoint\",\"urlTemplate\":\"https:\/\/www.braintumour.ca\/fr\/?s={search_term_string}\"},\"query-input\":{\"@type\":\"PropertyValueSpecification\",\"valueRequired\":true,\"valueName\":\"search_term_string\"}}],\"inLanguage\":\"fr-CA\"},{\"@type\":\"Person\",\"@id\":\"https:\/\/www.braintumour.ca\/fr\/#\/schema\/person\/7534b1b1d4da5d8e37af436b293eca3d\",\"name\":\"Matt Berry\",\"image\":{\"@type\":\"ImageObject\",\"inLanguage\":\"fr-CA\",\"@id\":\"https:\/\/www.braintumour.ca\/fr\/#\/schema\/person\/image\/\",\"url\":\"https:\/\/secure.gravatar.com\/avatar\/882da3b67056b0c608086d3c77de46948b64244a4c249e81e0bf04a8095ce320?s=96&d=mm&r=g\",\"contentUrl\":\"https:\/\/secure.gravatar.com\/avatar\/882da3b67056b0c608086d3c77de46948b64244a4c249e81e0bf04a8095ce320?s=96&d=mm&r=g\",\"caption\":\"Matt Berry\"}}]}<\/script>\n<!-- \/ Yoast SEO Premium plugin. -->","yoast_head_json":{"title":"Dave D\u2019Entremont: \u00c9quipe D'Entremont \u2013 Fredericton - Fondation canadienne des tumeurs c\u00e9r\u00e9brales","robots":{"index":"index","follow":"follow","max-snippet":"max-snippet:-1","max-image-preview":"max-image-preview:large","max-video-preview":"max-video-preview:-1"},"canonical":"https:\/\/www.braintumour.ca\/fr\/blogue\/dave-dentremont-team-dentremont-in-fredericton\/","og_locale":"fr_CA","og_type":"article","og_title":"Dave D\u2019Entremont: \u00c9quipe D'Entremont \u2013 Fredericton","og_description":"En novembre 2001, Dave D&rsquo;Entremont a re\u00e7u un diagnostic de neurocytome central. Apr\u00e8s sa p\u00e9riode de gu\u00e9rison, il a d\u00e9cid\u00e9 [&hellip;]","og_url":"https:\/\/www.braintumour.ca\/fr\/blogue\/dave-dentremont-team-dentremont-in-fredericton\/","og_site_name":"Fondation canadienne des tumeurs c\u00e9r\u00e9brales","article_published_time":"2022-04-27T14:15:46+00:00","article_modified_time":"2022-04-27T14:40:10+00:00","og_image":[{"width":1242,"height":930,"url":"https:\/\/www.braintumour.ca\/wp-content\/uploads\/2022\/04\/Dave-Fredericton.jpg","type":"image\/jpeg"}],"author":"Matt Berry","twitter_card":"summary_large_image","twitter_misc":{"\u00c9crit par":"Matt Berry","Estimation du temps de lecture":"2 minutes"},"schema":{"@context":"https:\/\/schema.org","@graph":[{"@type":"Article","@id":"https:\/\/www.braintumour.ca\/fr\/blogue\/dave-dentremont-team-dentremont-in-fredericton\/#article","isPartOf":{"@id":"https:\/\/www.braintumour.ca\/fr\/blogue\/dave-dentremont-team-dentremont-in-fredericton\/"},"author":{"name":"Matt Berry","@id":"https:\/\/www.braintumour.ca\/fr\/#\/schema\/person\/7534b1b1d4da5d8e37af436b293eca3d"},"headline":"Dave D\u2019Entremont: \u00c9quipe D&rsquo;Entremont \u2013 Fredericton","datePublished":"2022-04-27T14:15:46+00:00","dateModified":"2022-04-27T14:40:10+00:00","mainEntityOfPage":{"@id":"https:\/\/www.braintumour.ca\/fr\/blogue\/dave-dentremont-team-dentremont-in-fredericton\/"},"wordCount":359,"image":{"@id":"https:\/\/www.braintumour.ca\/fr\/blogue\/dave-dentremont-team-dentremont-in-fredericton\/#primaryimage"},"thumbnailUrl":"https:\/\/www.braintumour.ca\/wp-content\/uploads\/2022\/04\/Dave-Fredericton.jpg","keywords":["brain tumour foundation of canada","#MarcheTumeursC\u00e9r\u00e9brales"],"articleSection":["Nouvelles","Marche des tumeurs c\u00e9r\u00e9brales"],"inLanguage":"fr-CA"},{"@type":"WebPage","@id":"https:\/\/www.braintumour.ca\/fr\/blogue\/dave-dentremont-team-dentremont-in-fredericton\/","url":"https:\/\/www.braintumour.ca\/fr\/blogue\/dave-dentremont-team-dentremont-in-fredericton\/","name":"Dave D\u2019Entremont: \u00c9quipe D'Entremont \u2013 Fredericton - Fondation canadienne des tumeurs c\u00e9r\u00e9brales","isPartOf":{"@id":"https:\/\/www.braintumour.ca\/fr\/#website"},"primaryImageOfPage":{"@id":"https:\/\/www.braintumour.ca\/fr\/blogue\/dave-dentremont-team-dentremont-in-fredericton\/#primaryimage"},"image":{"@id":"https:\/\/www.braintumour.ca\/fr\/blogue\/dave-dentremont-team-dentremont-in-fredericton\/#primaryimage"},"thumbnailUrl":"https:\/\/www.braintumour.ca\/wp-content\/uploads\/2022\/04\/Dave-Fredericton.jpg","datePublished":"2022-04-27T14:15:46+00:00","dateModified":"2022-04-27T14:40:10+00:00","author":{"@id":"https:\/\/www.braintumour.ca\/fr\/#\/schema\/person\/7534b1b1d4da5d8e37af436b293eca3d"},"breadcrumb":{"@id":"https:\/\/www.braintumour.ca\/fr\/blogue\/dave-dentremont-team-dentremont-in-fredericton\/#breadcrumb"},"inLanguage":"fr-CA","potentialAction":[{"@type":"ReadAction","target":["https:\/\/www.braintumour.ca\/fr\/blogue\/dave-dentremont-team-dentremont-in-fredericton\/"]}]},{"@type":"ImageObject","inLanguage":"fr-CA","@id":"https:\/\/www.braintumour.ca\/fr\/blogue\/dave-dentremont-team-dentremont-in-fredericton\/#primaryimage","url":"https:\/\/www.braintumour.ca\/wp-content\/uploads\/2022\/04\/Dave-Fredericton.jpg","contentUrl":"https:\/\/www.braintumour.ca\/wp-content\/uploads\/2022\/04\/Dave-Fredericton.jpg","width":1242,"height":930},{"@type":"BreadcrumbList","@id":"https:\/\/www.braintumour.ca\/fr\/blogue\/dave-dentremont-team-dentremont-in-fredericton\/#breadcrumb","itemListElement":[{"@type":"ListItem","position":1,"name":"Home","item":"https:\/\/www.braintumour.ca\/fr\/"},{"@type":"ListItem","position":2,"name":"Dave D\u2019Entremont: \u00c9quipe D&rsquo;Entremont \u2013 Fredericton"}]},{"@type":"WebSite","@id":"https:\/\/www.braintumour.ca\/fr\/#website","url":"https:\/\/www.braintumour.ca\/fr\/","name":"Fondation canadienne des tumeurs c\u00e9r\u00e9brales","description":"Notre mission est de venir en aide \u00e0 toutes les personnes touch\u00e9es par une tumeur c\u00e9r\u00e9brale au Canada par le biais de nos programmes d\u2019information, de soutien, d\u2019\u00e9ducation et de recherche.","potentialAction":[{"@type":"SearchAction","target":{"@type":"EntryPoint","urlTemplate":"https:\/\/www.braintumour.ca\/fr\/?s={search_term_string}"},"query-input":{"@type":"PropertyValueSpecification","valueRequired":true,"valueName":"search_term_string"}}],"inLanguage":"fr-CA"},{"@type":"Person","@id":"https:\/\/www.braintumour.ca\/fr\/#\/schema\/person\/7534b1b1d4da5d8e37af436b293eca3d","name":"Matt Berry","image":{"@type":"ImageObject","inLanguage":"fr-CA","@id":"https:\/\/www.braintumour.ca\/fr\/#\/schema\/person\/image\/","url":"https:\/\/secure.gravatar.com\/avatar\/882da3b67056b0c608086d3c77de46948b64244a4c249e81e0bf04a8095ce320?s=96&d=mm&r=g","contentUrl":"https:\/\/secure.gravatar.com\/avatar\/882da3b67056b0c608086d3c77de46948b64244a4c249e81e0bf04a8095ce320?s=96&d=mm&r=g","caption":"Matt Berry"}}]}},"_links":{"self":[{"href":"https:\/\/www.braintumour.ca\/fr\/wp-json\/wp\/v2\/posts\/9090","targetHints":{"allow":["GET"]}}],"collection":[{"href":"https:\/\/www.braintumour.ca\/fr\/wp-json\/wp\/v2\/posts"}],"about":[{"href":"https:\/\/www.braintumour.ca\/fr\/wp-json\/wp\/v2\/types\/post"}],"author":[{"embeddable":true,"href":"https:\/\/www.braintumour.ca\/fr\/wp-json\/wp\/v2\/users\/4"}],"replies":[{"embeddable":true,"href":"https:\/\/www.braintumour.ca\/fr\/wp-json\/wp\/v2\/comments?post=9090"}],"version-history":[{"count":0,"href":"https:\/\/www.braintumour.ca\/fr\/wp-json\/wp\/v2\/posts\/9090\/revisions"}],"wp:featuredmedia":[{"embeddable":true,"href":"https:\/\/www.braintumour.ca\/fr\/wp-json\/wp\/v2\/media\/8977"}],"wp:attachment":[{"href":"https:\/\/www.braintumour.ca\/fr\/wp-json\/wp\/v2\/media?parent=9090"}],"wp:term":[{"taxonomy":"category","embeddable":true,"href":"https:\/\/www.braintumour.ca\/fr\/wp-json\/wp\/v2\/categories?post=9090"},{"taxonomy":"post_tag","embeddable":true,"href":"https:\/\/www.braintumour.ca\/fr\/wp-json\/wp\/v2\/tags?post=9090"},{"taxonomy":"user_type","embeddable":true,"href":"https:\/\/www.braintumour.ca\/fr\/wp-json\/wp\/v2\/user_type?post=9090"},{"taxonomy":"locations","embeddable":true,"href":"https:\/\/www.braintumour.ca\/fr\/wp-json\/wp\/v2\/locations?post=9090"}],"curies":[{"name":"wp","href":"https:\/\/api.w.org\/{rel}","templated":true}]}}