{"id":9280,"date":"2022-05-09T07:47:55","date_gmt":"2022-05-09T11:47:55","guid":{"rendered":"https:\/\/www.braintumour.ca\/non-classifiee\/anne-megahy-toronto-on\/"},"modified":"2022-05-09T07:54:47","modified_gmt":"2022-05-09T11:54:47","slug":"anne-megahy-toronto-on","status":"publish","type":"post","link":"https:\/\/www.braintumour.ca\/fr\/blogue\/anne-megahy-toronto-on\/","title":{"rendered":"Anne Megahy &#8211; Toronto, ON"},"content":{"rendered":"<p>Un matin de 1992, Anne Megahy faisait des courses avec son mari et elle s&rsquo;appr\u00eatait \u00e0 lui rappeler quelque chose au moment o\u00f9 ce dernier allait entrer dans un magasin.  <\/p>\n<p>\u00ab\u202fTout \u00e0 coup, c&rsquo;\u00e9tait le n\u00e9ant ; aucune pens\u00e9e, aucun mot, et aucun souvenir \u00bb, se souvient-elle. \u00ab\u202fJe suis tout de m\u00eame rest\u00e9e debout, et j&rsquo;ai sugg\u00e9r\u00e9 que nous rentrions \u00e0 la maison\u202f\u00bb.  <\/p>\n<p>Tandis que son mari se pr\u00e9parait pour aller travailler cet apr\u00e8s-midi-l\u00e0, Anne a not\u00e9 les mots qu&rsquo;elle allait ensuite v\u00e9rifier apr\u00e8s son d\u00e9part.  <\/p>\n<p>\u00ab\u202fLes mots n&rsquo;avaient aucun sens. Il s&rsquo;agissait simplement de \u00ab\u00a0formes\u00a0\u00bb qui n&rsquo;\u00e9taient pas du tout des mots. Je l&rsquo;ai dit \u00e0 ma fille et j&rsquo;aurais laiss\u00e9 tomber si elle ne m&rsquo;avait pas convaincue d&rsquo;en parler \u00e0 mon m\u00e9decin\u202f\u00bb, d\u00e9clare-t-elle.  <\/p>\n<p>Son m\u00e9decin l&rsquo;a envoy\u00e9e en consultation aupr\u00e8s d&rsquo;un neurologue, puis lui a pris rendez-vous afin de lui faire passer un scan. Le scan a r\u00e9v\u00e9l\u00e9 un important m\u00e9ningiome dans la partie frontale droite de son cerveau. Une intervention chirurgicale a \u00e9t\u00e9 rapidement planifi\u00e9e. <\/p>\n<p>\u00ab\u202fMon op\u00e9ration a \u00e9t\u00e9 un succ\u00e8s et j&rsquo;ai r\u00e9cup\u00e9r\u00e9 rapidement, mais pourquoi ne pouvais-je pas m&rsquo;arr\u00eater de pleurer ? Pas d&rsquo;\u00e9motion, juste des larmes \u00bb, se souvient Anne, dont les crises de larmes duraient souvent plusieurs jours d&rsquo;affil\u00e9e. Entre-temps, elle a communiqu\u00e9 avec la Fondation canadienne des tumeurs c\u00e9r\u00e9brales, et elle estime que son association avec la Fondation a \u00e9t\u00e9 une d\u00e9marche positive et t\u00e9moigne d&rsquo;une amiti\u00e9 ind\u00e9fectible.  <img loading=\"lazy\" decoding=\"async\" class=\"alignright wp-image-7538\" style=\"padding-top: 15px;\" src=\"https:\/\/www.braintumour.ca\/wp-content\/uploads\/2022\/05\/Anne-Megahy-3.jpg\" alt=\"\" width=\"500\" height=\"350\" \/><\/p>\n<p>\u00ab\u202fLes rencontres de survivants ont \u00e9t\u00e9 un atout consid\u00e9rable pour mon r\u00e9tablissement, car j&rsquo;ai rencontr\u00e9 des personnes qui \u00e9taient pass\u00e9es par l\u00e0, et j&rsquo;ai pu constater leur attitude positive\u202f\u00bb, exprime-t-elle avec gratitude. La Fondation a \u00e9galement organis\u00e9 la marche annuelle au parc Sunnybrook, ce qui a permis \u00e0 Anne et \u00e0 toute sa famille de participer \u00e0 diverses activit\u00e9s en plus de la marche.  <\/p>\n<p>\u00ab\u202fJe suis devenue une collectrice de fonds et j&rsquo;ai appr\u00e9ci\u00e9 cette \u00ab\u00a0fonction\u00a0\u00bb tout au long de notre pr\u00e9sence au parc Sunnybrook \u00bb, dit-elle.  <\/p>\n<p>\u00c0 cette \u00e9poque, son fils \u00e9tait agent de police. Anne se souvient que plusieurs de ses coll\u00e8gues se joignaient \u00e0 lui chaque ann\u00e9e. Ces derniers se pr\u00e9sentaient en uniforme et \u00e9taient pr\u00eats \u00e0 rendre service, quelle que soit la fonction qui leur \u00e9tait assign\u00e9e.  <\/p>\n<p>\u00ab\u202fPendant notre participation au Spring Sprint, j&rsquo;ai \u00e9t\u00e9 entour\u00e9e d&rsquo;un soutien exceptionnel \u2013 de la part des membres de ma famille, de mes amis, de leurs coll\u00e8gues et des \u00e9tudiants. Nous avons couru, march\u00e9, et ces derniers applaudissaient tout le monde qui franchissait la ligne d&rsquo;arriv\u00e9e \u00bb, souligne Anne, reconnaissante envers leur enthousiasme et leur d\u00e9vouement. <\/p>\n<p>En 1996, on a d\u00e9tect\u00e9 une deuxi\u00e8me tumeur, qui a n\u00e9cessit\u00e9 une nouvelle op\u00e9ration.  <\/p>\n<p>Quinze ans plus tard, en 2011, une troisi\u00e8me tumeur a \u00e9t\u00e9 d\u00e9couverte et trait\u00e9e au moyen du Gamma Knife. Depuis, Anne n&rsquo;a plus de tumeur.  <\/p>\n<p>Au nom de la Fondation canadienne des tumeurs c\u00e9r\u00e9brales et de la communaut\u00e9 des personnes touch\u00e9es par une tumeur c\u00e9r\u00e9brale :  <\/p>\n<p>Merci, Anne Megahy !  <\/p>\n<p><strong>Apprenez-en plus sur la Marche des tumeurs c\u00e9r\u00e9brales et inscrivez-vous \u00e0 l\u2019\u00e9v\u00e9nement au <a href=\"http:\/\/www.marchetumeurscerebrales.ca\" target=\"_blank\" rel=\"noopener\">www.marchetumeurscerebrales.ca<\/a>!<\/strong><\/p>\n","protected":false},"excerpt":{"rendered":"<p>Un matin de 1992, Anne Megahy faisait des courses avec son mari et elle s&rsquo;appr\u00eatait \u00e0 lui rappeler quelque chose [&hellip;]<\/p>\n","protected":false},"author":4,"featured_media":9247,"comment_status":"closed","ping_status":"closed","sticky":false,"template":"","format":"standard","meta":{"_acf_changed":false,"footnotes":""},"categories":[138,146],"tags":[214,225],"user_type":[],"locations":[198],"class_list":["post-9280","post","type-post","status-publish","format-standard","has-post-thumbnail","hentry","category-blogue","category-marche-des-tumeurs-cerebrales","tag-brain-tumour-foundation-of-canada-fr","tag-brain-tumour-walk-fr","locations-toronto-fr"],"acf":[],"yoast_head":"<!-- This site is optimized with the Yoast SEO Premium plugin v27.0 (Yoast SEO v27.0) - https:\/\/yoast.com\/product\/yoast-seo-premium-wordpress\/ -->\n<title>Anne Megahy - Toronto, ON - Fondation canadienne des tumeurs c\u00e9r\u00e9brales<\/title>\n<meta name=\"robots\" content=\"index, follow, max-snippet:-1, max-image-preview:large, max-video-preview:-1\" \/>\n<link rel=\"canonical\" href=\"https:\/\/www.braintumour.ca\/fr\/blogue\/anne-megahy-toronto-on\/\" \/>\n<meta property=\"og:locale\" content=\"fr_CA\" \/>\n<meta property=\"og:type\" content=\"article\" \/>\n<meta property=\"og:title\" content=\"Anne Megahy - Toronto, ON\" \/>\n<meta property=\"og:description\" content=\"Un matin de 1992, Anne Megahy faisait des courses avec son mari et elle s&rsquo;appr\u00eatait \u00e0 lui rappeler quelque chose [&hellip;]\" \/>\n<meta property=\"og:url\" content=\"https:\/\/www.braintumour.ca\/fr\/blogue\/anne-megahy-toronto-on\/\" \/>\n<meta property=\"og:site_name\" content=\"Fondation canadienne des tumeurs c\u00e9r\u00e9brales\" \/>\n<meta property=\"article:published_time\" content=\"2022-05-09T11:47:55+00:00\" \/>\n<meta property=\"article:modified_time\" content=\"2022-05-09T11:54:47+00:00\" \/>\n<meta property=\"og:image\" content=\"https:\/\/www.braintumour.ca\/wp-content\/uploads\/2022\/05\/Anne-Megahy-4.jpg\" \/>\n\t<meta property=\"og:image:width\" content=\"1155\" \/>\n\t<meta property=\"og:image:height\" content=\"853\" \/>\n\t<meta property=\"og:image:type\" content=\"image\/jpeg\" \/>\n<meta name=\"author\" content=\"Matt Berry\" \/>\n<meta name=\"twitter:card\" content=\"summary_large_image\" \/>\n<meta name=\"twitter:label1\" content=\"\u00c9crit par\" \/>\n\t<meta name=\"twitter:data1\" content=\"Matt Berry\" \/>\n\t<meta name=\"twitter:label2\" content=\"Estimation du temps de lecture\" \/>\n\t<meta name=\"twitter:data2\" content=\"3 minutes\" \/>\n<script type=\"application\/ld+json\" class=\"yoast-schema-graph\">{\"@context\":\"https:\/\/schema.org\",\"@graph\":[{\"@type\":\"Article\",\"@id\":\"https:\/\/www.braintumour.ca\/fr\/blogue\/anne-megahy-toronto-on\/#article\",\"isPartOf\":{\"@id\":\"https:\/\/www.braintumour.ca\/fr\/blogue\/anne-megahy-toronto-on\/\"},\"author\":{\"name\":\"Matt Berry\",\"@id\":\"https:\/\/www.braintumour.ca\/fr\/#\/schema\/person\/7534b1b1d4da5d8e37af436b293eca3d\"},\"headline\":\"Anne Megahy &#8211; Toronto, ON\",\"datePublished\":\"2022-05-09T11:47:55+00:00\",\"dateModified\":\"2022-05-09T11:54:47+00:00\",\"mainEntityOfPage\":{\"@id\":\"https:\/\/www.braintumour.ca\/fr\/blogue\/anne-megahy-toronto-on\/\"},\"wordCount\":571,\"image\":{\"@id\":\"https:\/\/www.braintumour.ca\/fr\/blogue\/anne-megahy-toronto-on\/#primaryimage\"},\"thumbnailUrl\":\"https:\/\/www.braintumour.ca\/wp-content\/uploads\/2022\/05\/Anne-Megahy-4.jpg\",\"keywords\":[\"brain tumour foundation of canada\",\"brain tumour walk\"],\"articleSection\":[\"Nouvelles\",\"Marche des tumeurs c\u00e9r\u00e9brales\"],\"inLanguage\":\"fr-CA\"},{\"@type\":\"WebPage\",\"@id\":\"https:\/\/www.braintumour.ca\/fr\/blogue\/anne-megahy-toronto-on\/\",\"url\":\"https:\/\/www.braintumour.ca\/fr\/blogue\/anne-megahy-toronto-on\/\",\"name\":\"Anne Megahy - Toronto, ON - Fondation canadienne des tumeurs c\u00e9r\u00e9brales\",\"isPartOf\":{\"@id\":\"https:\/\/www.braintumour.ca\/fr\/#website\"},\"primaryImageOfPage\":{\"@id\":\"https:\/\/www.braintumour.ca\/fr\/blogue\/anne-megahy-toronto-on\/#primaryimage\"},\"image\":{\"@id\":\"https:\/\/www.braintumour.ca\/fr\/blogue\/anne-megahy-toronto-on\/#primaryimage\"},\"thumbnailUrl\":\"https:\/\/www.braintumour.ca\/wp-content\/uploads\/2022\/05\/Anne-Megahy-4.jpg\",\"datePublished\":\"2022-05-09T11:47:55+00:00\",\"dateModified\":\"2022-05-09T11:54:47+00:00\",\"author\":{\"@id\":\"https:\/\/www.braintumour.ca\/fr\/#\/schema\/person\/7534b1b1d4da5d8e37af436b293eca3d\"},\"breadcrumb\":{\"@id\":\"https:\/\/www.braintumour.ca\/fr\/blogue\/anne-megahy-toronto-on\/#breadcrumb\"},\"inLanguage\":\"fr-CA\",\"potentialAction\":[{\"@type\":\"ReadAction\",\"target\":[\"https:\/\/www.braintumour.ca\/fr\/blogue\/anne-megahy-toronto-on\/\"]}]},{\"@type\":\"ImageObject\",\"inLanguage\":\"fr-CA\",\"@id\":\"https:\/\/www.braintumour.ca\/fr\/blogue\/anne-megahy-toronto-on\/#primaryimage\",\"url\":\"https:\/\/www.braintumour.ca\/wp-content\/uploads\/2022\/05\/Anne-Megahy-4.jpg\",\"contentUrl\":\"https:\/\/www.braintumour.ca\/wp-content\/uploads\/2022\/05\/Anne-Megahy-4.jpg\",\"width\":1155,\"height\":853},{\"@type\":\"BreadcrumbList\",\"@id\":\"https:\/\/www.braintumour.ca\/fr\/blogue\/anne-megahy-toronto-on\/#breadcrumb\",\"itemListElement\":[{\"@type\":\"ListItem\",\"position\":1,\"name\":\"Home\",\"item\":\"https:\/\/www.braintumour.ca\/fr\/\"},{\"@type\":\"ListItem\",\"position\":2,\"name\":\"Anne Megahy &#8211; Toronto, ON\"}]},{\"@type\":\"WebSite\",\"@id\":\"https:\/\/www.braintumour.ca\/fr\/#website\",\"url\":\"https:\/\/www.braintumour.ca\/fr\/\",\"name\":\"Fondation canadienne des tumeurs c\u00e9r\u00e9brales\",\"description\":\"Notre mission est de venir en aide \u00e0 toutes les personnes touch\u00e9es par une tumeur c\u00e9r\u00e9brale au Canada par le biais de nos programmes d\u2019information, de soutien, d\u2019\u00e9ducation et de recherche.\",\"potentialAction\":[{\"@type\":\"SearchAction\",\"target\":{\"@type\":\"EntryPoint\",\"urlTemplate\":\"https:\/\/www.braintumour.ca\/fr\/?s={search_term_string}\"},\"query-input\":{\"@type\":\"PropertyValueSpecification\",\"valueRequired\":true,\"valueName\":\"search_term_string\"}}],\"inLanguage\":\"fr-CA\"},{\"@type\":\"Person\",\"@id\":\"https:\/\/www.braintumour.ca\/fr\/#\/schema\/person\/7534b1b1d4da5d8e37af436b293eca3d\",\"name\":\"Matt Berry\",\"image\":{\"@type\":\"ImageObject\",\"inLanguage\":\"fr-CA\",\"@id\":\"https:\/\/www.braintumour.ca\/fr\/#\/schema\/person\/image\/\",\"url\":\"https:\/\/secure.gravatar.com\/avatar\/882da3b67056b0c608086d3c77de46948b64244a4c249e81e0bf04a8095ce320?s=96&d=mm&r=g\",\"contentUrl\":\"https:\/\/secure.gravatar.com\/avatar\/882da3b67056b0c608086d3c77de46948b64244a4c249e81e0bf04a8095ce320?s=96&d=mm&r=g\",\"caption\":\"Matt Berry\"}}]}<\/script>\n<!-- \/ Yoast SEO Premium plugin. -->","yoast_head_json":{"title":"Anne Megahy - Toronto, ON - Fondation canadienne des tumeurs c\u00e9r\u00e9brales","robots":{"index":"index","follow":"follow","max-snippet":"max-snippet:-1","max-image-preview":"max-image-preview:large","max-video-preview":"max-video-preview:-1"},"canonical":"https:\/\/www.braintumour.ca\/fr\/blogue\/anne-megahy-toronto-on\/","og_locale":"fr_CA","og_type":"article","og_title":"Anne Megahy - Toronto, ON","og_description":"Un matin de 1992, Anne Megahy faisait des courses avec son mari et elle s&rsquo;appr\u00eatait \u00e0 lui rappeler quelque chose [&hellip;]","og_url":"https:\/\/www.braintumour.ca\/fr\/blogue\/anne-megahy-toronto-on\/","og_site_name":"Fondation canadienne des tumeurs c\u00e9r\u00e9brales","article_published_time":"2022-05-09T11:47:55+00:00","article_modified_time":"2022-05-09T11:54:47+00:00","og_image":[{"width":1155,"height":853,"url":"https:\/\/www.braintumour.ca\/wp-content\/uploads\/2022\/05\/Anne-Megahy-4.jpg","type":"image\/jpeg"}],"author":"Matt Berry","twitter_card":"summary_large_image","twitter_misc":{"\u00c9crit par":"Matt Berry","Estimation du temps de lecture":"3 minutes"},"schema":{"@context":"https:\/\/schema.org","@graph":[{"@type":"Article","@id":"https:\/\/www.braintumour.ca\/fr\/blogue\/anne-megahy-toronto-on\/#article","isPartOf":{"@id":"https:\/\/www.braintumour.ca\/fr\/blogue\/anne-megahy-toronto-on\/"},"author":{"name":"Matt Berry","@id":"https:\/\/www.braintumour.ca\/fr\/#\/schema\/person\/7534b1b1d4da5d8e37af436b293eca3d"},"headline":"Anne Megahy &#8211; Toronto, ON","datePublished":"2022-05-09T11:47:55+00:00","dateModified":"2022-05-09T11:54:47+00:00","mainEntityOfPage":{"@id":"https:\/\/www.braintumour.ca\/fr\/blogue\/anne-megahy-toronto-on\/"},"wordCount":571,"image":{"@id":"https:\/\/www.braintumour.ca\/fr\/blogue\/anne-megahy-toronto-on\/#primaryimage"},"thumbnailUrl":"https:\/\/www.braintumour.ca\/wp-content\/uploads\/2022\/05\/Anne-Megahy-4.jpg","keywords":["brain tumour foundation of canada","brain tumour walk"],"articleSection":["Nouvelles","Marche des tumeurs c\u00e9r\u00e9brales"],"inLanguage":"fr-CA"},{"@type":"WebPage","@id":"https:\/\/www.braintumour.ca\/fr\/blogue\/anne-megahy-toronto-on\/","url":"https:\/\/www.braintumour.ca\/fr\/blogue\/anne-megahy-toronto-on\/","name":"Anne Megahy - Toronto, ON - Fondation canadienne des tumeurs c\u00e9r\u00e9brales","isPartOf":{"@id":"https:\/\/www.braintumour.ca\/fr\/#website"},"primaryImageOfPage":{"@id":"https:\/\/www.braintumour.ca\/fr\/blogue\/anne-megahy-toronto-on\/#primaryimage"},"image":{"@id":"https:\/\/www.braintumour.ca\/fr\/blogue\/anne-megahy-toronto-on\/#primaryimage"},"thumbnailUrl":"https:\/\/www.braintumour.ca\/wp-content\/uploads\/2022\/05\/Anne-Megahy-4.jpg","datePublished":"2022-05-09T11:47:55+00:00","dateModified":"2022-05-09T11:54:47+00:00","author":{"@id":"https:\/\/www.braintumour.ca\/fr\/#\/schema\/person\/7534b1b1d4da5d8e37af436b293eca3d"},"breadcrumb":{"@id":"https:\/\/www.braintumour.ca\/fr\/blogue\/anne-megahy-toronto-on\/#breadcrumb"},"inLanguage":"fr-CA","potentialAction":[{"@type":"ReadAction","target":["https:\/\/www.braintumour.ca\/fr\/blogue\/anne-megahy-toronto-on\/"]}]},{"@type":"ImageObject","inLanguage":"fr-CA","@id":"https:\/\/www.braintumour.ca\/fr\/blogue\/anne-megahy-toronto-on\/#primaryimage","url":"https:\/\/www.braintumour.ca\/wp-content\/uploads\/2022\/05\/Anne-Megahy-4.jpg","contentUrl":"https:\/\/www.braintumour.ca\/wp-content\/uploads\/2022\/05\/Anne-Megahy-4.jpg","width":1155,"height":853},{"@type":"BreadcrumbList","@id":"https:\/\/www.braintumour.ca\/fr\/blogue\/anne-megahy-toronto-on\/#breadcrumb","itemListElement":[{"@type":"ListItem","position":1,"name":"Home","item":"https:\/\/www.braintumour.ca\/fr\/"},{"@type":"ListItem","position":2,"name":"Anne Megahy &#8211; Toronto, ON"}]},{"@type":"WebSite","@id":"https:\/\/www.braintumour.ca\/fr\/#website","url":"https:\/\/www.braintumour.ca\/fr\/","name":"Fondation canadienne des tumeurs c\u00e9r\u00e9brales","description":"Notre mission est de venir en aide \u00e0 toutes les personnes touch\u00e9es par une tumeur c\u00e9r\u00e9brale au Canada par le biais de nos programmes d\u2019information, de soutien, d\u2019\u00e9ducation et de recherche.","potentialAction":[{"@type":"SearchAction","target":{"@type":"EntryPoint","urlTemplate":"https:\/\/www.braintumour.ca\/fr\/?s={search_term_string}"},"query-input":{"@type":"PropertyValueSpecification","valueRequired":true,"valueName":"search_term_string"}}],"inLanguage":"fr-CA"},{"@type":"Person","@id":"https:\/\/www.braintumour.ca\/fr\/#\/schema\/person\/7534b1b1d4da5d8e37af436b293eca3d","name":"Matt Berry","image":{"@type":"ImageObject","inLanguage":"fr-CA","@id":"https:\/\/www.braintumour.ca\/fr\/#\/schema\/person\/image\/","url":"https:\/\/secure.gravatar.com\/avatar\/882da3b67056b0c608086d3c77de46948b64244a4c249e81e0bf04a8095ce320?s=96&d=mm&r=g","contentUrl":"https:\/\/secure.gravatar.com\/avatar\/882da3b67056b0c608086d3c77de46948b64244a4c249e81e0bf04a8095ce320?s=96&d=mm&r=g","caption":"Matt Berry"}}]}},"_links":{"self":[{"href":"https:\/\/www.braintumour.ca\/fr\/wp-json\/wp\/v2\/posts\/9280","targetHints":{"allow":["GET"]}}],"collection":[{"href":"https:\/\/www.braintumour.ca\/fr\/wp-json\/wp\/v2\/posts"}],"about":[{"href":"https:\/\/www.braintumour.ca\/fr\/wp-json\/wp\/v2\/types\/post"}],"author":[{"embeddable":true,"href":"https:\/\/www.braintumour.ca\/fr\/wp-json\/wp\/v2\/users\/4"}],"replies":[{"embeddable":true,"href":"https:\/\/www.braintumour.ca\/fr\/wp-json\/wp\/v2\/comments?post=9280"}],"version-history":[{"count":0,"href":"https:\/\/www.braintumour.ca\/fr\/wp-json\/wp\/v2\/posts\/9280\/revisions"}],"wp:featuredmedia":[{"embeddable":true,"href":"https:\/\/www.braintumour.ca\/fr\/wp-json\/wp\/v2\/media\/9247"}],"wp:attachment":[{"href":"https:\/\/www.braintumour.ca\/fr\/wp-json\/wp\/v2\/media?parent=9280"}],"wp:term":[{"taxonomy":"category","embeddable":true,"href":"https:\/\/www.braintumour.ca\/fr\/wp-json\/wp\/v2\/categories?post=9280"},{"taxonomy":"post_tag","embeddable":true,"href":"https:\/\/www.braintumour.ca\/fr\/wp-json\/wp\/v2\/tags?post=9280"},{"taxonomy":"user_type","embeddable":true,"href":"https:\/\/www.braintumour.ca\/fr\/wp-json\/wp\/v2\/user_type?post=9280"},{"taxonomy":"locations","embeddable":true,"href":"https:\/\/www.braintumour.ca\/fr\/wp-json\/wp\/v2\/locations?post=9280"}],"curies":[{"name":"wp","href":"https:\/\/api.w.org\/{rel}","templated":true}]}}