{"id":9289,"date":"2022-05-09T07:48:41","date_gmt":"2022-05-09T11:48:41","guid":{"rendered":"https:\/\/www.braintumour.ca\/non-classifiee\/janet-hempler-edmonton-ab\/"},"modified":"2022-05-09T08:03:00","modified_gmt":"2022-05-09T12:03:00","slug":"janet-hempler-edmonton-ab","status":"publish","type":"post","link":"https:\/\/www.braintumour.ca\/fr\/blogue\/janet-hempler-edmonton-ab\/","title":{"rendered":"Janet Hempler &#8211; Edmonton, AB"},"content":{"rendered":"<p>Janet a re\u00e7u un diagnostic d&rsquo;oligodendrogliome en 2015. <\/p>\n<p>Peu de temps apr\u00e8s son diagnostic, elle a commenc\u00e9 \u00e0 participer au groupe de soutien pour adultes de la Fondation canadienne des tumeurs c\u00e9r\u00e9brales.  <\/p>\n<p>\u00ab \u00c9couter les histoires des autres, malheureusement souvent plus sombres que les miennes, et leur faire \u00e9couter les miennes a \u00e9t\u00e9 th\u00e9rapeutique. J&rsquo;avais h\u00e2te d&rsquo;y participer chaque mois \u00bb, d\u00e9clare Janet. Lorsque l&rsquo;animateur du groupe de soutien a quitt\u00e9 ses fonctions, elle a pris la rel\u00e8ve.  <\/p>\n<p>En 2015, les membres du comit\u00e9 de la Marche d&rsquo;Edmonton ont demand\u00e9 \u00e0 Janet de partager son exp\u00e9rience avec les participants lors de sa premi\u00e8re Marche des tumeurs c\u00e9r\u00e9brales. <img loading=\"lazy\" decoding=\"async\" class=\"alignright wp-image-7538\" style=\"padding-top: 15px;\" src=\"https:\/\/www.braintumour.ca\/wp-content\/uploads\/2022\/05\/Janet-Hempler-2.jpg\" alt=\"\" width=\"500\" height=\"300\" \/><\/p>\n<p>\u00ab Je l&rsquo;ai fait, et j&rsquo;ai pleur\u00e9. Beaucoup. Cela s\u2019est av\u00e9r\u00e9 th\u00e9rapeutique et m&rsquo;a permis de tisser des liens plus \u00e9troits avec ma nouvelle communaut\u00e9. \u00c0 partir de l\u00e0, je suis devenue accro \u00bb, se souvient-elle.  <\/p>\n<p>Janet a accept\u00e9 le d\u00e9fi de coordonner la Marche des tumeurs c\u00e9r\u00e9brales d&rsquo;Edmonton en 2016, et elle l&rsquo;a fait pendant les cinq ann\u00e9es suivantes. Elle consid\u00e9rait la croissance de l&rsquo;\u00e9v\u00e9nement comme un d\u00e9fi, et elle l&rsquo;a relev\u00e9 !  <\/p>\n<p>\u00ab C&rsquo;\u00e9tait passionnant d&rsquo;en faire partie. Ma participation a \u00e9t\u00e9 une exp\u00e9rience cathartique, et en soutenant les autres, je me suis aid\u00e9e moi-m\u00eame. J&rsquo;avais besoin d&rsquo;\u00eatre l\u00e0 pour les autres, de sensibiliser le public et de collecter des fonds, et je devais contribuer \u00e0 la d\u00e9couverte d&rsquo;un rem\u00e8de. Le b\u00e9n\u00e9volat a \u00e9t\u00e9 un \u00e9l\u00e9ment essentiel de mon parcours li\u00e9 \u00e0 la tumeur c\u00e9r\u00e9brale\u202f\u00bb, dit-elle.  <\/p>\n<p>Gr\u00e2ce \u00e0 sa nouvelle famille \u00e0 la Fondation, Janet Hempler continue de marcher en ressentant de l&rsquo;amour et un sentiment d&rsquo;appartenance.   <\/p>\n<p>Au nom de la Fondation canadienne des tumeurs c\u00e9r\u00e9brales et de la communaut\u00e9 des personnes touch\u00e9es par une tumeur c\u00e9r\u00e9brale:  <\/p>\n<p>Merci! Janet Hempler! <\/p>\n<p><strong>Apprenez-en plus sur la Marche des tumeurs c\u00e9r\u00e9brales et inscrivez-vous \u00e0 l\u2019\u00e9v\u00e9nement au <a href=\"http:\/\/www.marchetumeurscerebrales.ca\" target=\"_blank\" rel=\"noopener\">www.marchetumeurscerebrales.ca<\/a>!<\/strong><\/p>\n","protected":false},"excerpt":{"rendered":"<p>Janet a re\u00e7u un diagnostic d&rsquo;oligodendrogliome en 2015. Peu de temps apr\u00e8s son diagnostic, elle a commenc\u00e9 \u00e0 participer au [&hellip;]<\/p>\n","protected":false},"author":4,"featured_media":9264,"comment_status":"closed","ping_status":"closed","sticky":false,"template":"","format":"standard","meta":{"_acf_changed":false,"footnotes":""},"categories":[138,146],"tags":[214,225],"user_type":[],"locations":[185],"class_list":["post-9289","post","type-post","status-publish","format-standard","has-post-thumbnail","hentry","category-blogue","category-marche-des-tumeurs-cerebrales","tag-brain-tumour-foundation-of-canada-fr","tag-brain-tumour-walk-fr","locations-edmonton-fr"],"acf":[],"yoast_head":"<!-- This site is optimized with the Yoast SEO Premium plugin v27.0 (Yoast SEO v27.0) - https:\/\/yoast.com\/product\/yoast-seo-premium-wordpress\/ -->\n<title>Janet Hempler - Edmonton, AB - Fondation canadienne des tumeurs c\u00e9r\u00e9brales<\/title>\n<meta name=\"robots\" content=\"index, follow, max-snippet:-1, max-image-preview:large, max-video-preview:-1\" \/>\n<link rel=\"canonical\" href=\"https:\/\/www.braintumour.ca\/fr\/blogue\/janet-hempler-edmonton-ab\/\" \/>\n<meta property=\"og:locale\" content=\"fr_CA\" \/>\n<meta property=\"og:type\" content=\"article\" \/>\n<meta property=\"og:title\" content=\"Janet Hempler - Edmonton, AB\" \/>\n<meta property=\"og:description\" content=\"Janet a re\u00e7u un diagnostic d&rsquo;oligodendrogliome en 2015. Peu de temps apr\u00e8s son diagnostic, elle a commenc\u00e9 \u00e0 participer au [&hellip;]\" \/>\n<meta property=\"og:url\" content=\"https:\/\/www.braintumour.ca\/fr\/blogue\/janet-hempler-edmonton-ab\/\" \/>\n<meta property=\"og:site_name\" content=\"Fondation canadienne des tumeurs c\u00e9r\u00e9brales\" \/>\n<meta property=\"article:published_time\" content=\"2022-05-09T11:48:41+00:00\" \/>\n<meta property=\"article:modified_time\" content=\"2022-05-09T12:03:00+00:00\" \/>\n<meta property=\"og:image\" content=\"https:\/\/www.braintumour.ca\/wp-content\/uploads\/2022\/05\/Janet-Hempler-1.jpg\" \/>\n\t<meta property=\"og:image:width\" content=\"719\" \/>\n\t<meta property=\"og:image:height\" content=\"474\" \/>\n\t<meta property=\"og:image:type\" content=\"image\/jpeg\" \/>\n<meta name=\"author\" content=\"Matt Berry\" \/>\n<meta name=\"twitter:card\" content=\"summary_large_image\" \/>\n<meta name=\"twitter:label1\" content=\"\u00c9crit par\" \/>\n\t<meta name=\"twitter:data1\" content=\"Matt Berry\" \/>\n\t<meta name=\"twitter:label2\" content=\"Estimation du temps de lecture\" \/>\n\t<meta name=\"twitter:data2\" content=\"2 minutes\" \/>\n<script type=\"application\/ld+json\" class=\"yoast-schema-graph\">{\"@context\":\"https:\/\/schema.org\",\"@graph\":[{\"@type\":\"Article\",\"@id\":\"https:\/\/www.braintumour.ca\/fr\/blogue\/janet-hempler-edmonton-ab\/#article\",\"isPartOf\":{\"@id\":\"https:\/\/www.braintumour.ca\/fr\/blogue\/janet-hempler-edmonton-ab\/\"},\"author\":{\"name\":\"Matt Berry\",\"@id\":\"https:\/\/www.braintumour.ca\/fr\/#\/schema\/person\/7534b1b1d4da5d8e37af436b293eca3d\"},\"headline\":\"Janet Hempler &#8211; Edmonton, AB\",\"datePublished\":\"2022-05-09T11:48:41+00:00\",\"dateModified\":\"2022-05-09T12:03:00+00:00\",\"mainEntityOfPage\":{\"@id\":\"https:\/\/www.braintumour.ca\/fr\/blogue\/janet-hempler-edmonton-ab\/\"},\"wordCount\":354,\"image\":{\"@id\":\"https:\/\/www.braintumour.ca\/fr\/blogue\/janet-hempler-edmonton-ab\/#primaryimage\"},\"thumbnailUrl\":\"https:\/\/www.braintumour.ca\/wp-content\/uploads\/2022\/05\/Janet-Hempler-1.jpg\",\"keywords\":[\"brain tumour foundation of canada\",\"brain tumour walk\"],\"articleSection\":[\"Nouvelles\",\"Marche des tumeurs c\u00e9r\u00e9brales\"],\"inLanguage\":\"fr-CA\"},{\"@type\":\"WebPage\",\"@id\":\"https:\/\/www.braintumour.ca\/fr\/blogue\/janet-hempler-edmonton-ab\/\",\"url\":\"https:\/\/www.braintumour.ca\/fr\/blogue\/janet-hempler-edmonton-ab\/\",\"name\":\"Janet Hempler - Edmonton, AB - Fondation canadienne des tumeurs c\u00e9r\u00e9brales\",\"isPartOf\":{\"@id\":\"https:\/\/www.braintumour.ca\/fr\/#website\"},\"primaryImageOfPage\":{\"@id\":\"https:\/\/www.braintumour.ca\/fr\/blogue\/janet-hempler-edmonton-ab\/#primaryimage\"},\"image\":{\"@id\":\"https:\/\/www.braintumour.ca\/fr\/blogue\/janet-hempler-edmonton-ab\/#primaryimage\"},\"thumbnailUrl\":\"https:\/\/www.braintumour.ca\/wp-content\/uploads\/2022\/05\/Janet-Hempler-1.jpg\",\"datePublished\":\"2022-05-09T11:48:41+00:00\",\"dateModified\":\"2022-05-09T12:03:00+00:00\",\"author\":{\"@id\":\"https:\/\/www.braintumour.ca\/fr\/#\/schema\/person\/7534b1b1d4da5d8e37af436b293eca3d\"},\"breadcrumb\":{\"@id\":\"https:\/\/www.braintumour.ca\/fr\/blogue\/janet-hempler-edmonton-ab\/#breadcrumb\"},\"inLanguage\":\"fr-CA\",\"potentialAction\":[{\"@type\":\"ReadAction\",\"target\":[\"https:\/\/www.braintumour.ca\/fr\/blogue\/janet-hempler-edmonton-ab\/\"]}]},{\"@type\":\"ImageObject\",\"inLanguage\":\"fr-CA\",\"@id\":\"https:\/\/www.braintumour.ca\/fr\/blogue\/janet-hempler-edmonton-ab\/#primaryimage\",\"url\":\"https:\/\/www.braintumour.ca\/wp-content\/uploads\/2022\/05\/Janet-Hempler-1.jpg\",\"contentUrl\":\"https:\/\/www.braintumour.ca\/wp-content\/uploads\/2022\/05\/Janet-Hempler-1.jpg\",\"width\":719,\"height\":474},{\"@type\":\"BreadcrumbList\",\"@id\":\"https:\/\/www.braintumour.ca\/fr\/blogue\/janet-hempler-edmonton-ab\/#breadcrumb\",\"itemListElement\":[{\"@type\":\"ListItem\",\"position\":1,\"name\":\"Home\",\"item\":\"https:\/\/www.braintumour.ca\/fr\/\"},{\"@type\":\"ListItem\",\"position\":2,\"name\":\"Janet Hempler &#8211; Edmonton, AB\"}]},{\"@type\":\"WebSite\",\"@id\":\"https:\/\/www.braintumour.ca\/fr\/#website\",\"url\":\"https:\/\/www.braintumour.ca\/fr\/\",\"name\":\"Fondation canadienne des tumeurs c\u00e9r\u00e9brales\",\"description\":\"Notre mission est de venir en aide \u00e0 toutes les personnes touch\u00e9es par une tumeur c\u00e9r\u00e9brale au Canada par le biais de nos programmes d\u2019information, de soutien, d\u2019\u00e9ducation et de recherche.\",\"potentialAction\":[{\"@type\":\"SearchAction\",\"target\":{\"@type\":\"EntryPoint\",\"urlTemplate\":\"https:\/\/www.braintumour.ca\/fr\/?s={search_term_string}\"},\"query-input\":{\"@type\":\"PropertyValueSpecification\",\"valueRequired\":true,\"valueName\":\"search_term_string\"}}],\"inLanguage\":\"fr-CA\"},{\"@type\":\"Person\",\"@id\":\"https:\/\/www.braintumour.ca\/fr\/#\/schema\/person\/7534b1b1d4da5d8e37af436b293eca3d\",\"name\":\"Matt Berry\",\"image\":{\"@type\":\"ImageObject\",\"inLanguage\":\"fr-CA\",\"@id\":\"https:\/\/www.braintumour.ca\/fr\/#\/schema\/person\/image\/\",\"url\":\"https:\/\/secure.gravatar.com\/avatar\/882da3b67056b0c608086d3c77de46948b64244a4c249e81e0bf04a8095ce320?s=96&d=mm&r=g\",\"contentUrl\":\"https:\/\/secure.gravatar.com\/avatar\/882da3b67056b0c608086d3c77de46948b64244a4c249e81e0bf04a8095ce320?s=96&d=mm&r=g\",\"caption\":\"Matt Berry\"}}]}<\/script>\n<!-- \/ Yoast SEO Premium plugin. -->","yoast_head_json":{"title":"Janet Hempler - Edmonton, AB - Fondation canadienne des tumeurs c\u00e9r\u00e9brales","robots":{"index":"index","follow":"follow","max-snippet":"max-snippet:-1","max-image-preview":"max-image-preview:large","max-video-preview":"max-video-preview:-1"},"canonical":"https:\/\/www.braintumour.ca\/fr\/blogue\/janet-hempler-edmonton-ab\/","og_locale":"fr_CA","og_type":"article","og_title":"Janet Hempler - Edmonton, AB","og_description":"Janet a re\u00e7u un diagnostic d&rsquo;oligodendrogliome en 2015. Peu de temps apr\u00e8s son diagnostic, elle a commenc\u00e9 \u00e0 participer au [&hellip;]","og_url":"https:\/\/www.braintumour.ca\/fr\/blogue\/janet-hempler-edmonton-ab\/","og_site_name":"Fondation canadienne des tumeurs c\u00e9r\u00e9brales","article_published_time":"2022-05-09T11:48:41+00:00","article_modified_time":"2022-05-09T12:03:00+00:00","og_image":[{"width":719,"height":474,"url":"https:\/\/www.braintumour.ca\/wp-content\/uploads\/2022\/05\/Janet-Hempler-1.jpg","type":"image\/jpeg"}],"author":"Matt Berry","twitter_card":"summary_large_image","twitter_misc":{"\u00c9crit par":"Matt Berry","Estimation du temps de lecture":"2 minutes"},"schema":{"@context":"https:\/\/schema.org","@graph":[{"@type":"Article","@id":"https:\/\/www.braintumour.ca\/fr\/blogue\/janet-hempler-edmonton-ab\/#article","isPartOf":{"@id":"https:\/\/www.braintumour.ca\/fr\/blogue\/janet-hempler-edmonton-ab\/"},"author":{"name":"Matt Berry","@id":"https:\/\/www.braintumour.ca\/fr\/#\/schema\/person\/7534b1b1d4da5d8e37af436b293eca3d"},"headline":"Janet Hempler &#8211; Edmonton, AB","datePublished":"2022-05-09T11:48:41+00:00","dateModified":"2022-05-09T12:03:00+00:00","mainEntityOfPage":{"@id":"https:\/\/www.braintumour.ca\/fr\/blogue\/janet-hempler-edmonton-ab\/"},"wordCount":354,"image":{"@id":"https:\/\/www.braintumour.ca\/fr\/blogue\/janet-hempler-edmonton-ab\/#primaryimage"},"thumbnailUrl":"https:\/\/www.braintumour.ca\/wp-content\/uploads\/2022\/05\/Janet-Hempler-1.jpg","keywords":["brain tumour foundation of canada","brain tumour walk"],"articleSection":["Nouvelles","Marche des tumeurs c\u00e9r\u00e9brales"],"inLanguage":"fr-CA"},{"@type":"WebPage","@id":"https:\/\/www.braintumour.ca\/fr\/blogue\/janet-hempler-edmonton-ab\/","url":"https:\/\/www.braintumour.ca\/fr\/blogue\/janet-hempler-edmonton-ab\/","name":"Janet Hempler - Edmonton, AB - Fondation canadienne des tumeurs c\u00e9r\u00e9brales","isPartOf":{"@id":"https:\/\/www.braintumour.ca\/fr\/#website"},"primaryImageOfPage":{"@id":"https:\/\/www.braintumour.ca\/fr\/blogue\/janet-hempler-edmonton-ab\/#primaryimage"},"image":{"@id":"https:\/\/www.braintumour.ca\/fr\/blogue\/janet-hempler-edmonton-ab\/#primaryimage"},"thumbnailUrl":"https:\/\/www.braintumour.ca\/wp-content\/uploads\/2022\/05\/Janet-Hempler-1.jpg","datePublished":"2022-05-09T11:48:41+00:00","dateModified":"2022-05-09T12:03:00+00:00","author":{"@id":"https:\/\/www.braintumour.ca\/fr\/#\/schema\/person\/7534b1b1d4da5d8e37af436b293eca3d"},"breadcrumb":{"@id":"https:\/\/www.braintumour.ca\/fr\/blogue\/janet-hempler-edmonton-ab\/#breadcrumb"},"inLanguage":"fr-CA","potentialAction":[{"@type":"ReadAction","target":["https:\/\/www.braintumour.ca\/fr\/blogue\/janet-hempler-edmonton-ab\/"]}]},{"@type":"ImageObject","inLanguage":"fr-CA","@id":"https:\/\/www.braintumour.ca\/fr\/blogue\/janet-hempler-edmonton-ab\/#primaryimage","url":"https:\/\/www.braintumour.ca\/wp-content\/uploads\/2022\/05\/Janet-Hempler-1.jpg","contentUrl":"https:\/\/www.braintumour.ca\/wp-content\/uploads\/2022\/05\/Janet-Hempler-1.jpg","width":719,"height":474},{"@type":"BreadcrumbList","@id":"https:\/\/www.braintumour.ca\/fr\/blogue\/janet-hempler-edmonton-ab\/#breadcrumb","itemListElement":[{"@type":"ListItem","position":1,"name":"Home","item":"https:\/\/www.braintumour.ca\/fr\/"},{"@type":"ListItem","position":2,"name":"Janet Hempler &#8211; Edmonton, AB"}]},{"@type":"WebSite","@id":"https:\/\/www.braintumour.ca\/fr\/#website","url":"https:\/\/www.braintumour.ca\/fr\/","name":"Fondation canadienne des tumeurs c\u00e9r\u00e9brales","description":"Notre mission est de venir en aide \u00e0 toutes les personnes touch\u00e9es par une tumeur c\u00e9r\u00e9brale au Canada par le biais de nos programmes d\u2019information, de soutien, d\u2019\u00e9ducation et de recherche.","potentialAction":[{"@type":"SearchAction","target":{"@type":"EntryPoint","urlTemplate":"https:\/\/www.braintumour.ca\/fr\/?s={search_term_string}"},"query-input":{"@type":"PropertyValueSpecification","valueRequired":true,"valueName":"search_term_string"}}],"inLanguage":"fr-CA"},{"@type":"Person","@id":"https:\/\/www.braintumour.ca\/fr\/#\/schema\/person\/7534b1b1d4da5d8e37af436b293eca3d","name":"Matt Berry","image":{"@type":"ImageObject","inLanguage":"fr-CA","@id":"https:\/\/www.braintumour.ca\/fr\/#\/schema\/person\/image\/","url":"https:\/\/secure.gravatar.com\/avatar\/882da3b67056b0c608086d3c77de46948b64244a4c249e81e0bf04a8095ce320?s=96&d=mm&r=g","contentUrl":"https:\/\/secure.gravatar.com\/avatar\/882da3b67056b0c608086d3c77de46948b64244a4c249e81e0bf04a8095ce320?s=96&d=mm&r=g","caption":"Matt Berry"}}]}},"_links":{"self":[{"href":"https:\/\/www.braintumour.ca\/fr\/wp-json\/wp\/v2\/posts\/9289","targetHints":{"allow":["GET"]}}],"collection":[{"href":"https:\/\/www.braintumour.ca\/fr\/wp-json\/wp\/v2\/posts"}],"about":[{"href":"https:\/\/www.braintumour.ca\/fr\/wp-json\/wp\/v2\/types\/post"}],"author":[{"embeddable":true,"href":"https:\/\/www.braintumour.ca\/fr\/wp-json\/wp\/v2\/users\/4"}],"replies":[{"embeddable":true,"href":"https:\/\/www.braintumour.ca\/fr\/wp-json\/wp\/v2\/comments?post=9289"}],"version-history":[{"count":0,"href":"https:\/\/www.braintumour.ca\/fr\/wp-json\/wp\/v2\/posts\/9289\/revisions"}],"wp:featuredmedia":[{"embeddable":true,"href":"https:\/\/www.braintumour.ca\/fr\/wp-json\/wp\/v2\/media\/9264"}],"wp:attachment":[{"href":"https:\/\/www.braintumour.ca\/fr\/wp-json\/wp\/v2\/media?parent=9289"}],"wp:term":[{"taxonomy":"category","embeddable":true,"href":"https:\/\/www.braintumour.ca\/fr\/wp-json\/wp\/v2\/categories?post=9289"},{"taxonomy":"post_tag","embeddable":true,"href":"https:\/\/www.braintumour.ca\/fr\/wp-json\/wp\/v2\/tags?post=9289"},{"taxonomy":"user_type","embeddable":true,"href":"https:\/\/www.braintumour.ca\/fr\/wp-json\/wp\/v2\/user_type?post=9289"},{"taxonomy":"locations","embeddable":true,"href":"https:\/\/www.braintumour.ca\/fr\/wp-json\/wp\/v2\/locations?post=9289"}],"curies":[{"name":"wp","href":"https:\/\/api.w.org\/{rel}","templated":true}]}}