{"id":9292,"date":"2022-05-09T07:48:54","date_gmt":"2022-05-09T11:48:54","guid":{"rendered":"https:\/\/www.braintumour.ca\/non-classifiee\/georgia-trimidas-team-in-memory-of-ari\/"},"modified":"2022-05-09T08:06:48","modified_gmt":"2022-05-09T12:06:48","slug":"georgia-trimidas-team-in-memory-of-ari","status":"publish","type":"post","link":"https:\/\/www.braintumour.ca\/fr\/blogue\/georgia-trimidas-team-in-memory-of-ari\/","title":{"rendered":"Georgia Trimidas \u2013 \u00c9quipe in Memory of Ari"},"content":{"rendered":"<p>En 2014, le cousin de Georgia Trimidas, Ari, a re\u00e7u un diagnostic de tumeur c\u00e9r\u00e9brale maligne. <\/p>\n<p>\u00ab La nouvelle a \u00e9t\u00e9 d\u00e9vastatrice ; non seulement pour Ari, mais aussi pour tous ceux qui l&rsquo;aimaient \u00bb, dit-elle avec tendresse. \u00ab Malgr\u00e9 le diagnostic et les nombreux traitements qu&rsquo;il a subis, Ari \u00e9tait toujours disponible pour aider les autres en partageant son exp\u00e9rience personnelle et en participant \u00e0 des groupes de soutien.\u202f\u00bb  <\/p>\n<p>Elle se souvient \u00e9galement que son cousin \u00e9tait le capitaine de l&rsquo;\u00e9quipe \u00ab\u202fTeam Ari \u00bb lors de la Marche des tumeurs c\u00e9r\u00e9brales de Montr\u00e9al. <\/p>\n<p>Georgia est membre de la section montr\u00e9alaise d&rsquo;une organisation hell\u00e9nique internationale appel\u00e9e \u00ab Daughters of Penelope \u00bb.  <\/p>\n<p>\u00ab\u202fNotre mission consiste entre autres \u00e0 mener des actions philanthropiques et \u00e0 sensibiliser le public. Les membres savaient \u00e0 quel point j&rsquo;\u00e9tais proche d&rsquo;Ari. Nous avons donc d\u00e9cid\u00e9 de cr\u00e9er une \u00e9quipe, de collecter des fonds pour la Marche des tumeurs c\u00e9r\u00e9brales et de participer \u00e0 la marche avec Ari\u202f\u00bb, d\u00e9clare-t-elle.  <\/p>\n<p>Georgia et son \u00e9quipe ont particip\u00e9 \u00e0 l&rsquo;\u00e9v\u00e9nement chaque ann\u00e9e par la suite. En 2019, elles ont march\u00e9 pour la derni\u00e8re fois aux c\u00f4t\u00e9s d&rsquo;Ari qui a malheureusement perdu son combat contre le cancer du cerveau le 27 d\u00e9cembre de la m\u00eame ann\u00e9e. <\/p>\n<p>\u00ab Cette p\u00e9riode a \u00e9t\u00e9 difficile pour ses amis proches et sa famille \u00bb, se souvient-elle. \u00ab Puis, en 2020, la pand\u00e9mie a frapp\u00e9. La Fondation canadienne des tumeurs c\u00e9r\u00e9brales allait organiser une marche virtuelle le 27 juin de cette ann\u00e9e-l\u00e0. \u00bb Georgia, Anna, la s\u0153ur d&rsquo;Ari, et son ami Giulio ont vu dans cette date le signe que la collecte de fonds devait se poursuivre ; la Fondation canadienne des tumeurs c\u00e9r\u00e9brales souligne que chaque jour, 27 Canadiens en moyenne re\u00e7oivent un diagnostic de tumeur c\u00e9r\u00e9brale. <\/p>\n<p>Les \u00e9quipes \u00ab Team Ari \u00bb et \u00ab Team Daughters of Penelope \u00bb ont fusionn\u00e9 pour cr\u00e9er l&rsquo;\u00e9quipe \u00ab in Memory of Ari \u00bb. <\/p>\n<p>\u00ab Nous avons cr\u00e9\u00e9 une campagne qui mettait l&rsquo;accent sur la forme physique. Gina Capone, de GFIT Villery, a donn\u00e9 une s\u00e9ance d&rsquo;exercices dans le parc, ainsi qu&rsquo;un cours virtuel. Le 27 juin 2020, notre \u00e9quipe a organis\u00e9 une marche priv\u00e9e dans le parc en l&rsquo;honneur d&rsquo;Ari. Des amis, des membres de la famille et tous ceux qui avaient d\u00e9j\u00e0 particip\u00e9 \u00e0 la marche y ont pris part \u00bb, explique Georgia.  <img loading=\"lazy\" decoding=\"async\" class=\"alignright wp-image-7538\" style=\"padding-top: 15px;\" src=\"https:\/\/www.braintumour.ca\/wp-content\/uploads\/2022\/05\/Georgia-2.jpg\" alt=\"\" width=\"400\" height=\"300\" \/><\/p>\n<p>En 2021, l&rsquo;\u00e9quipe a d\u00e9cid\u00e9 de participer une nouvelle fois \u00e0 la Marche des tumeurs c\u00e9r\u00e9brales de Montr\u00e9al, en cr\u00e9ant une campagne \u00e9chelonn\u00e9e sur plusieurs mois, et en organisant un \u00e9v\u00e9nement virtuel de collecte de fonds le 16 avril 2021.  <\/p>\n<p>\u00ab\u202fChris Dedes, promoteur de vins grecs, nous a fait faire un tour virtuel de la Gr\u00e8ce. Hedy Newman, une b\u00e9n\u00e9vole de la Fondation canadienne des tumeurs c\u00e9r\u00e9brales, nous a \u00e9galement parl\u00e9 de son exp\u00e9rience en tant que b\u00e9n\u00e9vole et des diff\u00e9rents services offerts par la Fondation \u00bb, explique Georgia.  <\/p>\n<p>En date du 23 mai 2021, l&rsquo;\u00e9quipe \u00e0 la m\u00e9moire d&rsquo;Ari a pr\u00e9vu collaborer avec Super Recycleur, en collectant des v\u00eatements et d&rsquo;autres articles donn\u00e9s, et organiser sa marche non officielle le 27 juin 2021. Un montant en argent par kilo d&rsquo;articles pes\u00e9s sera remis directement \u00e0 l&rsquo;\u00e9quipe.  <\/p>\n<p>Au nom de la Fondation canadienne des tumeurs c\u00e9r\u00e9brales et de la communaut\u00e9 des personnes touch\u00e9es par une tumeur c\u00e9r\u00e9brale:  <\/p>\n<p>Merci! Georgia Trimidas! <\/p>\n<p><strong>Apprenez-en plus sur la Marche des tumeurs c\u00e9r\u00e9brales et inscrivez-vous \u00e0 l\u2019\u00e9v\u00e9nement au <a href=\"http:\/\/www.marchetumeurscerebrales.ca\" target=\"_blank\" rel=\"noopener\">www.marchetumeurscerebrales.ca<\/a>!<\/strong><\/p>\n","protected":false},"excerpt":{"rendered":"<p>En 2014, le cousin de Georgia Trimidas, Ari, a re\u00e7u un diagnostic de tumeur c\u00e9r\u00e9brale maligne. \u00ab La nouvelle a [&hellip;]<\/p>\n","protected":false},"author":4,"featured_media":9269,"comment_status":"closed","ping_status":"closed","sticky":false,"template":"","format":"standard","meta":{"_acf_changed":false,"footnotes":""},"categories":[138,146],"tags":[214,225],"user_type":[],"locations":[160],"class_list":["post-9292","post","type-post","status-publish","format-standard","has-post-thumbnail","hentry","category-blogue","category-marche-des-tumeurs-cerebrales","tag-brain-tumour-foundation-of-canada-fr","tag-brain-tumour-walk-fr","locations-montreal"],"acf":[],"yoast_head":"<!-- This site is optimized with the Yoast SEO Premium plugin v27.0 (Yoast SEO v27.0) - https:\/\/yoast.com\/product\/yoast-seo-premium-wordpress\/ -->\n<title>Georgia Trimidas \u2013 \u00c9quipe in Memory of Ari - Fondation canadienne des tumeurs c\u00e9r\u00e9brales<\/title>\n<meta name=\"robots\" content=\"index, follow, max-snippet:-1, max-image-preview:large, max-video-preview:-1\" \/>\n<link rel=\"canonical\" href=\"https:\/\/www.braintumour.ca\/fr\/blogue\/georgia-trimidas-team-in-memory-of-ari\/\" \/>\n<meta property=\"og:locale\" content=\"fr_CA\" \/>\n<meta property=\"og:type\" content=\"article\" \/>\n<meta property=\"og:title\" content=\"Georgia Trimidas \u2013 \u00c9quipe in Memory of Ari\" \/>\n<meta property=\"og:description\" content=\"En 2014, le cousin de Georgia Trimidas, Ari, a re\u00e7u un diagnostic de tumeur c\u00e9r\u00e9brale maligne. \u00ab La nouvelle a [&hellip;]\" \/>\n<meta property=\"og:url\" content=\"https:\/\/www.braintumour.ca\/fr\/blogue\/georgia-trimidas-team-in-memory-of-ari\/\" \/>\n<meta property=\"og:site_name\" content=\"Fondation canadienne des tumeurs c\u00e9r\u00e9brales\" \/>\n<meta property=\"article:published_time\" content=\"2022-05-09T11:48:54+00:00\" \/>\n<meta property=\"article:modified_time\" content=\"2022-05-09T12:06:48+00:00\" \/>\n<meta property=\"og:image\" content=\"https:\/\/www.braintumour.ca\/wp-content\/uploads\/2022\/05\/Georgia-5.jpg\" \/>\n\t<meta property=\"og:image:width\" content=\"1024\" \/>\n\t<meta property=\"og:image:height\" content=\"647\" \/>\n\t<meta property=\"og:image:type\" content=\"image\/jpeg\" \/>\n<meta name=\"author\" content=\"Matt Berry\" \/>\n<meta name=\"twitter:card\" content=\"summary_large_image\" \/>\n<meta name=\"twitter:label1\" content=\"\u00c9crit par\" \/>\n\t<meta name=\"twitter:data1\" content=\"Matt Berry\" \/>\n\t<meta name=\"twitter:label2\" content=\"Estimation du temps de lecture\" \/>\n\t<meta name=\"twitter:data2\" content=\"3 minutes\" \/>\n<script type=\"application\/ld+json\" class=\"yoast-schema-graph\">{\"@context\":\"https:\/\/schema.org\",\"@graph\":[{\"@type\":\"Article\",\"@id\":\"https:\/\/www.braintumour.ca\/fr\/blogue\/georgia-trimidas-team-in-memory-of-ari\/#article\",\"isPartOf\":{\"@id\":\"https:\/\/www.braintumour.ca\/fr\/blogue\/georgia-trimidas-team-in-memory-of-ari\/\"},\"author\":{\"name\":\"Matt Berry\",\"@id\":\"https:\/\/www.braintumour.ca\/fr\/#\/schema\/person\/7534b1b1d4da5d8e37af436b293eca3d\"},\"headline\":\"Georgia Trimidas \u2013 \u00c9quipe in Memory of Ari\",\"datePublished\":\"2022-05-09T11:48:54+00:00\",\"dateModified\":\"2022-05-09T12:06:48+00:00\",\"mainEntityOfPage\":{\"@id\":\"https:\/\/www.braintumour.ca\/fr\/blogue\/georgia-trimidas-team-in-memory-of-ari\/\"},\"wordCount\":613,\"image\":{\"@id\":\"https:\/\/www.braintumour.ca\/fr\/blogue\/georgia-trimidas-team-in-memory-of-ari\/#primaryimage\"},\"thumbnailUrl\":\"https:\/\/www.braintumour.ca\/wp-content\/uploads\/2022\/05\/Georgia-5.jpg\",\"keywords\":[\"brain tumour foundation of canada\",\"brain tumour walk\"],\"articleSection\":[\"Nouvelles\",\"Marche des tumeurs c\u00e9r\u00e9brales\"],\"inLanguage\":\"fr-CA\"},{\"@type\":\"WebPage\",\"@id\":\"https:\/\/www.braintumour.ca\/fr\/blogue\/georgia-trimidas-team-in-memory-of-ari\/\",\"url\":\"https:\/\/www.braintumour.ca\/fr\/blogue\/georgia-trimidas-team-in-memory-of-ari\/\",\"name\":\"Georgia Trimidas \u2013 \u00c9quipe in Memory of Ari - Fondation canadienne des tumeurs c\u00e9r\u00e9brales\",\"isPartOf\":{\"@id\":\"https:\/\/www.braintumour.ca\/fr\/#website\"},\"primaryImageOfPage\":{\"@id\":\"https:\/\/www.braintumour.ca\/fr\/blogue\/georgia-trimidas-team-in-memory-of-ari\/#primaryimage\"},\"image\":{\"@id\":\"https:\/\/www.braintumour.ca\/fr\/blogue\/georgia-trimidas-team-in-memory-of-ari\/#primaryimage\"},\"thumbnailUrl\":\"https:\/\/www.braintumour.ca\/wp-content\/uploads\/2022\/05\/Georgia-5.jpg\",\"datePublished\":\"2022-05-09T11:48:54+00:00\",\"dateModified\":\"2022-05-09T12:06:48+00:00\",\"author\":{\"@id\":\"https:\/\/www.braintumour.ca\/fr\/#\/schema\/person\/7534b1b1d4da5d8e37af436b293eca3d\"},\"breadcrumb\":{\"@id\":\"https:\/\/www.braintumour.ca\/fr\/blogue\/georgia-trimidas-team-in-memory-of-ari\/#breadcrumb\"},\"inLanguage\":\"fr-CA\",\"potentialAction\":[{\"@type\":\"ReadAction\",\"target\":[\"https:\/\/www.braintumour.ca\/fr\/blogue\/georgia-trimidas-team-in-memory-of-ari\/\"]}]},{\"@type\":\"ImageObject\",\"inLanguage\":\"fr-CA\",\"@id\":\"https:\/\/www.braintumour.ca\/fr\/blogue\/georgia-trimidas-team-in-memory-of-ari\/#primaryimage\",\"url\":\"https:\/\/www.braintumour.ca\/wp-content\/uploads\/2022\/05\/Georgia-5.jpg\",\"contentUrl\":\"https:\/\/www.braintumour.ca\/wp-content\/uploads\/2022\/05\/Georgia-5.jpg\",\"width\":1024,\"height\":647},{\"@type\":\"BreadcrumbList\",\"@id\":\"https:\/\/www.braintumour.ca\/fr\/blogue\/georgia-trimidas-team-in-memory-of-ari\/#breadcrumb\",\"itemListElement\":[{\"@type\":\"ListItem\",\"position\":1,\"name\":\"Home\",\"item\":\"https:\/\/www.braintumour.ca\/fr\/\"},{\"@type\":\"ListItem\",\"position\":2,\"name\":\"Georgia Trimidas \u2013 \u00c9quipe in Memory of Ari\"}]},{\"@type\":\"WebSite\",\"@id\":\"https:\/\/www.braintumour.ca\/fr\/#website\",\"url\":\"https:\/\/www.braintumour.ca\/fr\/\",\"name\":\"Fondation canadienne des tumeurs c\u00e9r\u00e9brales\",\"description\":\"Notre mission est de venir en aide \u00e0 toutes les personnes touch\u00e9es par une tumeur c\u00e9r\u00e9brale au Canada par le biais de nos programmes d\u2019information, de soutien, d\u2019\u00e9ducation et de recherche.\",\"potentialAction\":[{\"@type\":\"SearchAction\",\"target\":{\"@type\":\"EntryPoint\",\"urlTemplate\":\"https:\/\/www.braintumour.ca\/fr\/?s={search_term_string}\"},\"query-input\":{\"@type\":\"PropertyValueSpecification\",\"valueRequired\":true,\"valueName\":\"search_term_string\"}}],\"inLanguage\":\"fr-CA\"},{\"@type\":\"Person\",\"@id\":\"https:\/\/www.braintumour.ca\/fr\/#\/schema\/person\/7534b1b1d4da5d8e37af436b293eca3d\",\"name\":\"Matt Berry\",\"image\":{\"@type\":\"ImageObject\",\"inLanguage\":\"fr-CA\",\"@id\":\"https:\/\/www.braintumour.ca\/fr\/#\/schema\/person\/image\/\",\"url\":\"https:\/\/secure.gravatar.com\/avatar\/882da3b67056b0c608086d3c77de46948b64244a4c249e81e0bf04a8095ce320?s=96&d=mm&r=g\",\"contentUrl\":\"https:\/\/secure.gravatar.com\/avatar\/882da3b67056b0c608086d3c77de46948b64244a4c249e81e0bf04a8095ce320?s=96&d=mm&r=g\",\"caption\":\"Matt Berry\"}}]}<\/script>\n<!-- \/ Yoast SEO Premium plugin. -->","yoast_head_json":{"title":"Georgia Trimidas \u2013 \u00c9quipe in Memory of Ari - Fondation canadienne des tumeurs c\u00e9r\u00e9brales","robots":{"index":"index","follow":"follow","max-snippet":"max-snippet:-1","max-image-preview":"max-image-preview:large","max-video-preview":"max-video-preview:-1"},"canonical":"https:\/\/www.braintumour.ca\/fr\/blogue\/georgia-trimidas-team-in-memory-of-ari\/","og_locale":"fr_CA","og_type":"article","og_title":"Georgia Trimidas \u2013 \u00c9quipe in Memory of Ari","og_description":"En 2014, le cousin de Georgia Trimidas, Ari, a re\u00e7u un diagnostic de tumeur c\u00e9r\u00e9brale maligne. \u00ab La nouvelle a [&hellip;]","og_url":"https:\/\/www.braintumour.ca\/fr\/blogue\/georgia-trimidas-team-in-memory-of-ari\/","og_site_name":"Fondation canadienne des tumeurs c\u00e9r\u00e9brales","article_published_time":"2022-05-09T11:48:54+00:00","article_modified_time":"2022-05-09T12:06:48+00:00","og_image":[{"width":1024,"height":647,"url":"https:\/\/www.braintumour.ca\/wp-content\/uploads\/2022\/05\/Georgia-5.jpg","type":"image\/jpeg"}],"author":"Matt Berry","twitter_card":"summary_large_image","twitter_misc":{"\u00c9crit par":"Matt Berry","Estimation du temps de lecture":"3 minutes"},"schema":{"@context":"https:\/\/schema.org","@graph":[{"@type":"Article","@id":"https:\/\/www.braintumour.ca\/fr\/blogue\/georgia-trimidas-team-in-memory-of-ari\/#article","isPartOf":{"@id":"https:\/\/www.braintumour.ca\/fr\/blogue\/georgia-trimidas-team-in-memory-of-ari\/"},"author":{"name":"Matt Berry","@id":"https:\/\/www.braintumour.ca\/fr\/#\/schema\/person\/7534b1b1d4da5d8e37af436b293eca3d"},"headline":"Georgia Trimidas \u2013 \u00c9quipe in Memory of Ari","datePublished":"2022-05-09T11:48:54+00:00","dateModified":"2022-05-09T12:06:48+00:00","mainEntityOfPage":{"@id":"https:\/\/www.braintumour.ca\/fr\/blogue\/georgia-trimidas-team-in-memory-of-ari\/"},"wordCount":613,"image":{"@id":"https:\/\/www.braintumour.ca\/fr\/blogue\/georgia-trimidas-team-in-memory-of-ari\/#primaryimage"},"thumbnailUrl":"https:\/\/www.braintumour.ca\/wp-content\/uploads\/2022\/05\/Georgia-5.jpg","keywords":["brain tumour foundation of canada","brain tumour walk"],"articleSection":["Nouvelles","Marche des tumeurs c\u00e9r\u00e9brales"],"inLanguage":"fr-CA"},{"@type":"WebPage","@id":"https:\/\/www.braintumour.ca\/fr\/blogue\/georgia-trimidas-team-in-memory-of-ari\/","url":"https:\/\/www.braintumour.ca\/fr\/blogue\/georgia-trimidas-team-in-memory-of-ari\/","name":"Georgia Trimidas \u2013 \u00c9quipe in Memory of Ari - Fondation canadienne des tumeurs c\u00e9r\u00e9brales","isPartOf":{"@id":"https:\/\/www.braintumour.ca\/fr\/#website"},"primaryImageOfPage":{"@id":"https:\/\/www.braintumour.ca\/fr\/blogue\/georgia-trimidas-team-in-memory-of-ari\/#primaryimage"},"image":{"@id":"https:\/\/www.braintumour.ca\/fr\/blogue\/georgia-trimidas-team-in-memory-of-ari\/#primaryimage"},"thumbnailUrl":"https:\/\/www.braintumour.ca\/wp-content\/uploads\/2022\/05\/Georgia-5.jpg","datePublished":"2022-05-09T11:48:54+00:00","dateModified":"2022-05-09T12:06:48+00:00","author":{"@id":"https:\/\/www.braintumour.ca\/fr\/#\/schema\/person\/7534b1b1d4da5d8e37af436b293eca3d"},"breadcrumb":{"@id":"https:\/\/www.braintumour.ca\/fr\/blogue\/georgia-trimidas-team-in-memory-of-ari\/#breadcrumb"},"inLanguage":"fr-CA","potentialAction":[{"@type":"ReadAction","target":["https:\/\/www.braintumour.ca\/fr\/blogue\/georgia-trimidas-team-in-memory-of-ari\/"]}]},{"@type":"ImageObject","inLanguage":"fr-CA","@id":"https:\/\/www.braintumour.ca\/fr\/blogue\/georgia-trimidas-team-in-memory-of-ari\/#primaryimage","url":"https:\/\/www.braintumour.ca\/wp-content\/uploads\/2022\/05\/Georgia-5.jpg","contentUrl":"https:\/\/www.braintumour.ca\/wp-content\/uploads\/2022\/05\/Georgia-5.jpg","width":1024,"height":647},{"@type":"BreadcrumbList","@id":"https:\/\/www.braintumour.ca\/fr\/blogue\/georgia-trimidas-team-in-memory-of-ari\/#breadcrumb","itemListElement":[{"@type":"ListItem","position":1,"name":"Home","item":"https:\/\/www.braintumour.ca\/fr\/"},{"@type":"ListItem","position":2,"name":"Georgia Trimidas \u2013 \u00c9quipe in Memory of Ari"}]},{"@type":"WebSite","@id":"https:\/\/www.braintumour.ca\/fr\/#website","url":"https:\/\/www.braintumour.ca\/fr\/","name":"Fondation canadienne des tumeurs c\u00e9r\u00e9brales","description":"Notre mission est de venir en aide \u00e0 toutes les personnes touch\u00e9es par une tumeur c\u00e9r\u00e9brale au Canada par le biais de nos programmes d\u2019information, de soutien, d\u2019\u00e9ducation et de recherche.","potentialAction":[{"@type":"SearchAction","target":{"@type":"EntryPoint","urlTemplate":"https:\/\/www.braintumour.ca\/fr\/?s={search_term_string}"},"query-input":{"@type":"PropertyValueSpecification","valueRequired":true,"valueName":"search_term_string"}}],"inLanguage":"fr-CA"},{"@type":"Person","@id":"https:\/\/www.braintumour.ca\/fr\/#\/schema\/person\/7534b1b1d4da5d8e37af436b293eca3d","name":"Matt Berry","image":{"@type":"ImageObject","inLanguage":"fr-CA","@id":"https:\/\/www.braintumour.ca\/fr\/#\/schema\/person\/image\/","url":"https:\/\/secure.gravatar.com\/avatar\/882da3b67056b0c608086d3c77de46948b64244a4c249e81e0bf04a8095ce320?s=96&d=mm&r=g","contentUrl":"https:\/\/secure.gravatar.com\/avatar\/882da3b67056b0c608086d3c77de46948b64244a4c249e81e0bf04a8095ce320?s=96&d=mm&r=g","caption":"Matt Berry"}}]}},"_links":{"self":[{"href":"https:\/\/www.braintumour.ca\/fr\/wp-json\/wp\/v2\/posts\/9292","targetHints":{"allow":["GET"]}}],"collection":[{"href":"https:\/\/www.braintumour.ca\/fr\/wp-json\/wp\/v2\/posts"}],"about":[{"href":"https:\/\/www.braintumour.ca\/fr\/wp-json\/wp\/v2\/types\/post"}],"author":[{"embeddable":true,"href":"https:\/\/www.braintumour.ca\/fr\/wp-json\/wp\/v2\/users\/4"}],"replies":[{"embeddable":true,"href":"https:\/\/www.braintumour.ca\/fr\/wp-json\/wp\/v2\/comments?post=9292"}],"version-history":[{"count":0,"href":"https:\/\/www.braintumour.ca\/fr\/wp-json\/wp\/v2\/posts\/9292\/revisions"}],"wp:featuredmedia":[{"embeddable":true,"href":"https:\/\/www.braintumour.ca\/fr\/wp-json\/wp\/v2\/media\/9269"}],"wp:attachment":[{"href":"https:\/\/www.braintumour.ca\/fr\/wp-json\/wp\/v2\/media?parent=9292"}],"wp:term":[{"taxonomy":"category","embeddable":true,"href":"https:\/\/www.braintumour.ca\/fr\/wp-json\/wp\/v2\/categories?post=9292"},{"taxonomy":"post_tag","embeddable":true,"href":"https:\/\/www.braintumour.ca\/fr\/wp-json\/wp\/v2\/tags?post=9292"},{"taxonomy":"user_type","embeddable":true,"href":"https:\/\/www.braintumour.ca\/fr\/wp-json\/wp\/v2\/user_type?post=9292"},{"taxonomy":"locations","embeddable":true,"href":"https:\/\/www.braintumour.ca\/fr\/wp-json\/wp\/v2\/locations?post=9292"}],"curies":[{"name":"wp","href":"https:\/\/api.w.org\/{rel}","templated":true}]}}