{"id":9295,"date":"2022-05-09T07:49:06","date_gmt":"2022-05-09T11:49:06","guid":{"rendered":"https:\/\/www.braintumour.ca\/non-classifiee\/valerie-stypula-edmonton-ab\/"},"modified":"2022-05-09T08:09:22","modified_gmt":"2022-05-09T12:09:22","slug":"valerie-stypula-edmonton-ab","status":"publish","type":"post","link":"https:\/\/www.braintumour.ca\/fr\/blogue\/valerie-stypula-edmonton-ab\/","title":{"rendered":"Valerie Stypula &#8211; Edmonton, AB"},"content":{"rendered":"<p>\u00ab \u00a0\u00bb Vous avez une tumeur c\u00e9r\u00e9brale \u00ab\u00a0, ces mots allaient changer ma vie et celle de mes enfants \u00e0 jamais \u00bb, d\u00e9clare Valerie Stypula, qui a perdu son mari le 21 septembre 2001, \u00e0 l&rsquo;\u00e2ge de 53 ans, des suites de la maladie. Il avait men\u00e9 un courageux combat d\u2019un an, au cours duquel il avait subi des op\u00e9rations et des traitements. <\/p>\n<p>En 2003, la fille de Valerie lui a demand\u00e9 de participer avec elle au Spring Sprint d&rsquo;Edmonton afin de sensibiliser le public et de collecter des fonds pour la Fondation canadienne des tumeurs c\u00e9r\u00e9brales. <\/p>\n<p>\u00ab Mes deux filles et moi participons \u00e0 la marche depuis lors. Nous avons vu tellement de changements au fil des ans, l&rsquo;un d&rsquo;eux \u00e9tant le nombre de participants, y compris mes gendres et mes petits-enfants \u00bb dit Valerie, qui d\u00e9crit l&rsquo;\u00e9v\u00e9nement comme \u00e9tant gratifiant, motivant et empreint d&rsquo;humilit\u00e9. <\/p>\n<p>Elle marche pour de nombreuses raisons. Tout d&rsquo;abord, pour honorer la m\u00e9moire d&rsquo;un mari et d&rsquo;un p\u00e8re parti trop t\u00f4t et pour lui rendre hommage. Elle veut aussi faire partie de la communaut\u00e9 des personnes touch\u00e9es par une tumeur c\u00e9r\u00e9brale qui ont un point commun et qui vivent des circonstances similaires \u00e0 celles de Val\u00e9rie. <\/p>\n<p>Au nom de la Fondation canadienne des tumeurs c\u00e9r\u00e9brales et de la communaut\u00e9 des personnes touch\u00e9es par une tumeur c\u00e9r\u00e9brale: <\/p>\n<p>Merci! Valerie Stypula! <\/p>\n<p><strong>Apprenez-en plus sur la Marche des tumeurs c\u00e9r\u00e9brales et inscrivez-vous \u00e0 l\u2019\u00e9v\u00e9nement au <a href=\"http:\/\/www.marchetumeurscerebrales.ca\" target=\"_blank\" rel=\"noopener\">www.marchetumeurscerebrales.ca<\/a>!<\/strong><\/p>\n","protected":false},"excerpt":{"rendered":"<p>\u00ab \u00a0\u00bb Vous avez une tumeur c\u00e9r\u00e9brale \u00ab\u00a0, ces mots allaient changer ma vie et celle de mes enfants \u00e0 [&hellip;]<\/p>\n","protected":false},"author":4,"featured_media":9272,"comment_status":"closed","ping_status":"closed","sticky":false,"template":"","format":"standard","meta":{"_acf_changed":false,"footnotes":""},"categories":[138,146],"tags":[214,225],"user_type":[],"locations":[185],"class_list":["post-9295","post","type-post","status-publish","format-standard","has-post-thumbnail","hentry","category-blogue","category-marche-des-tumeurs-cerebrales","tag-brain-tumour-foundation-of-canada-fr","tag-brain-tumour-walk-fr","locations-edmonton-fr"],"acf":[],"yoast_head":"<!-- This site is optimized with the Yoast SEO Premium plugin v27.0 (Yoast SEO v27.0) - https:\/\/yoast.com\/product\/yoast-seo-premium-wordpress\/ -->\n<title>Valerie Stypula - Edmonton, AB - Fondation canadienne des tumeurs c\u00e9r\u00e9brales<\/title>\n<meta name=\"robots\" content=\"index, follow, max-snippet:-1, max-image-preview:large, max-video-preview:-1\" \/>\n<link rel=\"canonical\" href=\"https:\/\/www.braintumour.ca\/fr\/blogue\/valerie-stypula-edmonton-ab\/\" \/>\n<meta property=\"og:locale\" content=\"fr_CA\" \/>\n<meta property=\"og:type\" content=\"article\" \/>\n<meta property=\"og:title\" content=\"Valerie Stypula - Edmonton, AB\" \/>\n<meta property=\"og:description\" content=\"\u00ab \u00a0\u00bb Vous avez une tumeur c\u00e9r\u00e9brale \u00ab\u00a0, ces mots allaient changer ma vie et celle de mes enfants \u00e0 [&hellip;]\" \/>\n<meta property=\"og:url\" content=\"https:\/\/www.braintumour.ca\/fr\/blogue\/valerie-stypula-edmonton-ab\/\" \/>\n<meta property=\"og:site_name\" content=\"Fondation canadienne des tumeurs c\u00e9r\u00e9brales\" \/>\n<meta property=\"article:published_time\" content=\"2022-05-09T11:49:06+00:00\" \/>\n<meta property=\"article:modified_time\" content=\"2022-05-09T12:09:22+00:00\" \/>\n<meta property=\"og:image\" content=\"https:\/\/www.braintumour.ca\/wp-content\/uploads\/2022\/05\/Valerie-Stypula-2.jpeg\" \/>\n\t<meta property=\"og:image:width\" content=\"802\" \/>\n\t<meta property=\"og:image:height\" content=\"717\" \/>\n\t<meta property=\"og:image:type\" content=\"image\/jpeg\" \/>\n<meta name=\"author\" content=\"Matt Berry\" \/>\n<meta name=\"twitter:card\" content=\"summary_large_image\" \/>\n<meta name=\"twitter:label1\" content=\"\u00c9crit par\" \/>\n\t<meta name=\"twitter:data1\" content=\"Matt Berry\" \/>\n\t<meta name=\"twitter:label2\" content=\"Estimation du temps de lecture\" \/>\n\t<meta name=\"twitter:data2\" content=\"1 minute\" \/>\n<script type=\"application\/ld+json\" class=\"yoast-schema-graph\">{\"@context\":\"https:\/\/schema.org\",\"@graph\":[{\"@type\":\"Article\",\"@id\":\"https:\/\/www.braintumour.ca\/fr\/blogue\/valerie-stypula-edmonton-ab\/#article\",\"isPartOf\":{\"@id\":\"https:\/\/www.braintumour.ca\/fr\/blogue\/valerie-stypula-edmonton-ab\/\"},\"author\":{\"name\":\"Matt Berry\",\"@id\":\"https:\/\/www.braintumour.ca\/fr\/#\/schema\/person\/7534b1b1d4da5d8e37af436b293eca3d\"},\"headline\":\"Valerie Stypula &#8211; Edmonton, AB\",\"datePublished\":\"2022-05-09T11:49:06+00:00\",\"dateModified\":\"2022-05-09T12:09:22+00:00\",\"mainEntityOfPage\":{\"@id\":\"https:\/\/www.braintumour.ca\/fr\/blogue\/valerie-stypula-edmonton-ab\/\"},\"wordCount\":264,\"image\":{\"@id\":\"https:\/\/www.braintumour.ca\/fr\/blogue\/valerie-stypula-edmonton-ab\/#primaryimage\"},\"thumbnailUrl\":\"https:\/\/www.braintumour.ca\/wp-content\/uploads\/2022\/05\/Valerie-Stypula-2.jpeg\",\"keywords\":[\"brain tumour foundation of canada\",\"brain tumour walk\"],\"articleSection\":[\"Nouvelles\",\"Marche des tumeurs c\u00e9r\u00e9brales\"],\"inLanguage\":\"fr-CA\"},{\"@type\":\"WebPage\",\"@id\":\"https:\/\/www.braintumour.ca\/fr\/blogue\/valerie-stypula-edmonton-ab\/\",\"url\":\"https:\/\/www.braintumour.ca\/fr\/blogue\/valerie-stypula-edmonton-ab\/\",\"name\":\"Valerie Stypula - Edmonton, AB - Fondation canadienne des tumeurs c\u00e9r\u00e9brales\",\"isPartOf\":{\"@id\":\"https:\/\/www.braintumour.ca\/fr\/#website\"},\"primaryImageOfPage\":{\"@id\":\"https:\/\/www.braintumour.ca\/fr\/blogue\/valerie-stypula-edmonton-ab\/#primaryimage\"},\"image\":{\"@id\":\"https:\/\/www.braintumour.ca\/fr\/blogue\/valerie-stypula-edmonton-ab\/#primaryimage\"},\"thumbnailUrl\":\"https:\/\/www.braintumour.ca\/wp-content\/uploads\/2022\/05\/Valerie-Stypula-2.jpeg\",\"datePublished\":\"2022-05-09T11:49:06+00:00\",\"dateModified\":\"2022-05-09T12:09:22+00:00\",\"author\":{\"@id\":\"https:\/\/www.braintumour.ca\/fr\/#\/schema\/person\/7534b1b1d4da5d8e37af436b293eca3d\"},\"breadcrumb\":{\"@id\":\"https:\/\/www.braintumour.ca\/fr\/blogue\/valerie-stypula-edmonton-ab\/#breadcrumb\"},\"inLanguage\":\"fr-CA\",\"potentialAction\":[{\"@type\":\"ReadAction\",\"target\":[\"https:\/\/www.braintumour.ca\/fr\/blogue\/valerie-stypula-edmonton-ab\/\"]}]},{\"@type\":\"ImageObject\",\"inLanguage\":\"fr-CA\",\"@id\":\"https:\/\/www.braintumour.ca\/fr\/blogue\/valerie-stypula-edmonton-ab\/#primaryimage\",\"url\":\"https:\/\/www.braintumour.ca\/wp-content\/uploads\/2022\/05\/Valerie-Stypula-2.jpeg\",\"contentUrl\":\"https:\/\/www.braintumour.ca\/wp-content\/uploads\/2022\/05\/Valerie-Stypula-2.jpeg\",\"width\":802,\"height\":717},{\"@type\":\"BreadcrumbList\",\"@id\":\"https:\/\/www.braintumour.ca\/fr\/blogue\/valerie-stypula-edmonton-ab\/#breadcrumb\",\"itemListElement\":[{\"@type\":\"ListItem\",\"position\":1,\"name\":\"Home\",\"item\":\"https:\/\/www.braintumour.ca\/fr\/\"},{\"@type\":\"ListItem\",\"position\":2,\"name\":\"Valerie Stypula &#8211; Edmonton, AB\"}]},{\"@type\":\"WebSite\",\"@id\":\"https:\/\/www.braintumour.ca\/fr\/#website\",\"url\":\"https:\/\/www.braintumour.ca\/fr\/\",\"name\":\"Fondation canadienne des tumeurs c\u00e9r\u00e9brales\",\"description\":\"Notre mission est de venir en aide \u00e0 toutes les personnes touch\u00e9es par une tumeur c\u00e9r\u00e9brale au Canada par le biais de nos programmes d\u2019information, de soutien, d\u2019\u00e9ducation et de recherche.\",\"potentialAction\":[{\"@type\":\"SearchAction\",\"target\":{\"@type\":\"EntryPoint\",\"urlTemplate\":\"https:\/\/www.braintumour.ca\/fr\/?s={search_term_string}\"},\"query-input\":{\"@type\":\"PropertyValueSpecification\",\"valueRequired\":true,\"valueName\":\"search_term_string\"}}],\"inLanguage\":\"fr-CA\"},{\"@type\":\"Person\",\"@id\":\"https:\/\/www.braintumour.ca\/fr\/#\/schema\/person\/7534b1b1d4da5d8e37af436b293eca3d\",\"name\":\"Matt Berry\",\"image\":{\"@type\":\"ImageObject\",\"inLanguage\":\"fr-CA\",\"@id\":\"https:\/\/www.braintumour.ca\/fr\/#\/schema\/person\/image\/\",\"url\":\"https:\/\/secure.gravatar.com\/avatar\/882da3b67056b0c608086d3c77de46948b64244a4c249e81e0bf04a8095ce320?s=96&d=mm&r=g\",\"contentUrl\":\"https:\/\/secure.gravatar.com\/avatar\/882da3b67056b0c608086d3c77de46948b64244a4c249e81e0bf04a8095ce320?s=96&d=mm&r=g\",\"caption\":\"Matt Berry\"}}]}<\/script>\n<!-- \/ Yoast SEO Premium plugin. -->","yoast_head_json":{"title":"Valerie Stypula - Edmonton, AB - Fondation canadienne des tumeurs c\u00e9r\u00e9brales","robots":{"index":"index","follow":"follow","max-snippet":"max-snippet:-1","max-image-preview":"max-image-preview:large","max-video-preview":"max-video-preview:-1"},"canonical":"https:\/\/www.braintumour.ca\/fr\/blogue\/valerie-stypula-edmonton-ab\/","og_locale":"fr_CA","og_type":"article","og_title":"Valerie Stypula - Edmonton, AB","og_description":"\u00ab \u00a0\u00bb Vous avez une tumeur c\u00e9r\u00e9brale \u00ab\u00a0, ces mots allaient changer ma vie et celle de mes enfants \u00e0 [&hellip;]","og_url":"https:\/\/www.braintumour.ca\/fr\/blogue\/valerie-stypula-edmonton-ab\/","og_site_name":"Fondation canadienne des tumeurs c\u00e9r\u00e9brales","article_published_time":"2022-05-09T11:49:06+00:00","article_modified_time":"2022-05-09T12:09:22+00:00","og_image":[{"width":802,"height":717,"url":"https:\/\/www.braintumour.ca\/wp-content\/uploads\/2022\/05\/Valerie-Stypula-2.jpeg","type":"image\/jpeg"}],"author":"Matt Berry","twitter_card":"summary_large_image","twitter_misc":{"\u00c9crit par":"Matt Berry","Estimation du temps de lecture":"1 minute"},"schema":{"@context":"https:\/\/schema.org","@graph":[{"@type":"Article","@id":"https:\/\/www.braintumour.ca\/fr\/blogue\/valerie-stypula-edmonton-ab\/#article","isPartOf":{"@id":"https:\/\/www.braintumour.ca\/fr\/blogue\/valerie-stypula-edmonton-ab\/"},"author":{"name":"Matt Berry","@id":"https:\/\/www.braintumour.ca\/fr\/#\/schema\/person\/7534b1b1d4da5d8e37af436b293eca3d"},"headline":"Valerie Stypula &#8211; Edmonton, AB","datePublished":"2022-05-09T11:49:06+00:00","dateModified":"2022-05-09T12:09:22+00:00","mainEntityOfPage":{"@id":"https:\/\/www.braintumour.ca\/fr\/blogue\/valerie-stypula-edmonton-ab\/"},"wordCount":264,"image":{"@id":"https:\/\/www.braintumour.ca\/fr\/blogue\/valerie-stypula-edmonton-ab\/#primaryimage"},"thumbnailUrl":"https:\/\/www.braintumour.ca\/wp-content\/uploads\/2022\/05\/Valerie-Stypula-2.jpeg","keywords":["brain tumour foundation of canada","brain tumour walk"],"articleSection":["Nouvelles","Marche des tumeurs c\u00e9r\u00e9brales"],"inLanguage":"fr-CA"},{"@type":"WebPage","@id":"https:\/\/www.braintumour.ca\/fr\/blogue\/valerie-stypula-edmonton-ab\/","url":"https:\/\/www.braintumour.ca\/fr\/blogue\/valerie-stypula-edmonton-ab\/","name":"Valerie Stypula - Edmonton, AB - Fondation canadienne des tumeurs c\u00e9r\u00e9brales","isPartOf":{"@id":"https:\/\/www.braintumour.ca\/fr\/#website"},"primaryImageOfPage":{"@id":"https:\/\/www.braintumour.ca\/fr\/blogue\/valerie-stypula-edmonton-ab\/#primaryimage"},"image":{"@id":"https:\/\/www.braintumour.ca\/fr\/blogue\/valerie-stypula-edmonton-ab\/#primaryimage"},"thumbnailUrl":"https:\/\/www.braintumour.ca\/wp-content\/uploads\/2022\/05\/Valerie-Stypula-2.jpeg","datePublished":"2022-05-09T11:49:06+00:00","dateModified":"2022-05-09T12:09:22+00:00","author":{"@id":"https:\/\/www.braintumour.ca\/fr\/#\/schema\/person\/7534b1b1d4da5d8e37af436b293eca3d"},"breadcrumb":{"@id":"https:\/\/www.braintumour.ca\/fr\/blogue\/valerie-stypula-edmonton-ab\/#breadcrumb"},"inLanguage":"fr-CA","potentialAction":[{"@type":"ReadAction","target":["https:\/\/www.braintumour.ca\/fr\/blogue\/valerie-stypula-edmonton-ab\/"]}]},{"@type":"ImageObject","inLanguage":"fr-CA","@id":"https:\/\/www.braintumour.ca\/fr\/blogue\/valerie-stypula-edmonton-ab\/#primaryimage","url":"https:\/\/www.braintumour.ca\/wp-content\/uploads\/2022\/05\/Valerie-Stypula-2.jpeg","contentUrl":"https:\/\/www.braintumour.ca\/wp-content\/uploads\/2022\/05\/Valerie-Stypula-2.jpeg","width":802,"height":717},{"@type":"BreadcrumbList","@id":"https:\/\/www.braintumour.ca\/fr\/blogue\/valerie-stypula-edmonton-ab\/#breadcrumb","itemListElement":[{"@type":"ListItem","position":1,"name":"Home","item":"https:\/\/www.braintumour.ca\/fr\/"},{"@type":"ListItem","position":2,"name":"Valerie Stypula &#8211; Edmonton, AB"}]},{"@type":"WebSite","@id":"https:\/\/www.braintumour.ca\/fr\/#website","url":"https:\/\/www.braintumour.ca\/fr\/","name":"Fondation canadienne des tumeurs c\u00e9r\u00e9brales","description":"Notre mission est de venir en aide \u00e0 toutes les personnes touch\u00e9es par une tumeur c\u00e9r\u00e9brale au Canada par le biais de nos programmes d\u2019information, de soutien, d\u2019\u00e9ducation et de recherche.","potentialAction":[{"@type":"SearchAction","target":{"@type":"EntryPoint","urlTemplate":"https:\/\/www.braintumour.ca\/fr\/?s={search_term_string}"},"query-input":{"@type":"PropertyValueSpecification","valueRequired":true,"valueName":"search_term_string"}}],"inLanguage":"fr-CA"},{"@type":"Person","@id":"https:\/\/www.braintumour.ca\/fr\/#\/schema\/person\/7534b1b1d4da5d8e37af436b293eca3d","name":"Matt Berry","image":{"@type":"ImageObject","inLanguage":"fr-CA","@id":"https:\/\/www.braintumour.ca\/fr\/#\/schema\/person\/image\/","url":"https:\/\/secure.gravatar.com\/avatar\/882da3b67056b0c608086d3c77de46948b64244a4c249e81e0bf04a8095ce320?s=96&d=mm&r=g","contentUrl":"https:\/\/secure.gravatar.com\/avatar\/882da3b67056b0c608086d3c77de46948b64244a4c249e81e0bf04a8095ce320?s=96&d=mm&r=g","caption":"Matt Berry"}}]}},"_links":{"self":[{"href":"https:\/\/www.braintumour.ca\/fr\/wp-json\/wp\/v2\/posts\/9295","targetHints":{"allow":["GET"]}}],"collection":[{"href":"https:\/\/www.braintumour.ca\/fr\/wp-json\/wp\/v2\/posts"}],"about":[{"href":"https:\/\/www.braintumour.ca\/fr\/wp-json\/wp\/v2\/types\/post"}],"author":[{"embeddable":true,"href":"https:\/\/www.braintumour.ca\/fr\/wp-json\/wp\/v2\/users\/4"}],"replies":[{"embeddable":true,"href":"https:\/\/www.braintumour.ca\/fr\/wp-json\/wp\/v2\/comments?post=9295"}],"version-history":[{"count":0,"href":"https:\/\/www.braintumour.ca\/fr\/wp-json\/wp\/v2\/posts\/9295\/revisions"}],"wp:featuredmedia":[{"embeddable":true,"href":"https:\/\/www.braintumour.ca\/fr\/wp-json\/wp\/v2\/media\/9272"}],"wp:attachment":[{"href":"https:\/\/www.braintumour.ca\/fr\/wp-json\/wp\/v2\/media?parent=9295"}],"wp:term":[{"taxonomy":"category","embeddable":true,"href":"https:\/\/www.braintumour.ca\/fr\/wp-json\/wp\/v2\/categories?post=9295"},{"taxonomy":"post_tag","embeddable":true,"href":"https:\/\/www.braintumour.ca\/fr\/wp-json\/wp\/v2\/tags?post=9295"},{"taxonomy":"user_type","embeddable":true,"href":"https:\/\/www.braintumour.ca\/fr\/wp-json\/wp\/v2\/user_type?post=9295"},{"taxonomy":"locations","embeddable":true,"href":"https:\/\/www.braintumour.ca\/fr\/wp-json\/wp\/v2\/locations?post=9295"}],"curies":[{"name":"wp","href":"https:\/\/api.w.org\/{rel}","templated":true}]}}