{"id":9373,"date":"2022-05-16T08:43:04","date_gmt":"2022-05-16T12:43:04","guid":{"rendered":"https:\/\/www.braintumour.ca\/non-classifiee\/samantha-fernie-montreal-qc\/"},"modified":"2022-05-16T08:57:26","modified_gmt":"2022-05-16T12:57:26","slug":"samantha-fernie-montreal-qc","status":"publish","type":"post","link":"https:\/\/www.braintumour.ca\/fr\/blogue\/samantha-fernie-montreal-qc\/","title":{"rendered":"Samantha Fernie &#8211; Montreal, QC"},"content":{"rendered":"<p>En 2003, Keith Fernie, le p\u00e8re de Samantha Fernie, a re\u00e7u un diagnostic de tumeur c\u00e9r\u00e9brale maligne. <\/p>\n<p>\u00ab Apr\u00e8s avoir pass\u00e9 toute mon enfance \u00e0 le regarder se battre contre cette maladie, j&rsquo;ai eu envie de rendre la pareille et d&rsquo;aider d&rsquo;autres familles qui \u00e9taient \u00e9galement confront\u00e9es \u00e0 ce diagnostic \u00bb, se souvient Samantha. <\/p>\n<p>Afin de soutenir son p\u00e8re dans son parcours, elle a d\u00e9cid\u00e9 de cr\u00e9er l&rsquo;\u00e9quipe Keith Fernie avec quelques-uns de ses amis lorsqu&rsquo;elle avait 15 ans. <\/p>\n<p>\u00ab Il a \u00e9t\u00e9 stup\u00e9fait et honor\u00e9 qu&rsquo;un groupe d&rsquo;\u00e9l\u00e8ves du secondaire participe \u00e0 cet \u00e9v\u00e9nement et recueille plus de 3 000 $ cette ann\u00e9e-l\u00e0 pour soutenir sa lutte contre le cancer ! Les patients se sentent souvent tr\u00e8s seuls lorsqu&rsquo;ils sont aux prises avec cette maladie, mais cet \u00e9v\u00e9nement rassemble une communaut\u00e9 de personnes encourageantes. Cela montre aux survivants \u00e0 quel point ils sont soutenus et aim\u00e9s\u202f\u00bb, dit-elle. <\/p>\n<p>Au cours des ann\u00e9es qui ont suivi, son p\u00e8re a attendu avec impatience de participer \u00e0 chaque \u00e9v\u00e9nement du Spring Sprint. Pour lui et les autres survivants, cet \u00e9v\u00e9nement repr\u00e9sentait une fa\u00e7on de c\u00e9l\u00e9brer le chemin parcouru. Lors de l&rsquo;\u00e9v\u00e9nement, chaque survivant re\u00e7oit un t-shirt bleu pour le distinguer des autres participants et b\u00e9n\u00e9voles. <\/p>\n<p>Samantha se souvient avec \u00e9motion de son p\u00e8re, si fier, portant son t-shirt de survivant et arborant un grand sourire. <\/p>\n<p>\u00ab Voir le sourire qui illuminait son visage lorsqu&rsquo;il a re\u00e7u son premier t-shirt de survivant est un souvenir que je ch\u00e9rirai toute ma vie \u00bb. <\/p>\n<p>Malheureusement, en 2018, Keith Fernie est d\u00e9c\u00e9d\u00e9 apr\u00e8s un combat de 16 ans contre cette maladie. L&rsquo;\u00e9v\u00e9nement est devenu beaucoup plus important pour Samantha et sa famille, car ils sont maintenant motiv\u00e9s \u00e0 redonner \u00e0 la communaut\u00e9 des personnes touch\u00e9es par une tumeur c\u00e9r\u00e9brale et \u00e0 se battre pour trouver un rem\u00e8de. <\/p>\n<p>\u00ab Je suis tellement reconnaissante envers tous les membres de ma famille et mes amis qui ont pris le temps de faire des dons ou de participer \u00e0 l&rsquo;\u00e9v\u00e9nement. Chaque geste compte lorsqu&rsquo;il s&rsquo;agit de trouver un rem\u00e8de aux tumeurs c\u00e9r\u00e9brales \u00bb, exprime Samantha avec reconnaissance. <\/p>\n<p>L&rsquo;\u00e9quipe de la Marche des tumeurs c\u00e9r\u00e9brales rend hommage \u00e0 Samantha Fernie et \u00e0 l&rsquo;\u00e9quipe Keith Fernie pour leur incroyable d\u00e9vouement et leur soutien afin de dire #AdieuTumeursC\u00e9r\u00e9brales. <\/p>\n<p>Au nom de la Fondation canadienne des tumeurs c\u00e9r\u00e9brales et de la communaut\u00e9 des personnes touch\u00e9es par une tumeur c\u00e9r\u00e9brale: <\/p>\n<p>Merci! Samantha Fernie!<\/p>\n<p><strong>Apprenez-en plus sur la Marche des tumeurs c\u00e9r\u00e9brales et inscrivez-vous \u00e0 l\u2019\u00e9v\u00e9nement au <a href=\"http:\/\/www.marchetumeurscerebrales.ca\" target=\"_blank\" rel=\"noopener\">www.marchetumeurscerebrales.ca<\/a>!<\/strong><\/p>\n","protected":false},"excerpt":{"rendered":"<p>En 2003, Keith Fernie, le p\u00e8re de Samantha Fernie, a re\u00e7u un diagnostic de tumeur c\u00e9r\u00e9brale maligne. \u00ab Apr\u00e8s avoir [&hellip;]<\/p>\n","protected":false},"author":4,"featured_media":9353,"comment_status":"closed","ping_status":"closed","sticky":false,"template":"","format":"standard","meta":{"_acf_changed":false,"footnotes":""},"categories":[138,146],"tags":[214,225],"user_type":[],"locations":[160],"class_list":["post-9373","post","type-post","status-publish","format-standard","has-post-thumbnail","hentry","category-blogue","category-marche-des-tumeurs-cerebrales","tag-brain-tumour-foundation-of-canada-fr","tag-brain-tumour-walk-fr","locations-montreal"],"acf":[],"yoast_head":"<!-- This site is optimized with the Yoast SEO Premium plugin v27.0 (Yoast SEO v27.0) - https:\/\/yoast.com\/product\/yoast-seo-premium-wordpress\/ -->\n<title>Samantha Fernie - Montreal, QC - Fondation canadienne des tumeurs c\u00e9r\u00e9brales<\/title>\n<meta name=\"robots\" content=\"index, follow, max-snippet:-1, max-image-preview:large, max-video-preview:-1\" \/>\n<link rel=\"canonical\" href=\"https:\/\/www.braintumour.ca\/fr\/blogue\/samantha-fernie-montreal-qc\/\" \/>\n<meta property=\"og:locale\" content=\"fr_CA\" \/>\n<meta property=\"og:type\" content=\"article\" \/>\n<meta property=\"og:title\" content=\"Samantha Fernie - Montreal, QC\" \/>\n<meta property=\"og:description\" content=\"En 2003, Keith Fernie, le p\u00e8re de Samantha Fernie, a re\u00e7u un diagnostic de tumeur c\u00e9r\u00e9brale maligne. \u00ab Apr\u00e8s avoir [&hellip;]\" \/>\n<meta property=\"og:url\" content=\"https:\/\/www.braintumour.ca\/fr\/blogue\/samantha-fernie-montreal-qc\/\" \/>\n<meta property=\"og:site_name\" content=\"Fondation canadienne des tumeurs c\u00e9r\u00e9brales\" \/>\n<meta property=\"article:published_time\" content=\"2022-05-16T12:43:04+00:00\" \/>\n<meta property=\"article:modified_time\" content=\"2022-05-16T12:57:26+00:00\" \/>\n<meta property=\"og:image\" content=\"https:\/\/www.braintumour.ca\/wp-content\/uploads\/2022\/05\/Keith-Fernie-1963-2018.jpg\" \/>\n\t<meta property=\"og:image:width\" content=\"960\" \/>\n\t<meta property=\"og:image:height\" content=\"640\" \/>\n\t<meta property=\"og:image:type\" content=\"image\/jpeg\" \/>\n<meta name=\"author\" content=\"Matt Berry\" \/>\n<meta name=\"twitter:card\" content=\"summary_large_image\" \/>\n<meta name=\"twitter:label1\" content=\"\u00c9crit par\" \/>\n\t<meta name=\"twitter:data1\" content=\"Matt Berry\" \/>\n\t<meta name=\"twitter:label2\" content=\"Estimation du temps de lecture\" \/>\n\t<meta name=\"twitter:data2\" content=\"2 minutes\" \/>\n<script type=\"application\/ld+json\" class=\"yoast-schema-graph\">{\"@context\":\"https:\/\/schema.org\",\"@graph\":[{\"@type\":\"Article\",\"@id\":\"https:\/\/www.braintumour.ca\/fr\/blogue\/samantha-fernie-montreal-qc\/#article\",\"isPartOf\":{\"@id\":\"https:\/\/www.braintumour.ca\/fr\/blogue\/samantha-fernie-montreal-qc\/\"},\"author\":{\"name\":\"Matt Berry\",\"@id\":\"https:\/\/www.braintumour.ca\/fr\/#\/schema\/person\/7534b1b1d4da5d8e37af436b293eca3d\"},\"headline\":\"Samantha Fernie &#8211; Montreal, QC\",\"datePublished\":\"2022-05-16T12:43:04+00:00\",\"dateModified\":\"2022-05-16T12:57:26+00:00\",\"mainEntityOfPage\":{\"@id\":\"https:\/\/www.braintumour.ca\/fr\/blogue\/samantha-fernie-montreal-qc\/\"},\"wordCount\":465,\"image\":{\"@id\":\"https:\/\/www.braintumour.ca\/fr\/blogue\/samantha-fernie-montreal-qc\/#primaryimage\"},\"thumbnailUrl\":\"https:\/\/www.braintumour.ca\/wp-content\/uploads\/2022\/05\/Keith-Fernie-1963-2018.jpg\",\"keywords\":[\"brain tumour foundation of canada\",\"brain tumour walk\"],\"articleSection\":[\"Nouvelles\",\"Marche des tumeurs c\u00e9r\u00e9brales\"],\"inLanguage\":\"fr-CA\"},{\"@type\":\"WebPage\",\"@id\":\"https:\/\/www.braintumour.ca\/fr\/blogue\/samantha-fernie-montreal-qc\/\",\"url\":\"https:\/\/www.braintumour.ca\/fr\/blogue\/samantha-fernie-montreal-qc\/\",\"name\":\"Samantha Fernie - Montreal, QC - Fondation canadienne des tumeurs c\u00e9r\u00e9brales\",\"isPartOf\":{\"@id\":\"https:\/\/www.braintumour.ca\/fr\/#website\"},\"primaryImageOfPage\":{\"@id\":\"https:\/\/www.braintumour.ca\/fr\/blogue\/samantha-fernie-montreal-qc\/#primaryimage\"},\"image\":{\"@id\":\"https:\/\/www.braintumour.ca\/fr\/blogue\/samantha-fernie-montreal-qc\/#primaryimage\"},\"thumbnailUrl\":\"https:\/\/www.braintumour.ca\/wp-content\/uploads\/2022\/05\/Keith-Fernie-1963-2018.jpg\",\"datePublished\":\"2022-05-16T12:43:04+00:00\",\"dateModified\":\"2022-05-16T12:57:26+00:00\",\"author\":{\"@id\":\"https:\/\/www.braintumour.ca\/fr\/#\/schema\/person\/7534b1b1d4da5d8e37af436b293eca3d\"},\"breadcrumb\":{\"@id\":\"https:\/\/www.braintumour.ca\/fr\/blogue\/samantha-fernie-montreal-qc\/#breadcrumb\"},\"inLanguage\":\"fr-CA\",\"potentialAction\":[{\"@type\":\"ReadAction\",\"target\":[\"https:\/\/www.braintumour.ca\/fr\/blogue\/samantha-fernie-montreal-qc\/\"]}]},{\"@type\":\"ImageObject\",\"inLanguage\":\"fr-CA\",\"@id\":\"https:\/\/www.braintumour.ca\/fr\/blogue\/samantha-fernie-montreal-qc\/#primaryimage\",\"url\":\"https:\/\/www.braintumour.ca\/wp-content\/uploads\/2022\/05\/Keith-Fernie-1963-2018.jpg\",\"contentUrl\":\"https:\/\/www.braintumour.ca\/wp-content\/uploads\/2022\/05\/Keith-Fernie-1963-2018.jpg\",\"width\":960,\"height\":640},{\"@type\":\"BreadcrumbList\",\"@id\":\"https:\/\/www.braintumour.ca\/fr\/blogue\/samantha-fernie-montreal-qc\/#breadcrumb\",\"itemListElement\":[{\"@type\":\"ListItem\",\"position\":1,\"name\":\"Home\",\"item\":\"https:\/\/www.braintumour.ca\/fr\/\"},{\"@type\":\"ListItem\",\"position\":2,\"name\":\"Samantha Fernie &#8211; Montreal, QC\"}]},{\"@type\":\"WebSite\",\"@id\":\"https:\/\/www.braintumour.ca\/fr\/#website\",\"url\":\"https:\/\/www.braintumour.ca\/fr\/\",\"name\":\"Fondation canadienne des tumeurs c\u00e9r\u00e9brales\",\"description\":\"Notre mission est de venir en aide \u00e0 toutes les personnes touch\u00e9es par une tumeur c\u00e9r\u00e9brale au Canada par le biais de nos programmes d\u2019information, de soutien, d\u2019\u00e9ducation et de recherche.\",\"potentialAction\":[{\"@type\":\"SearchAction\",\"target\":{\"@type\":\"EntryPoint\",\"urlTemplate\":\"https:\/\/www.braintumour.ca\/fr\/?s={search_term_string}\"},\"query-input\":{\"@type\":\"PropertyValueSpecification\",\"valueRequired\":true,\"valueName\":\"search_term_string\"}}],\"inLanguage\":\"fr-CA\"},{\"@type\":\"Person\",\"@id\":\"https:\/\/www.braintumour.ca\/fr\/#\/schema\/person\/7534b1b1d4da5d8e37af436b293eca3d\",\"name\":\"Matt Berry\",\"image\":{\"@type\":\"ImageObject\",\"inLanguage\":\"fr-CA\",\"@id\":\"https:\/\/www.braintumour.ca\/fr\/#\/schema\/person\/image\/\",\"url\":\"https:\/\/secure.gravatar.com\/avatar\/882da3b67056b0c608086d3c77de46948b64244a4c249e81e0bf04a8095ce320?s=96&d=mm&r=g\",\"contentUrl\":\"https:\/\/secure.gravatar.com\/avatar\/882da3b67056b0c608086d3c77de46948b64244a4c249e81e0bf04a8095ce320?s=96&d=mm&r=g\",\"caption\":\"Matt Berry\"}}]}<\/script>\n<!-- \/ Yoast SEO Premium plugin. -->","yoast_head_json":{"title":"Samantha Fernie - Montreal, QC - Fondation canadienne des tumeurs c\u00e9r\u00e9brales","robots":{"index":"index","follow":"follow","max-snippet":"max-snippet:-1","max-image-preview":"max-image-preview:large","max-video-preview":"max-video-preview:-1"},"canonical":"https:\/\/www.braintumour.ca\/fr\/blogue\/samantha-fernie-montreal-qc\/","og_locale":"fr_CA","og_type":"article","og_title":"Samantha Fernie - Montreal, QC","og_description":"En 2003, Keith Fernie, le p\u00e8re de Samantha Fernie, a re\u00e7u un diagnostic de tumeur c\u00e9r\u00e9brale maligne. \u00ab Apr\u00e8s avoir [&hellip;]","og_url":"https:\/\/www.braintumour.ca\/fr\/blogue\/samantha-fernie-montreal-qc\/","og_site_name":"Fondation canadienne des tumeurs c\u00e9r\u00e9brales","article_published_time":"2022-05-16T12:43:04+00:00","article_modified_time":"2022-05-16T12:57:26+00:00","og_image":[{"width":960,"height":640,"url":"https:\/\/www.braintumour.ca\/wp-content\/uploads\/2022\/05\/Keith-Fernie-1963-2018.jpg","type":"image\/jpeg"}],"author":"Matt Berry","twitter_card":"summary_large_image","twitter_misc":{"\u00c9crit par":"Matt Berry","Estimation du temps de lecture":"2 minutes"},"schema":{"@context":"https:\/\/schema.org","@graph":[{"@type":"Article","@id":"https:\/\/www.braintumour.ca\/fr\/blogue\/samantha-fernie-montreal-qc\/#article","isPartOf":{"@id":"https:\/\/www.braintumour.ca\/fr\/blogue\/samantha-fernie-montreal-qc\/"},"author":{"name":"Matt Berry","@id":"https:\/\/www.braintumour.ca\/fr\/#\/schema\/person\/7534b1b1d4da5d8e37af436b293eca3d"},"headline":"Samantha Fernie &#8211; Montreal, QC","datePublished":"2022-05-16T12:43:04+00:00","dateModified":"2022-05-16T12:57:26+00:00","mainEntityOfPage":{"@id":"https:\/\/www.braintumour.ca\/fr\/blogue\/samantha-fernie-montreal-qc\/"},"wordCount":465,"image":{"@id":"https:\/\/www.braintumour.ca\/fr\/blogue\/samantha-fernie-montreal-qc\/#primaryimage"},"thumbnailUrl":"https:\/\/www.braintumour.ca\/wp-content\/uploads\/2022\/05\/Keith-Fernie-1963-2018.jpg","keywords":["brain tumour foundation of canada","brain tumour walk"],"articleSection":["Nouvelles","Marche des tumeurs c\u00e9r\u00e9brales"],"inLanguage":"fr-CA"},{"@type":"WebPage","@id":"https:\/\/www.braintumour.ca\/fr\/blogue\/samantha-fernie-montreal-qc\/","url":"https:\/\/www.braintumour.ca\/fr\/blogue\/samantha-fernie-montreal-qc\/","name":"Samantha Fernie - Montreal, QC - Fondation canadienne des tumeurs c\u00e9r\u00e9brales","isPartOf":{"@id":"https:\/\/www.braintumour.ca\/fr\/#website"},"primaryImageOfPage":{"@id":"https:\/\/www.braintumour.ca\/fr\/blogue\/samantha-fernie-montreal-qc\/#primaryimage"},"image":{"@id":"https:\/\/www.braintumour.ca\/fr\/blogue\/samantha-fernie-montreal-qc\/#primaryimage"},"thumbnailUrl":"https:\/\/www.braintumour.ca\/wp-content\/uploads\/2022\/05\/Keith-Fernie-1963-2018.jpg","datePublished":"2022-05-16T12:43:04+00:00","dateModified":"2022-05-16T12:57:26+00:00","author":{"@id":"https:\/\/www.braintumour.ca\/fr\/#\/schema\/person\/7534b1b1d4da5d8e37af436b293eca3d"},"breadcrumb":{"@id":"https:\/\/www.braintumour.ca\/fr\/blogue\/samantha-fernie-montreal-qc\/#breadcrumb"},"inLanguage":"fr-CA","potentialAction":[{"@type":"ReadAction","target":["https:\/\/www.braintumour.ca\/fr\/blogue\/samantha-fernie-montreal-qc\/"]}]},{"@type":"ImageObject","inLanguage":"fr-CA","@id":"https:\/\/www.braintumour.ca\/fr\/blogue\/samantha-fernie-montreal-qc\/#primaryimage","url":"https:\/\/www.braintumour.ca\/wp-content\/uploads\/2022\/05\/Keith-Fernie-1963-2018.jpg","contentUrl":"https:\/\/www.braintumour.ca\/wp-content\/uploads\/2022\/05\/Keith-Fernie-1963-2018.jpg","width":960,"height":640},{"@type":"BreadcrumbList","@id":"https:\/\/www.braintumour.ca\/fr\/blogue\/samantha-fernie-montreal-qc\/#breadcrumb","itemListElement":[{"@type":"ListItem","position":1,"name":"Home","item":"https:\/\/www.braintumour.ca\/fr\/"},{"@type":"ListItem","position":2,"name":"Samantha Fernie &#8211; Montreal, QC"}]},{"@type":"WebSite","@id":"https:\/\/www.braintumour.ca\/fr\/#website","url":"https:\/\/www.braintumour.ca\/fr\/","name":"Fondation canadienne des tumeurs c\u00e9r\u00e9brales","description":"Notre mission est de venir en aide \u00e0 toutes les personnes touch\u00e9es par une tumeur c\u00e9r\u00e9brale au Canada par le biais de nos programmes d\u2019information, de soutien, d\u2019\u00e9ducation et de recherche.","potentialAction":[{"@type":"SearchAction","target":{"@type":"EntryPoint","urlTemplate":"https:\/\/www.braintumour.ca\/fr\/?s={search_term_string}"},"query-input":{"@type":"PropertyValueSpecification","valueRequired":true,"valueName":"search_term_string"}}],"inLanguage":"fr-CA"},{"@type":"Person","@id":"https:\/\/www.braintumour.ca\/fr\/#\/schema\/person\/7534b1b1d4da5d8e37af436b293eca3d","name":"Matt Berry","image":{"@type":"ImageObject","inLanguage":"fr-CA","@id":"https:\/\/www.braintumour.ca\/fr\/#\/schema\/person\/image\/","url":"https:\/\/secure.gravatar.com\/avatar\/882da3b67056b0c608086d3c77de46948b64244a4c249e81e0bf04a8095ce320?s=96&d=mm&r=g","contentUrl":"https:\/\/secure.gravatar.com\/avatar\/882da3b67056b0c608086d3c77de46948b64244a4c249e81e0bf04a8095ce320?s=96&d=mm&r=g","caption":"Matt Berry"}}]}},"_links":{"self":[{"href":"https:\/\/www.braintumour.ca\/fr\/wp-json\/wp\/v2\/posts\/9373","targetHints":{"allow":["GET"]}}],"collection":[{"href":"https:\/\/www.braintumour.ca\/fr\/wp-json\/wp\/v2\/posts"}],"about":[{"href":"https:\/\/www.braintumour.ca\/fr\/wp-json\/wp\/v2\/types\/post"}],"author":[{"embeddable":true,"href":"https:\/\/www.braintumour.ca\/fr\/wp-json\/wp\/v2\/users\/4"}],"replies":[{"embeddable":true,"href":"https:\/\/www.braintumour.ca\/fr\/wp-json\/wp\/v2\/comments?post=9373"}],"version-history":[{"count":0,"href":"https:\/\/www.braintumour.ca\/fr\/wp-json\/wp\/v2\/posts\/9373\/revisions"}],"wp:featuredmedia":[{"embeddable":true,"href":"https:\/\/www.braintumour.ca\/fr\/wp-json\/wp\/v2\/media\/9353"}],"wp:attachment":[{"href":"https:\/\/www.braintumour.ca\/fr\/wp-json\/wp\/v2\/media?parent=9373"}],"wp:term":[{"taxonomy":"category","embeddable":true,"href":"https:\/\/www.braintumour.ca\/fr\/wp-json\/wp\/v2\/categories?post=9373"},{"taxonomy":"post_tag","embeddable":true,"href":"https:\/\/www.braintumour.ca\/fr\/wp-json\/wp\/v2\/tags?post=9373"},{"taxonomy":"user_type","embeddable":true,"href":"https:\/\/www.braintumour.ca\/fr\/wp-json\/wp\/v2\/user_type?post=9373"},{"taxonomy":"locations","embeddable":true,"href":"https:\/\/www.braintumour.ca\/fr\/wp-json\/wp\/v2\/locations?post=9373"}],"curies":[{"name":"wp","href":"https:\/\/api.w.org\/{rel}","templated":true}]}}