{"id":9406,"date":"2022-05-16T08:41:39","date_gmt":"2022-05-16T12:41:39","guid":{"rendered":"https:\/\/www.braintumour.ca\/non-classifiee\/lori-wilson-calgary-ab\/"},"modified":"2022-05-17T11:04:14","modified_gmt":"2022-05-17T15:04:14","slug":"lori-wilson-calgary-ab","status":"publish","type":"post","link":"https:\/\/www.braintumour.ca\/fr\/blogue\/lori-wilson-calgary-ab\/","title":{"rendered":"Lori Wilson &#8211; Calgary, AB"},"content":{"rendered":"<p>Il y a 20 ans, en juin, Lori Wilson a appris, avec son mari \u00e0 ses c\u00f4t\u00e9s, qu&rsquo;elle avait une grosse tumeur c\u00e9r\u00e9brale qui devait \u00eatre enlev\u00e9e.  <\/p>\n<p>\u00ab\u202fCe n&rsquo;\u00e9tait pas le vrai d\u00e9but de notre parcours, et je dis \u00ab\u00a0notre\u00a0\u00bb parce que ce diagnostic affecte non seulement la personne qui en est atteinte, mais aussi sa famille\u202f\u00bb, d\u00e9clare Lori, dont le parcours familial a commenc\u00e9 en 1975. Son p\u00e8re a re\u00e7u un diagnostic de tumeur c\u00e9r\u00e9brale non maligne et est malheureusement d\u00e9c\u00e9d\u00e9 \u00e0 l&rsquo;\u00e2ge de 42 ans. Lori n&rsquo;avait que 10 ans \u00e0 l&rsquo;\u00e9poque.  <\/p>\n<p>\u00ab De nombreuses ann\u00e9es ont pass\u00e9, et j&rsquo;ai commenc\u00e9 \u00e0 me sentir mal. J&rsquo;avais de nombreux sympt\u00f4mes, pour la plupart desquels nous semblions trouver une explication raisonnable\u202f\u00bb, se souvient-elle.  <\/p>\n<p>Cependant, de trop nombreux autres signes ne pouvaient \u00eatre expliqu\u00e9s, comme des maux de t\u00eate intenses, qui \u00e9taient une caract\u00e9ristique constante de sa vie quotidienne.  <\/p>\n<p>\u00ab Sur une \u00e9chelle de 1 \u00e0 10, ils \u00e9taient bien au-dessus de 10. Je les compare \u00e0 des maux de t\u00eate provoqu\u00e9s par la consommation trop rapide d&rsquo;une \u201csloche\u201d glac\u00e9e \u00bb, explique Lori.  <\/p>\n<p>Apr\u00e8s plusieurs ann\u00e9es marqu\u00e9es par une aggravation continue des sympt\u00f4mes et des maux de t\u00eate intenses, et apr\u00e8s s&rsquo;\u00eatre entendu dire qu&rsquo;il s&rsquo;agissait simplement d&rsquo;une migraine, Lori a finalement pass\u00e9 un scan. Lors de ce rendez-vous, Lori a re\u00e7u le diagnostic de deux tumeurs c\u00e9r\u00e9brales. Elle a \u00e9t\u00e9 transport\u00e9e en ambulance pour rencontrer son neurochirurgien dans un autre h\u00f4pital. Le lendemain matin, elle a \u00e9t\u00e9 op\u00e9r\u00e9e pour qu&rsquo;on lui retire la grosse masse de 7 cm.  <\/p>\n<p>\u00ab Le plan \u00e9tait de s&rsquo;occuper d&rsquo;abord de la plus grosse et de traiter l&rsquo;autre plus petite quelques mois plus tard. Mes tumeurs sont des m\u00e9ningiomes non malins, bien que les tumeurs non malignes s&rsquo;accompagnent \u00e9galement de probl\u00e8mes. \u00c9vitons de faire des distinctions entre les tumeurs malignes et non malignes \u00bb, d\u00e9clare Lori.  <\/p>\n<p>Les choses ont chang\u00e9 lorsque, six mois apr\u00e8s son op\u00e9ration, son beau-p\u00e8re a re\u00e7u le diagnostic d&rsquo;une tumeur maligne et a malheureusement perdu son combat trois mois plus tard.  <\/p>\n<p>Deux ans apr\u00e8s sa premi\u00e8re op\u00e9ration, Lori avait pr\u00e9vu d&rsquo;en subir une deuxi\u00e8me. \u00c0 cette \u00e9poque, elle \u00e9tait entre sa premi\u00e8re et sa deuxi\u00e8me ann\u00e9e d&rsquo;universit\u00e9 en vue de d\u00e9crocher son dipl\u00f4me d&rsquo;infirmi\u00e8re.  <\/p>\n<p>\u00ab Les choses se sont bien pass\u00e9es, et notre vie a poursuivi son cours. Puis, 14 ans apr\u00e8s avoir re\u00e7u mon premier diagnostic, mon IRM de suivi r\u00e9gulier a r\u00e9v\u00e9l\u00e9 sept nouvelles croissances. La famille a encaiss\u00e9 un autre coup lorsque mon beau-fr\u00e8re a re\u00e7u un diagnostic de tumeur non maligne il y a six ans \u00bb, se souvient-elle.  <\/p>\n<p>Lori passe r\u00e9guli\u00e8rement des IRM de suivi. Elle et sa famille continueront \u00e0 surveiller l&rsquo;\u00e9volution des tumeurs, ainsi que l&rsquo;apparition \u00e9ventuelle de nouvelles tumeurs. Comme le diagnostic initial a r\u00e9v\u00e9l\u00e9 la pr\u00e9sence de deux tumeurs c\u00e9r\u00e9brales, la probabilit\u00e9 d&rsquo;apparition et de r\u00e9currence de tumeurs multiples est plus \u00e9lev\u00e9e. <\/p>\n<p>\u00ab Si nous devons subir d&rsquo;autres interventions chirurgicales, nous y ferons face. Pour l&rsquo;instant, nous restons positifs et essayons de vivre avec ce que j&rsquo;ai toujours appel\u00e9 notre \u00ab\u00a0nouvelle normalit\u00e9\u00a0\u00bb \u00bb, dit-elle.  <\/p>\n<p>En tant que coordonnatrice de son groupe de soutien local, Lori aime rendre service \u00e0 la communaut\u00e9.  <\/p>\n<p>\u00ab Nous participons \u00e0 la Marche des tumeurs c\u00e9r\u00e9brales depuis de nombreuses ann\u00e9es et nous avons eu le plaisir de rencontrer des personnes extraordinaires au fil des ans\u202f\u00bb, s&rsquo;exclame-t-elle.  <\/p>\n<p>\u00ab Avec mon mari et ma famille, nous esp\u00e9rons qu&rsquo;un jour on trouvera un rem\u00e8de, pour que personne n&rsquo;ait \u00e0 entendre ces mots que nous avons entendus trop souvent. \u00bb  <\/p>\n<p>Au nom de la Fondation canadienne des tumeurs c\u00e9r\u00e9brales et de la communaut\u00e9 des personnes touch\u00e9es par une tumeur c\u00e9r\u00e9brale:  <\/p>\n<p>Merci! Lori Wilson! <\/p>\n<p><strong>Apprenez-en plus sur la Marche des tumeurs c\u00e9r\u00e9brales et inscrivez-vous \u00e0 l\u2019\u00e9v\u00e9nement au <a href=\"http:\/\/www.marchetumeurscerebrales.ca\" target=\"_blank\" rel=\"noopener\">www.marchetumeurscerebrales.ca<\/a>!<\/strong><\/p>\n","protected":false},"excerpt":{"rendered":"<p>Il y a 20 ans, en juin, Lori Wilson a appris, avec son mari \u00e0 ses c\u00f4t\u00e9s, qu&rsquo;elle avait une [&hellip;]<\/p>\n","protected":false},"author":4,"featured_media":9342,"comment_status":"closed","ping_status":"closed","sticky":false,"template":"","format":"standard","meta":{"_acf_changed":false,"footnotes":""},"categories":[138,146],"tags":[214,225],"user_type":[],"locations":[184],"class_list":["post-9406","post","type-post","status-publish","format-standard","has-post-thumbnail","hentry","category-blogue","category-marche-des-tumeurs-cerebrales","tag-brain-tumour-foundation-of-canada-fr","tag-brain-tumour-walk-fr","locations-calgary-fr"],"acf":[],"yoast_head":"<!-- This site is optimized with the Yoast SEO Premium plugin v27.0 (Yoast SEO v27.0) - https:\/\/yoast.com\/product\/yoast-seo-premium-wordpress\/ -->\n<title>Lori Wilson - Calgary, AB - Fondation canadienne des tumeurs c\u00e9r\u00e9brales<\/title>\n<meta name=\"robots\" content=\"index, follow, max-snippet:-1, max-image-preview:large, max-video-preview:-1\" \/>\n<link rel=\"canonical\" href=\"https:\/\/www.braintumour.ca\/fr\/blogue\/lori-wilson-calgary-ab\/\" \/>\n<meta property=\"og:locale\" content=\"fr_CA\" \/>\n<meta property=\"og:type\" content=\"article\" \/>\n<meta property=\"og:title\" content=\"Lori Wilson - Calgary, AB\" \/>\n<meta property=\"og:description\" content=\"Il y a 20 ans, en juin, Lori Wilson a appris, avec son mari \u00e0 ses c\u00f4t\u00e9s, qu&rsquo;elle avait une [&hellip;]\" \/>\n<meta property=\"og:url\" content=\"https:\/\/www.braintumour.ca\/fr\/blogue\/lori-wilson-calgary-ab\/\" \/>\n<meta property=\"og:site_name\" content=\"Fondation canadienne des tumeurs c\u00e9r\u00e9brales\" \/>\n<meta property=\"article:published_time\" content=\"2022-05-16T12:41:39+00:00\" \/>\n<meta property=\"article:modified_time\" content=\"2022-05-17T15:04:14+00:00\" \/>\n<meta property=\"og:image\" content=\"https:\/\/www.braintumour.ca\/wp-content\/uploads\/2022\/05\/Lori-Wilson.png\" \/>\n\t<meta property=\"og:image:width\" content=\"441\" \/>\n\t<meta property=\"og:image:height\" content=\"329\" \/>\n\t<meta property=\"og:image:type\" content=\"image\/png\" \/>\n<meta name=\"author\" content=\"Matt Berry\" \/>\n<meta name=\"twitter:card\" content=\"summary_large_image\" \/>\n<meta name=\"twitter:label1\" content=\"\u00c9crit par\" \/>\n\t<meta name=\"twitter:data1\" content=\"Matt Berry\" \/>\n\t<meta name=\"twitter:label2\" content=\"Estimation du temps de lecture\" \/>\n\t<meta name=\"twitter:data2\" content=\"3 minutes\" \/>\n<script type=\"application\/ld+json\" class=\"yoast-schema-graph\">{\"@context\":\"https:\/\/schema.org\",\"@graph\":[{\"@type\":\"Article\",\"@id\":\"https:\/\/www.braintumour.ca\/fr\/blogue\/lori-wilson-calgary-ab\/#article\",\"isPartOf\":{\"@id\":\"https:\/\/www.braintumour.ca\/fr\/blogue\/lori-wilson-calgary-ab\/\"},\"author\":{\"name\":\"Matt Berry\",\"@id\":\"https:\/\/www.braintumour.ca\/fr\/#\/schema\/person\/7534b1b1d4da5d8e37af436b293eca3d\"},\"headline\":\"Lori Wilson &#8211; Calgary, AB\",\"datePublished\":\"2022-05-16T12:41:39+00:00\",\"dateModified\":\"2022-05-17T15:04:14+00:00\",\"mainEntityOfPage\":{\"@id\":\"https:\/\/www.braintumour.ca\/fr\/blogue\/lori-wilson-calgary-ab\/\"},\"wordCount\":712,\"image\":{\"@id\":\"https:\/\/www.braintumour.ca\/fr\/blogue\/lori-wilson-calgary-ab\/#primaryimage\"},\"thumbnailUrl\":\"https:\/\/www.braintumour.ca\/wp-content\/uploads\/2022\/05\/Lori-Wilson.png\",\"keywords\":[\"brain tumour foundation of canada\",\"brain tumour walk\"],\"articleSection\":[\"Nouvelles\",\"Marche des tumeurs c\u00e9r\u00e9brales\"],\"inLanguage\":\"fr-CA\"},{\"@type\":\"WebPage\",\"@id\":\"https:\/\/www.braintumour.ca\/fr\/blogue\/lori-wilson-calgary-ab\/\",\"url\":\"https:\/\/www.braintumour.ca\/fr\/blogue\/lori-wilson-calgary-ab\/\",\"name\":\"Lori Wilson - Calgary, AB - Fondation canadienne des tumeurs c\u00e9r\u00e9brales\",\"isPartOf\":{\"@id\":\"https:\/\/www.braintumour.ca\/fr\/#website\"},\"primaryImageOfPage\":{\"@id\":\"https:\/\/www.braintumour.ca\/fr\/blogue\/lori-wilson-calgary-ab\/#primaryimage\"},\"image\":{\"@id\":\"https:\/\/www.braintumour.ca\/fr\/blogue\/lori-wilson-calgary-ab\/#primaryimage\"},\"thumbnailUrl\":\"https:\/\/www.braintumour.ca\/wp-content\/uploads\/2022\/05\/Lori-Wilson.png\",\"datePublished\":\"2022-05-16T12:41:39+00:00\",\"dateModified\":\"2022-05-17T15:04:14+00:00\",\"author\":{\"@id\":\"https:\/\/www.braintumour.ca\/fr\/#\/schema\/person\/7534b1b1d4da5d8e37af436b293eca3d\"},\"breadcrumb\":{\"@id\":\"https:\/\/www.braintumour.ca\/fr\/blogue\/lori-wilson-calgary-ab\/#breadcrumb\"},\"inLanguage\":\"fr-CA\",\"potentialAction\":[{\"@type\":\"ReadAction\",\"target\":[\"https:\/\/www.braintumour.ca\/fr\/blogue\/lori-wilson-calgary-ab\/\"]}]},{\"@type\":\"ImageObject\",\"inLanguage\":\"fr-CA\",\"@id\":\"https:\/\/www.braintumour.ca\/fr\/blogue\/lori-wilson-calgary-ab\/#primaryimage\",\"url\":\"https:\/\/www.braintumour.ca\/wp-content\/uploads\/2022\/05\/Lori-Wilson.png\",\"contentUrl\":\"https:\/\/www.braintumour.ca\/wp-content\/uploads\/2022\/05\/Lori-Wilson.png\",\"width\":441,\"height\":329},{\"@type\":\"BreadcrumbList\",\"@id\":\"https:\/\/www.braintumour.ca\/fr\/blogue\/lori-wilson-calgary-ab\/#breadcrumb\",\"itemListElement\":[{\"@type\":\"ListItem\",\"position\":1,\"name\":\"Home\",\"item\":\"https:\/\/www.braintumour.ca\/fr\/\"},{\"@type\":\"ListItem\",\"position\":2,\"name\":\"Lori Wilson &#8211; Calgary, AB\"}]},{\"@type\":\"WebSite\",\"@id\":\"https:\/\/www.braintumour.ca\/fr\/#website\",\"url\":\"https:\/\/www.braintumour.ca\/fr\/\",\"name\":\"Fondation canadienne des tumeurs c\u00e9r\u00e9brales\",\"description\":\"Notre mission est de venir en aide \u00e0 toutes les personnes touch\u00e9es par une tumeur c\u00e9r\u00e9brale au Canada par le biais de nos programmes d\u2019information, de soutien, d\u2019\u00e9ducation et de recherche.\",\"potentialAction\":[{\"@type\":\"SearchAction\",\"target\":{\"@type\":\"EntryPoint\",\"urlTemplate\":\"https:\/\/www.braintumour.ca\/fr\/?s={search_term_string}\"},\"query-input\":{\"@type\":\"PropertyValueSpecification\",\"valueRequired\":true,\"valueName\":\"search_term_string\"}}],\"inLanguage\":\"fr-CA\"},{\"@type\":\"Person\",\"@id\":\"https:\/\/www.braintumour.ca\/fr\/#\/schema\/person\/7534b1b1d4da5d8e37af436b293eca3d\",\"name\":\"Matt Berry\",\"image\":{\"@type\":\"ImageObject\",\"inLanguage\":\"fr-CA\",\"@id\":\"https:\/\/www.braintumour.ca\/fr\/#\/schema\/person\/image\/\",\"url\":\"https:\/\/secure.gravatar.com\/avatar\/882da3b67056b0c608086d3c77de46948b64244a4c249e81e0bf04a8095ce320?s=96&d=mm&r=g\",\"contentUrl\":\"https:\/\/secure.gravatar.com\/avatar\/882da3b67056b0c608086d3c77de46948b64244a4c249e81e0bf04a8095ce320?s=96&d=mm&r=g\",\"caption\":\"Matt Berry\"}}]}<\/script>\n<!-- \/ Yoast SEO Premium plugin. -->","yoast_head_json":{"title":"Lori Wilson - Calgary, AB - Fondation canadienne des tumeurs c\u00e9r\u00e9brales","robots":{"index":"index","follow":"follow","max-snippet":"max-snippet:-1","max-image-preview":"max-image-preview:large","max-video-preview":"max-video-preview:-1"},"canonical":"https:\/\/www.braintumour.ca\/fr\/blogue\/lori-wilson-calgary-ab\/","og_locale":"fr_CA","og_type":"article","og_title":"Lori Wilson - Calgary, AB","og_description":"Il y a 20 ans, en juin, Lori Wilson a appris, avec son mari \u00e0 ses c\u00f4t\u00e9s, qu&rsquo;elle avait une [&hellip;]","og_url":"https:\/\/www.braintumour.ca\/fr\/blogue\/lori-wilson-calgary-ab\/","og_site_name":"Fondation canadienne des tumeurs c\u00e9r\u00e9brales","article_published_time":"2022-05-16T12:41:39+00:00","article_modified_time":"2022-05-17T15:04:14+00:00","og_image":[{"width":441,"height":329,"url":"https:\/\/www.braintumour.ca\/wp-content\/uploads\/2022\/05\/Lori-Wilson.png","type":"image\/png"}],"author":"Matt Berry","twitter_card":"summary_large_image","twitter_misc":{"\u00c9crit par":"Matt Berry","Estimation du temps de lecture":"3 minutes"},"schema":{"@context":"https:\/\/schema.org","@graph":[{"@type":"Article","@id":"https:\/\/www.braintumour.ca\/fr\/blogue\/lori-wilson-calgary-ab\/#article","isPartOf":{"@id":"https:\/\/www.braintumour.ca\/fr\/blogue\/lori-wilson-calgary-ab\/"},"author":{"name":"Matt Berry","@id":"https:\/\/www.braintumour.ca\/fr\/#\/schema\/person\/7534b1b1d4da5d8e37af436b293eca3d"},"headline":"Lori Wilson &#8211; Calgary, AB","datePublished":"2022-05-16T12:41:39+00:00","dateModified":"2022-05-17T15:04:14+00:00","mainEntityOfPage":{"@id":"https:\/\/www.braintumour.ca\/fr\/blogue\/lori-wilson-calgary-ab\/"},"wordCount":712,"image":{"@id":"https:\/\/www.braintumour.ca\/fr\/blogue\/lori-wilson-calgary-ab\/#primaryimage"},"thumbnailUrl":"https:\/\/www.braintumour.ca\/wp-content\/uploads\/2022\/05\/Lori-Wilson.png","keywords":["brain tumour foundation of canada","brain tumour walk"],"articleSection":["Nouvelles","Marche des tumeurs c\u00e9r\u00e9brales"],"inLanguage":"fr-CA"},{"@type":"WebPage","@id":"https:\/\/www.braintumour.ca\/fr\/blogue\/lori-wilson-calgary-ab\/","url":"https:\/\/www.braintumour.ca\/fr\/blogue\/lori-wilson-calgary-ab\/","name":"Lori Wilson - Calgary, AB - Fondation canadienne des tumeurs c\u00e9r\u00e9brales","isPartOf":{"@id":"https:\/\/www.braintumour.ca\/fr\/#website"},"primaryImageOfPage":{"@id":"https:\/\/www.braintumour.ca\/fr\/blogue\/lori-wilson-calgary-ab\/#primaryimage"},"image":{"@id":"https:\/\/www.braintumour.ca\/fr\/blogue\/lori-wilson-calgary-ab\/#primaryimage"},"thumbnailUrl":"https:\/\/www.braintumour.ca\/wp-content\/uploads\/2022\/05\/Lori-Wilson.png","datePublished":"2022-05-16T12:41:39+00:00","dateModified":"2022-05-17T15:04:14+00:00","author":{"@id":"https:\/\/www.braintumour.ca\/fr\/#\/schema\/person\/7534b1b1d4da5d8e37af436b293eca3d"},"breadcrumb":{"@id":"https:\/\/www.braintumour.ca\/fr\/blogue\/lori-wilson-calgary-ab\/#breadcrumb"},"inLanguage":"fr-CA","potentialAction":[{"@type":"ReadAction","target":["https:\/\/www.braintumour.ca\/fr\/blogue\/lori-wilson-calgary-ab\/"]}]},{"@type":"ImageObject","inLanguage":"fr-CA","@id":"https:\/\/www.braintumour.ca\/fr\/blogue\/lori-wilson-calgary-ab\/#primaryimage","url":"https:\/\/www.braintumour.ca\/wp-content\/uploads\/2022\/05\/Lori-Wilson.png","contentUrl":"https:\/\/www.braintumour.ca\/wp-content\/uploads\/2022\/05\/Lori-Wilson.png","width":441,"height":329},{"@type":"BreadcrumbList","@id":"https:\/\/www.braintumour.ca\/fr\/blogue\/lori-wilson-calgary-ab\/#breadcrumb","itemListElement":[{"@type":"ListItem","position":1,"name":"Home","item":"https:\/\/www.braintumour.ca\/fr\/"},{"@type":"ListItem","position":2,"name":"Lori Wilson &#8211; Calgary, AB"}]},{"@type":"WebSite","@id":"https:\/\/www.braintumour.ca\/fr\/#website","url":"https:\/\/www.braintumour.ca\/fr\/","name":"Fondation canadienne des tumeurs c\u00e9r\u00e9brales","description":"Notre mission est de venir en aide \u00e0 toutes les personnes touch\u00e9es par une tumeur c\u00e9r\u00e9brale au Canada par le biais de nos programmes d\u2019information, de soutien, d\u2019\u00e9ducation et de recherche.","potentialAction":[{"@type":"SearchAction","target":{"@type":"EntryPoint","urlTemplate":"https:\/\/www.braintumour.ca\/fr\/?s={search_term_string}"},"query-input":{"@type":"PropertyValueSpecification","valueRequired":true,"valueName":"search_term_string"}}],"inLanguage":"fr-CA"},{"@type":"Person","@id":"https:\/\/www.braintumour.ca\/fr\/#\/schema\/person\/7534b1b1d4da5d8e37af436b293eca3d","name":"Matt Berry","image":{"@type":"ImageObject","inLanguage":"fr-CA","@id":"https:\/\/www.braintumour.ca\/fr\/#\/schema\/person\/image\/","url":"https:\/\/secure.gravatar.com\/avatar\/882da3b67056b0c608086d3c77de46948b64244a4c249e81e0bf04a8095ce320?s=96&d=mm&r=g","contentUrl":"https:\/\/secure.gravatar.com\/avatar\/882da3b67056b0c608086d3c77de46948b64244a4c249e81e0bf04a8095ce320?s=96&d=mm&r=g","caption":"Matt Berry"}}]}},"_links":{"self":[{"href":"https:\/\/www.braintumour.ca\/fr\/wp-json\/wp\/v2\/posts\/9406","targetHints":{"allow":["GET"]}}],"collection":[{"href":"https:\/\/www.braintumour.ca\/fr\/wp-json\/wp\/v2\/posts"}],"about":[{"href":"https:\/\/www.braintumour.ca\/fr\/wp-json\/wp\/v2\/types\/post"}],"author":[{"embeddable":true,"href":"https:\/\/www.braintumour.ca\/fr\/wp-json\/wp\/v2\/users\/4"}],"replies":[{"embeddable":true,"href":"https:\/\/www.braintumour.ca\/fr\/wp-json\/wp\/v2\/comments?post=9406"}],"version-history":[{"count":0,"href":"https:\/\/www.braintumour.ca\/fr\/wp-json\/wp\/v2\/posts\/9406\/revisions"}],"wp:featuredmedia":[{"embeddable":true,"href":"https:\/\/www.braintumour.ca\/fr\/wp-json\/wp\/v2\/media\/9342"}],"wp:attachment":[{"href":"https:\/\/www.braintumour.ca\/fr\/wp-json\/wp\/v2\/media?parent=9406"}],"wp:term":[{"taxonomy":"category","embeddable":true,"href":"https:\/\/www.braintumour.ca\/fr\/wp-json\/wp\/v2\/categories?post=9406"},{"taxonomy":"post_tag","embeddable":true,"href":"https:\/\/www.braintumour.ca\/fr\/wp-json\/wp\/v2\/tags?post=9406"},{"taxonomy":"user_type","embeddable":true,"href":"https:\/\/www.braintumour.ca\/fr\/wp-json\/wp\/v2\/user_type?post=9406"},{"taxonomy":"locations","embeddable":true,"href":"https:\/\/www.braintumour.ca\/fr\/wp-json\/wp\/v2\/locations?post=9406"}],"curies":[{"name":"wp","href":"https:\/\/api.w.org\/{rel}","templated":true}]}}