{"id":9622,"date":"2022-07-04T14:49:41","date_gmt":"2022-07-04T18:49:41","guid":{"rendered":"https:\/\/www.braintumour.ca\/non-classifiee\/you-never-know-what-can-happen\/"},"modified":"2022-07-06T09:17:57","modified_gmt":"2022-07-06T13:17:57","slug":"you-never-know-what-can-happen","status":"publish","type":"post","link":"https:\/\/www.braintumour.ca\/fr\/temoignages\/you-never-know-what-can-happen\/","title":{"rendered":"Vous ne savez jamais ce qui peut arriver!"},"content":{"rendered":"<p>Ce n&rsquo;est pas mon genre d&rsquo;\u00eatre aussi publique en ce qui concerne ma vie priv\u00e9e, et encore moins ma sant\u00e9. J&rsquo;ai surmont\u00e9 ce que j&rsquo;ai et je suis heureux d&rsquo;\u00eatre dans une position o\u00f9 je peux faire la diff\u00e9rence, en collectant des fonds pour la cause \u00bb, d\u00e9clare fi\u00e8rement Max Erenberg.<\/p>\n<p>Un matin d&rsquo;avril 2021, Max s&rsquo;est r\u00e9veill\u00e9 avec un gros mal de t\u00eate. \u00c0 ce moment-l\u00e0, il croyait que \u00ab ce n&rsquo;\u00e9tait qu&rsquo;un simple mal de t\u00eate \u00bb.<\/p>\n<p>Malgr\u00e9 la persistance de la douleur tout au long de la journ\u00e9e, il avait l&rsquo;impression que rien ne sortait de l&rsquo;ordinaire et il a tenu bon. Depuis plus de 5 ans, Max travaillait dans le domaine de l&rsquo;analyse du hockey au sein des Jets de Winnipeg.<\/p>\n<p>\u00ab Je suis all\u00e9 travailler ce soir-l\u00e0 parce que c&rsquo;\u00e9tait l&rsquo;heure du match \u00bb, explique Max.<img loading=\"lazy\" decoding=\"async\" class=\"alignright wp-image-7538\" style=\"padding-top: 15px;\" src=\"https:\/\/www.braintumour.ca\/wp-content\/uploads\/2022\/07\/Max-Picture.jpeg\" alt=\"\" width=\"450\" height=\"225\" \/><\/p>\n<p>Mais en arrivant au bureau, Max a ressenti une douleur atroce.<\/p>\n<p>\u00ab Je me suis plaint \u00e0 mes coll\u00e8gues et j&rsquo;ai dit : \u00ab H\u00e9 les gars, j&rsquo;ai vraiment mal. C&rsquo;est mauvais signe! \u00bb<\/p>\n<p>Apr\u00e8s la fin du match, Max est rentr\u00e9 chez lui et s&rsquo;est allong\u00e9 sur son canap\u00e9. \u00ab Ce mal de t\u00eate \u00e9tait insupportable! Toute l&rsquo;adr\u00e9naline de la journ\u00e9e s&rsquo;\u00e9tait envol\u00e9e, et mon corps tremblait. Je pensais qu\u2019il s\u2019agissait peut-\u00eatre de migraines \u00bb, se souvient Max.<\/p>\n<p>\u00ab J\u2019ai des ant\u00e9c\u00e9dents de migraines dans ma famille, alors je ne m\u2019en faisais pas trop \u00e0 ce moment-l\u00e0. \u00bb<\/p>\n<p>Malheureusement, l&rsquo;agonie de Max s&rsquo;est intensifi\u00e9e le lendemain matin au point de le rendre physiquement malade. Il a lutt\u00e9 contre ce mal de t\u00eate lancinant qui ne voulait ni dispara\u00eetre ni s&rsquo;att\u00e9nuer. Il a signal\u00e9 ses sympt\u00f4mes \u00e0 son m\u00e9decin, qui lui a d&rsquo;abord r\u00e9pondu que ses sympt\u00f4mes \u00e9taient le r\u00e9sultat d&rsquo;une migraine, que cela pouvait durer d&rsquo;un jour \u00e0 une semaine ou plus, et qu&rsquo;il n&rsquo;y avait pas lieu de s&rsquo;inqui\u00e9ter. Mais \u00e0 la fin de la semaine, Max vomissait et n&rsquo;avait pas d&rsquo;app\u00e9tit. Sa t\u00eate lui donnait l&rsquo;impression qu\u2019elle allait exploser.<\/p>\n<p>Max savait que quelque chose n&rsquo;allait pas du tout chez lui. Il a appel\u00e9 son m\u00e9decin pour obtenir de l&rsquo;aide et des conseils, et celui-ci l\u2019a envoy\u00e9 \u00e0 l&rsquo;h\u00f4pital pour un scanner. Quelques heures plus tard, il re\u00e7oit un appel t\u00e9l\u00e9phonique du m\u00e9decin. Il se souvient que le m\u00e9decin lui a dit que cela ne semblait pas \u00eatre une tumeur.<\/p>\n<p>Son univers a \u00e9t\u00e9 boulevers\u00e9 lorsqu\u2019il a re\u00e7u un appel quelque temps plus tard de l\u2019\u00e9quipe m\u00e9dicale qui lui annon\u00e7ait : \u00ab Nous ne sommes pas tout \u00e0 fait s\u00fbrs de ce que c\u2019est, mais il y a une anomalie dans votre cerveau. \u00bb<img loading=\"lazy\" decoding=\"async\" class=\"alignright wp-image-7538\" style=\"padding-top: 15px;\" src=\"https:\/\/www.braintumour.ca\/wp-content\/uploads\/2022\/07\/thumbnail_IMG_7810.jpg\" alt=\"\" width=\"350\" height=\"350\" \/><\/p>\n<p>Il a \u00e9t\u00e9 emmen\u00e9 d&rsquo;urgence \u00e0 l\u2019h\u00f4pital et a pass\u00e9 quatre \u00e0 cinq jours dans le service de neurochirurgie. Max a subi de nombreuses IRM, des scanners, des analyses de sang et une angiographie.<\/p>\n<p>\u00ab C&rsquo;\u00e9tait pendant la pand\u00e9mie, et j&rsquo;\u00e9tais seul. C&rsquo;\u00e9tait assez difficile. Je ne suis pas habitu\u00e9 \u00e0 ce que ce genre de chose m&rsquo;arrive \u00bb, dit-il.<\/p>\n<p>Max a pu rentrer chez lui pour r\u00e9cup\u00e9rer, son \u00e9quipe m\u00e9dicale lui a recommand\u00e9 de se reposer et de se m\u00e9nager. Une IRM a \u00e9t\u00e9 programm\u00e9e pour le 21 juin 2021, afin de comparer avec la derni\u00e8re image prise.<\/p>\n<p>\u00ab Je me sentais un peu mieux, avec de bons et de mauvais jours. J&rsquo;\u00e9tais retourn\u00e9 sur le terrain de golf, j&rsquo;allais \u00e0 la salle de sport, mais je ne faisais rien de vigoureux ou de fatigant. J&rsquo;\u00e9tais de retour au travail, mais j&rsquo;\u00e9tais encore tr\u00e8s mal \u00e0 l&rsquo;aise avec tout \u00e7a. \u00bb<\/p>\n<p>Le matin du 2 juin 2021, Max s&rsquo;est r\u00e9veill\u00e9 avec des vertiges et des naus\u00e9es. Il avait l&rsquo;impression que la pi\u00e8ce tournait. Il contacte son m\u00e9decin et lui explique ce qu\u2019il vient de vivre. Max se rend \u00e0 nouveau au bureau de son m\u00e9decin, o\u00f9 une s\u00e9rie de tests neurologiques sont effectu\u00e9s. On lui demande alors de passer un autre scanner. Sa fianc\u00e9e Mikaela le conduit \u00e0 l&rsquo;h\u00f4pital et Max est imm\u00e9diatement dirig\u00e9 vers le service des urgences du Centre des sciences de la sant\u00e9 de Winnipeg.<\/p>\n<p>\u00ab Ils m\u2019ont dit, \u00ab nous ne voulons pas vous alarmer, mais l&rsquo;excroissance dans votre t\u00eate a plus que doubl\u00e9 en taille, et elle doit \u00eatre retir\u00e9e imm\u00e9diatement. Nous ne savons pas encore ce que c&rsquo;est, mais nous savons qu&rsquo;elle a plus que doubl\u00e9 de volume et que vous avez une h\u00e9morragie cr\u00e2nienne. Cela met votre vie en danger \u00bb, raconte Max.<\/p>\n<p>Le matin du 3 juin 2021, Max subi une craniotomie qui permet de retirer une myst\u00e9rieuse excroissance h\u00e9morragique de sa fosse post\u00e9rieure, situ\u00e9e \u00e0 l&rsquo;arri\u00e8re de la t\u00eate. Apr\u00e8s 8 heures de chirurgie c\u00e9r\u00e9brale, le voyage de Max vers la gu\u00e9rison d\u00e9bute.<\/p>\n<p>Huit semaines apr\u00e8s l&rsquo;op\u00e9ration, il re\u00e7oit un appel t\u00e9l\u00e9phonique du neurochirurgien. Une analyse mol\u00e9culaire sur les tissus diss\u00e9qu\u00e9s confirme que l&rsquo;anomalie est un astrocytome pilocytique, une tumeur b\u00e9nigne de bas grade se soigne habituellement par une r\u00e9section chirurgicale.<\/p>\n<p>\u00ab En octobre, je me sentais physiquement bien. Gr\u00e2ce \u00e0 l&rsquo;\u00e9norme soutien de mes amis et de ma famille, je me suis r\u00e9tabli, mais cela a pris des mois \u00bb, explique Max. Il d\u00e9crit son parcours avec une tumeur c\u00e9r\u00e9brale comme \u00e9tant une \u00e9preuve, \u00e0 la fois physique et mentale \u00bb. Il \u00e9tait d\u00e9termin\u00e9 \u00e0 reprendre sa vie sur le terrain de golf, \u00e0 pratiquer du sport et \u00e0 boire de la bi\u00e8re avec ses amis. Il voulait se r\u00e9tablir compl\u00e8tement !<img loading=\"lazy\" decoding=\"async\" class=\"alignright wp-image-7538\" style=\"padding-top: 15px;\" src=\"https:\/\/www.braintumour.ca\/wp-content\/uploads\/2022\/07\/thumbnail_IMG_7828.jpg\" alt=\"\" width=\"400\" height=\"225\" \/><\/p>\n<p>\u00ab Ces choses \u00e9taient \u00e0 port\u00e9e de main, mais semblaient pourtant si \u00e9loign\u00e9es ! Je ne savais pas quand je serais capable de faire ces choses \u00e0 nouveau. Je lutte encore aujourd&rsquo;hui. Je vais probablement toujours vivre avec des s\u00e9quelles de cette exp\u00e9rience traumatique \u00bb, d\u00e9clare-t-il.<\/p>\n<p>\u00ab Je suis reconnaissant pour ma sant\u00e9 physique, plus que jamais, et je ne la consid\u00e9rerai plus jamais comme acquise. Je suis ici pour sensibiliser, soutenir et donner de l&rsquo;espoir. Je sais que l&rsquo;on peut surmonter les obstacles. \u00bb<\/p>\n<p>Max est tr\u00e8s reconnaissant envers son \u00e9quipe soignante, qu&rsquo;il d\u00e9crit comme \u00e9tant \u00ab incroyable \u00bb. Son r\u00e9tablissement l&rsquo;a amen\u00e9 \u00e0 se tourner vers ceux dont le combat contre leur tumeur c\u00e9r\u00e9brale n&rsquo;est pas termin\u00e9.<\/p>\n<p>\u00ab Les m\u00e9decins sont tr\u00e8s optimistes quant \u00e0 ma derni\u00e8re IRM. Rien \u00e0 craindre jusqu&rsquo;\u00e0 pr\u00e9sent \u00bb, d\u00e9clare-t-il fi\u00e8rement.<\/p>\n<p>En 2016, son ami Josh a \u00e9t\u00e9 diagnostiqu\u00e9 avec un type de tumeur c\u00e9r\u00e9brale similaire dans une autre r\u00e9gion du cerveau. Heureusement, son r\u00e9tablissement a \u00e9galement connu le m\u00eame succ\u00e8s.<\/p>\n<p>\u00ab Josh a toujours dit : \u00ab Je veux faire cette collecte de fonds chaque ann\u00e9e. C&rsquo;est une partie importante de qui je suis, et j\u2019aimerais que vous fassiez la m\u00eame chose. Tu devrais partager ton t\u00e9moignage, car les gens s&rsquo;identifieront \u00e0 ton histoire. Chaque ann\u00e9e, Josh partageait sur Facebook sa collecte de fonds pour la Marche des tumeurs c\u00e9r\u00e9brales de la fondation \u00bb, se souvient Max.<\/p>\n<p>Max a \u00e9t\u00e9 tr\u00e8s transparent en partageant son exp\u00e9rience. Il a \u00e9crit son t\u00e9moignage sur le site Web de la Marche des tumeurs c\u00e9r\u00e9brales 2022 de la Fondation canadienne des tumeurs c\u00e9r\u00e9brales.<\/p>\n<p>\u00ab C&rsquo;est vraiment une le\u00e7on d&rsquo;humilit\u00e9 \u00bb, dit-il. \u00ab Je viens de me lier d&rsquo;amiti\u00e9 avec une fille de Winnipeg. Elle m&rsquo;a contact\u00e9 et m\u2019a dit qu&rsquo;elle avait \u00e9t\u00e9 touch\u00e9e par mon histoire. \u00bb<\/p>\n<p>\u00ab Je ressens maintenant un v\u00e9ritable lien avec l&rsquo;organisation, ainsi qu&rsquo;avec la communaut\u00e9 des tumeurs c\u00e9r\u00e9brales. \u00bb<\/p>\n<p>Aujourd&rsquo;hui, il travaille comme agent d&rsquo;assurance dans l&rsquo;agence familiale. Il vend des assurances vie, invalidit\u00e9 et maladies graves, entre autres.<img loading=\"lazy\" decoding=\"async\" class=\"alignright wp-image-7538\" style=\"padding-top: 15px;\" src=\"https:\/\/www.braintumour.ca\/wp-content\/uploads\/2022\/07\/thumbnail_IMG_7815.jpg\" alt=\"\" width=\"400\" height=\"225\" \/><\/p>\n<p>Il est fier de sa carri\u00e8re, car il joue un r\u00f4le crucial dans la protection des personnes.<br \/>\n\u00ab Je suis un exemple typique de ce qui peut mal tourner et de la n\u00e9cessit\u00e9 de surmonter cet obstacle. J&rsquo;ai l&rsquo;impression de faire du bon travail et de contribuer \u00e0 faire en sorte que tous nos clients et toutes nos familles soient prot\u00e9g\u00e9s \u00bb, d\u00e9clare Max.<\/p>\n<p>Avec l&rsquo;\u00e9norme soutien et l&rsquo;amour inconditionnel de sa famille, amis, et de sa magnifique petite amie Mikaela, avec qui il est maintenant fianc\u00e9, Max estime qu&rsquo;il a pu v\u00e9ritablement entamer le processus de gu\u00e9rison.<\/p>\n<p>\u00ab Mikaela a \u00e9t\u00e9 \u00e0 mes c\u00f4t\u00e9s d\u00e8s le premier jour, tout au long de cette \u00e9preuve. L&rsquo;ann\u00e9e derni\u00e8re, elle \u00e9tait avec moi toute la journ\u00e9e, toute la nuit. Chaque fois que j&rsquo;avais besoin d&rsquo;elle, elle \u00e9tait l\u00e0. Cela en dit long. \u00bb<\/p>\n<p>\u00ab La chanson \u00ab\u00a0I&rsquo;m Still Standing\u00a0\u00bb d&rsquo;Elton John est l&rsquo;une de nos chansons pr\u00e9f\u00e9r\u00e9es. C&rsquo;est un peu comme notre chant de victoire ! \u00bb<\/p>\n<p>Tous les six mois, Max passe des IRM, et devra probablement en passer pendant les dix prochaines ann\u00e9es. Heureusement, il n&rsquo;y a eu aucun signe de repousse et la tumeur semble avoir \u00e9t\u00e9 compl\u00e8tement r\u00e9s\u00e9qu\u00e9e.<\/p>\n<p>Il est d\u00e9cid\u00e9 de vivre ce qu&rsquo;il appelle une \u00ab vie relativement normale \u00bb.<\/p>\n<p>\u00ab J&rsquo;ai un nouveau souffle de vie. Ma perspective a chang\u00e9. Ces jours-ci, je suis assez optimiste et j&rsquo;appr\u00e9cie davantage les petites choses \u00bb, exprime-t-il.<\/p>\n<p>Avec le soutien de son psychologue, il continue de traiter les traumatismes \u00e9motionnels r\u00e9siduels.<\/p>\n<p>\u00ab J&rsquo;ai fait une tonne de choses passionnantes dans ma vie. J&rsquo;ai voyag\u00e9, et je me suis \u00e9lev\u00e9 rapidement. Quand j&rsquo;ai \u00e9t\u00e9 renvers\u00e9 de ce pi\u00e9destal subitement l&rsquo;\u00e9t\u00e9 dernier, j&rsquo;ai eu l&rsquo;impression que tout ce que j&rsquo;avais fait jusque-l\u00e0 dans ma vie n&rsquo;avait plus d&rsquo;importance \u00bb, dit-il.<\/p>\n<p>Pour Max, son r\u00e9tablissement a \u00e9t\u00e9 l&rsquo;occasion de se reconstruire, et il a pu trouver de la satisfaction dans sa vie et dans sa carri\u00e8re.<\/p>\n<p>\u00ab Je suis heureux de vivre la vie que je m\u00e8ne maintenant, et j&rsquo;esp\u00e8re continuer \u00e0 le faire \u00e0 l&rsquo;avenir, tout en faisant une diff\u00e9rence pour ceux qui ont besoin d\u2019encouragement \u00bb, sourit-il.<img loading=\"lazy\" decoding=\"async\" class=\"alignright wp-image-7538\" style=\"padding-top: 15px;\" src=\"https:\/\/www.braintumour.ca\/wp-content\/uploads\/2022\/07\/thumbnail_IMG_4162.jpg\" alt=\"\" width=\"500\" height=\"300\" \/><\/p>\n<p>Pour lui, la Marche des tumeurs c\u00e9r\u00e9brales est bien plus qu&rsquo;une simple marche. C\u2019est une occasion de d\u00e9montrer son soutien \u00e0 ceux dont la bataille est en cours ou n&rsquo;a pas encore commenc\u00e9. L&rsquo;argent recueilli lors du week-end de la Marche des tumeurs c\u00e9r\u00e9brales est utilis\u00e9 par l&rsquo;organisation pour la recherche et le traitement des tumeurs c\u00e9r\u00e9brales.<\/p>\n<p>Max est tr\u00e8s reconnaissant envers la Fondation canadienne des tumeurs c\u00e9r\u00e9brales, et envers le personnel qui travaille sans rel\u00e2che \u00e0 la mise en place de leurs m\u00e9dias sociaux, des efforts de collecte de fonds et des nombreux \u00e9v\u00e9nements.<\/p>\n<p>Au nom de la Fondation canadienne des tumeurs c\u00e9r\u00e9brales et de la communaut\u00e9 des tumeurs c\u00e9r\u00e9brales :<\/p>\n<p>Merci, Max Erenberg !<\/p>\n","protected":false},"excerpt":{"rendered":"<p>Ce n&rsquo;est pas mon genre d&rsquo;\u00eatre aussi publique en ce qui concerne ma vie priv\u00e9e, et encore moins ma sant\u00e9. [&hellip;]<\/p>\n","protected":false},"author":4,"featured_media":9584,"comment_status":"closed","ping_status":"closed","sticky":false,"template":"","format":"standard","meta":{"_acf_changed":false,"footnotes":""},"categories":[148],"tags":[214,225],"user_type":[],"locations":[203],"class_list":["post-9622","post","type-post","status-publish","format-standard","has-post-thumbnail","hentry","category-temoignages","tag-brain-tumour-foundation-of-canada-fr","tag-brain-tumour-walk-fr","locations-winnipeg-fr"],"acf":[],"yoast_head":"<!-- This site is optimized with the Yoast SEO Premium plugin v27.0 (Yoast SEO v27.0) - https:\/\/yoast.com\/product\/yoast-seo-premium-wordpress\/ -->\n<title>Vous ne savez jamais ce qui peut arriver! - Fondation canadienne des tumeurs c\u00e9r\u00e9brales<\/title>\n<meta name=\"robots\" content=\"index, follow, max-snippet:-1, max-image-preview:large, max-video-preview:-1\" \/>\n<link rel=\"canonical\" href=\"https:\/\/www.braintumour.ca\/fr\/temoignages\/you-never-know-what-can-happen\/\" \/>\n<meta property=\"og:locale\" content=\"fr_CA\" \/>\n<meta property=\"og:type\" content=\"article\" \/>\n<meta property=\"og:title\" content=\"Vous ne savez jamais ce qui peut arriver!\" \/>\n<meta property=\"og:description\" content=\"Ce n&rsquo;est pas mon genre d&rsquo;\u00eatre aussi publique en ce qui concerne ma vie priv\u00e9e, et encore moins ma sant\u00e9. [&hellip;]\" \/>\n<meta property=\"og:url\" content=\"https:\/\/www.braintumour.ca\/fr\/temoignages\/you-never-know-what-can-happen\/\" \/>\n<meta property=\"og:site_name\" content=\"Fondation canadienne des tumeurs c\u00e9r\u00e9brales\" \/>\n<meta property=\"article:published_time\" content=\"2022-07-04T18:49:41+00:00\" \/>\n<meta property=\"article:modified_time\" content=\"2022-07-06T13:17:57+00:00\" \/>\n<meta property=\"og:image\" content=\"https:\/\/www.braintumour.ca\/wp-content\/uploads\/2022\/07\/thumbnail_IMG_7797.jpg\" \/>\n\t<meta property=\"og:image:width\" content=\"640\" \/>\n\t<meta property=\"og:image:height\" content=\"414\" \/>\n\t<meta property=\"og:image:type\" content=\"image\/jpeg\" \/>\n<meta name=\"author\" content=\"Matt Berry\" \/>\n<meta name=\"twitter:card\" content=\"summary_large_image\" \/>\n<meta name=\"twitter:label1\" content=\"\u00c9crit par\" \/>\n\t<meta name=\"twitter:data1\" content=\"Matt Berry\" \/>\n\t<meta name=\"twitter:label2\" content=\"Estimation du temps de lecture\" \/>\n\t<meta name=\"twitter:data2\" content=\"9 minutes\" \/>\n<script type=\"application\/ld+json\" class=\"yoast-schema-graph\">{\"@context\":\"https:\/\/schema.org\",\"@graph\":[{\"@type\":\"Article\",\"@id\":\"https:\/\/www.braintumour.ca\/fr\/temoignages\/you-never-know-what-can-happen\/#article\",\"isPartOf\":{\"@id\":\"https:\/\/www.braintumour.ca\/fr\/temoignages\/you-never-know-what-can-happen\/\"},\"author\":{\"name\":\"Matt Berry\",\"@id\":\"https:\/\/www.braintumour.ca\/fr\/#\/schema\/person\/7534b1b1d4da5d8e37af436b293eca3d\"},\"headline\":\"Vous ne savez jamais ce qui peut arriver!\",\"datePublished\":\"2022-07-04T18:49:41+00:00\",\"dateModified\":\"2022-07-06T13:17:57+00:00\",\"mainEntityOfPage\":{\"@id\":\"https:\/\/www.braintumour.ca\/fr\/temoignages\/you-never-know-what-can-happen\/\"},\"wordCount\":1917,\"image\":{\"@id\":\"https:\/\/www.braintumour.ca\/fr\/temoignages\/you-never-know-what-can-happen\/#primaryimage\"},\"thumbnailUrl\":\"https:\/\/www.braintumour.ca\/wp-content\/uploads\/2022\/07\/thumbnail_IMG_7797.jpg\",\"keywords\":[\"brain tumour foundation of canada\",\"brain tumour walk\"],\"articleSection\":[\"T\u00e9moignages\"],\"inLanguage\":\"fr-CA\"},{\"@type\":\"WebPage\",\"@id\":\"https:\/\/www.braintumour.ca\/fr\/temoignages\/you-never-know-what-can-happen\/\",\"url\":\"https:\/\/www.braintumour.ca\/fr\/temoignages\/you-never-know-what-can-happen\/\",\"name\":\"Vous ne savez jamais ce qui peut arriver! - Fondation canadienne des tumeurs c\u00e9r\u00e9brales\",\"isPartOf\":{\"@id\":\"https:\/\/www.braintumour.ca\/fr\/#website\"},\"primaryImageOfPage\":{\"@id\":\"https:\/\/www.braintumour.ca\/fr\/temoignages\/you-never-know-what-can-happen\/#primaryimage\"},\"image\":{\"@id\":\"https:\/\/www.braintumour.ca\/fr\/temoignages\/you-never-know-what-can-happen\/#primaryimage\"},\"thumbnailUrl\":\"https:\/\/www.braintumour.ca\/wp-content\/uploads\/2022\/07\/thumbnail_IMG_7797.jpg\",\"datePublished\":\"2022-07-04T18:49:41+00:00\",\"dateModified\":\"2022-07-06T13:17:57+00:00\",\"author\":{\"@id\":\"https:\/\/www.braintumour.ca\/fr\/#\/schema\/person\/7534b1b1d4da5d8e37af436b293eca3d\"},\"breadcrumb\":{\"@id\":\"https:\/\/www.braintumour.ca\/fr\/temoignages\/you-never-know-what-can-happen\/#breadcrumb\"},\"inLanguage\":\"fr-CA\",\"potentialAction\":[{\"@type\":\"ReadAction\",\"target\":[\"https:\/\/www.braintumour.ca\/fr\/temoignages\/you-never-know-what-can-happen\/\"]}]},{\"@type\":\"ImageObject\",\"inLanguage\":\"fr-CA\",\"@id\":\"https:\/\/www.braintumour.ca\/fr\/temoignages\/you-never-know-what-can-happen\/#primaryimage\",\"url\":\"https:\/\/www.braintumour.ca\/wp-content\/uploads\/2022\/07\/thumbnail_IMG_7797.jpg\",\"contentUrl\":\"https:\/\/www.braintumour.ca\/wp-content\/uploads\/2022\/07\/thumbnail_IMG_7797.jpg\",\"width\":640,\"height\":414},{\"@type\":\"BreadcrumbList\",\"@id\":\"https:\/\/www.braintumour.ca\/fr\/temoignages\/you-never-know-what-can-happen\/#breadcrumb\",\"itemListElement\":[{\"@type\":\"ListItem\",\"position\":1,\"name\":\"Home\",\"item\":\"https:\/\/www.braintumour.ca\/fr\/\"},{\"@type\":\"ListItem\",\"position\":2,\"name\":\"Vous ne savez jamais ce qui peut arriver!\"}]},{\"@type\":\"WebSite\",\"@id\":\"https:\/\/www.braintumour.ca\/fr\/#website\",\"url\":\"https:\/\/www.braintumour.ca\/fr\/\",\"name\":\"Fondation canadienne des tumeurs c\u00e9r\u00e9brales\",\"description\":\"Notre mission est de venir en aide \u00e0 toutes les personnes touch\u00e9es par une tumeur c\u00e9r\u00e9brale au Canada par le biais de nos programmes d\u2019information, de soutien, d\u2019\u00e9ducation et de recherche.\",\"potentialAction\":[{\"@type\":\"SearchAction\",\"target\":{\"@type\":\"EntryPoint\",\"urlTemplate\":\"https:\/\/www.braintumour.ca\/fr\/?s={search_term_string}\"},\"query-input\":{\"@type\":\"PropertyValueSpecification\",\"valueRequired\":true,\"valueName\":\"search_term_string\"}}],\"inLanguage\":\"fr-CA\"},{\"@type\":\"Person\",\"@id\":\"https:\/\/www.braintumour.ca\/fr\/#\/schema\/person\/7534b1b1d4da5d8e37af436b293eca3d\",\"name\":\"Matt Berry\",\"image\":{\"@type\":\"ImageObject\",\"inLanguage\":\"fr-CA\",\"@id\":\"https:\/\/www.braintumour.ca\/fr\/#\/schema\/person\/image\/\",\"url\":\"https:\/\/secure.gravatar.com\/avatar\/882da3b67056b0c608086d3c77de46948b64244a4c249e81e0bf04a8095ce320?s=96&d=mm&r=g\",\"contentUrl\":\"https:\/\/secure.gravatar.com\/avatar\/882da3b67056b0c608086d3c77de46948b64244a4c249e81e0bf04a8095ce320?s=96&d=mm&r=g\",\"caption\":\"Matt Berry\"}}]}<\/script>\n<!-- \/ Yoast SEO Premium plugin. -->","yoast_head_json":{"title":"Vous ne savez jamais ce qui peut arriver! - Fondation canadienne des tumeurs c\u00e9r\u00e9brales","robots":{"index":"index","follow":"follow","max-snippet":"max-snippet:-1","max-image-preview":"max-image-preview:large","max-video-preview":"max-video-preview:-1"},"canonical":"https:\/\/www.braintumour.ca\/fr\/temoignages\/you-never-know-what-can-happen\/","og_locale":"fr_CA","og_type":"article","og_title":"Vous ne savez jamais ce qui peut arriver!","og_description":"Ce n&rsquo;est pas mon genre d&rsquo;\u00eatre aussi publique en ce qui concerne ma vie priv\u00e9e, et encore moins ma sant\u00e9. [&hellip;]","og_url":"https:\/\/www.braintumour.ca\/fr\/temoignages\/you-never-know-what-can-happen\/","og_site_name":"Fondation canadienne des tumeurs c\u00e9r\u00e9brales","article_published_time":"2022-07-04T18:49:41+00:00","article_modified_time":"2022-07-06T13:17:57+00:00","og_image":[{"width":640,"height":414,"url":"https:\/\/www.braintumour.ca\/wp-content\/uploads\/2022\/07\/thumbnail_IMG_7797.jpg","type":"image\/jpeg"}],"author":"Matt Berry","twitter_card":"summary_large_image","twitter_misc":{"\u00c9crit par":"Matt Berry","Estimation du temps de lecture":"9 minutes"},"schema":{"@context":"https:\/\/schema.org","@graph":[{"@type":"Article","@id":"https:\/\/www.braintumour.ca\/fr\/temoignages\/you-never-know-what-can-happen\/#article","isPartOf":{"@id":"https:\/\/www.braintumour.ca\/fr\/temoignages\/you-never-know-what-can-happen\/"},"author":{"name":"Matt Berry","@id":"https:\/\/www.braintumour.ca\/fr\/#\/schema\/person\/7534b1b1d4da5d8e37af436b293eca3d"},"headline":"Vous ne savez jamais ce qui peut arriver!","datePublished":"2022-07-04T18:49:41+00:00","dateModified":"2022-07-06T13:17:57+00:00","mainEntityOfPage":{"@id":"https:\/\/www.braintumour.ca\/fr\/temoignages\/you-never-know-what-can-happen\/"},"wordCount":1917,"image":{"@id":"https:\/\/www.braintumour.ca\/fr\/temoignages\/you-never-know-what-can-happen\/#primaryimage"},"thumbnailUrl":"https:\/\/www.braintumour.ca\/wp-content\/uploads\/2022\/07\/thumbnail_IMG_7797.jpg","keywords":["brain tumour foundation of canada","brain tumour walk"],"articleSection":["T\u00e9moignages"],"inLanguage":"fr-CA"},{"@type":"WebPage","@id":"https:\/\/www.braintumour.ca\/fr\/temoignages\/you-never-know-what-can-happen\/","url":"https:\/\/www.braintumour.ca\/fr\/temoignages\/you-never-know-what-can-happen\/","name":"Vous ne savez jamais ce qui peut arriver! - Fondation canadienne des tumeurs c\u00e9r\u00e9brales","isPartOf":{"@id":"https:\/\/www.braintumour.ca\/fr\/#website"},"primaryImageOfPage":{"@id":"https:\/\/www.braintumour.ca\/fr\/temoignages\/you-never-know-what-can-happen\/#primaryimage"},"image":{"@id":"https:\/\/www.braintumour.ca\/fr\/temoignages\/you-never-know-what-can-happen\/#primaryimage"},"thumbnailUrl":"https:\/\/www.braintumour.ca\/wp-content\/uploads\/2022\/07\/thumbnail_IMG_7797.jpg","datePublished":"2022-07-04T18:49:41+00:00","dateModified":"2022-07-06T13:17:57+00:00","author":{"@id":"https:\/\/www.braintumour.ca\/fr\/#\/schema\/person\/7534b1b1d4da5d8e37af436b293eca3d"},"breadcrumb":{"@id":"https:\/\/www.braintumour.ca\/fr\/temoignages\/you-never-know-what-can-happen\/#breadcrumb"},"inLanguage":"fr-CA","potentialAction":[{"@type":"ReadAction","target":["https:\/\/www.braintumour.ca\/fr\/temoignages\/you-never-know-what-can-happen\/"]}]},{"@type":"ImageObject","inLanguage":"fr-CA","@id":"https:\/\/www.braintumour.ca\/fr\/temoignages\/you-never-know-what-can-happen\/#primaryimage","url":"https:\/\/www.braintumour.ca\/wp-content\/uploads\/2022\/07\/thumbnail_IMG_7797.jpg","contentUrl":"https:\/\/www.braintumour.ca\/wp-content\/uploads\/2022\/07\/thumbnail_IMG_7797.jpg","width":640,"height":414},{"@type":"BreadcrumbList","@id":"https:\/\/www.braintumour.ca\/fr\/temoignages\/you-never-know-what-can-happen\/#breadcrumb","itemListElement":[{"@type":"ListItem","position":1,"name":"Home","item":"https:\/\/www.braintumour.ca\/fr\/"},{"@type":"ListItem","position":2,"name":"Vous ne savez jamais ce qui peut arriver!"}]},{"@type":"WebSite","@id":"https:\/\/www.braintumour.ca\/fr\/#website","url":"https:\/\/www.braintumour.ca\/fr\/","name":"Fondation canadienne des tumeurs c\u00e9r\u00e9brales","description":"Notre mission est de venir en aide \u00e0 toutes les personnes touch\u00e9es par une tumeur c\u00e9r\u00e9brale au Canada par le biais de nos programmes d\u2019information, de soutien, d\u2019\u00e9ducation et de recherche.","potentialAction":[{"@type":"SearchAction","target":{"@type":"EntryPoint","urlTemplate":"https:\/\/www.braintumour.ca\/fr\/?s={search_term_string}"},"query-input":{"@type":"PropertyValueSpecification","valueRequired":true,"valueName":"search_term_string"}}],"inLanguage":"fr-CA"},{"@type":"Person","@id":"https:\/\/www.braintumour.ca\/fr\/#\/schema\/person\/7534b1b1d4da5d8e37af436b293eca3d","name":"Matt Berry","image":{"@type":"ImageObject","inLanguage":"fr-CA","@id":"https:\/\/www.braintumour.ca\/fr\/#\/schema\/person\/image\/","url":"https:\/\/secure.gravatar.com\/avatar\/882da3b67056b0c608086d3c77de46948b64244a4c249e81e0bf04a8095ce320?s=96&d=mm&r=g","contentUrl":"https:\/\/secure.gravatar.com\/avatar\/882da3b67056b0c608086d3c77de46948b64244a4c249e81e0bf04a8095ce320?s=96&d=mm&r=g","caption":"Matt Berry"}}]}},"_links":{"self":[{"href":"https:\/\/www.braintumour.ca\/fr\/wp-json\/wp\/v2\/posts\/9622","targetHints":{"allow":["GET"]}}],"collection":[{"href":"https:\/\/www.braintumour.ca\/fr\/wp-json\/wp\/v2\/posts"}],"about":[{"href":"https:\/\/www.braintumour.ca\/fr\/wp-json\/wp\/v2\/types\/post"}],"author":[{"embeddable":true,"href":"https:\/\/www.braintumour.ca\/fr\/wp-json\/wp\/v2\/users\/4"}],"replies":[{"embeddable":true,"href":"https:\/\/www.braintumour.ca\/fr\/wp-json\/wp\/v2\/comments?post=9622"}],"version-history":[{"count":0,"href":"https:\/\/www.braintumour.ca\/fr\/wp-json\/wp\/v2\/posts\/9622\/revisions"}],"wp:featuredmedia":[{"embeddable":true,"href":"https:\/\/www.braintumour.ca\/fr\/wp-json\/wp\/v2\/media\/9584"}],"wp:attachment":[{"href":"https:\/\/www.braintumour.ca\/fr\/wp-json\/wp\/v2\/media?parent=9622"}],"wp:term":[{"taxonomy":"category","embeddable":true,"href":"https:\/\/www.braintumour.ca\/fr\/wp-json\/wp\/v2\/categories?post=9622"},{"taxonomy":"post_tag","embeddable":true,"href":"https:\/\/www.braintumour.ca\/fr\/wp-json\/wp\/v2\/tags?post=9622"},{"taxonomy":"user_type","embeddable":true,"href":"https:\/\/www.braintumour.ca\/fr\/wp-json\/wp\/v2\/user_type?post=9622"},{"taxonomy":"locations","embeddable":true,"href":"https:\/\/www.braintumour.ca\/fr\/wp-json\/wp\/v2\/locations?post=9622"}],"curies":[{"name":"wp","href":"https:\/\/api.w.org\/{rel}","templated":true}]}}