{"id":9955,"date":"2022-09-13T06:16:44","date_gmt":"2022-09-13T10:16:44","guid":{"rendered":"https:\/\/www.braintumour.ca\/non-classifiee\/congratulations-2022-youth-education-award-recipient\/"},"modified":"2022-09-14T06:03:51","modified_gmt":"2022-09-14T10:03:51","slug":"congratulations-2022-youth-education-award-recipient","status":"publish","type":"post","link":"https:\/\/www.braintumour.ca\/fr\/blogue\/congratulations-2022-youth-education-award-recipient\/","title":{"rendered":"F\u00e9licitations R\u00e9cipiendaires des bourses d&rsquo;\u00e9tudes 2022"},"content":{"rendered":"<p><img decoding=\"async\" class=\"alignright\" src=\"https:\/\/www.braintumour.ca\/wp-content\/uploads\/2021\/09\/BTFC-Hi-Res-CMYK-Blue-Orange-Logo-Square-Transparent-PRIMARY-FR.png\" width=\"350px\" height=\"457px\" alt=\"2022 Recipient\"><\/p>\n<h3>R\u00e9cipiendaires des bourses d&rsquo;\u00e9tudes 2022<\/h3>\n<h5><b>Anonyme &#8211; <\/b>Mississauga, ON<\/h5>\n<h6>\u00c9cole de commerce Ivey, Universit\u00e9 Western<\/h6>\n<h6>Diagnostic d&rsquo;une tumeur c\u00e9r\u00e9brale \u00e0 l&rsquo;\u00e2ge de 18 ans<\/h6>\n<h6><em>G\u00e9n\u00e9reusement financ\u00e9 par Deys Fabricating<\/em><\/h6>\n<p>Je ne savais m\u00eame pas si j&rsquo;allais pouvoir aller \u00e0 l&rsquo;universit\u00e9 apr\u00e8s avoir re\u00e7u mon diagnostic. Savoir que j&rsquo;ai le soutien et l&rsquo;aide de la Fondation canadienne des tumeurs c\u00e9r\u00e9brales tout en poursuivant mes objectifs acad\u00e9miques signifie plus pour moi que je ne pourrai jamais l&rsquo;exprimer. Cette bourse m&rsquo;aidera \u00e9norm\u00e9ment \u00e0 accomplir ce que je m&rsquo;efforce de r\u00e9aliser dans la vie. Merci beaucoup \u00e0 Deys Fabricating et \u00e0 la Fondation canadienne des tumeurs c\u00e9r\u00e9brales d&rsquo;avoir rendu cela possible.<br \/>\n&nbsp;<\/p>\n","protected":false},"excerpt":{"rendered":"<p>Savoir que j&rsquo;ai le soutien et l&rsquo;aide de la Fondation canadienne des tumeurs c\u00e9r\u00e9brales tout en poursuivant mes objectifs acad\u00e9miques signifie plus pour moi que je ne pourrai jamais l&rsquo;exprimer.<\/p>\n","protected":false},"author":4,"featured_media":9957,"comment_status":"closed","ping_status":"closed","sticky":false,"template":"","format":"standard","meta":{"_acf_changed":false,"footnotes":""},"categories":[138],"tags":[214,328,575,576],"user_type":[133],"locations":[161],"class_list":["post-9955","post","type-post","status-publish","format-standard","has-post-thumbnail","hentry","category-blogue","tag-brain-tumour-foundation-of-canada-fr","tag-youth-education-awards-fr","tag-2022-fr","tag-deys-fabricating-fr","user_type-patient-fr","locations-canada-wide-fr"],"acf":[],"yoast_head":"<!-- This site is optimized with the Yoast SEO Premium plugin v27.0 (Yoast SEO v27.0) - https:\/\/yoast.com\/product\/yoast-seo-premium-wordpress\/ -->\n<title>F\u00e9licitations R\u00e9cipiendaires des bourses d&#039;\u00e9tudes 2022 - Fondation canadienne des tumeurs c\u00e9r\u00e9brales<\/title>\n<meta name=\"description\" content=\"Je ne savais m\u00eame pas si j&#039;allais pouvoir aller \u00e0 l&#039;universit\u00e9 apr\u00e8s avoir re\u00e7u mon diagnostic.\" \/>\n<meta name=\"robots\" content=\"index, follow, max-snippet:-1, max-image-preview:large, max-video-preview:-1\" \/>\n<link rel=\"canonical\" href=\"https:\/\/www.braintumour.ca\/fr\/blogue\/congratulations-2022-youth-education-award-recipient\/\" \/>\n<meta property=\"og:locale\" content=\"fr_CA\" \/>\n<meta property=\"og:type\" content=\"article\" \/>\n<meta property=\"og:title\" content=\"F\u00e9licitations R\u00e9cipiendaires des bourses d&#039;\u00e9tudes 2022\" \/>\n<meta property=\"og:description\" content=\"Je ne savais m\u00eame pas si j&#039;allais pouvoir aller \u00e0 l&#039;universit\u00e9 apr\u00e8s avoir re\u00e7u mon diagnostic.\" \/>\n<meta property=\"og:url\" content=\"https:\/\/www.braintumour.ca\/fr\/blogue\/congratulations-2022-youth-education-award-recipient\/\" \/>\n<meta property=\"og:site_name\" content=\"Fondation canadienne des tumeurs c\u00e9r\u00e9brales\" \/>\n<meta property=\"article:published_time\" content=\"2022-09-13T10:16:44+00:00\" \/>\n<meta property=\"article:modified_time\" content=\"2022-09-14T10:03:51+00:00\" \/>\n<meta property=\"og:image\" content=\"https:\/\/www.braintumour.ca\/wp-content\/uploads\/2022\/09\/YEA-Image-2022-FR.jpg\" \/>\n\t<meta property=\"og:image:width\" content=\"2560\" \/>\n\t<meta property=\"og:image:height\" content=\"1405\" \/>\n\t<meta property=\"og:image:type\" content=\"image\/jpeg\" \/>\n<meta name=\"author\" content=\"Matt Berry\" \/>\n<meta name=\"twitter:card\" content=\"summary_large_image\" \/>\n<meta name=\"twitter:label1\" content=\"\u00c9crit par\" \/>\n\t<meta name=\"twitter:data1\" content=\"Matt Berry\" \/>\n\t<meta name=\"twitter:label2\" content=\"Estimation du temps de lecture\" \/>\n\t<meta name=\"twitter:data2\" content=\"1 minute\" \/>\n<script type=\"application\/ld+json\" class=\"yoast-schema-graph\">{\"@context\":\"https:\/\/schema.org\",\"@graph\":[{\"@type\":\"Article\",\"@id\":\"https:\/\/www.braintumour.ca\/fr\/blogue\/congratulations-2022-youth-education-award-recipient\/#article\",\"isPartOf\":{\"@id\":\"https:\/\/www.braintumour.ca\/fr\/blogue\/congratulations-2022-youth-education-award-recipient\/\"},\"author\":{\"name\":\"Matt Berry\",\"@id\":\"https:\/\/www.braintumour.ca\/fr\/#\/schema\/person\/7534b1b1d4da5d8e37af436b293eca3d\"},\"headline\":\"F\u00e9licitations R\u00e9cipiendaires des bourses d&rsquo;\u00e9tudes 2022\",\"datePublished\":\"2022-09-13T10:16:44+00:00\",\"dateModified\":\"2022-09-14T10:03:51+00:00\",\"mainEntityOfPage\":{\"@id\":\"https:\/\/www.braintumour.ca\/fr\/blogue\/congratulations-2022-youth-education-award-recipient\/\"},\"wordCount\":135,\"image\":{\"@id\":\"https:\/\/www.braintumour.ca\/fr\/blogue\/congratulations-2022-youth-education-award-recipient\/#primaryimage\"},\"thumbnailUrl\":\"https:\/\/www.braintumour.ca\/wp-content\/uploads\/2022\/09\/YEA-Image-2022-FR.jpg\",\"keywords\":[\"brain tumour foundation of canada\",\"youth education awards\",\"2022\",\"Deys Fabricating\"],\"articleSection\":[\"Nouvelles\"],\"inLanguage\":\"fr-CA\"},{\"@type\":\"WebPage\",\"@id\":\"https:\/\/www.braintumour.ca\/fr\/blogue\/congratulations-2022-youth-education-award-recipient\/\",\"url\":\"https:\/\/www.braintumour.ca\/fr\/blogue\/congratulations-2022-youth-education-award-recipient\/\",\"name\":\"F\u00e9licitations R\u00e9cipiendaires des bourses d'\u00e9tudes 2022 - Fondation canadienne des tumeurs c\u00e9r\u00e9brales\",\"isPartOf\":{\"@id\":\"https:\/\/www.braintumour.ca\/fr\/#website\"},\"primaryImageOfPage\":{\"@id\":\"https:\/\/www.braintumour.ca\/fr\/blogue\/congratulations-2022-youth-education-award-recipient\/#primaryimage\"},\"image\":{\"@id\":\"https:\/\/www.braintumour.ca\/fr\/blogue\/congratulations-2022-youth-education-award-recipient\/#primaryimage\"},\"thumbnailUrl\":\"https:\/\/www.braintumour.ca\/wp-content\/uploads\/2022\/09\/YEA-Image-2022-FR.jpg\",\"datePublished\":\"2022-09-13T10:16:44+00:00\",\"dateModified\":\"2022-09-14T10:03:51+00:00\",\"author\":{\"@id\":\"https:\/\/www.braintumour.ca\/fr\/#\/schema\/person\/7534b1b1d4da5d8e37af436b293eca3d\"},\"description\":\"Je ne savais m\u00eame pas si j'allais pouvoir aller \u00e0 l'universit\u00e9 apr\u00e8s avoir re\u00e7u mon diagnostic.\",\"breadcrumb\":{\"@id\":\"https:\/\/www.braintumour.ca\/fr\/blogue\/congratulations-2022-youth-education-award-recipient\/#breadcrumb\"},\"inLanguage\":\"fr-CA\",\"potentialAction\":[{\"@type\":\"ReadAction\",\"target\":[\"https:\/\/www.braintumour.ca\/fr\/blogue\/congratulations-2022-youth-education-award-recipient\/\"]}]},{\"@type\":\"ImageObject\",\"inLanguage\":\"fr-CA\",\"@id\":\"https:\/\/www.braintumour.ca\/fr\/blogue\/congratulations-2022-youth-education-award-recipient\/#primaryimage\",\"url\":\"https:\/\/www.braintumour.ca\/wp-content\/uploads\/2022\/09\/YEA-Image-2022-FR.jpg\",\"contentUrl\":\"https:\/\/www.braintumour.ca\/wp-content\/uploads\/2022\/09\/YEA-Image-2022-FR.jpg\",\"width\":2560,\"height\":1405},{\"@type\":\"BreadcrumbList\",\"@id\":\"https:\/\/www.braintumour.ca\/fr\/blogue\/congratulations-2022-youth-education-award-recipient\/#breadcrumb\",\"itemListElement\":[{\"@type\":\"ListItem\",\"position\":1,\"name\":\"Home\",\"item\":\"https:\/\/www.braintumour.ca\/fr\/\"},{\"@type\":\"ListItem\",\"position\":2,\"name\":\"F\u00e9licitations R\u00e9cipiendaires des bourses d&#8217;\u00e9tudes 2022\"}]},{\"@type\":\"WebSite\",\"@id\":\"https:\/\/www.braintumour.ca\/fr\/#website\",\"url\":\"https:\/\/www.braintumour.ca\/fr\/\",\"name\":\"Fondation canadienne des tumeurs c\u00e9r\u00e9brales\",\"description\":\"Notre mission est de venir en aide \u00e0 toutes les personnes touch\u00e9es par une tumeur c\u00e9r\u00e9brale au Canada par le biais de nos programmes d\u2019information, de soutien, d\u2019\u00e9ducation et de recherche.\",\"potentialAction\":[{\"@type\":\"SearchAction\",\"target\":{\"@type\":\"EntryPoint\",\"urlTemplate\":\"https:\/\/www.braintumour.ca\/fr\/?s={search_term_string}\"},\"query-input\":{\"@type\":\"PropertyValueSpecification\",\"valueRequired\":true,\"valueName\":\"search_term_string\"}}],\"inLanguage\":\"fr-CA\"},{\"@type\":\"Person\",\"@id\":\"https:\/\/www.braintumour.ca\/fr\/#\/schema\/person\/7534b1b1d4da5d8e37af436b293eca3d\",\"name\":\"Matt Berry\",\"image\":{\"@type\":\"ImageObject\",\"inLanguage\":\"fr-CA\",\"@id\":\"https:\/\/www.braintumour.ca\/fr\/#\/schema\/person\/image\/\",\"url\":\"https:\/\/secure.gravatar.com\/avatar\/882da3b67056b0c608086d3c77de46948b64244a4c249e81e0bf04a8095ce320?s=96&d=mm&r=g\",\"contentUrl\":\"https:\/\/secure.gravatar.com\/avatar\/882da3b67056b0c608086d3c77de46948b64244a4c249e81e0bf04a8095ce320?s=96&d=mm&r=g\",\"caption\":\"Matt Berry\"}}]}<\/script>\n<!-- \/ Yoast SEO Premium plugin. -->","yoast_head_json":{"title":"F\u00e9licitations R\u00e9cipiendaires des bourses d'\u00e9tudes 2022 - Fondation canadienne des tumeurs c\u00e9r\u00e9brales","description":"Je ne savais m\u00eame pas si j'allais pouvoir aller \u00e0 l'universit\u00e9 apr\u00e8s avoir re\u00e7u mon diagnostic.","robots":{"index":"index","follow":"follow","max-snippet":"max-snippet:-1","max-image-preview":"max-image-preview:large","max-video-preview":"max-video-preview:-1"},"canonical":"https:\/\/www.braintumour.ca\/fr\/blogue\/congratulations-2022-youth-education-award-recipient\/","og_locale":"fr_CA","og_type":"article","og_title":"F\u00e9licitations R\u00e9cipiendaires des bourses d'\u00e9tudes 2022","og_description":"Je ne savais m\u00eame pas si j'allais pouvoir aller \u00e0 l'universit\u00e9 apr\u00e8s avoir re\u00e7u mon diagnostic.","og_url":"https:\/\/www.braintumour.ca\/fr\/blogue\/congratulations-2022-youth-education-award-recipient\/","og_site_name":"Fondation canadienne des tumeurs c\u00e9r\u00e9brales","article_published_time":"2022-09-13T10:16:44+00:00","article_modified_time":"2022-09-14T10:03:51+00:00","og_image":[{"width":2560,"height":1405,"url":"https:\/\/www.braintumour.ca\/wp-content\/uploads\/2022\/09\/YEA-Image-2022-FR.jpg","type":"image\/jpeg"}],"author":"Matt Berry","twitter_card":"summary_large_image","twitter_misc":{"\u00c9crit par":"Matt Berry","Estimation du temps de lecture":"1 minute"},"schema":{"@context":"https:\/\/schema.org","@graph":[{"@type":"Article","@id":"https:\/\/www.braintumour.ca\/fr\/blogue\/congratulations-2022-youth-education-award-recipient\/#article","isPartOf":{"@id":"https:\/\/www.braintumour.ca\/fr\/blogue\/congratulations-2022-youth-education-award-recipient\/"},"author":{"name":"Matt Berry","@id":"https:\/\/www.braintumour.ca\/fr\/#\/schema\/person\/7534b1b1d4da5d8e37af436b293eca3d"},"headline":"F\u00e9licitations R\u00e9cipiendaires des bourses d&rsquo;\u00e9tudes 2022","datePublished":"2022-09-13T10:16:44+00:00","dateModified":"2022-09-14T10:03:51+00:00","mainEntityOfPage":{"@id":"https:\/\/www.braintumour.ca\/fr\/blogue\/congratulations-2022-youth-education-award-recipient\/"},"wordCount":135,"image":{"@id":"https:\/\/www.braintumour.ca\/fr\/blogue\/congratulations-2022-youth-education-award-recipient\/#primaryimage"},"thumbnailUrl":"https:\/\/www.braintumour.ca\/wp-content\/uploads\/2022\/09\/YEA-Image-2022-FR.jpg","keywords":["brain tumour foundation of canada","youth education awards","2022","Deys Fabricating"],"articleSection":["Nouvelles"],"inLanguage":"fr-CA"},{"@type":"WebPage","@id":"https:\/\/www.braintumour.ca\/fr\/blogue\/congratulations-2022-youth-education-award-recipient\/","url":"https:\/\/www.braintumour.ca\/fr\/blogue\/congratulations-2022-youth-education-award-recipient\/","name":"F\u00e9licitations R\u00e9cipiendaires des bourses d'\u00e9tudes 2022 - Fondation canadienne des tumeurs c\u00e9r\u00e9brales","isPartOf":{"@id":"https:\/\/www.braintumour.ca\/fr\/#website"},"primaryImageOfPage":{"@id":"https:\/\/www.braintumour.ca\/fr\/blogue\/congratulations-2022-youth-education-award-recipient\/#primaryimage"},"image":{"@id":"https:\/\/www.braintumour.ca\/fr\/blogue\/congratulations-2022-youth-education-award-recipient\/#primaryimage"},"thumbnailUrl":"https:\/\/www.braintumour.ca\/wp-content\/uploads\/2022\/09\/YEA-Image-2022-FR.jpg","datePublished":"2022-09-13T10:16:44+00:00","dateModified":"2022-09-14T10:03:51+00:00","author":{"@id":"https:\/\/www.braintumour.ca\/fr\/#\/schema\/person\/7534b1b1d4da5d8e37af436b293eca3d"},"description":"Je ne savais m\u00eame pas si j'allais pouvoir aller \u00e0 l'universit\u00e9 apr\u00e8s avoir re\u00e7u mon diagnostic.","breadcrumb":{"@id":"https:\/\/www.braintumour.ca\/fr\/blogue\/congratulations-2022-youth-education-award-recipient\/#breadcrumb"},"inLanguage":"fr-CA","potentialAction":[{"@type":"ReadAction","target":["https:\/\/www.braintumour.ca\/fr\/blogue\/congratulations-2022-youth-education-award-recipient\/"]}]},{"@type":"ImageObject","inLanguage":"fr-CA","@id":"https:\/\/www.braintumour.ca\/fr\/blogue\/congratulations-2022-youth-education-award-recipient\/#primaryimage","url":"https:\/\/www.braintumour.ca\/wp-content\/uploads\/2022\/09\/YEA-Image-2022-FR.jpg","contentUrl":"https:\/\/www.braintumour.ca\/wp-content\/uploads\/2022\/09\/YEA-Image-2022-FR.jpg","width":2560,"height":1405},{"@type":"BreadcrumbList","@id":"https:\/\/www.braintumour.ca\/fr\/blogue\/congratulations-2022-youth-education-award-recipient\/#breadcrumb","itemListElement":[{"@type":"ListItem","position":1,"name":"Home","item":"https:\/\/www.braintumour.ca\/fr\/"},{"@type":"ListItem","position":2,"name":"F\u00e9licitations R\u00e9cipiendaires des bourses d&#8217;\u00e9tudes 2022"}]},{"@type":"WebSite","@id":"https:\/\/www.braintumour.ca\/fr\/#website","url":"https:\/\/www.braintumour.ca\/fr\/","name":"Fondation canadienne des tumeurs c\u00e9r\u00e9brales","description":"Notre mission est de venir en aide \u00e0 toutes les personnes touch\u00e9es par une tumeur c\u00e9r\u00e9brale au Canada par le biais de nos programmes d\u2019information, de soutien, d\u2019\u00e9ducation et de recherche.","potentialAction":[{"@type":"SearchAction","target":{"@type":"EntryPoint","urlTemplate":"https:\/\/www.braintumour.ca\/fr\/?s={search_term_string}"},"query-input":{"@type":"PropertyValueSpecification","valueRequired":true,"valueName":"search_term_string"}}],"inLanguage":"fr-CA"},{"@type":"Person","@id":"https:\/\/www.braintumour.ca\/fr\/#\/schema\/person\/7534b1b1d4da5d8e37af436b293eca3d","name":"Matt Berry","image":{"@type":"ImageObject","inLanguage":"fr-CA","@id":"https:\/\/www.braintumour.ca\/fr\/#\/schema\/person\/image\/","url":"https:\/\/secure.gravatar.com\/avatar\/882da3b67056b0c608086d3c77de46948b64244a4c249e81e0bf04a8095ce320?s=96&d=mm&r=g","contentUrl":"https:\/\/secure.gravatar.com\/avatar\/882da3b67056b0c608086d3c77de46948b64244a4c249e81e0bf04a8095ce320?s=96&d=mm&r=g","caption":"Matt Berry"}}]}},"_links":{"self":[{"href":"https:\/\/www.braintumour.ca\/fr\/wp-json\/wp\/v2\/posts\/9955","targetHints":{"allow":["GET"]}}],"collection":[{"href":"https:\/\/www.braintumour.ca\/fr\/wp-json\/wp\/v2\/posts"}],"about":[{"href":"https:\/\/www.braintumour.ca\/fr\/wp-json\/wp\/v2\/types\/post"}],"author":[{"embeddable":true,"href":"https:\/\/www.braintumour.ca\/fr\/wp-json\/wp\/v2\/users\/4"}],"replies":[{"embeddable":true,"href":"https:\/\/www.braintumour.ca\/fr\/wp-json\/wp\/v2\/comments?post=9955"}],"version-history":[{"count":0,"href":"https:\/\/www.braintumour.ca\/fr\/wp-json\/wp\/v2\/posts\/9955\/revisions"}],"wp:featuredmedia":[{"embeddable":true,"href":"https:\/\/www.braintumour.ca\/fr\/wp-json\/wp\/v2\/media\/9957"}],"wp:attachment":[{"href":"https:\/\/www.braintumour.ca\/fr\/wp-json\/wp\/v2\/media?parent=9955"}],"wp:term":[{"taxonomy":"category","embeddable":true,"href":"https:\/\/www.braintumour.ca\/fr\/wp-json\/wp\/v2\/categories?post=9955"},{"taxonomy":"post_tag","embeddable":true,"href":"https:\/\/www.braintumour.ca\/fr\/wp-json\/wp\/v2\/tags?post=9955"},{"taxonomy":"user_type","embeddable":true,"href":"https:\/\/www.braintumour.ca\/fr\/wp-json\/wp\/v2\/user_type?post=9955"},{"taxonomy":"locations","embeddable":true,"href":"https:\/\/www.braintumour.ca\/fr\/wp-json\/wp\/v2\/locations?post=9955"}],"curies":[{"name":"wp","href":"https:\/\/api.w.org\/{rel}","templated":true}]}}